{"id":88228,"date":"2022-04-05T11:45:55","date_gmt":"2022-04-05T16:45:55","guid":{"rendered":"https:\/\/lospoliticosveracruz.com.mx\/?p=88228"},"modified":"2022-04-05T11:47:00","modified_gmt":"2022-04-05T16:47:00","slug":"mas-y-mas-pobres-y-sacrificados","status":"publish","type":"post","link":"https:\/\/lospoliticosveracruz.com\/?p=88228","title":{"rendered":"M\u00e1s y m\u00e1s pobres y sacrificados"},"content":{"rendered":"\n<p><\/p>\n\n\n\n<p><br><strong>Rafael Arias Hern\u00e1ndez<\/strong><br><em>Mutatis mutandis<\/em> <\/p>\n\n\n\n<p><\/p>\n\n\n\n<p>La verdadera realidad se impone y hace sentir. In\u00fatil ocultar, negar o minimizar hechos y evidencias: econom\u00eda con insuficiente crecimiento (contracci\u00f3n en 2020, de casi -8%; e insuficiente recuperaci\u00f3n en 2021, de casi 5%), frente a un sostenido crecimiento de precios, que se expresa recientemente (2021), en una inflaci\u00f3n de m\u00e1s del 7%.<br>En resumen, por un lado, no crecemos lo suficiente; y por el otro, nos hundimos con aumento de precios y perdemos capacidad de compra<br>Cierto que hay esfuerzos y contados logros y avances, que se deben reconocer y fortalecer. Pero tambi\u00e9n debe aceptarse que las soluciones no llegan, para las mayor\u00edas sacrificadas. Lo cierto es que, para sobrevivir, hay que redoblar intentos y avanzar, con m\u00e1s y mejor efectividad.<br>Como siempre los hechos hablan y silencian, tanto palabras y discursos, como verdades a medias y mentiras verdaderas.<br>Bien se sabe que la pol\u00edtica gubernamental econ\u00f3mica, oportuna y efectiva, sigue poco presente o ausente. En la vida cotidiana, m\u00e1s p\u00e9rdidas y retrocesos, limitaciones y sacrificios, para las mayor\u00edas.<br>Estancamiento o recesi\u00f3n, determinan insuficientes fuentes de trabajo, bajos salarios y contadas o limitadas prestaciones de los trabajadores; y tambi\u00e9n se nota, la falta de aliento a la inversi\u00f3n privada, que ocasiona la insuficiente actividad empresarial nacional y extranjera. Ni qu\u00e9 decir de la poca inversi\u00f3n p\u00fablica, refugiada y, en buena medida, sustentada por deuda p\u00fablica, que sigue sosteniendo irracionales e injustas finanzas p\u00fablicas.<br>As\u00ed, con gran preocupaci\u00f3n, se prueba y comprueba, que persisten las crisis econ\u00f3micas.<br>En efecto, siguen aqu\u00ed, crecientes y m\u00e1s complicadas, por gobiernos que hacen poco o nada por enfrentarlas y superarlas. Gobiernos, que excepciones aparte, cada vez destacan m\u00e1s, en sobrellevar o no hacer nada; en simular y distraer, en la comodidad de la n\u00f3mina, la complacencia burocr\u00e1tica y, hasta en la notoria incapacidad y corrupci\u00f3n. En todo gobierno se sabe que las finanzas p\u00fablicas son insuficientes, mal administradas y peor vigiladas o fiscalizadas.<br>Y hay que insistir e insistir, se ve lo que se quiere ver, aunque esto no exista y sea solo discurso oficial de justificaci\u00f3n o distracci\u00f3n. Sabi\u00e9ndose de la crisis econ\u00f3mica heredada, y de su empeoramiento y complicaci\u00f3n en los \u00faltimos a\u00f1os: \u00bfPor qu\u00e9 los gobiernos no reaccionan y hacen lo que se deba hacer, para evitarla, minimizarla o atenderla, en todo o en partes? \u00bfQu\u00e9 esperan para entenderla y atenderla, tanto en sus causas como en sus efectos? \u00bfHasta cu\u00e1ndo van a poner en pr\u00e1ctica, ideas y acciones pertinentes y posibles?<br>Respecto al gobierno actual, sin duda, se puede afirmar que hay logros y avances, particularmente en la generaci\u00f3n de programas sociales y otras pol\u00edticas gubernamentales. Pero tambi\u00e9n hay evidencias de pendientes y errores que no se pueden ni deben ocultar, ignorar o minimizar.<br>Sobresale caso importante y de gran preocupaci\u00f3n, como lo es el de la inflaci\u00f3n que permanece y crece. En efecto, en tres a\u00f1os y tres meses, la transformaci\u00f3n de la inflaci\u00f3n ya llega a 16.3% en su \u00edndice promedio, de acuerdo con el Instituto Nacional de Estad\u00edstica, Geograf\u00eda e Inform\u00e1tica. (INEGI)<br>Debe mencionarse, que dicha medici\u00f3n de la inflaci\u00f3n corresponde al \u00edndice general o promedio, pero en realidad si se quiere medir y analizar los efectos en cada grupo social, habr\u00eda que considerar otro tipo de mediciones, empezando por las conocidas como: inflaci\u00f3n subyacente; e inflaci\u00f3n no-subyacente. O las que caracterizan la estanflaci\u00f3n, reflaci\u00f3n, reptante, moderada, galopante, deflaci\u00f3n, desinflaci\u00f3n, y otras.<br>Y, desde luego, hay que considerar los tipos de poblaci\u00f3n afectada. Empezando por la m\u00e1s perjudicada por esa elevaci\u00f3n de precios, se sabe y se ha comprobado, que perjudica m\u00e1s a los que menos tienen; y tambi\u00e9n, que se le conoce como impuesto a los pobres, quienes no tienen de otra que pagarlo y absolverlo, porque las compras que hacen son de subsistencia y tienen que hacerlas.<br>En M\u00e9xico 2020, casi uno de cada dos mexicanos (el 43.9%), o sea casi 56 millones de habitantes, se encuentran en situaci\u00f3n de pobreza; y casi 8.5% se le considera en pobreza extrema, 10.8 millones. Adem\u00e1s, la carencia de acceso a servicios de salud era de 28.2%, esto es 35.7 millones.<br>Situaci\u00f3n que se agrava y complica con: malos y peores gobiernos, crisis econ\u00f3micas, pol\u00edticas y sociales; efectos pand\u00e9micos a partir de 2020; desequilibrios externos y presiones inflacionarias de los \u00faltimos a\u00f1os.<br>Un aspecto que vale la pena comentar y tener presente, es el del encarecimiento del gas, ya que representa esfuerzo cotidiano y una gran batalla de las amas de casa.<br>En M\u00e9xico casi 8 de cada diez familias, (78%) usan gas y han visto subir su precio en 21%, al pasar de $19,53 a $23.63 por kilo, al primero de diciembre de 2018, a fines de febrero de 2022 (El Siglo de Torre\u00f3n. Tomada del Universal.030422)<br>https:\/\/www.elsiglodetorreon.com.mx\/noticia\/2022\/mexico-acumula-casi-el-triple-de-inflacion-que-espana.html<br>Se dice que \u00abel gas LP y gasolinas subieron en promedio 30%, en los primeros dos a\u00f1os de la pandemia, y el natural se ha elevado 90%\u2026consumidores recuerdan que hace dos a\u00f1os un tanque de 20 kilos costaba 387 pesos y hoy pagan casi 500 pesos (EL UNIVERSAL.040422)<br>https:\/\/www.eluniversal.com.mx\/cartera\/pandemia-dispara-precios-del-gas\u2026<br>Se habla incluso de una elevaci\u00f3n promedio nacional de m\u00e1s de 20 pesos, llegando incluso a 27 en algunos estados del pa\u00eds.<br>\u00abLos productores de ma\u00edz alertaron este lunes que los altos precios de este producto han disparado los precios de la tortilla, un \u00edcono de la cocina mexicana y base de la dieta nacional, a m\u00e1ximos hist\u00f3ricos en el pasado mes de marzo\u00bb (Palabrasclaras.050422)<br>https:\/\/palabrasclaras.mx\/economia\/kilo-de-tortilla-a-27-pesos\/<br>REVOCACI\u00d3N E INFLACI\u00d3N.<br>Entender y atender la Econom\u00eda, bien y a tiempo. \u00bfD\u00f3nde est\u00e1n los gobiernos de buenos resultados, probados y comprobados, que la complicada realidad exige?<br>No hay reacci\u00f3n oportuna y previsi\u00f3n efectiva, la inflaci\u00f3n sigue y fomenta m\u00faltiples crisis. Exhibe y profundiza ineptitud y corrupci\u00f3n. Urge aplicar de inmediato la revocaci\u00f3n, a los malos y peores gobernantes.<br>Mientras tanto, crecen pobreza e inseguridad, desempleo e informalidad. Con inflaci\u00f3n, las mayor\u00edas siguen condenadas a mayores limitaciones y sacrificios.<br>-Academico.IIESESUV @RafaelAriasH,Facebook:VeracruzHoydeRafaelAriasH<\/p>\n","protected":false},"excerpt":{"rendered":"<p>Rafael Arias Hern\u00e1ndezMutatis mutandis La verdadera realidad se impone y hace sentir. In\u00fatil ocultar, negar o minimizar hechos y evidencias: econom\u00eda con insuficiente crecimiento (contracci\u00f3n en 2020, de casi -8%; e insuficiente recuperaci\u00f3n en 2021, de casi 5%), frente a un sostenido crecimiento de precios, que se expresa recientemente (2021), en una inflaci\u00f3n de m\u00e1s [&hellip;]<\/p>\n","protected":false},"author":2,"featured_media":0,"comment_status":"closed","ping_status":"closed","sticky":false,"template":"","format":"standard","meta":{"tdm_status":"","tdm_grid_status":"","footnotes":""},"categories":[70],"tags":[27553,1026,97],"class_list":{"0":"post-88228","1":"post","2":"type-post","3":"status-publish","4":"format-standard","6":"category-de-opinion","7":"tag-inflacion","8":"tag-morena","9":"tag-pobreza"},"yoast_head":"<!-- This site is optimized with the Yoast SEO plugin v27.4 - https:\/\/yoast.com\/product\/yoast-seo-wordpress\/ -->\n<title>M\u00e1s y m\u00e1s pobres y sacrificados - Los pol\u00edticos Veracruz<\/title>\n<meta name=\"robots\" content=\"index, follow, max-snippet:-1, max-image-preview:large, max-video-preview:-1\" \/>\n<link rel=\"canonical\" href=\"https:\/\/lospoliticosveracruz.com\/?p=88228\" \/>\n<meta property=\"og:locale\" content=\"es_ES\" \/>\n<meta property=\"og:type\" content=\"article\" \/>\n<meta property=\"og:title\" content=\"M\u00e1s y m\u00e1s pobres y sacrificados - Los pol\u00edticos Veracruz\" \/>\n<meta property=\"og:description\" content=\"Rafael Arias Hern\u00e1ndezMutatis mutandis La verdadera realidad se impone y hace sentir. In\u00fatil ocultar, negar o minimizar hechos y evidencias: econom\u00eda con insuficiente crecimiento (contracci\u00f3n en 2020, de casi -8%; e insuficiente recuperaci\u00f3n en 2021, de casi 5%), frente a un sostenido crecimiento de precios, que se expresa recientemente (2021), en una inflaci\u00f3n de m\u00e1s [&hellip;]\" \/>\n<meta property=\"og:url\" content=\"https:\/\/lospoliticosveracruz.com\/?p=88228\" \/>\n<meta property=\"og:site_name\" content=\"Los pol\u00edticos Veracruz\" \/>\n<meta property=\"article:publisher\" content=\"https:\/\/www.facebook.com\/people\/Notimemes-de-los-Polticos\/61565672886568\/\" \/>\n<meta property=\"article:published_time\" content=\"2022-04-05T16:45:55+00:00\" \/>\n<meta property=\"article:modified_time\" content=\"2022-04-05T16:47:00+00:00\" \/>\n<meta property=\"og:image\" content=\"https:\/\/lospoliticosveracruz.com\/wp-content\/uploads\/2016\/07\/Logo-Dor.jpg\" \/>\n\t<meta property=\"og:image:width\" content=\"200\" \/>\n\t<meta property=\"og:image:height\" content=\"200\" \/>\n\t<meta property=\"og:image:type\" content=\"image\/jpeg\" \/>\n<meta name=\"author\" content=\"Lo viste en Los Pol\u00edticos\" \/>\n<meta name=\"twitter:card\" content=\"summary_large_image\" \/>\n<meta name=\"twitter:creator\" content=\"@LosPoliticosVer\" \/>\n<meta name=\"twitter:site\" content=\"@LosPoliticosVer\" \/>\n<meta name=\"twitter:label1\" content=\"Escrito por\" \/>\n\t<meta name=\"twitter:data1\" content=\"Lo viste en Los Pol\u00edticos\" \/>\n\t<meta name=\"twitter:label2\" content=\"Tiempo de lectura\" \/>\n\t<meta name=\"twitter:data2\" content=\"5 minutos\" \/>\n<script type=\"application\/ld+json\" class=\"yoast-schema-graph\">{\"@context\":\"https:\\\/\\\/schema.org\",\"@graph\":[{\"@type\":\"Article\",\"@id\":\"https:\\\/\\\/lospoliticosveracruz.com\\\/?p=88228#article\",\"isPartOf\":{\"@id\":\"https:\\\/\\\/lospoliticosveracruz.com\\\/?p=88228\"},\"author\":{\"name\":\"Lo viste en Los Pol\u00edticos\",\"@id\":\"https:\\\/\\\/lospoliticosveracruz.com\\\/#\\\/schema\\\/person\\\/b8702bb0e538456e6efd07080bf2a4a2\"},\"headline\":\"M\u00e1s y m\u00e1s pobres y sacrificados\",\"datePublished\":\"2022-04-05T16:45:55+00:00\",\"dateModified\":\"2022-04-05T16:47:00+00:00\",\"mainEntityOfPage\":{\"@id\":\"https:\\\/\\\/lospoliticosveracruz.com\\\/?p=88228\"},\"wordCount\":1086,\"publisher\":{\"@id\":\"https:\\\/\\\/lospoliticosveracruz.com\\\/#organization\"},\"keywords\":[\"Inflaci\u00f3n\",\"Morena\",\"pobreza\"],\"articleSection\":[\"De Opini\u00f3n\"],\"inLanguage\":\"es\"},{\"@type\":\"WebPage\",\"@id\":\"https:\\\/\\\/lospoliticosveracruz.com\\\/?p=88228\",\"url\":\"https:\\\/\\\/lospoliticosveracruz.com\\\/?p=88228\",\"name\":\"M\u00e1s y m\u00e1s pobres y sacrificados - Los pol\u00edticos Veracruz\",\"isPartOf\":{\"@id\":\"https:\\\/\\\/lospoliticosveracruz.com\\\/#website\"},\"datePublished\":\"2022-04-05T16:45:55+00:00\",\"dateModified\":\"2022-04-05T16:47:00+00:00\",\"breadcrumb\":{\"@id\":\"https:\\\/\\\/lospoliticosveracruz.com\\\/?p=88228#breadcrumb\"},\"inLanguage\":\"es\",\"potentialAction\":[{\"@type\":\"ReadAction\",\"target\":[\"https:\\\/\\\/lospoliticosveracruz.com\\\/?p=88228\"]}]},{\"@type\":\"BreadcrumbList\",\"@id\":\"https:\\\/\\\/lospoliticosveracruz.com\\\/?p=88228#breadcrumb\",\"itemListElement\":[{\"@type\":\"ListItem\",\"position\":1,\"name\":\"Portada\",\"item\":\"https:\\\/\\\/lospoliticosveracruz.com\\\/\"},{\"@type\":\"ListItem\",\"position\":2,\"name\":\"M\u00e1s y m\u00e1s pobres y sacrificados\"}]},{\"@type\":\"WebSite\",\"@id\":\"https:\\\/\\\/lospoliticosveracruz.com\\\/#website\",\"url\":\"https:\\\/\\\/lospoliticosveracruz.com\\\/\",\"name\":\"Los pol\u00edticos Veracruz\",\"description\":\"\",\"publisher\":{\"@id\":\"https:\\\/\\\/lospoliticosveracruz.com\\\/#organization\"},\"potentialAction\":[{\"@type\":\"SearchAction\",\"target\":{\"@type\":\"EntryPoint\",\"urlTemplate\":\"https:\\\/\\\/lospoliticosveracruz.com\\\/?s={search_term_string}\"},\"query-input\":{\"@type\":\"PropertyValueSpecification\",\"valueRequired\":true,\"valueName\":\"search_term_string\"}}],\"inLanguage\":\"es\"},{\"@type\":\"Organization\",\"@id\":\"https:\\\/\\\/lospoliticosveracruz.com\\\/#organization\",\"name\":\"Los pol\u00edticos Veracruz\",\"url\":\"https:\\\/\\\/lospoliticosveracruz.com\\\/\",\"logo\":{\"@type\":\"ImageObject\",\"inLanguage\":\"es\",\"@id\":\"https:\\\/\\\/lospoliticosveracruz.com\\\/#\\\/schema\\\/logo\\\/image\\\/\",\"url\":\"https:\\\/\\\/lospoliticosveracruz.com\\\/wp-content\\\/uploads\\\/2025\\\/12\\\/Logo-Nuevo-LOS-POLITICOS-1.jpg\",\"contentUrl\":\"https:\\\/\\\/lospoliticosveracruz.com\\\/wp-content\\\/uploads\\\/2025\\\/12\\\/Logo-Nuevo-LOS-POLITICOS-1.jpg\",\"width\":260,\"height\":70,\"caption\":\"Los pol\u00edticos Veracruz\"},\"image\":{\"@id\":\"https:\\\/\\\/lospoliticosveracruz.com\\\/#\\\/schema\\\/logo\\\/image\\\/\"},\"sameAs\":[\"https:\\\/\\\/www.facebook.com\\\/people\\\/Notimemes-de-los-Polticos\\\/61565672886568\\\/\",\"https:\\\/\\\/x.com\\\/LosPoliticosVer\"]},{\"@type\":\"Person\",\"@id\":\"https:\\\/\\\/lospoliticosveracruz.com\\\/#\\\/schema\\\/person\\\/b8702bb0e538456e6efd07080bf2a4a2\",\"name\":\"Lo viste en Los Pol\u00edticos\",\"image\":{\"@type\":\"ImageObject\",\"inLanguage\":\"es\",\"@id\":\"https:\\\/\\\/secure.gravatar.com\\\/avatar\\\/3a8de04a2656d44082be478bd6c086daa447c4651605818287b9532d3d0bd435?s=96&d=mm&r=g\",\"url\":\"https:\\\/\\\/secure.gravatar.com\\\/avatar\\\/3a8de04a2656d44082be478bd6c086daa447c4651605818287b9532d3d0bd435?s=96&d=mm&r=g\",\"contentUrl\":\"https:\\\/\\\/secure.gravatar.com\\\/avatar\\\/3a8de04a2656d44082be478bd6c086daa447c4651605818287b9532d3d0bd435?s=96&d=mm&r=g\",\"caption\":\"Lo viste en Los Pol\u00edticos\"},\"url\":\"https:\\\/\\\/lospoliticosveracruz.com\\\/?author=2\"}]}<\/script>\n<!-- \/ Yoast SEO plugin. -->","yoast_head_json":{"title":"M\u00e1s y m\u00e1s pobres y sacrificados - Los pol\u00edticos Veracruz","robots":{"index":"index","follow":"follow","max-snippet":"max-snippet:-1","max-image-preview":"max-image-preview:large","max-video-preview":"max-video-preview:-1"},"canonical":"https:\/\/lospoliticosveracruz.com\/?p=88228","og_locale":"es_ES","og_type":"article","og_title":"M\u00e1s y m\u00e1s pobres y sacrificados - Los pol\u00edticos Veracruz","og_description":"Rafael Arias Hern\u00e1ndezMutatis mutandis La verdadera realidad se impone y hace sentir. In\u00fatil ocultar, negar o minimizar hechos y evidencias: econom\u00eda con insuficiente crecimiento (contracci\u00f3n en 2020, de casi -8%; e insuficiente recuperaci\u00f3n en 2021, de casi 5%), frente a un sostenido crecimiento de precios, que se expresa recientemente (2021), en una inflaci\u00f3n de m\u00e1s [&hellip;]","og_url":"https:\/\/lospoliticosveracruz.com\/?p=88228","og_site_name":"Los pol\u00edticos Veracruz","article_publisher":"https:\/\/www.facebook.com\/people\/Notimemes-de-los-Polticos\/61565672886568\/","article_published_time":"2022-04-05T16:45:55+00:00","article_modified_time":"2022-04-05T16:47:00+00:00","og_image":[{"width":200,"height":200,"url":"https:\/\/lospoliticosveracruz.com\/wp-content\/uploads\/2016\/07\/Logo-Dor.jpg","type":"image\/jpeg"}],"author":"Lo viste en Los Pol\u00edticos","twitter_card":"summary_large_image","twitter_creator":"@LosPoliticosVer","twitter_site":"@LosPoliticosVer","twitter_misc":{"Escrito por":"Lo viste en Los Pol\u00edticos","Tiempo de lectura":"5 minutos"},"schema":{"@context":"https:\/\/schema.org","@graph":[{"@type":"Article","@id":"https:\/\/lospoliticosveracruz.com\/?p=88228#article","isPartOf":{"@id":"https:\/\/lospoliticosveracruz.com\/?p=88228"},"author":{"name":"Lo viste en Los Pol\u00edticos","@id":"https:\/\/lospoliticosveracruz.com\/#\/schema\/person\/b8702bb0e538456e6efd07080bf2a4a2"},"headline":"M\u00e1s y m\u00e1s pobres y sacrificados","datePublished":"2022-04-05T16:45:55+00:00","dateModified":"2022-04-05T16:47:00+00:00","mainEntityOfPage":{"@id":"https:\/\/lospoliticosveracruz.com\/?p=88228"},"wordCount":1086,"publisher":{"@id":"https:\/\/lospoliticosveracruz.com\/#organization"},"keywords":["Inflaci\u00f3n","Morena","pobreza"],"articleSection":["De Opini\u00f3n"],"inLanguage":"es"},{"@type":"WebPage","@id":"https:\/\/lospoliticosveracruz.com\/?p=88228","url":"https:\/\/lospoliticosveracruz.com\/?p=88228","name":"M\u00e1s y m\u00e1s pobres y sacrificados - Los pol\u00edticos Veracruz","isPartOf":{"@id":"https:\/\/lospoliticosveracruz.com\/#website"},"datePublished":"2022-04-05T16:45:55+00:00","dateModified":"2022-04-05T16:47:00+00:00","breadcrumb":{"@id":"https:\/\/lospoliticosveracruz.com\/?p=88228#breadcrumb"},"inLanguage":"es","potentialAction":[{"@type":"ReadAction","target":["https:\/\/lospoliticosveracruz.com\/?p=88228"]}]},{"@type":"BreadcrumbList","@id":"https:\/\/lospoliticosveracruz.com\/?p=88228#breadcrumb","itemListElement":[{"@type":"ListItem","position":1,"name":"Portada","item":"https:\/\/lospoliticosveracruz.com\/"},{"@type":"ListItem","position":2,"name":"M\u00e1s y m\u00e1s pobres y sacrificados"}]},{"@type":"WebSite","@id":"https:\/\/lospoliticosveracruz.com\/#website","url":"https:\/\/lospoliticosveracruz.com\/","name":"Los pol\u00edticos Veracruz","description":"","publisher":{"@id":"https:\/\/lospoliticosveracruz.com\/#organization"},"potentialAction":[{"@type":"SearchAction","target":{"@type":"EntryPoint","urlTemplate":"https:\/\/lospoliticosveracruz.com\/?s={search_term_string}"},"query-input":{"@type":"PropertyValueSpecification","valueRequired":true,"valueName":"search_term_string"}}],"inLanguage":"es"},{"@type":"Organization","@id":"https:\/\/lospoliticosveracruz.com\/#organization","name":"Los pol\u00edticos Veracruz","url":"https:\/\/lospoliticosveracruz.com\/","logo":{"@type":"ImageObject","inLanguage":"es","@id":"https:\/\/lospoliticosveracruz.com\/#\/schema\/logo\/image\/","url":"https:\/\/lospoliticosveracruz.com\/wp-content\/uploads\/2025\/12\/Logo-Nuevo-LOS-POLITICOS-1.jpg","contentUrl":"https:\/\/lospoliticosveracruz.com\/wp-content\/uploads\/2025\/12\/Logo-Nuevo-LOS-POLITICOS-1.jpg","width":260,"height":70,"caption":"Los pol\u00edticos Veracruz"},"image":{"@id":"https:\/\/lospoliticosveracruz.com\/#\/schema\/logo\/image\/"},"sameAs":["https:\/\/www.facebook.com\/people\/Notimemes-de-los-Polticos\/61565672886568\/","https:\/\/x.com\/LosPoliticosVer"]},{"@type":"Person","@id":"https:\/\/lospoliticosveracruz.com\/#\/schema\/person\/b8702bb0e538456e6efd07080bf2a4a2","name":"Lo viste en Los Pol\u00edticos","image":{"@type":"ImageObject","inLanguage":"es","@id":"https:\/\/secure.gravatar.com\/avatar\/3a8de04a2656d44082be478bd6c086daa447c4651605818287b9532d3d0bd435?s=96&d=mm&r=g","url":"https:\/\/secure.gravatar.com\/avatar\/3a8de04a2656d44082be478bd6c086daa447c4651605818287b9532d3d0bd435?s=96&d=mm&r=g","contentUrl":"https:\/\/secure.gravatar.com\/avatar\/3a8de04a2656d44082be478bd6c086daa447c4651605818287b9532d3d0bd435?s=96&d=mm&r=g","caption":"Lo viste en Los Pol\u00edticos"},"url":"https:\/\/lospoliticosveracruz.com\/?author=2"}]}},"_links":{"self":[{"href":"https:\/\/lospoliticosveracruz.com\/index.php?rest_route=\/wp\/v2\/posts\/88228","targetHints":{"allow":["GET"]}}],"collection":[{"href":"https:\/\/lospoliticosveracruz.com\/index.php?rest_route=\/wp\/v2\/posts"}],"about":[{"href":"https:\/\/lospoliticosveracruz.com\/index.php?rest_route=\/wp\/v2\/types\/post"}],"author":[{"embeddable":true,"href":"https:\/\/lospoliticosveracruz.com\/index.php?rest_route=\/wp\/v2\/users\/2"}],"replies":[{"embeddable":true,"href":"https:\/\/lospoliticosveracruz.com\/index.php?rest_route=%2Fwp%2Fv2%2Fcomments&post=88228"}],"version-history":[{"count":1,"href":"https:\/\/lospoliticosveracruz.com\/index.php?rest_route=\/wp\/v2\/posts\/88228\/revisions"}],"predecessor-version":[{"id":88229,"href":"https:\/\/lospoliticosveracruz.com\/index.php?rest_route=\/wp\/v2\/posts\/88228\/revisions\/88229"}],"wp:attachment":[{"href":"https:\/\/lospoliticosveracruz.com\/index.php?rest_route=%2Fwp%2Fv2%2Fmedia&parent=88228"}],"wp:term":[{"taxonomy":"category","embeddable":true,"href":"https:\/\/lospoliticosveracruz.com\/index.php?rest_route=%2Fwp%2Fv2%2Fcategories&post=88228"},{"taxonomy":"post_tag","embeddable":true,"href":"https:\/\/lospoliticosveracruz.com\/index.php?rest_route=%2Fwp%2Fv2%2Ftags&post=88228"}],"curies":[{"name":"wp","href":"https:\/\/api.w.org\/{rel}","templated":true}]}}