{"id":88641,"date":"2022-04-14T10:06:11","date_gmt":"2022-04-14T15:06:11","guid":{"rendered":"https:\/\/lospoliticosveracruz.com.mx\/?p=88641"},"modified":"2022-04-14T10:06:41","modified_gmt":"2022-04-14T15:06:41","slug":"practicas-e-interpretaciones-caducadas","status":"publish","type":"post","link":"https:\/\/lospoliticosveracruz.com\/?p=88641","title":{"rendered":"Pr\u00e1cticas e interpretaciones caducadas"},"content":{"rendered":"\n<p><\/p>\n\n\n\n<p><br><strong>Uriel Flores Aguayo<\/strong><\/p>\n\n\n\n<p><\/p>\n\n\n\n<p>De la reciente consulta sobre la revocaci\u00f3n de mandato se ha hablado mucho, hay abundantes opiniones para todos los gustos. Una vez realizada, con los n\u00fameros de participaci\u00f3n, se habla de que tales gobernantes y legisladores cumplieron metas de votaci\u00f3n ratificadora. Es curioso que se marque como logro algo te\u00f3ricamente ajeno al esp\u00edritu de la consulta. En nuestro entorno inmediato igualmente se destaca qu\u00e9 tal o cual funcionario cumpli\u00f3 con metas distritales de participaci\u00f3n. Se celebra como \u00e9xito de operaci\u00f3n en base a n\u00fameros. Veo la normalizaci\u00f3n de anacr\u00f3nicos m\u00e9todos de movilizaci\u00f3n o, incluso, de defraudaci\u00f3n electoral. C\u00f3mo antes. Son interpretaciones tradicionales y enga\u00f1osas. Hablar de cantidades obtenidas por medios autoritarios como algo importante es dotarlas de una legitimidad de la que carecen. Son visiones viejas, antidemocr\u00e1ticas. No hay m\u00e9rito si se manejan recursos p\u00fablicos, programas sociales y se usa la autoridad sobre los empleados oficiales. Ni chiste tiene ese tipo de acci\u00f3n pol\u00edtica; as\u00ed era antes. En esas pr\u00e1cticas no hubo cambio alguno, ni transformaci\u00f3n; se enga\u00f1a y simula.<\/p>\n\n\n\n<p>M\u00e1s all\u00e1 de esos m\u00e9todos tramposos est\u00e1 tambi\u00e9n el uso de la gente como un simple voto, el desprecio a su dignidad. En eso radica el fracaso moral de los actuales gobernantes: aprovechar las necesidades sociales para convertirlos en sufragios. Es todo lo contrario a construir ciudadan\u00eda, es lo contrario a la democracia. Junto a todo eso hay cuestiones m\u00e1s preocupantes. Me refiero a la intolerancia, la negaci\u00f3n del otro. Si no hay aceptaci\u00f3n de la pluralidad, tampoco habr\u00e1 di\u00e1logo. Si el que no piensa como el poderoso es considerado un traidor, se le reduce en su dignidad. Deja de ser un ciudadano para convertirse en enemigo o en un estorbo. Es peligroso hacer pol\u00edtica as\u00ed. A sus promotores les facilita el debate y la adhesi\u00f3n de sus bases de apoyo; con puras descalificaciones y consignas se evitan argumentar y dar razones. No es juego aunque aveces lo parezca. La historia mundial registra procesos de ese tipo que han terminado en guerras y exterminios. Guardando las proporciones podr\u00edamos estar entrando en un oscuro t\u00fanel de la violencia. Es obvio que los promotores del autoritarismo saben lo que hacen, as\u00ed piensan y continuar\u00e1n en esa ruta. El problema radica en lo que haremos la ciudadan\u00eda libre; hay un gran trabajo por hacer, desde las posturas racionales del bloque en el poder, pasando por los movimientos ciudadanos, hasta los partidos de las oposiciones.<\/p>\n\n\n\n<p>Las operaciones a la vieja escuela llevan intr\u00ednsecamente la corrupci\u00f3n y el todo se vale. Por afanes meramente pol\u00edticos, la mayor\u00eda de las veces personales, se desv\u00edan recursos p\u00fablicos, se hace uso de abundante dinero de dudoso origen y se imparte carta blanca a todo tipo de autoridades para hacer lo que quieran. Ser\u00eda absolutamente distinto si la operaci\u00f3n pol\u00edtica fuera democr\u00e1tica, si basara sus resultados en convencimiento y convicciones, en la adhesi\u00f3n a programas y causas. Entonces si, se podr\u00eda reconocer el trabajo pol\u00edtico de ciertos operadores. C\u00f3mo no hay eso, estamos ante un cuadro de auto enga\u00f1o y simulaci\u00f3n.<\/p>\n\n\n\n<p>Recadito: ya va siendo tiempo de que el Cabildo xalape\u00f1o se pronuncie sobre los retenes policiales y los operativos de las gr\u00faas .<\/p>\n\n\n\n<p>Ufa.1959@gmail.com<\/p>\n","protected":false},"excerpt":{"rendered":"<p>Uriel Flores Aguayo De la reciente consulta sobre la revocaci\u00f3n de mandato se ha hablado mucho, hay abundantes opiniones para todos los gustos. Una vez realizada, con los n\u00fameros de participaci\u00f3n, se habla de que tales gobernantes y legisladores cumplieron metas de votaci\u00f3n ratificadora. Es curioso que se marque como logro algo te\u00f3ricamente ajeno al [&hellip;]<\/p>\n","protected":false},"author":2,"featured_media":0,"comment_status":"closed","ping_status":"closed","sticky":false,"template":"","format":"standard","meta":{"tdm_status":"","tdm_grid_status":"","footnotes":""},"categories":[70],"tags":[618,1026,14240,2552,195],"class_list":{"0":"post-88641","1":"post","2":"type-post","3":"status-publish","4":"format-standard","6":"category-de-opinion","7":"tag-andres-manuel-lopez-obrador","8":"tag-morena","9":"tag-revocacion-de-mandato","10":"tag-uriel-flores-aguayo","11":"tag-veracruz"},"yoast_head":"<!-- This site is optimized with the Yoast SEO plugin v27.4 - https:\/\/yoast.com\/product\/yoast-seo-wordpress\/ -->\n<title>Pr\u00e1cticas e interpretaciones caducadas - Los pol\u00edticos Veracruz<\/title>\n<meta name=\"robots\" content=\"index, follow, max-snippet:-1, max-image-preview:large, max-video-preview:-1\" \/>\n<link rel=\"canonical\" href=\"https:\/\/lospoliticosveracruz.com\/?p=88641\" \/>\n<meta property=\"og:locale\" content=\"es_ES\" \/>\n<meta property=\"og:type\" content=\"article\" \/>\n<meta property=\"og:title\" content=\"Pr\u00e1cticas e interpretaciones caducadas - Los pol\u00edticos Veracruz\" \/>\n<meta property=\"og:description\" content=\"Uriel Flores Aguayo De la reciente consulta sobre la revocaci\u00f3n de mandato se ha hablado mucho, hay abundantes opiniones para todos los gustos. Una vez realizada, con los n\u00fameros de participaci\u00f3n, se habla de que tales gobernantes y legisladores cumplieron metas de votaci\u00f3n ratificadora. Es curioso que se marque como logro algo te\u00f3ricamente ajeno al [&hellip;]\" \/>\n<meta property=\"og:url\" content=\"https:\/\/lospoliticosveracruz.com\/?p=88641\" \/>\n<meta property=\"og:site_name\" content=\"Los pol\u00edticos Veracruz\" \/>\n<meta property=\"article:publisher\" content=\"https:\/\/www.facebook.com\/people\/Notimemes-de-los-Polticos\/61565672886568\/\" \/>\n<meta property=\"article:published_time\" content=\"2022-04-14T15:06:11+00:00\" \/>\n<meta property=\"article:modified_time\" content=\"2022-04-14T15:06:41+00:00\" \/>\n<meta property=\"og:image\" content=\"https:\/\/lospoliticosveracruz.com\/wp-content\/uploads\/2016\/07\/Logo-Dor.jpg\" \/>\n\t<meta property=\"og:image:width\" content=\"200\" \/>\n\t<meta property=\"og:image:height\" content=\"200\" \/>\n\t<meta property=\"og:image:type\" content=\"image\/jpeg\" \/>\n<meta name=\"author\" content=\"Lo viste en Los Pol\u00edticos\" \/>\n<meta name=\"twitter:card\" content=\"summary_large_image\" \/>\n<meta name=\"twitter:creator\" content=\"@LosPoliticosVer\" \/>\n<meta name=\"twitter:site\" content=\"@LosPoliticosVer\" \/>\n<meta name=\"twitter:label1\" content=\"Escrito por\" \/>\n\t<meta name=\"twitter:data1\" content=\"Lo viste en Los Pol\u00edticos\" \/>\n\t<meta name=\"twitter:label2\" content=\"Tiempo de lectura\" \/>\n\t<meta name=\"twitter:data2\" content=\"3 minutos\" \/>\n<script type=\"application\/ld+json\" class=\"yoast-schema-graph\">{\"@context\":\"https:\\\/\\\/schema.org\",\"@graph\":[{\"@type\":\"Article\",\"@id\":\"https:\\\/\\\/lospoliticosveracruz.com\\\/?p=88641#article\",\"isPartOf\":{\"@id\":\"https:\\\/\\\/lospoliticosveracruz.com\\\/?p=88641\"},\"author\":{\"name\":\"Lo viste en Los Pol\u00edticos\",\"@id\":\"https:\\\/\\\/lospoliticosveracruz.com\\\/#\\\/schema\\\/person\\\/b8702bb0e538456e6efd07080bf2a4a2\"},\"headline\":\"Pr\u00e1cticas e interpretaciones caducadas\",\"datePublished\":\"2022-04-14T15:06:11+00:00\",\"dateModified\":\"2022-04-14T15:06:41+00:00\",\"mainEntityOfPage\":{\"@id\":\"https:\\\/\\\/lospoliticosveracruz.com\\\/?p=88641\"},\"wordCount\":591,\"publisher\":{\"@id\":\"https:\\\/\\\/lospoliticosveracruz.com\\\/#organization\"},\"keywords\":[\"Andr\u00e9s Manuel L\u00f3pez Obrador\",\"Morena\",\"Revocaci\u00f3n de Mandato\",\"Uriel Flores Aguayo\",\"Veracruz\"],\"articleSection\":[\"De Opini\u00f3n\"],\"inLanguage\":\"es\"},{\"@type\":\"WebPage\",\"@id\":\"https:\\\/\\\/lospoliticosveracruz.com\\\/?p=88641\",\"url\":\"https:\\\/\\\/lospoliticosveracruz.com\\\/?p=88641\",\"name\":\"Pr\u00e1cticas e interpretaciones caducadas - Los pol\u00edticos Veracruz\",\"isPartOf\":{\"@id\":\"https:\\\/\\\/lospoliticosveracruz.com\\\/#website\"},\"datePublished\":\"2022-04-14T15:06:11+00:00\",\"dateModified\":\"2022-04-14T15:06:41+00:00\",\"breadcrumb\":{\"@id\":\"https:\\\/\\\/lospoliticosveracruz.com\\\/?p=88641#breadcrumb\"},\"inLanguage\":\"es\",\"potentialAction\":[{\"@type\":\"ReadAction\",\"target\":[\"https:\\\/\\\/lospoliticosveracruz.com\\\/?p=88641\"]}]},{\"@type\":\"BreadcrumbList\",\"@id\":\"https:\\\/\\\/lospoliticosveracruz.com\\\/?p=88641#breadcrumb\",\"itemListElement\":[{\"@type\":\"ListItem\",\"position\":1,\"name\":\"Portada\",\"item\":\"https:\\\/\\\/lospoliticosveracruz.com\\\/\"},{\"@type\":\"ListItem\",\"position\":2,\"name\":\"Pr\u00e1cticas e interpretaciones caducadas\"}]},{\"@type\":\"WebSite\",\"@id\":\"https:\\\/\\\/lospoliticosveracruz.com\\\/#website\",\"url\":\"https:\\\/\\\/lospoliticosveracruz.com\\\/\",\"name\":\"Los pol\u00edticos Veracruz\",\"description\":\"\",\"publisher\":{\"@id\":\"https:\\\/\\\/lospoliticosveracruz.com\\\/#organization\"},\"potentialAction\":[{\"@type\":\"SearchAction\",\"target\":{\"@type\":\"EntryPoint\",\"urlTemplate\":\"https:\\\/\\\/lospoliticosveracruz.com\\\/?s={search_term_string}\"},\"query-input\":{\"@type\":\"PropertyValueSpecification\",\"valueRequired\":true,\"valueName\":\"search_term_string\"}}],\"inLanguage\":\"es\"},{\"@type\":\"Organization\",\"@id\":\"https:\\\/\\\/lospoliticosveracruz.com\\\/#organization\",\"name\":\"Los pol\u00edticos Veracruz\",\"url\":\"https:\\\/\\\/lospoliticosveracruz.com\\\/\",\"logo\":{\"@type\":\"ImageObject\",\"inLanguage\":\"es\",\"@id\":\"https:\\\/\\\/lospoliticosveracruz.com\\\/#\\\/schema\\\/logo\\\/image\\\/\",\"url\":\"https:\\\/\\\/lospoliticosveracruz.com\\\/wp-content\\\/uploads\\\/2025\\\/12\\\/Logo-Nuevo-LOS-POLITICOS-1.jpg\",\"contentUrl\":\"https:\\\/\\\/lospoliticosveracruz.com\\\/wp-content\\\/uploads\\\/2025\\\/12\\\/Logo-Nuevo-LOS-POLITICOS-1.jpg\",\"width\":260,\"height\":70,\"caption\":\"Los pol\u00edticos Veracruz\"},\"image\":{\"@id\":\"https:\\\/\\\/lospoliticosveracruz.com\\\/#\\\/schema\\\/logo\\\/image\\\/\"},\"sameAs\":[\"https:\\\/\\\/www.facebook.com\\\/people\\\/Notimemes-de-los-Polticos\\\/61565672886568\\\/\",\"https:\\\/\\\/x.com\\\/LosPoliticosVer\"]},{\"@type\":\"Person\",\"@id\":\"https:\\\/\\\/lospoliticosveracruz.com\\\/#\\\/schema\\\/person\\\/b8702bb0e538456e6efd07080bf2a4a2\",\"name\":\"Lo viste en Los Pol\u00edticos\",\"image\":{\"@type\":\"ImageObject\",\"inLanguage\":\"es\",\"@id\":\"https:\\\/\\\/secure.gravatar.com\\\/avatar\\\/3a8de04a2656d44082be478bd6c086daa447c4651605818287b9532d3d0bd435?s=96&d=mm&r=g\",\"url\":\"https:\\\/\\\/secure.gravatar.com\\\/avatar\\\/3a8de04a2656d44082be478bd6c086daa447c4651605818287b9532d3d0bd435?s=96&d=mm&r=g\",\"contentUrl\":\"https:\\\/\\\/secure.gravatar.com\\\/avatar\\\/3a8de04a2656d44082be478bd6c086daa447c4651605818287b9532d3d0bd435?s=96&d=mm&r=g\",\"caption\":\"Lo viste en Los Pol\u00edticos\"},\"url\":\"https:\\\/\\\/lospoliticosveracruz.com\\\/?author=2\"}]}<\/script>\n<!-- \/ Yoast SEO plugin. -->","yoast_head_json":{"title":"Pr\u00e1cticas e interpretaciones caducadas - Los pol\u00edticos Veracruz","robots":{"index":"index","follow":"follow","max-snippet":"max-snippet:-1","max-image-preview":"max-image-preview:large","max-video-preview":"max-video-preview:-1"},"canonical":"https:\/\/lospoliticosveracruz.com\/?p=88641","og_locale":"es_ES","og_type":"article","og_title":"Pr\u00e1cticas e interpretaciones caducadas - Los pol\u00edticos Veracruz","og_description":"Uriel Flores Aguayo De la reciente consulta sobre la revocaci\u00f3n de mandato se ha hablado mucho, hay abundantes opiniones para todos los gustos. Una vez realizada, con los n\u00fameros de participaci\u00f3n, se habla de que tales gobernantes y legisladores cumplieron metas de votaci\u00f3n ratificadora. Es curioso que se marque como logro algo te\u00f3ricamente ajeno al [&hellip;]","og_url":"https:\/\/lospoliticosveracruz.com\/?p=88641","og_site_name":"Los pol\u00edticos Veracruz","article_publisher":"https:\/\/www.facebook.com\/people\/Notimemes-de-los-Polticos\/61565672886568\/","article_published_time":"2022-04-14T15:06:11+00:00","article_modified_time":"2022-04-14T15:06:41+00:00","og_image":[{"width":200,"height":200,"url":"https:\/\/lospoliticosveracruz.com\/wp-content\/uploads\/2016\/07\/Logo-Dor.jpg","type":"image\/jpeg"}],"author":"Lo viste en Los Pol\u00edticos","twitter_card":"summary_large_image","twitter_creator":"@LosPoliticosVer","twitter_site":"@LosPoliticosVer","twitter_misc":{"Escrito por":"Lo viste en Los Pol\u00edticos","Tiempo de lectura":"3 minutos"},"schema":{"@context":"https:\/\/schema.org","@graph":[{"@type":"Article","@id":"https:\/\/lospoliticosveracruz.com\/?p=88641#article","isPartOf":{"@id":"https:\/\/lospoliticosveracruz.com\/?p=88641"},"author":{"name":"Lo viste en Los Pol\u00edticos","@id":"https:\/\/lospoliticosveracruz.com\/#\/schema\/person\/b8702bb0e538456e6efd07080bf2a4a2"},"headline":"Pr\u00e1cticas e interpretaciones caducadas","datePublished":"2022-04-14T15:06:11+00:00","dateModified":"2022-04-14T15:06:41+00:00","mainEntityOfPage":{"@id":"https:\/\/lospoliticosveracruz.com\/?p=88641"},"wordCount":591,"publisher":{"@id":"https:\/\/lospoliticosveracruz.com\/#organization"},"keywords":["Andr\u00e9s Manuel L\u00f3pez Obrador","Morena","Revocaci\u00f3n de Mandato","Uriel Flores Aguayo","Veracruz"],"articleSection":["De Opini\u00f3n"],"inLanguage":"es"},{"@type":"WebPage","@id":"https:\/\/lospoliticosveracruz.com\/?p=88641","url":"https:\/\/lospoliticosveracruz.com\/?p=88641","name":"Pr\u00e1cticas e interpretaciones caducadas - Los pol\u00edticos Veracruz","isPartOf":{"@id":"https:\/\/lospoliticosveracruz.com\/#website"},"datePublished":"2022-04-14T15:06:11+00:00","dateModified":"2022-04-14T15:06:41+00:00","breadcrumb":{"@id":"https:\/\/lospoliticosveracruz.com\/?p=88641#breadcrumb"},"inLanguage":"es","potentialAction":[{"@type":"ReadAction","target":["https:\/\/lospoliticosveracruz.com\/?p=88641"]}]},{"@type":"BreadcrumbList","@id":"https:\/\/lospoliticosveracruz.com\/?p=88641#breadcrumb","itemListElement":[{"@type":"ListItem","position":1,"name":"Portada","item":"https:\/\/lospoliticosveracruz.com\/"},{"@type":"ListItem","position":2,"name":"Pr\u00e1cticas e interpretaciones caducadas"}]},{"@type":"WebSite","@id":"https:\/\/lospoliticosveracruz.com\/#website","url":"https:\/\/lospoliticosveracruz.com\/","name":"Los pol\u00edticos Veracruz","description":"","publisher":{"@id":"https:\/\/lospoliticosveracruz.com\/#organization"},"potentialAction":[{"@type":"SearchAction","target":{"@type":"EntryPoint","urlTemplate":"https:\/\/lospoliticosveracruz.com\/?s={search_term_string}"},"query-input":{"@type":"PropertyValueSpecification","valueRequired":true,"valueName":"search_term_string"}}],"inLanguage":"es"},{"@type":"Organization","@id":"https:\/\/lospoliticosveracruz.com\/#organization","name":"Los pol\u00edticos Veracruz","url":"https:\/\/lospoliticosveracruz.com\/","logo":{"@type":"ImageObject","inLanguage":"es","@id":"https:\/\/lospoliticosveracruz.com\/#\/schema\/logo\/image\/","url":"https:\/\/lospoliticosveracruz.com\/wp-content\/uploads\/2025\/12\/Logo-Nuevo-LOS-POLITICOS-1.jpg","contentUrl":"https:\/\/lospoliticosveracruz.com\/wp-content\/uploads\/2025\/12\/Logo-Nuevo-LOS-POLITICOS-1.jpg","width":260,"height":70,"caption":"Los pol\u00edticos Veracruz"},"image":{"@id":"https:\/\/lospoliticosveracruz.com\/#\/schema\/logo\/image\/"},"sameAs":["https:\/\/www.facebook.com\/people\/Notimemes-de-los-Polticos\/61565672886568\/","https:\/\/x.com\/LosPoliticosVer"]},{"@type":"Person","@id":"https:\/\/lospoliticosveracruz.com\/#\/schema\/person\/b8702bb0e538456e6efd07080bf2a4a2","name":"Lo viste en Los Pol\u00edticos","image":{"@type":"ImageObject","inLanguage":"es","@id":"https:\/\/secure.gravatar.com\/avatar\/3a8de04a2656d44082be478bd6c086daa447c4651605818287b9532d3d0bd435?s=96&d=mm&r=g","url":"https:\/\/secure.gravatar.com\/avatar\/3a8de04a2656d44082be478bd6c086daa447c4651605818287b9532d3d0bd435?s=96&d=mm&r=g","contentUrl":"https:\/\/secure.gravatar.com\/avatar\/3a8de04a2656d44082be478bd6c086daa447c4651605818287b9532d3d0bd435?s=96&d=mm&r=g","caption":"Lo viste en Los Pol\u00edticos"},"url":"https:\/\/lospoliticosveracruz.com\/?author=2"}]}},"_links":{"self":[{"href":"https:\/\/lospoliticosveracruz.com\/index.php?rest_route=\/wp\/v2\/posts\/88641","targetHints":{"allow":["GET"]}}],"collection":[{"href":"https:\/\/lospoliticosveracruz.com\/index.php?rest_route=\/wp\/v2\/posts"}],"about":[{"href":"https:\/\/lospoliticosveracruz.com\/index.php?rest_route=\/wp\/v2\/types\/post"}],"author":[{"embeddable":true,"href":"https:\/\/lospoliticosveracruz.com\/index.php?rest_route=\/wp\/v2\/users\/2"}],"replies":[{"embeddable":true,"href":"https:\/\/lospoliticosveracruz.com\/index.php?rest_route=%2Fwp%2Fv2%2Fcomments&post=88641"}],"version-history":[{"count":1,"href":"https:\/\/lospoliticosveracruz.com\/index.php?rest_route=\/wp\/v2\/posts\/88641\/revisions"}],"predecessor-version":[{"id":88643,"href":"https:\/\/lospoliticosveracruz.com\/index.php?rest_route=\/wp\/v2\/posts\/88641\/revisions\/88643"}],"wp:attachment":[{"href":"https:\/\/lospoliticosveracruz.com\/index.php?rest_route=%2Fwp%2Fv2%2Fmedia&parent=88641"}],"wp:term":[{"taxonomy":"category","embeddable":true,"href":"https:\/\/lospoliticosveracruz.com\/index.php?rest_route=%2Fwp%2Fv2%2Fcategories&post=88641"},{"taxonomy":"post_tag","embeddable":true,"href":"https:\/\/lospoliticosveracruz.com\/index.php?rest_route=%2Fwp%2Fv2%2Ftags&post=88641"}],"curies":[{"name":"wp","href":"https:\/\/api.w.org\/{rel}","templated":true}]}}