{"id":88673,"date":"2022-04-15T07:57:01","date_gmt":"2022-04-15T12:57:01","guid":{"rendered":"https:\/\/lospoliticosveracruz.com.mx\/?p=88673"},"modified":"2022-04-15T07:57:07","modified_gmt":"2022-04-15T12:57:07","slug":"judas-en-el-pri","status":"publish","type":"post","link":"https:\/\/lospoliticosveracruz.com\/?p=88673","title":{"rendered":"Judas en el PRI"},"content":{"rendered":"\n<p><\/p>\n\n\n\n<p><strong>Omar Z\u00fa\u00f1iga<\/strong><br><em>De Primera Mano Taj\u00edn<\/em><\/p>\n\n\n\n<p><\/p>\n\n\n\n<p>Apenas el mi\u00e9rcoles pasado, una noche antes de la celebraci\u00f3n de la \u00daltima Cena, fecha b\u00edblica en que Jes\u00fas fue traicionado por Judas Iscariote a cambio de 30 monedas de plata, cobr\u00f3 notoriedad el nombre de Carlos Aysa.<br>Carlos Miguel Aysa Damas, diputado federal del PRI por Campeche, electo por la v\u00eda plurinominal, tiene 25 a\u00f1os y su mayor logro es ser hijo de Carlos Miguel Aysa Gonz\u00e1lez, gobernador sustituto de su estado natal, que relev\u00f3 precisamente a Alejandro Moreno C\u00e1rdenas Alito, hoy presidente nacional del PRI.<br>Aysa Gonz\u00e1lez fue nominado como embajador de M\u00e9xico en Rep\u00fablica Dominicana, luego de haber dejado su encargo el 15 de septiembre de 2021, teniendo a\u00fan la fuerza para impulsar a junior y que ocupara un asiento en San L\u00e1zaro.<br>Pues bueno, luego de esta breve introducci\u00f3n, Carlos Miguel Aysa junior, diputado priista, encabez\u00f3 una minirebeli\u00f3n que lo \u00fanico que le ocasion\u00f3 a su breve carrera pol\u00edtica fue la repulsi\u00f3n de sus correligionarios, pues la afirmaci\u00f3n entre la oposici\u00f3n es que por conciencia nunca lo har\u00eda; lo que no se sabe es si fue por presiones a su padre, de su padre, o bien porque a junior le llegaron al precio (porque le gusta el dinerito), que anunci\u00f3 el cambio en el sentido de la votaci\u00f3n opositora a la Reforma El\u00e9ctrica.<br>Afirmo que le gusta el dinerito , pues a sus escasos 25 a\u00f1os (aunque sostengo firmemente que la edad no est\u00e1 de ninguna manera peleada con la experiencia) y con una \u201cvasta\u201d experiencia laboral que seg\u00fan el Sistema de Informaci\u00f3n Legislativa (SIL), de la C\u00e1mara de Diputados, ha tenido dos trabajos: uno en el a\u00f1o 2020 como gerente general del hotel El Navegante, (suponemos, al no haber m\u00e1s informaci\u00f3n, que es un hotelito de cuatro estrellas de su natal Campeche) y del 2020 al 2021 se desempe\u00f1\u00f3 como gerente general del hotel Ocean View, (suponemos tambi\u00e9n que en Canc\u00fan, dada la cercan\u00eda con su estado natal, igualmente un hotel si bien en la zona hotelera, es de cuatro estrellas), en ambos casos el salario no es el mejor\u2026, \u00a1ah!, tambi\u00e9n fue consejero pol\u00edtico del PRI estatal.<br>Egresado de la carrera de Derecho por la Universidad An\u00e1huac, Carlitos Junior, naci\u00f3 en julio de 1996, ha tenido una vida muy exitosa, corta, pero exitosa, pues seg\u00fan su declaraci\u00f3n patrimonial (p\u00fablica, por esta raz\u00f3n se publica), con apenas 4 a\u00f1os de edad complet\u00f3 su primera operaci\u00f3n de compraventa, una casa de casi 200 m2 en operaci\u00f3n de contado, por 111 mil pesos en el a\u00f1o 2000.<br>En el a\u00f1o 2013, con 17 a\u00f1os compr\u00f3 su segunda propiedad, por 247 mil 351 pesos, tambi\u00e9n de contado, otra casita, de 71m2.<br>Con 19 a\u00f1os, en el a\u00f1o 2015, mediante cr\u00e9dito, compr\u00f3 su tercera casita, esta ya m\u00e1s grandecita, de 601 m2, con valor de 534 mil 924 pesos.<br>Ya a sus 23 a\u00f1os, adquiri\u00f3 un autom\u00f3vil de lujo (ubicado en el segmento premium) un Audi A5 por 754 mil 902 pesos en operaci\u00f3n de cash.<br>Lo dem\u00e1s de sus bienes son donaciones que no viene al caso publicar, insisto, son datos p\u00fablicos y ah\u00ed est\u00e1n, el objetivo es se\u00f1alar que estos bienes los adquiri\u00f3 cuando ni siquiera se hab\u00eda integrado a la Poblaci\u00f3n Econ\u00f3micamente Activa, pues seg\u00fan los datos proporcionados por \u00e9l mismo empez\u00f3 a chambear a los 23-24 a\u00f1os en puestos de medio pelo, que obviamente no le dan para su estilo de vida, lo que s\u00ed le da, es un pap\u00e1 que fue gobernador hasta septiembre pasado, \u00bfqu\u00e9 hay de eso Josefina?<br>Entonces, a Carlitos Aysa le gusta el dinero y estos son los argumentos, el tema es que reitero, termina repudiado por sus correligionarios de partido y de la oposici\u00f3n en su conjunto, en un tema que no va a prosperar, pues a Morena a\u00fan le falta medio centenar de votos para aprobar la Reforma Constitucional y eso no va a suceder. PRI, PAN, PRD y MC votar\u00e1n en bloque. Pobre Carlitos, tildado como el Traidor de Campeche que hizo de San L\u00e1zaro un moderno Sanedr\u00edn, pagado con 30 monedas, con todo y beso. Alito fue el benefactor de su padre.<\/p>\n\n\n\n<hr class=\"wp-block-separator\"\/>\n\n\n\n<p>Y en este tenor, la madrugada del S\u00e1bado de Gloria llegar\u00e1n los diputados de oposici\u00f3n al Congreso, dispuestos a atrincherarse para evitar alg\u00fan desaguisado y listos para la madre de todas las batallas del Domingo de Resurrecci\u00f3n.<\/p>\n\n\n\n<hr class=\"wp-block-separator\"\/>\n\n\n\n<p>Para documentar el optimismo, est\u00e1n invitando con car\u00e1cter de obligatorio y para celebrar la Gloria de Dios (s\u00ed, es sarcasmo) pase de lista incluido, a una comilona en el Gimnasio Omega de Xalapa. Loco de contento, invita Cuit, que para \u201cmostrar el m\u00fasculo\u201d, luego de la votaci\u00f3n en la jornada de revocaci\u00f3n la semana pasada.<br>Los empleados de gobierno est\u00e1n que se los lleva la t\u00eda de las muchachas, pues sostienen que aunque a la gorra no hay quien corra, la lana que van a gastar en la comida, deber\u00edan aplicarla para otras cosas, prioritarias: obra p\u00fablica, medicamentos, conservaci\u00f3n de caminos y carreteras estatales y varios etc\u00e9teras y por otro lado, es un d\u00eda en teor\u00eda de asueto, para estar en familia, pues aunque lo justifican que si no es a huevo, la gente nom\u00e1s no va a una invitaci\u00f3n del gobernador, no se vale que hagan esto y menos en S\u00e1bado de Gloria. \u00a1Uuuuuufff!<\/p>\n\n\n\n<p>\u00a1Qu\u00e9 barbaridad!<br>deprimera.mano2020@gmail.com<\/p>\n","protected":false},"excerpt":{"rendered":"<p>Omar Z\u00fa\u00f1igaDe Primera Mano Taj\u00edn Apenas el mi\u00e9rcoles pasado, una noche antes de la celebraci\u00f3n de la \u00daltima Cena, fecha b\u00edblica en que Jes\u00fas fue traicionado por Judas Iscariote a cambio de 30 monedas de plata, cobr\u00f3 notoriedad el nombre de Carlos Aysa.Carlos Miguel Aysa Damas, diputado federal del PRI por Campeche, electo por la [&hellip;]<\/p>\n","protected":false},"author":2,"featured_media":0,"comment_status":"closed","ping_status":"closed","sticky":false,"template":"","format":"standard","meta":{"tdm_status":"","tdm_grid_status":"","footnotes":""},"categories":[70],"tags":[32869,28705,251,26326],"class_list":{"0":"post-88673","1":"post","2":"type-post","3":"status-publish","4":"format-standard","6":"category-de-opinion","7":"tag-carlos-miguel-aysa-damas","8":"tag-omar-zuniga","9":"tag-pri","10":"tag-reforma-electrica"},"yoast_head":"<!-- This site is optimized with the Yoast SEO plugin v27.4 - https:\/\/yoast.com\/product\/yoast-seo-wordpress\/ -->\n<title>Judas en el PRI - Los pol\u00edticos Veracruz<\/title>\n<meta name=\"robots\" content=\"index, follow, max-snippet:-1, max-image-preview:large, max-video-preview:-1\" \/>\n<link rel=\"canonical\" href=\"https:\/\/lospoliticosveracruz.com\/?p=88673\" \/>\n<meta property=\"og:locale\" content=\"es_ES\" \/>\n<meta property=\"og:type\" content=\"article\" \/>\n<meta property=\"og:title\" content=\"Judas en el PRI - Los pol\u00edticos Veracruz\" \/>\n<meta property=\"og:description\" content=\"Omar Z\u00fa\u00f1igaDe Primera Mano Taj\u00edn Apenas el mi\u00e9rcoles pasado, una noche antes de la celebraci\u00f3n de la \u00daltima Cena, fecha b\u00edblica en que Jes\u00fas fue traicionado por Judas Iscariote a cambio de 30 monedas de plata, cobr\u00f3 notoriedad el nombre de Carlos Aysa.Carlos Miguel Aysa Damas, diputado federal del PRI por Campeche, electo por la [&hellip;]\" \/>\n<meta property=\"og:url\" content=\"https:\/\/lospoliticosveracruz.com\/?p=88673\" \/>\n<meta property=\"og:site_name\" content=\"Los pol\u00edticos Veracruz\" \/>\n<meta property=\"article:publisher\" content=\"https:\/\/www.facebook.com\/people\/Notimemes-de-los-Polticos\/61565672886568\/\" \/>\n<meta property=\"article:published_time\" content=\"2022-04-15T12:57:01+00:00\" \/>\n<meta property=\"article:modified_time\" content=\"2022-04-15T12:57:07+00:00\" \/>\n<meta property=\"og:image\" content=\"https:\/\/lospoliticosveracruz.com\/wp-content\/uploads\/2016\/07\/Logo-Dor.jpg\" \/>\n\t<meta property=\"og:image:width\" content=\"200\" \/>\n\t<meta property=\"og:image:height\" content=\"200\" \/>\n\t<meta property=\"og:image:type\" content=\"image\/jpeg\" \/>\n<meta name=\"author\" content=\"Lo viste en Los Pol\u00edticos\" \/>\n<meta name=\"twitter:card\" content=\"summary_large_image\" \/>\n<meta name=\"twitter:creator\" content=\"@LosPoliticosVer\" \/>\n<meta name=\"twitter:site\" content=\"@LosPoliticosVer\" \/>\n<meta name=\"twitter:label1\" content=\"Escrito por\" \/>\n\t<meta name=\"twitter:data1\" content=\"Lo viste en Los Pol\u00edticos\" \/>\n\t<meta name=\"twitter:label2\" content=\"Tiempo de lectura\" \/>\n\t<meta name=\"twitter:data2\" content=\"5 minutos\" \/>\n<script type=\"application\/ld+json\" class=\"yoast-schema-graph\">{\"@context\":\"https:\\\/\\\/schema.org\",\"@graph\":[{\"@type\":\"Article\",\"@id\":\"https:\\\/\\\/lospoliticosveracruz.com\\\/?p=88673#article\",\"isPartOf\":{\"@id\":\"https:\\\/\\\/lospoliticosveracruz.com\\\/?p=88673\"},\"author\":{\"name\":\"Lo viste en Los Pol\u00edticos\",\"@id\":\"https:\\\/\\\/lospoliticosveracruz.com\\\/#\\\/schema\\\/person\\\/b8702bb0e538456e6efd07080bf2a4a2\"},\"headline\":\"Judas en el PRI\",\"datePublished\":\"2022-04-15T12:57:01+00:00\",\"dateModified\":\"2022-04-15T12:57:07+00:00\",\"mainEntityOfPage\":{\"@id\":\"https:\\\/\\\/lospoliticosveracruz.com\\\/?p=88673\"},\"wordCount\":957,\"publisher\":{\"@id\":\"https:\\\/\\\/lospoliticosveracruz.com\\\/#organization\"},\"keywords\":[\"Carlos Miguel Aysa Damas\",\"Omar Z\u00fa\u00f1iga\",\"PRI\",\"Reforma El\u00e9ctrica\"],\"articleSection\":[\"De Opini\u00f3n\"],\"inLanguage\":\"es\"},{\"@type\":\"WebPage\",\"@id\":\"https:\\\/\\\/lospoliticosveracruz.com\\\/?p=88673\",\"url\":\"https:\\\/\\\/lospoliticosveracruz.com\\\/?p=88673\",\"name\":\"Judas en el PRI - Los pol\u00edticos Veracruz\",\"isPartOf\":{\"@id\":\"https:\\\/\\\/lospoliticosveracruz.com\\\/#website\"},\"datePublished\":\"2022-04-15T12:57:01+00:00\",\"dateModified\":\"2022-04-15T12:57:07+00:00\",\"breadcrumb\":{\"@id\":\"https:\\\/\\\/lospoliticosveracruz.com\\\/?p=88673#breadcrumb\"},\"inLanguage\":\"es\",\"potentialAction\":[{\"@type\":\"ReadAction\",\"target\":[\"https:\\\/\\\/lospoliticosveracruz.com\\\/?p=88673\"]}]},{\"@type\":\"BreadcrumbList\",\"@id\":\"https:\\\/\\\/lospoliticosveracruz.com\\\/?p=88673#breadcrumb\",\"itemListElement\":[{\"@type\":\"ListItem\",\"position\":1,\"name\":\"Portada\",\"item\":\"https:\\\/\\\/lospoliticosveracruz.com\\\/\"},{\"@type\":\"ListItem\",\"position\":2,\"name\":\"Judas en el PRI\"}]},{\"@type\":\"WebSite\",\"@id\":\"https:\\\/\\\/lospoliticosveracruz.com\\\/#website\",\"url\":\"https:\\\/\\\/lospoliticosveracruz.com\\\/\",\"name\":\"Los pol\u00edticos Veracruz\",\"description\":\"\",\"publisher\":{\"@id\":\"https:\\\/\\\/lospoliticosveracruz.com\\\/#organization\"},\"potentialAction\":[{\"@type\":\"SearchAction\",\"target\":{\"@type\":\"EntryPoint\",\"urlTemplate\":\"https:\\\/\\\/lospoliticosveracruz.com\\\/?s={search_term_string}\"},\"query-input\":{\"@type\":\"PropertyValueSpecification\",\"valueRequired\":true,\"valueName\":\"search_term_string\"}}],\"inLanguage\":\"es\"},{\"@type\":\"Organization\",\"@id\":\"https:\\\/\\\/lospoliticosveracruz.com\\\/#organization\",\"name\":\"Los pol\u00edticos Veracruz\",\"url\":\"https:\\\/\\\/lospoliticosveracruz.com\\\/\",\"logo\":{\"@type\":\"ImageObject\",\"inLanguage\":\"es\",\"@id\":\"https:\\\/\\\/lospoliticosveracruz.com\\\/#\\\/schema\\\/logo\\\/image\\\/\",\"url\":\"https:\\\/\\\/lospoliticosveracruz.com\\\/wp-content\\\/uploads\\\/2025\\\/12\\\/Logo-Nuevo-LOS-POLITICOS-1.jpg\",\"contentUrl\":\"https:\\\/\\\/lospoliticosveracruz.com\\\/wp-content\\\/uploads\\\/2025\\\/12\\\/Logo-Nuevo-LOS-POLITICOS-1.jpg\",\"width\":260,\"height\":70,\"caption\":\"Los pol\u00edticos Veracruz\"},\"image\":{\"@id\":\"https:\\\/\\\/lospoliticosveracruz.com\\\/#\\\/schema\\\/logo\\\/image\\\/\"},\"sameAs\":[\"https:\\\/\\\/www.facebook.com\\\/people\\\/Notimemes-de-los-Polticos\\\/61565672886568\\\/\",\"https:\\\/\\\/x.com\\\/LosPoliticosVer\"]},{\"@type\":\"Person\",\"@id\":\"https:\\\/\\\/lospoliticosveracruz.com\\\/#\\\/schema\\\/person\\\/b8702bb0e538456e6efd07080bf2a4a2\",\"name\":\"Lo viste en Los Pol\u00edticos\",\"image\":{\"@type\":\"ImageObject\",\"inLanguage\":\"es\",\"@id\":\"https:\\\/\\\/secure.gravatar.com\\\/avatar\\\/3a8de04a2656d44082be478bd6c086daa447c4651605818287b9532d3d0bd435?s=96&d=mm&r=g\",\"url\":\"https:\\\/\\\/secure.gravatar.com\\\/avatar\\\/3a8de04a2656d44082be478bd6c086daa447c4651605818287b9532d3d0bd435?s=96&d=mm&r=g\",\"contentUrl\":\"https:\\\/\\\/secure.gravatar.com\\\/avatar\\\/3a8de04a2656d44082be478bd6c086daa447c4651605818287b9532d3d0bd435?s=96&d=mm&r=g\",\"caption\":\"Lo viste en Los Pol\u00edticos\"},\"url\":\"https:\\\/\\\/lospoliticosveracruz.com\\\/?author=2\"}]}<\/script>\n<!-- \/ Yoast SEO plugin. -->","yoast_head_json":{"title":"Judas en el PRI - Los pol\u00edticos Veracruz","robots":{"index":"index","follow":"follow","max-snippet":"max-snippet:-1","max-image-preview":"max-image-preview:large","max-video-preview":"max-video-preview:-1"},"canonical":"https:\/\/lospoliticosveracruz.com\/?p=88673","og_locale":"es_ES","og_type":"article","og_title":"Judas en el PRI - Los pol\u00edticos Veracruz","og_description":"Omar Z\u00fa\u00f1igaDe Primera Mano Taj\u00edn Apenas el mi\u00e9rcoles pasado, una noche antes de la celebraci\u00f3n de la \u00daltima Cena, fecha b\u00edblica en que Jes\u00fas fue traicionado por Judas Iscariote a cambio de 30 monedas de plata, cobr\u00f3 notoriedad el nombre de Carlos Aysa.Carlos Miguel Aysa Damas, diputado federal del PRI por Campeche, electo por la [&hellip;]","og_url":"https:\/\/lospoliticosveracruz.com\/?p=88673","og_site_name":"Los pol\u00edticos Veracruz","article_publisher":"https:\/\/www.facebook.com\/people\/Notimemes-de-los-Polticos\/61565672886568\/","article_published_time":"2022-04-15T12:57:01+00:00","article_modified_time":"2022-04-15T12:57:07+00:00","og_image":[{"width":200,"height":200,"url":"https:\/\/lospoliticosveracruz.com\/wp-content\/uploads\/2016\/07\/Logo-Dor.jpg","type":"image\/jpeg"}],"author":"Lo viste en Los Pol\u00edticos","twitter_card":"summary_large_image","twitter_creator":"@LosPoliticosVer","twitter_site":"@LosPoliticosVer","twitter_misc":{"Escrito por":"Lo viste en Los Pol\u00edticos","Tiempo de lectura":"5 minutos"},"schema":{"@context":"https:\/\/schema.org","@graph":[{"@type":"Article","@id":"https:\/\/lospoliticosveracruz.com\/?p=88673#article","isPartOf":{"@id":"https:\/\/lospoliticosveracruz.com\/?p=88673"},"author":{"name":"Lo viste en Los Pol\u00edticos","@id":"https:\/\/lospoliticosveracruz.com\/#\/schema\/person\/b8702bb0e538456e6efd07080bf2a4a2"},"headline":"Judas en el PRI","datePublished":"2022-04-15T12:57:01+00:00","dateModified":"2022-04-15T12:57:07+00:00","mainEntityOfPage":{"@id":"https:\/\/lospoliticosveracruz.com\/?p=88673"},"wordCount":957,"publisher":{"@id":"https:\/\/lospoliticosveracruz.com\/#organization"},"keywords":["Carlos Miguel Aysa Damas","Omar Z\u00fa\u00f1iga","PRI","Reforma El\u00e9ctrica"],"articleSection":["De Opini\u00f3n"],"inLanguage":"es"},{"@type":"WebPage","@id":"https:\/\/lospoliticosveracruz.com\/?p=88673","url":"https:\/\/lospoliticosveracruz.com\/?p=88673","name":"Judas en el PRI - Los pol\u00edticos Veracruz","isPartOf":{"@id":"https:\/\/lospoliticosveracruz.com\/#website"},"datePublished":"2022-04-15T12:57:01+00:00","dateModified":"2022-04-15T12:57:07+00:00","breadcrumb":{"@id":"https:\/\/lospoliticosveracruz.com\/?p=88673#breadcrumb"},"inLanguage":"es","potentialAction":[{"@type":"ReadAction","target":["https:\/\/lospoliticosveracruz.com\/?p=88673"]}]},{"@type":"BreadcrumbList","@id":"https:\/\/lospoliticosveracruz.com\/?p=88673#breadcrumb","itemListElement":[{"@type":"ListItem","position":1,"name":"Portada","item":"https:\/\/lospoliticosveracruz.com\/"},{"@type":"ListItem","position":2,"name":"Judas en el PRI"}]},{"@type":"WebSite","@id":"https:\/\/lospoliticosveracruz.com\/#website","url":"https:\/\/lospoliticosveracruz.com\/","name":"Los pol\u00edticos Veracruz","description":"","publisher":{"@id":"https:\/\/lospoliticosveracruz.com\/#organization"},"potentialAction":[{"@type":"SearchAction","target":{"@type":"EntryPoint","urlTemplate":"https:\/\/lospoliticosveracruz.com\/?s={search_term_string}"},"query-input":{"@type":"PropertyValueSpecification","valueRequired":true,"valueName":"search_term_string"}}],"inLanguage":"es"},{"@type":"Organization","@id":"https:\/\/lospoliticosveracruz.com\/#organization","name":"Los pol\u00edticos Veracruz","url":"https:\/\/lospoliticosveracruz.com\/","logo":{"@type":"ImageObject","inLanguage":"es","@id":"https:\/\/lospoliticosveracruz.com\/#\/schema\/logo\/image\/","url":"https:\/\/lospoliticosveracruz.com\/wp-content\/uploads\/2025\/12\/Logo-Nuevo-LOS-POLITICOS-1.jpg","contentUrl":"https:\/\/lospoliticosveracruz.com\/wp-content\/uploads\/2025\/12\/Logo-Nuevo-LOS-POLITICOS-1.jpg","width":260,"height":70,"caption":"Los pol\u00edticos Veracruz"},"image":{"@id":"https:\/\/lospoliticosveracruz.com\/#\/schema\/logo\/image\/"},"sameAs":["https:\/\/www.facebook.com\/people\/Notimemes-de-los-Polticos\/61565672886568\/","https:\/\/x.com\/LosPoliticosVer"]},{"@type":"Person","@id":"https:\/\/lospoliticosveracruz.com\/#\/schema\/person\/b8702bb0e538456e6efd07080bf2a4a2","name":"Lo viste en Los Pol\u00edticos","image":{"@type":"ImageObject","inLanguage":"es","@id":"https:\/\/secure.gravatar.com\/avatar\/3a8de04a2656d44082be478bd6c086daa447c4651605818287b9532d3d0bd435?s=96&d=mm&r=g","url":"https:\/\/secure.gravatar.com\/avatar\/3a8de04a2656d44082be478bd6c086daa447c4651605818287b9532d3d0bd435?s=96&d=mm&r=g","contentUrl":"https:\/\/secure.gravatar.com\/avatar\/3a8de04a2656d44082be478bd6c086daa447c4651605818287b9532d3d0bd435?s=96&d=mm&r=g","caption":"Lo viste en Los Pol\u00edticos"},"url":"https:\/\/lospoliticosveracruz.com\/?author=2"}]}},"_links":{"self":[{"href":"https:\/\/lospoliticosveracruz.com\/index.php?rest_route=\/wp\/v2\/posts\/88673","targetHints":{"allow":["GET"]}}],"collection":[{"href":"https:\/\/lospoliticosveracruz.com\/index.php?rest_route=\/wp\/v2\/posts"}],"about":[{"href":"https:\/\/lospoliticosveracruz.com\/index.php?rest_route=\/wp\/v2\/types\/post"}],"author":[{"embeddable":true,"href":"https:\/\/lospoliticosveracruz.com\/index.php?rest_route=\/wp\/v2\/users\/2"}],"replies":[{"embeddable":true,"href":"https:\/\/lospoliticosveracruz.com\/index.php?rest_route=%2Fwp%2Fv2%2Fcomments&post=88673"}],"version-history":[{"count":1,"href":"https:\/\/lospoliticosveracruz.com\/index.php?rest_route=\/wp\/v2\/posts\/88673\/revisions"}],"predecessor-version":[{"id":88675,"href":"https:\/\/lospoliticosveracruz.com\/index.php?rest_route=\/wp\/v2\/posts\/88673\/revisions\/88675"}],"wp:attachment":[{"href":"https:\/\/lospoliticosveracruz.com\/index.php?rest_route=%2Fwp%2Fv2%2Fmedia&parent=88673"}],"wp:term":[{"taxonomy":"category","embeddable":true,"href":"https:\/\/lospoliticosveracruz.com\/index.php?rest_route=%2Fwp%2Fv2%2Fcategories&post=88673"},{"taxonomy":"post_tag","embeddable":true,"href":"https:\/\/lospoliticosveracruz.com\/index.php?rest_route=%2Fwp%2Fv2%2Ftags&post=88673"}],"curies":[{"name":"wp","href":"https:\/\/api.w.org\/{rel}","templated":true}]}}