{"id":88730,"date":"2022-04-18T09:40:00","date_gmt":"2022-04-18T14:40:00","guid":{"rendered":"https:\/\/lospoliticosveracruz.com.mx\/?p=88730"},"modified":"2022-04-18T09:40:07","modified_gmt":"2022-04-18T14:40:07","slug":"derrota-anunciada","status":"publish","type":"post","link":"https:\/\/lospoliticosveracruz.com\/?p=88730","title":{"rendered":"Derrota anunciada"},"content":{"rendered":"\n<p><\/p>\n\n\n\n<p><strong>Omar Z\u00fa\u00f1iga<\/strong><br><em>De Primera Mano Taj\u00edn<\/em><\/p>\n\n\n\n<p>La de ayer en la C\u00e1mara de Diputados fue la cr\u00f3nica de una derrota anunciada. El presidente L\u00f3pez Obrador sab\u00eda que su propuesta de Reforma El\u00e9ctrica no iba pasar, salvo el moderno judas campechano que a cambio de 30 monedas traicion\u00f3 los principios del partido que lo llev\u00f3 a ser diputado, no hab\u00eda manera de que se sumaran 55 diputados del bloque opositor, y as\u00ed fue\u2026<br>Fueron unas 12 horas de discusi\u00f3n, de mentadas de ambos bandos, diatribas, descalificaciones y s\u00ed, algunas argumentaciones, un debate parlamentario, pues, y el resultado fue el esperado: palo a la reforma constitucional, por 275 votos a favor y 223 en contra; quiz\u00e1 la sorpresa fue el voto del PVEM contra la Reforma, es decir el partido en el poder y sus aliados ganaron uno y perdieron otro en la persona de Andr\u00e9s Pintos, quien s\u00ed fue a las urnas y gan\u00f3 su curul por el distrito 7 de Nuevo Le\u00f3n; Morena se qued\u00f3 tablas, no hubo pa\u00b4m\u00e1s.<br>El tema es que m\u00e1s all\u00e1 de lo sesudos an\u00e1lisis de caf\u00e9 y las descalificaciones pagadas, este tema a\u00fan no debe considerarse muerto -pues a pesar de esta derrota legislativa-, sin duda ser\u00e1 utilizado de cara al 2024, a ver qui\u00e9n puede capitalizarlo, ambos lados pueden izarla como bandera\u2026 de una derrota o de una victoria, depender\u00e1 de la habilidad de cada quien\u2026<br>En este tenor, desde el poder buscan sin cesar, desacreditar a uno de los personajes que luch\u00f3 sin cesar por convencer y poder sacar la iniciativa, que de hecho ha llenado los vac\u00edos que dejan en el Palacio de Enr\u00edquez y por eso le tienen pavor.<br>S\u00ed, me refiero a Sergio Guti\u00e9rrez Luna, presidente de la Mesa Directiva, quien organiz\u00f3 foros y foros para dar a conocer pormenores de la iniciativa, lo que no saben (o no quieren saber), pero es muy probable que no lo sepan, es que quien debe cabildear al interior del Congreso debe ser el coordinador parlamentario, en este caso le correspond\u00eda a Nacho Mier, quien a decir del coordinador del PRI Rub\u00e9n Moreira, de entrada hab\u00eda accedido ya a darle a la oposici\u00f3n nueve de los 12 puntos que se necesitaban para que todos estuvieran contentos y que la mentada reforma pudiera caminar, esto a pesar de la advertencia presidencial que no se la cambiara ni una coma, sin embargo, cuando todos estaban con la champa\u00f1a en la mano, le dieron pa\u2019atr\u00e1s a esta propuesta parlamentaria y todo se queda como orden\u00f3 el tlatoani. El resultado ya lo sabemos.<br>En la pel\u00edcula El Bueno el Malo y el Feo, Nacho Mier, coordinador parlamentario de Morena, qued\u00f3 como el pendejo, ante la necedad de un presidente autoritario.<\/p>\n\n\n\n<hr class=\"wp-block-separator\"\/>\n\n\n\n<p>Como le adelantamos en este espacio el viernes pasado, el S\u00e1bado de Gloria se realiz\u00f3 una comilona a un lado del Gimnasio Omega, en la cancha del estadio Quirasco, los bur\u00f3cratas fueron \u201cinvitados\u201d con pase de lista incluido y al final, despu\u00e9s de haber sido llevado con enga\u00f1os, la causa de la comida qued\u00f3 clara.<br>No fue para agradecer al presidente, no fue para agradecer a Cuit, fue para que el secretario de Educaci\u00f3n Zenyazen Escobar, demostrara que a trav\u00e9s de la organizaci\u00f3n Maestros con Morena, tiene el control del Magisterio veracruzano, con la fuerza suficiente para darle al gobernador lo que necesite y por supuesto, un destape para sus sue\u00f1os h\u00famedos.<br>El despilfarro de recursos a cargo de la SEV, est\u00e1 a la vista, cientos de bocas para alimentar, renta de una carpa del tama\u00f1o de una campo de futbol (literal) que calculan los presentes, puede llegar a unos 400 mil pesos (s\u00f3lo la carpa), para un destape a cargo del erario p\u00fablico. \u00a1Invest\u00edguelo Vargas!<\/p>\n\n\n\n<p>\u00a1Qu\u00e9 barbaridad!<br>deprimera.mano2020@gmail.com<\/p>\n","protected":false},"excerpt":{"rendered":"<p>Omar Z\u00fa\u00f1igaDe Primera Mano Taj\u00edn La de ayer en la C\u00e1mara de Diputados fue la cr\u00f3nica de una derrota anunciada. El presidente L\u00f3pez Obrador sab\u00eda que su propuesta de Reforma El\u00e9ctrica no iba pasar, salvo el moderno judas campechano que a cambio de 30 monedas traicion\u00f3 los principios del partido que lo llev\u00f3 a ser [&hellip;]<\/p>\n","protected":false},"author":2,"featured_media":0,"comment_status":"closed","ping_status":"closed","sticky":false,"template":"","format":"standard","meta":{"tdm_status":"","tdm_grid_status":"","footnotes":""},"categories":[70],"tags":[618,1563,1026,28705,16147,88,195,12372],"class_list":{"0":"post-88730","1":"post","2":"type-post","3":"status-publish","4":"format-standard","6":"category-de-opinion","7":"tag-andres-manuel-lopez-obrador","8":"tag-cuitlahuac-garcia-jimenez","9":"tag-morena","10":"tag-omar-zuniga","11":"tag-sergio-gutierrez-luna","12":"tag-sev","13":"tag-veracruz","14":"tag-zenyazen-escobar-garcia"},"yoast_head":"<!-- This site is optimized with the Yoast SEO plugin v27.4 - https:\/\/yoast.com\/product\/yoast-seo-wordpress\/ -->\n<title>Derrota anunciada - Los pol\u00edticos Veracruz<\/title>\n<meta name=\"robots\" content=\"index, follow, max-snippet:-1, max-image-preview:large, max-video-preview:-1\" \/>\n<link rel=\"canonical\" href=\"https:\/\/lospoliticosveracruz.com\/?p=88730\" \/>\n<meta property=\"og:locale\" content=\"es_ES\" \/>\n<meta property=\"og:type\" content=\"article\" \/>\n<meta property=\"og:title\" content=\"Derrota anunciada - Los pol\u00edticos Veracruz\" \/>\n<meta property=\"og:description\" content=\"Omar Z\u00fa\u00f1igaDe Primera Mano Taj\u00edn La de ayer en la C\u00e1mara de Diputados fue la cr\u00f3nica de una derrota anunciada. El presidente L\u00f3pez Obrador sab\u00eda que su propuesta de Reforma El\u00e9ctrica no iba pasar, salvo el moderno judas campechano que a cambio de 30 monedas traicion\u00f3 los principios del partido que lo llev\u00f3 a ser [&hellip;]\" \/>\n<meta property=\"og:url\" content=\"https:\/\/lospoliticosveracruz.com\/?p=88730\" \/>\n<meta property=\"og:site_name\" content=\"Los pol\u00edticos Veracruz\" \/>\n<meta property=\"article:publisher\" content=\"https:\/\/www.facebook.com\/people\/Notimemes-de-los-Polticos\/61565672886568\/\" \/>\n<meta property=\"article:published_time\" content=\"2022-04-18T14:40:00+00:00\" \/>\n<meta property=\"article:modified_time\" content=\"2022-04-18T14:40:07+00:00\" \/>\n<meta property=\"og:image\" content=\"https:\/\/lospoliticosveracruz.com\/wp-content\/uploads\/2016\/07\/Logo-Dor.jpg\" \/>\n\t<meta property=\"og:image:width\" content=\"200\" \/>\n\t<meta property=\"og:image:height\" content=\"200\" \/>\n\t<meta property=\"og:image:type\" content=\"image\/jpeg\" \/>\n<meta name=\"author\" content=\"Lo viste en Los Pol\u00edticos\" \/>\n<meta name=\"twitter:card\" content=\"summary_large_image\" \/>\n<meta name=\"twitter:creator\" content=\"@LosPoliticosVer\" \/>\n<meta name=\"twitter:site\" content=\"@LosPoliticosVer\" \/>\n<meta name=\"twitter:label1\" content=\"Escrito por\" \/>\n\t<meta name=\"twitter:data1\" content=\"Lo viste en Los Pol\u00edticos\" \/>\n\t<meta name=\"twitter:label2\" content=\"Tiempo de lectura\" \/>\n\t<meta name=\"twitter:data2\" content=\"3 minutos\" \/>\n<script type=\"application\/ld+json\" class=\"yoast-schema-graph\">{\"@context\":\"https:\\\/\\\/schema.org\",\"@graph\":[{\"@type\":\"Article\",\"@id\":\"https:\\\/\\\/lospoliticosveracruz.com\\\/?p=88730#article\",\"isPartOf\":{\"@id\":\"https:\\\/\\\/lospoliticosveracruz.com\\\/?p=88730\"},\"author\":{\"name\":\"Lo viste en Los Pol\u00edticos\",\"@id\":\"https:\\\/\\\/lospoliticosveracruz.com\\\/#\\\/schema\\\/person\\\/b8702bb0e538456e6efd07080bf2a4a2\"},\"headline\":\"Derrota anunciada\",\"datePublished\":\"2022-04-18T14:40:00+00:00\",\"dateModified\":\"2022-04-18T14:40:07+00:00\",\"mainEntityOfPage\":{\"@id\":\"https:\\\/\\\/lospoliticosveracruz.com\\\/?p=88730\"},\"wordCount\":659,\"publisher\":{\"@id\":\"https:\\\/\\\/lospoliticosveracruz.com\\\/#organization\"},\"keywords\":[\"Andr\u00e9s Manuel L\u00f3pez Obrador\",\"Cuitl\u00e1huac Garc\u00eda Jim\u00e9nez\",\"Morena\",\"Omar Z\u00fa\u00f1iga\",\"Sergio Guti\u00e9rrez Luna\",\"SEV\",\"Veracruz\",\"Zenyazen Escobar Garc\u00eda\"],\"articleSection\":[\"De Opini\u00f3n\"],\"inLanguage\":\"es\"},{\"@type\":\"WebPage\",\"@id\":\"https:\\\/\\\/lospoliticosveracruz.com\\\/?p=88730\",\"url\":\"https:\\\/\\\/lospoliticosveracruz.com\\\/?p=88730\",\"name\":\"Derrota anunciada - Los pol\u00edticos Veracruz\",\"isPartOf\":{\"@id\":\"https:\\\/\\\/lospoliticosveracruz.com\\\/#website\"},\"datePublished\":\"2022-04-18T14:40:00+00:00\",\"dateModified\":\"2022-04-18T14:40:07+00:00\",\"breadcrumb\":{\"@id\":\"https:\\\/\\\/lospoliticosveracruz.com\\\/?p=88730#breadcrumb\"},\"inLanguage\":\"es\",\"potentialAction\":[{\"@type\":\"ReadAction\",\"target\":[\"https:\\\/\\\/lospoliticosveracruz.com\\\/?p=88730\"]}]},{\"@type\":\"BreadcrumbList\",\"@id\":\"https:\\\/\\\/lospoliticosveracruz.com\\\/?p=88730#breadcrumb\",\"itemListElement\":[{\"@type\":\"ListItem\",\"position\":1,\"name\":\"Portada\",\"item\":\"https:\\\/\\\/lospoliticosveracruz.com\\\/\"},{\"@type\":\"ListItem\",\"position\":2,\"name\":\"Derrota anunciada\"}]},{\"@type\":\"WebSite\",\"@id\":\"https:\\\/\\\/lospoliticosveracruz.com\\\/#website\",\"url\":\"https:\\\/\\\/lospoliticosveracruz.com\\\/\",\"name\":\"Los pol\u00edticos Veracruz\",\"description\":\"\",\"publisher\":{\"@id\":\"https:\\\/\\\/lospoliticosveracruz.com\\\/#organization\"},\"potentialAction\":[{\"@type\":\"SearchAction\",\"target\":{\"@type\":\"EntryPoint\",\"urlTemplate\":\"https:\\\/\\\/lospoliticosveracruz.com\\\/?s={search_term_string}\"},\"query-input\":{\"@type\":\"PropertyValueSpecification\",\"valueRequired\":true,\"valueName\":\"search_term_string\"}}],\"inLanguage\":\"es\"},{\"@type\":\"Organization\",\"@id\":\"https:\\\/\\\/lospoliticosveracruz.com\\\/#organization\",\"name\":\"Los pol\u00edticos Veracruz\",\"url\":\"https:\\\/\\\/lospoliticosveracruz.com\\\/\",\"logo\":{\"@type\":\"ImageObject\",\"inLanguage\":\"es\",\"@id\":\"https:\\\/\\\/lospoliticosveracruz.com\\\/#\\\/schema\\\/logo\\\/image\\\/\",\"url\":\"https:\\\/\\\/lospoliticosveracruz.com\\\/wp-content\\\/uploads\\\/2025\\\/12\\\/Logo-Nuevo-LOS-POLITICOS-1.jpg\",\"contentUrl\":\"https:\\\/\\\/lospoliticosveracruz.com\\\/wp-content\\\/uploads\\\/2025\\\/12\\\/Logo-Nuevo-LOS-POLITICOS-1.jpg\",\"width\":260,\"height\":70,\"caption\":\"Los pol\u00edticos Veracruz\"},\"image\":{\"@id\":\"https:\\\/\\\/lospoliticosveracruz.com\\\/#\\\/schema\\\/logo\\\/image\\\/\"},\"sameAs\":[\"https:\\\/\\\/www.facebook.com\\\/people\\\/Notimemes-de-los-Polticos\\\/61565672886568\\\/\",\"https:\\\/\\\/x.com\\\/LosPoliticosVer\"]},{\"@type\":\"Person\",\"@id\":\"https:\\\/\\\/lospoliticosveracruz.com\\\/#\\\/schema\\\/person\\\/b8702bb0e538456e6efd07080bf2a4a2\",\"name\":\"Lo viste en Los Pol\u00edticos\",\"image\":{\"@type\":\"ImageObject\",\"inLanguage\":\"es\",\"@id\":\"https:\\\/\\\/secure.gravatar.com\\\/avatar\\\/3a8de04a2656d44082be478bd6c086daa447c4651605818287b9532d3d0bd435?s=96&d=mm&r=g\",\"url\":\"https:\\\/\\\/secure.gravatar.com\\\/avatar\\\/3a8de04a2656d44082be478bd6c086daa447c4651605818287b9532d3d0bd435?s=96&d=mm&r=g\",\"contentUrl\":\"https:\\\/\\\/secure.gravatar.com\\\/avatar\\\/3a8de04a2656d44082be478bd6c086daa447c4651605818287b9532d3d0bd435?s=96&d=mm&r=g\",\"caption\":\"Lo viste en Los Pol\u00edticos\"},\"url\":\"https:\\\/\\\/lospoliticosveracruz.com\\\/?author=2\"}]}<\/script>\n<!-- \/ Yoast SEO plugin. -->","yoast_head_json":{"title":"Derrota anunciada - Los pol\u00edticos Veracruz","robots":{"index":"index","follow":"follow","max-snippet":"max-snippet:-1","max-image-preview":"max-image-preview:large","max-video-preview":"max-video-preview:-1"},"canonical":"https:\/\/lospoliticosveracruz.com\/?p=88730","og_locale":"es_ES","og_type":"article","og_title":"Derrota anunciada - Los pol\u00edticos Veracruz","og_description":"Omar Z\u00fa\u00f1igaDe Primera Mano Taj\u00edn La de ayer en la C\u00e1mara de Diputados fue la cr\u00f3nica de una derrota anunciada. El presidente L\u00f3pez Obrador sab\u00eda que su propuesta de Reforma El\u00e9ctrica no iba pasar, salvo el moderno judas campechano que a cambio de 30 monedas traicion\u00f3 los principios del partido que lo llev\u00f3 a ser [&hellip;]","og_url":"https:\/\/lospoliticosveracruz.com\/?p=88730","og_site_name":"Los pol\u00edticos Veracruz","article_publisher":"https:\/\/www.facebook.com\/people\/Notimemes-de-los-Polticos\/61565672886568\/","article_published_time":"2022-04-18T14:40:00+00:00","article_modified_time":"2022-04-18T14:40:07+00:00","og_image":[{"width":200,"height":200,"url":"https:\/\/lospoliticosveracruz.com\/wp-content\/uploads\/2016\/07\/Logo-Dor.jpg","type":"image\/jpeg"}],"author":"Lo viste en Los Pol\u00edticos","twitter_card":"summary_large_image","twitter_creator":"@LosPoliticosVer","twitter_site":"@LosPoliticosVer","twitter_misc":{"Escrito por":"Lo viste en Los Pol\u00edticos","Tiempo de lectura":"3 minutos"},"schema":{"@context":"https:\/\/schema.org","@graph":[{"@type":"Article","@id":"https:\/\/lospoliticosveracruz.com\/?p=88730#article","isPartOf":{"@id":"https:\/\/lospoliticosveracruz.com\/?p=88730"},"author":{"name":"Lo viste en Los Pol\u00edticos","@id":"https:\/\/lospoliticosveracruz.com\/#\/schema\/person\/b8702bb0e538456e6efd07080bf2a4a2"},"headline":"Derrota anunciada","datePublished":"2022-04-18T14:40:00+00:00","dateModified":"2022-04-18T14:40:07+00:00","mainEntityOfPage":{"@id":"https:\/\/lospoliticosveracruz.com\/?p=88730"},"wordCount":659,"publisher":{"@id":"https:\/\/lospoliticosveracruz.com\/#organization"},"keywords":["Andr\u00e9s Manuel L\u00f3pez Obrador","Cuitl\u00e1huac Garc\u00eda Jim\u00e9nez","Morena","Omar Z\u00fa\u00f1iga","Sergio Guti\u00e9rrez Luna","SEV","Veracruz","Zenyazen Escobar Garc\u00eda"],"articleSection":["De Opini\u00f3n"],"inLanguage":"es"},{"@type":"WebPage","@id":"https:\/\/lospoliticosveracruz.com\/?p=88730","url":"https:\/\/lospoliticosveracruz.com\/?p=88730","name":"Derrota anunciada - Los pol\u00edticos Veracruz","isPartOf":{"@id":"https:\/\/lospoliticosveracruz.com\/#website"},"datePublished":"2022-04-18T14:40:00+00:00","dateModified":"2022-04-18T14:40:07+00:00","breadcrumb":{"@id":"https:\/\/lospoliticosveracruz.com\/?p=88730#breadcrumb"},"inLanguage":"es","potentialAction":[{"@type":"ReadAction","target":["https:\/\/lospoliticosveracruz.com\/?p=88730"]}]},{"@type":"BreadcrumbList","@id":"https:\/\/lospoliticosveracruz.com\/?p=88730#breadcrumb","itemListElement":[{"@type":"ListItem","position":1,"name":"Portada","item":"https:\/\/lospoliticosveracruz.com\/"},{"@type":"ListItem","position":2,"name":"Derrota anunciada"}]},{"@type":"WebSite","@id":"https:\/\/lospoliticosveracruz.com\/#website","url":"https:\/\/lospoliticosveracruz.com\/","name":"Los pol\u00edticos Veracruz","description":"","publisher":{"@id":"https:\/\/lospoliticosveracruz.com\/#organization"},"potentialAction":[{"@type":"SearchAction","target":{"@type":"EntryPoint","urlTemplate":"https:\/\/lospoliticosveracruz.com\/?s={search_term_string}"},"query-input":{"@type":"PropertyValueSpecification","valueRequired":true,"valueName":"search_term_string"}}],"inLanguage":"es"},{"@type":"Organization","@id":"https:\/\/lospoliticosveracruz.com\/#organization","name":"Los pol\u00edticos Veracruz","url":"https:\/\/lospoliticosveracruz.com\/","logo":{"@type":"ImageObject","inLanguage":"es","@id":"https:\/\/lospoliticosveracruz.com\/#\/schema\/logo\/image\/","url":"https:\/\/lospoliticosveracruz.com\/wp-content\/uploads\/2025\/12\/Logo-Nuevo-LOS-POLITICOS-1.jpg","contentUrl":"https:\/\/lospoliticosveracruz.com\/wp-content\/uploads\/2025\/12\/Logo-Nuevo-LOS-POLITICOS-1.jpg","width":260,"height":70,"caption":"Los pol\u00edticos Veracruz"},"image":{"@id":"https:\/\/lospoliticosveracruz.com\/#\/schema\/logo\/image\/"},"sameAs":["https:\/\/www.facebook.com\/people\/Notimemes-de-los-Polticos\/61565672886568\/","https:\/\/x.com\/LosPoliticosVer"]},{"@type":"Person","@id":"https:\/\/lospoliticosveracruz.com\/#\/schema\/person\/b8702bb0e538456e6efd07080bf2a4a2","name":"Lo viste en Los Pol\u00edticos","image":{"@type":"ImageObject","inLanguage":"es","@id":"https:\/\/secure.gravatar.com\/avatar\/3a8de04a2656d44082be478bd6c086daa447c4651605818287b9532d3d0bd435?s=96&d=mm&r=g","url":"https:\/\/secure.gravatar.com\/avatar\/3a8de04a2656d44082be478bd6c086daa447c4651605818287b9532d3d0bd435?s=96&d=mm&r=g","contentUrl":"https:\/\/secure.gravatar.com\/avatar\/3a8de04a2656d44082be478bd6c086daa447c4651605818287b9532d3d0bd435?s=96&d=mm&r=g","caption":"Lo viste en Los Pol\u00edticos"},"url":"https:\/\/lospoliticosveracruz.com\/?author=2"}]}},"_links":{"self":[{"href":"https:\/\/lospoliticosveracruz.com\/index.php?rest_route=\/wp\/v2\/posts\/88730","targetHints":{"allow":["GET"]}}],"collection":[{"href":"https:\/\/lospoliticosveracruz.com\/index.php?rest_route=\/wp\/v2\/posts"}],"about":[{"href":"https:\/\/lospoliticosveracruz.com\/index.php?rest_route=\/wp\/v2\/types\/post"}],"author":[{"embeddable":true,"href":"https:\/\/lospoliticosveracruz.com\/index.php?rest_route=\/wp\/v2\/users\/2"}],"replies":[{"embeddable":true,"href":"https:\/\/lospoliticosveracruz.com\/index.php?rest_route=%2Fwp%2Fv2%2Fcomments&post=88730"}],"version-history":[{"count":1,"href":"https:\/\/lospoliticosveracruz.com\/index.php?rest_route=\/wp\/v2\/posts\/88730\/revisions"}],"predecessor-version":[{"id":88732,"href":"https:\/\/lospoliticosveracruz.com\/index.php?rest_route=\/wp\/v2\/posts\/88730\/revisions\/88732"}],"wp:attachment":[{"href":"https:\/\/lospoliticosveracruz.com\/index.php?rest_route=%2Fwp%2Fv2%2Fmedia&parent=88730"}],"wp:term":[{"taxonomy":"category","embeddable":true,"href":"https:\/\/lospoliticosveracruz.com\/index.php?rest_route=%2Fwp%2Fv2%2Fcategories&post=88730"},{"taxonomy":"post_tag","embeddable":true,"href":"https:\/\/lospoliticosveracruz.com\/index.php?rest_route=%2Fwp%2Fv2%2Ftags&post=88730"}],"curies":[{"name":"wp","href":"https:\/\/api.w.org\/{rel}","templated":true}]}}