{"id":88743,"date":"2022-04-18T12:55:46","date_gmt":"2022-04-18T17:55:46","guid":{"rendered":"https:\/\/lospoliticosveracruz.com.mx\/?p=88743"},"modified":"2022-04-18T12:55:54","modified_gmt":"2022-04-18T17:55:54","slug":"traidores-por-aqui-traidores-por-alla","status":"publish","type":"post","link":"https:\/\/lospoliticosveracruz.com\/?p=88743","title":{"rendered":"Traidores por aqu\u00ed\u2026 traidores por all\u00e1"},"content":{"rendered":"\n<p><br><strong>Vicente Luna Hern\u00e1ndez<\/strong><\/p>\n\n\n\n<p>La reforma constitucional en materia el\u00e9ctrica no paso y la oposici\u00f3n demostr\u00f3 que cuando Morena necesita 334 votos, debe hacer pol\u00edtica de alto nivel legislativo para que se puedan lograr las reformas constitucionales que tiene pensado llevar a cabo el Presidente Andr\u00e9s Manuel L\u00f3pez Obrador, actuar con soberbia y llevar a la practica la frase del ex presidente Carlos Salinas: \u201cni los oigo ni los veo\u201d lograr\u00e1 lo mismo\u2026 topar con pared.<br>Quienes decidimos ver la sesi\u00f3n en la c\u00e1mara de diputados en vivo fuimos testigos de la clase de debates que se da al defender cada grupo parlamentario su punto de vista, las porras a favor del bloque mayoritario y por otro lado el de la oposici\u00f3n fue digno de un partido de futbol, solo falto que al t\u00e9rmino de la sesi\u00f3n se llevara a cabo un intercambio de camisetas, la realidad es que ante tantos gritos &#8211; fue necesaria la intervenci\u00f3n constante del Presidente de la Mesa Directiva- se perd\u00edan los argumentos de las y los diputados en tribuna, sin embargo, lo que nos qued\u00f3 claro a las y los ciudadanos, &#8211; de acuerdo a las acusaciones entre unos y otros-\u2026es que piensan que M\u00e9xico es un pa\u00eds de traidores.<br>Creo que una de las palabras que m\u00e1s se utiliz\u00f3 en tribuna fue la de \u201cTraidor\u201d, Traidores\u201d y hacer loas al nacionalismo para lograr las simpat\u00edas del respetable, es cierto, las y los diputados son representantes populares, pero \u00bfa quien realmente representan? \u00bfa los intereses de las empresas privadas? \u00bfa los intereses \u00fanicos del Presidente de la Rep\u00fablica? \u00bfde que pueblo hablan? Los que ayer votaron a favor de la reforma de Pe\u00f1a \u00bfa que pueblo representaron? \u00bfEs de sabios cambiar de opini\u00f3n o es oportunismo pol\u00edtico sumarse al partido en el poder? si todos son muy patriotas \u00bfpor qu\u00e9 tanto gritos?<br>La realidad es que las y los mexicanos exigimos un cobro justo en las tarifas el\u00e9ctricas, nada de privilegios a empresas nacionales o extranjeras en el pago del servicio el\u00e9ctrico, energ\u00edas limpias para un mejor medio ambiente, modernizaci\u00f3n en todas las instalaciones de la industria el\u00e9ctrica, respeto al estado de derecho en la materia y sobre todo, no m\u00e1s corrupci\u00f3n en las finanzas p\u00fablicas de la naci\u00f3n, el amor profundo a M\u00e9xico no solo se demuestra al emitir un voto legislativo, el patriotismo no es propiedad de alg\u00fan grupo en particular, es y debe ser la premisa mayor en todo servidor p\u00fablico y en todo representante popular pero en base con argumentos y propuestas m\u00e1s all\u00e1 de alg\u00fan inter\u00e9s pol\u00edtico o econ\u00f3mico, por ejemplo: el partido verde de ayer \u00bffue traidor a la patria y hoy son ejemplo nacional?<br>No me parece apropiado que de manera f\u00e1cil se acuse de traici\u00f3n a la patria al que no piensa igual y ejerce su libertad legislativa, o se satanice a la diputada que aparece con un asesor extranjero y mantiene un dialogo, son acusaciones que lastiman la sana convivencia social y ponen en la mira a quienes opinan diferente al pensamiento presidencial, no confundamos, el ambiente social esta enrarecido y lo que menos se merece este pa\u00eds, es una \u201cguerra\u201d entre mexicanos con se\u00f1alamientos patrioteros, la Patria es mucho m\u00e1s que un debate legislativo, seguro estoy que todas y todos quieren lo mejor para el pa\u00eds, es cuesti\u00f3n de ponerse de acuerdo, por el bien de M\u00e9xico\u2026primero todas y todos.<br>P.D- Con el \u00e1nimo que al tener en nuestro territorio la \u00fanica central nuclear de generaci\u00f3n el\u00e9ctrica Veracruz tenga beneficios como Tabasco\u2026 escribir\u00e9 otro d\u00eda.<\/p>\n","protected":false},"excerpt":{"rendered":"<p>Vicente Luna Hern\u00e1ndez La reforma constitucional en materia el\u00e9ctrica no paso y la oposici\u00f3n demostr\u00f3 que cuando Morena necesita 334 votos, debe hacer pol\u00edtica de alto nivel legislativo para que se puedan lograr las reformas constitucionales que tiene pensado llevar a cabo el Presidente Andr\u00e9s Manuel L\u00f3pez Obrador, actuar con soberbia y llevar a la [&hellip;]<\/p>\n","protected":false},"author":2,"featured_media":0,"comment_status":"closed","ping_status":"closed","sticky":false,"template":"","format":"standard","meta":{"tdm_status":"","tdm_grid_status":"","footnotes":""},"categories":[70],"tags":[618,1026,26326],"class_list":{"0":"post-88743","1":"post","2":"type-post","3":"status-publish","4":"format-standard","6":"category-de-opinion","7":"tag-andres-manuel-lopez-obrador","8":"tag-morena","9":"tag-reforma-electrica"},"yoast_head":"<!-- This site is optimized with the Yoast SEO plugin v27.4 - https:\/\/yoast.com\/product\/yoast-seo-wordpress\/ -->\n<title>Traidores por aqu\u00ed\u2026 traidores por all\u00e1 - Los pol\u00edticos Veracruz<\/title>\n<meta name=\"robots\" content=\"index, follow, max-snippet:-1, max-image-preview:large, max-video-preview:-1\" \/>\n<link rel=\"canonical\" href=\"https:\/\/lospoliticosveracruz.com\/?p=88743\" \/>\n<meta property=\"og:locale\" content=\"es_ES\" \/>\n<meta property=\"og:type\" content=\"article\" \/>\n<meta property=\"og:title\" content=\"Traidores por aqu\u00ed\u2026 traidores por all\u00e1 - Los pol\u00edticos Veracruz\" \/>\n<meta property=\"og:description\" content=\"Vicente Luna Hern\u00e1ndez La reforma constitucional en materia el\u00e9ctrica no paso y la oposici\u00f3n demostr\u00f3 que cuando Morena necesita 334 votos, debe hacer pol\u00edtica de alto nivel legislativo para que se puedan lograr las reformas constitucionales que tiene pensado llevar a cabo el Presidente Andr\u00e9s Manuel L\u00f3pez Obrador, actuar con soberbia y llevar a la [&hellip;]\" \/>\n<meta property=\"og:url\" content=\"https:\/\/lospoliticosveracruz.com\/?p=88743\" \/>\n<meta property=\"og:site_name\" content=\"Los pol\u00edticos Veracruz\" \/>\n<meta property=\"article:publisher\" content=\"https:\/\/www.facebook.com\/people\/Notimemes-de-los-Polticos\/61565672886568\/\" \/>\n<meta property=\"article:published_time\" content=\"2022-04-18T17:55:46+00:00\" \/>\n<meta property=\"article:modified_time\" content=\"2022-04-18T17:55:54+00:00\" \/>\n<meta property=\"og:image\" content=\"https:\/\/lospoliticosveracruz.com\/wp-content\/uploads\/2016\/07\/Logo-Dor.jpg\" \/>\n\t<meta property=\"og:image:width\" content=\"200\" \/>\n\t<meta property=\"og:image:height\" content=\"200\" \/>\n\t<meta property=\"og:image:type\" content=\"image\/jpeg\" \/>\n<meta name=\"author\" content=\"Lo viste en Los Pol\u00edticos\" \/>\n<meta name=\"twitter:card\" content=\"summary_large_image\" \/>\n<meta name=\"twitter:creator\" content=\"@LosPoliticosVer\" \/>\n<meta name=\"twitter:site\" content=\"@LosPoliticosVer\" \/>\n<meta name=\"twitter:label1\" content=\"Escrito por\" \/>\n\t<meta name=\"twitter:data1\" content=\"Lo viste en Los Pol\u00edticos\" \/>\n\t<meta name=\"twitter:label2\" content=\"Tiempo de lectura\" \/>\n\t<meta name=\"twitter:data2\" content=\"3 minutos\" \/>\n<script type=\"application\/ld+json\" class=\"yoast-schema-graph\">{\"@context\":\"https:\\\/\\\/schema.org\",\"@graph\":[{\"@type\":\"Article\",\"@id\":\"https:\\\/\\\/lospoliticosveracruz.com\\\/?p=88743#article\",\"isPartOf\":{\"@id\":\"https:\\\/\\\/lospoliticosveracruz.com\\\/?p=88743\"},\"author\":{\"name\":\"Lo viste en Los Pol\u00edticos\",\"@id\":\"https:\\\/\\\/lospoliticosveracruz.com\\\/#\\\/schema\\\/person\\\/b8702bb0e538456e6efd07080bf2a4a2\"},\"headline\":\"Traidores por aqu\u00ed\u2026 traidores por all\u00e1\",\"datePublished\":\"2022-04-18T17:55:46+00:00\",\"dateModified\":\"2022-04-18T17:55:54+00:00\",\"mainEntityOfPage\":{\"@id\":\"https:\\\/\\\/lospoliticosveracruz.com\\\/?p=88743\"},\"wordCount\":647,\"publisher\":{\"@id\":\"https:\\\/\\\/lospoliticosveracruz.com\\\/#organization\"},\"keywords\":[\"Andr\u00e9s Manuel L\u00f3pez Obrador\",\"Morena\",\"Reforma El\u00e9ctrica\"],\"articleSection\":[\"De Opini\u00f3n\"],\"inLanguage\":\"es\"},{\"@type\":\"WebPage\",\"@id\":\"https:\\\/\\\/lospoliticosveracruz.com\\\/?p=88743\",\"url\":\"https:\\\/\\\/lospoliticosveracruz.com\\\/?p=88743\",\"name\":\"Traidores por aqu\u00ed\u2026 traidores por all\u00e1 - Los pol\u00edticos Veracruz\",\"isPartOf\":{\"@id\":\"https:\\\/\\\/lospoliticosveracruz.com\\\/#website\"},\"datePublished\":\"2022-04-18T17:55:46+00:00\",\"dateModified\":\"2022-04-18T17:55:54+00:00\",\"breadcrumb\":{\"@id\":\"https:\\\/\\\/lospoliticosveracruz.com\\\/?p=88743#breadcrumb\"},\"inLanguage\":\"es\",\"potentialAction\":[{\"@type\":\"ReadAction\",\"target\":[\"https:\\\/\\\/lospoliticosveracruz.com\\\/?p=88743\"]}]},{\"@type\":\"BreadcrumbList\",\"@id\":\"https:\\\/\\\/lospoliticosveracruz.com\\\/?p=88743#breadcrumb\",\"itemListElement\":[{\"@type\":\"ListItem\",\"position\":1,\"name\":\"Portada\",\"item\":\"https:\\\/\\\/lospoliticosveracruz.com\\\/\"},{\"@type\":\"ListItem\",\"position\":2,\"name\":\"Traidores por aqu\u00ed\u2026 traidores por all\u00e1\"}]},{\"@type\":\"WebSite\",\"@id\":\"https:\\\/\\\/lospoliticosveracruz.com\\\/#website\",\"url\":\"https:\\\/\\\/lospoliticosveracruz.com\\\/\",\"name\":\"Los pol\u00edticos Veracruz\",\"description\":\"\",\"publisher\":{\"@id\":\"https:\\\/\\\/lospoliticosveracruz.com\\\/#organization\"},\"potentialAction\":[{\"@type\":\"SearchAction\",\"target\":{\"@type\":\"EntryPoint\",\"urlTemplate\":\"https:\\\/\\\/lospoliticosveracruz.com\\\/?s={search_term_string}\"},\"query-input\":{\"@type\":\"PropertyValueSpecification\",\"valueRequired\":true,\"valueName\":\"search_term_string\"}}],\"inLanguage\":\"es\"},{\"@type\":\"Organization\",\"@id\":\"https:\\\/\\\/lospoliticosveracruz.com\\\/#organization\",\"name\":\"Los pol\u00edticos Veracruz\",\"url\":\"https:\\\/\\\/lospoliticosveracruz.com\\\/\",\"logo\":{\"@type\":\"ImageObject\",\"inLanguage\":\"es\",\"@id\":\"https:\\\/\\\/lospoliticosveracruz.com\\\/#\\\/schema\\\/logo\\\/image\\\/\",\"url\":\"https:\\\/\\\/lospoliticosveracruz.com\\\/wp-content\\\/uploads\\\/2025\\\/12\\\/Logo-Nuevo-LOS-POLITICOS-1.jpg\",\"contentUrl\":\"https:\\\/\\\/lospoliticosveracruz.com\\\/wp-content\\\/uploads\\\/2025\\\/12\\\/Logo-Nuevo-LOS-POLITICOS-1.jpg\",\"width\":260,\"height\":70,\"caption\":\"Los pol\u00edticos Veracruz\"},\"image\":{\"@id\":\"https:\\\/\\\/lospoliticosveracruz.com\\\/#\\\/schema\\\/logo\\\/image\\\/\"},\"sameAs\":[\"https:\\\/\\\/www.facebook.com\\\/people\\\/Notimemes-de-los-Polticos\\\/61565672886568\\\/\",\"https:\\\/\\\/x.com\\\/LosPoliticosVer\"]},{\"@type\":\"Person\",\"@id\":\"https:\\\/\\\/lospoliticosveracruz.com\\\/#\\\/schema\\\/person\\\/b8702bb0e538456e6efd07080bf2a4a2\",\"name\":\"Lo viste en Los Pol\u00edticos\",\"image\":{\"@type\":\"ImageObject\",\"inLanguage\":\"es\",\"@id\":\"https:\\\/\\\/secure.gravatar.com\\\/avatar\\\/3a8de04a2656d44082be478bd6c086daa447c4651605818287b9532d3d0bd435?s=96&d=mm&r=g\",\"url\":\"https:\\\/\\\/secure.gravatar.com\\\/avatar\\\/3a8de04a2656d44082be478bd6c086daa447c4651605818287b9532d3d0bd435?s=96&d=mm&r=g\",\"contentUrl\":\"https:\\\/\\\/secure.gravatar.com\\\/avatar\\\/3a8de04a2656d44082be478bd6c086daa447c4651605818287b9532d3d0bd435?s=96&d=mm&r=g\",\"caption\":\"Lo viste en Los Pol\u00edticos\"},\"url\":\"https:\\\/\\\/lospoliticosveracruz.com\\\/?author=2\"}]}<\/script>\n<!-- \/ Yoast SEO plugin. -->","yoast_head_json":{"title":"Traidores por aqu\u00ed\u2026 traidores por all\u00e1 - Los pol\u00edticos Veracruz","robots":{"index":"index","follow":"follow","max-snippet":"max-snippet:-1","max-image-preview":"max-image-preview:large","max-video-preview":"max-video-preview:-1"},"canonical":"https:\/\/lospoliticosveracruz.com\/?p=88743","og_locale":"es_ES","og_type":"article","og_title":"Traidores por aqu\u00ed\u2026 traidores por all\u00e1 - Los pol\u00edticos Veracruz","og_description":"Vicente Luna Hern\u00e1ndez La reforma constitucional en materia el\u00e9ctrica no paso y la oposici\u00f3n demostr\u00f3 que cuando Morena necesita 334 votos, debe hacer pol\u00edtica de alto nivel legislativo para que se puedan lograr las reformas constitucionales que tiene pensado llevar a cabo el Presidente Andr\u00e9s Manuel L\u00f3pez Obrador, actuar con soberbia y llevar a la [&hellip;]","og_url":"https:\/\/lospoliticosveracruz.com\/?p=88743","og_site_name":"Los pol\u00edticos Veracruz","article_publisher":"https:\/\/www.facebook.com\/people\/Notimemes-de-los-Polticos\/61565672886568\/","article_published_time":"2022-04-18T17:55:46+00:00","article_modified_time":"2022-04-18T17:55:54+00:00","og_image":[{"width":200,"height":200,"url":"https:\/\/lospoliticosveracruz.com\/wp-content\/uploads\/2016\/07\/Logo-Dor.jpg","type":"image\/jpeg"}],"author":"Lo viste en Los Pol\u00edticos","twitter_card":"summary_large_image","twitter_creator":"@LosPoliticosVer","twitter_site":"@LosPoliticosVer","twitter_misc":{"Escrito por":"Lo viste en Los Pol\u00edticos","Tiempo de lectura":"3 minutos"},"schema":{"@context":"https:\/\/schema.org","@graph":[{"@type":"Article","@id":"https:\/\/lospoliticosveracruz.com\/?p=88743#article","isPartOf":{"@id":"https:\/\/lospoliticosveracruz.com\/?p=88743"},"author":{"name":"Lo viste en Los Pol\u00edticos","@id":"https:\/\/lospoliticosveracruz.com\/#\/schema\/person\/b8702bb0e538456e6efd07080bf2a4a2"},"headline":"Traidores por aqu\u00ed\u2026 traidores por all\u00e1","datePublished":"2022-04-18T17:55:46+00:00","dateModified":"2022-04-18T17:55:54+00:00","mainEntityOfPage":{"@id":"https:\/\/lospoliticosveracruz.com\/?p=88743"},"wordCount":647,"publisher":{"@id":"https:\/\/lospoliticosveracruz.com\/#organization"},"keywords":["Andr\u00e9s Manuel L\u00f3pez Obrador","Morena","Reforma El\u00e9ctrica"],"articleSection":["De Opini\u00f3n"],"inLanguage":"es"},{"@type":"WebPage","@id":"https:\/\/lospoliticosveracruz.com\/?p=88743","url":"https:\/\/lospoliticosveracruz.com\/?p=88743","name":"Traidores por aqu\u00ed\u2026 traidores por all\u00e1 - Los pol\u00edticos Veracruz","isPartOf":{"@id":"https:\/\/lospoliticosveracruz.com\/#website"},"datePublished":"2022-04-18T17:55:46+00:00","dateModified":"2022-04-18T17:55:54+00:00","breadcrumb":{"@id":"https:\/\/lospoliticosveracruz.com\/?p=88743#breadcrumb"},"inLanguage":"es","potentialAction":[{"@type":"ReadAction","target":["https:\/\/lospoliticosveracruz.com\/?p=88743"]}]},{"@type":"BreadcrumbList","@id":"https:\/\/lospoliticosveracruz.com\/?p=88743#breadcrumb","itemListElement":[{"@type":"ListItem","position":1,"name":"Portada","item":"https:\/\/lospoliticosveracruz.com\/"},{"@type":"ListItem","position":2,"name":"Traidores por aqu\u00ed\u2026 traidores por all\u00e1"}]},{"@type":"WebSite","@id":"https:\/\/lospoliticosveracruz.com\/#website","url":"https:\/\/lospoliticosveracruz.com\/","name":"Los pol\u00edticos Veracruz","description":"","publisher":{"@id":"https:\/\/lospoliticosveracruz.com\/#organization"},"potentialAction":[{"@type":"SearchAction","target":{"@type":"EntryPoint","urlTemplate":"https:\/\/lospoliticosveracruz.com\/?s={search_term_string}"},"query-input":{"@type":"PropertyValueSpecification","valueRequired":true,"valueName":"search_term_string"}}],"inLanguage":"es"},{"@type":"Organization","@id":"https:\/\/lospoliticosveracruz.com\/#organization","name":"Los pol\u00edticos Veracruz","url":"https:\/\/lospoliticosveracruz.com\/","logo":{"@type":"ImageObject","inLanguage":"es","@id":"https:\/\/lospoliticosveracruz.com\/#\/schema\/logo\/image\/","url":"https:\/\/lospoliticosveracruz.com\/wp-content\/uploads\/2025\/12\/Logo-Nuevo-LOS-POLITICOS-1.jpg","contentUrl":"https:\/\/lospoliticosveracruz.com\/wp-content\/uploads\/2025\/12\/Logo-Nuevo-LOS-POLITICOS-1.jpg","width":260,"height":70,"caption":"Los pol\u00edticos Veracruz"},"image":{"@id":"https:\/\/lospoliticosveracruz.com\/#\/schema\/logo\/image\/"},"sameAs":["https:\/\/www.facebook.com\/people\/Notimemes-de-los-Polticos\/61565672886568\/","https:\/\/x.com\/LosPoliticosVer"]},{"@type":"Person","@id":"https:\/\/lospoliticosveracruz.com\/#\/schema\/person\/b8702bb0e538456e6efd07080bf2a4a2","name":"Lo viste en Los Pol\u00edticos","image":{"@type":"ImageObject","inLanguage":"es","@id":"https:\/\/secure.gravatar.com\/avatar\/3a8de04a2656d44082be478bd6c086daa447c4651605818287b9532d3d0bd435?s=96&d=mm&r=g","url":"https:\/\/secure.gravatar.com\/avatar\/3a8de04a2656d44082be478bd6c086daa447c4651605818287b9532d3d0bd435?s=96&d=mm&r=g","contentUrl":"https:\/\/secure.gravatar.com\/avatar\/3a8de04a2656d44082be478bd6c086daa447c4651605818287b9532d3d0bd435?s=96&d=mm&r=g","caption":"Lo viste en Los Pol\u00edticos"},"url":"https:\/\/lospoliticosveracruz.com\/?author=2"}]}},"_links":{"self":[{"href":"https:\/\/lospoliticosveracruz.com\/index.php?rest_route=\/wp\/v2\/posts\/88743","targetHints":{"allow":["GET"]}}],"collection":[{"href":"https:\/\/lospoliticosveracruz.com\/index.php?rest_route=\/wp\/v2\/posts"}],"about":[{"href":"https:\/\/lospoliticosveracruz.com\/index.php?rest_route=\/wp\/v2\/types\/post"}],"author":[{"embeddable":true,"href":"https:\/\/lospoliticosveracruz.com\/index.php?rest_route=\/wp\/v2\/users\/2"}],"replies":[{"embeddable":true,"href":"https:\/\/lospoliticosveracruz.com\/index.php?rest_route=%2Fwp%2Fv2%2Fcomments&post=88743"}],"version-history":[{"count":1,"href":"https:\/\/lospoliticosveracruz.com\/index.php?rest_route=\/wp\/v2\/posts\/88743\/revisions"}],"predecessor-version":[{"id":88745,"href":"https:\/\/lospoliticosveracruz.com\/index.php?rest_route=\/wp\/v2\/posts\/88743\/revisions\/88745"}],"wp:attachment":[{"href":"https:\/\/lospoliticosveracruz.com\/index.php?rest_route=%2Fwp%2Fv2%2Fmedia&parent=88743"}],"wp:term":[{"taxonomy":"category","embeddable":true,"href":"https:\/\/lospoliticosveracruz.com\/index.php?rest_route=%2Fwp%2Fv2%2Fcategories&post=88743"},{"taxonomy":"post_tag","embeddable":true,"href":"https:\/\/lospoliticosveracruz.com\/index.php?rest_route=%2Fwp%2Fv2%2Ftags&post=88743"}],"curies":[{"name":"wp","href":"https:\/\/api.w.org\/{rel}","templated":true}]}}