{"id":88770,"date":"2022-04-19T07:59:22","date_gmt":"2022-04-19T12:59:22","guid":{"rendered":"https:\/\/lospoliticosveracruz.com.mx\/?p=88770"},"modified":"2022-04-19T07:59:31","modified_gmt":"2022-04-19T12:59:31","slug":"se-pudo-haber-evitado-el-rechazo-a-la-reforma-electrica","status":"publish","type":"post","link":"https:\/\/lospoliticosveracruz.com\/?p=88770","title":{"rendered":"\u00bfSe pudo haber evitado el rechazo a la reforma el\u00e9ctrica?"},"content":{"rendered":"\n<p><strong>Emilio C\u00e1rdenas Escobosa<\/strong><\/p>\n\n\n\n<p><em>De Inter\u00e9s P\u00fablico<\/em><br><\/p>\n\n\n\n<p><\/p>\n\n\n\n<p>El rechazo de la oposici\u00f3n a la iniciativa de reforma el\u00e9ctrica del presidente Andr\u00e9s Manuel L\u00f3pez Obrador no es en absoluto un triunfo para M\u00e9xico como se ufanan muchos militantes del PRI, PAN o PRD, ni estrictamente hablando es una victoria de un grupo de traidores a la patria como se les juzga desde el oficialismo.<\/p>\n\n\n\n<p>Ni una ni otra cosa, a mi parecer se trata m\u00e1s bien de la instant\u00e1nea del estado de \u00e1nimo que se vive en el pa\u00eds y que revela lo mismo errores en la estrategia del primer mandatario para impulsar en verdad una transformaci\u00f3n de la naci\u00f3n, que la pobreza discursiva y la carencia de proyecto de las fuerzas opositoras que no atinan a ser convincentes y ofertar un rumbo alterno y deben conformarse con festinar el hacer tropezar al presidente.<\/p>\n\n\n\n<p>De eso y no de otra cosa se trata este episodio. Del lado presidencial el que la oposici\u00f3n en la C\u00e1mara de Diputados haya hecho valer su fuerza pol\u00edtica para echar atr\u00e1s uno de sus grandes proyectos no es resultado sino de la falta de c\u00e1lculo pol\u00edtico.<\/p>\n\n\n\n<p>Esta reforma, como muchos de los grandes temas ancla de la Cuarta Transformaci\u00f3n debieron impulsarse y pasar por el Congreso en la anterior legislatura federal, cuando Morena ten\u00eda mayor\u00eda absoluta; no se explica el por qu\u00e9 esperar hasta ahora que no cuentan con mayor\u00eda calificada y dependen de los votos de otras fuerzas pol\u00edticas que l\u00f3gicamente iban a regatear el apoyo.<\/p>\n\n\n\n<p>Y hacerlo adem\u00e1s cuando tres a\u00f1os de ma\u00f1aneras y de una narrativa polarizadora y las descalificaciones un d\u00eda s\u00ed y otro tambi\u00e9n de L\u00f3pez Obrador hacia sus cr\u00edticos, a sus adversarios conservadores, como los llama, saco en el que incluye a todos quienes lo cuestionan o marcan distancia de sus decisiones, sean pol\u00edticos, legisladores, acad\u00e9micos, periodistas, activistas sociales, lo mismo representantes de corrientes feministas, ecologistas, de padres de familia, entre una larga lista, era evidente que unir\u00eda a todos en su contra y en el caso de los dirigentes de partidos pol\u00edticos era m\u00e1s que predecible que cerrar\u00edan filas en desquite y para hacerle la mala obra.<\/p>\n\n\n\n<p>Pero sobre todo L\u00f3pez Obrador tuvo y tiene en sus manos el ant\u00eddoto perfecto para desinflar de una vez y quiz\u00e1 para siempre a las \u00e9lites de los partidos opositores: barrer para atr\u00e1s y llevar a juicio a los expresidentes Vicente Fox, Felipe Calder\u00f3n y Enrique Pe\u00f1a Nieto y los m\u00e1s conspicuos representantes y ex funcionarios de esos gobiernos cuyos presuntos delitos han sido ventilados una y otra vez en investigaciones period\u00edsticas, y que han sido mencionados en declaraciones en procesos judiciales, lo mismo en los casos de Emilio Lozoya, Rosario Robles y otros, donde sobra tela de donde cortar para proceder en su contra. L\u00f3pez Obrador prefiri\u00f3 el perd\u00f3n y olvido, se invent\u00f3 una absurda consulta para preguntarle a la gente si deb\u00eda enjuiciarse a los ex mandatarios, a sabiendas de que era solo un acto populista que no conducir\u00eda a nada, y dej\u00f3 tan felices y campantes a quienes hoy se le oponen y azuzan a sus huestes para complicarle la vida a nuestro cristiano presidente.<\/p>\n\n\n\n<p>Del lado de la oposici\u00f3n hoy tan contenta, que canta el himno nacional y asume como una victoria \u00e9pica el haber tumbado la iniciativa de reforma el\u00e9ctrica, me parece un exceso tildarlos de traidores a la patria porque ni a eso llegan. Son a lo sumo unos vulgares ambiciosos -L\u00f3pez Obrador dixit- unos, como los del Partido Verde que, en 2013, por dinero, votaron a favor de la reforma el\u00e9ctrica privatizadora de Pe\u00f1a Nieto y hoy trasmutados en compa\u00f1eros de viaje de Morena dicen que es de sabios rectificar, y otros que ayunos de propuestas se aferraron al clavo ardiente de la negativa a la iniciativa presidencial como una forma de hacerse y sentirse fuertes cuando no lo son. Hoy es simp\u00e1tico leer opiniones de que vemos el renacer del PRI o de que el panismo se rehace rumbo al 2024. Son los mismos y no tienen remedio, est\u00e1n moralmente derrotados y por lo que se ve en menos de dos a\u00f1os no van a reformarse.<\/p>\n\n\n\n<p>De hecho, luego de que la alianza Va por M\u00e9xico y Movimiento Ciudadano rechazaran con sus 223 votos la reforma el\u00e9ctrica, el presidente Andr\u00e9s Manuel L\u00f3pez Obrador, machac\u00f3n, acus\u00f3 que hubo un acto de traici\u00f3n al pa\u00eds para defender los intereses de privados y dijo que sospechaba que suceder\u00eda algo as\u00ed en raz\u00f3n de que esta vez no se \u00abcompr\u00f3 a los legisladores\u00bb como en el 2013 cuando no hubo ninguna oposici\u00f3n a la reforma energ\u00e9tica de Enrique Pe\u00f1a Nieto. He ah\u00ed claramente ilustrado lo de los vulgares ambiciosos y un caso de corrupci\u00f3n que AMLO no quiso que se investigara o sancionara. Y ah\u00ed est\u00e1n los resultados.<\/p>\n\n\n\n<p>En su conferencia de prensa matutina de este lunes 18, el mandatario asegur\u00f3 que ya ve\u00eda venir la \u201ctraici\u00f3n\u201d al pueblo mexicano, pues \u201ccompraron a legisladores\u201d, por lo que su gobierno \u201cse prepar\u00f3\u201d desde el principio. Pero por lo visto no se prepar\u00f3 bien. Sobr\u00f3 la soberbia y falt\u00f3 el c\u00e1lculo y la estrategia pol\u00edticas. Ahora su decisi\u00f3n de nacionalizar el litio, el mineral del futuro, que desde luego debe protegerse y que ya fue avalada por los diputados, deber\u00e1 acompa\u00f1arse de otras decisiones para buscar rescatar, si es el caso, la industria el\u00e9ctrica y el petr\u00f3leo. Pudo haber sido m\u00e1s f\u00e1cil y no fue.<\/p>\n\n\n\n<p>Las lecciones de este episodio son muchas, pero las m\u00e1s importantes debe asumirlas el primer mandatario.<\/p>\n\n\n\n<p>La primera, que no se puede luchar por la soberan\u00eda energ\u00e9tica ni por cualquier tema de hondo calado pensando en que lo lograr\u00e1 convenciendo a sus adversarios a partir de la popularidad del presidente, o que la oposici\u00f3n se arredrar\u00eda tras la consulta de revocaci\u00f3n de mandato. Por el contrario, lo sucedido es muestra de que se equivoc\u00f3 en el momento para poner el tema a discusi\u00f3n y en el enfoque de lo que era previsible sucediera.<\/p>\n\n\n\n<p>La segunda lecci\u00f3n, que no se puede dejar a los arreglos pol\u00edticos la aplicaci\u00f3n de la justicia porque aquellos que dejas libres ser\u00e1n siempre tus m\u00e1s fuertes adversarios. Y en eso tambi\u00e9n le fall\u00f3 el c\u00e1lculo.<\/p>\n\n\n\n<p>Y la tercera, a mi juicio la deben contemplar los partidos de oposici\u00f3n: que no podr\u00e1n sostener un frente atractivo electoralmente si no construyen un proyecto cre\u00edble de naci\u00f3n; que por m\u00e1s que celebren este momento no ser\u00e1 m\u00e1s que flor de un d\u00eda, si seguimos viendo las mismas caras y los mismos resortes de sus m\u00e1s notables representantes. Que los queremos ver ofertando ideas y proyectos y no solaz\u00e1ndose en una negativa que muchos ni entienden para qu\u00e9 le sirve al pa\u00eds.<\/p>\n\n\n\n<p>No gan\u00f3 nadie, perdi\u00f3 M\u00e9xico.<\/p>\n\n\n\n<p>jecesco@hotmail.com<br>www.deinterespublico.com<\/p>\n","protected":false},"excerpt":{"rendered":"<p>Emilio C\u00e1rdenas Escobosa De Inter\u00e9s P\u00fablico El rechazo de la oposici\u00f3n a la iniciativa de reforma el\u00e9ctrica del presidente Andr\u00e9s Manuel L\u00f3pez Obrador no es en absoluto un triunfo para M\u00e9xico como se ufanan muchos militantes del PRI, PAN o PRD, ni estrictamente hablando es una victoria de un grupo de traidores a la patria [&hellip;]<\/p>\n","protected":false},"author":2,"featured_media":0,"comment_status":"closed","ping_status":"closed","sticky":false,"template":"","format":"standard","meta":{"tdm_status":"","tdm_grid_status":"","footnotes":""},"categories":[70],"tags":[618,1026,266,107,251,26326],"class_list":{"0":"post-88770","1":"post","2":"type-post","3":"status-publish","4":"format-standard","6":"category-de-opinion","7":"tag-andres-manuel-lopez-obrador","8":"tag-morena","9":"tag-pan","10":"tag-prd","11":"tag-pri","12":"tag-reforma-electrica"},"yoast_head":"<!-- This site is optimized with the Yoast SEO plugin v27.4 - https:\/\/yoast.com\/product\/yoast-seo-wordpress\/ -->\n<title>\u00bfSe pudo haber evitado el rechazo a la reforma el\u00e9ctrica? - Los pol\u00edticos Veracruz<\/title>\n<meta name=\"robots\" content=\"index, follow, max-snippet:-1, max-image-preview:large, max-video-preview:-1\" \/>\n<link rel=\"canonical\" href=\"https:\/\/lospoliticosveracruz.com\/?p=88770\" \/>\n<meta property=\"og:locale\" content=\"es_ES\" \/>\n<meta property=\"og:type\" content=\"article\" \/>\n<meta property=\"og:title\" content=\"\u00bfSe pudo haber evitado el rechazo a la reforma el\u00e9ctrica? - Los pol\u00edticos Veracruz\" \/>\n<meta property=\"og:description\" content=\"Emilio C\u00e1rdenas Escobosa De Inter\u00e9s P\u00fablico El rechazo de la oposici\u00f3n a la iniciativa de reforma el\u00e9ctrica del presidente Andr\u00e9s Manuel L\u00f3pez Obrador no es en absoluto un triunfo para M\u00e9xico como se ufanan muchos militantes del PRI, PAN o PRD, ni estrictamente hablando es una victoria de un grupo de traidores a la patria [&hellip;]\" \/>\n<meta property=\"og:url\" content=\"https:\/\/lospoliticosveracruz.com\/?p=88770\" \/>\n<meta property=\"og:site_name\" content=\"Los pol\u00edticos Veracruz\" \/>\n<meta property=\"article:publisher\" content=\"https:\/\/www.facebook.com\/people\/Notimemes-de-los-Polticos\/61565672886568\/\" \/>\n<meta property=\"article:published_time\" content=\"2022-04-19T12:59:22+00:00\" \/>\n<meta property=\"article:modified_time\" content=\"2022-04-19T12:59:31+00:00\" \/>\n<meta property=\"og:image\" content=\"https:\/\/lospoliticosveracruz.com\/wp-content\/uploads\/2016\/07\/Logo-Dor.jpg\" \/>\n\t<meta property=\"og:image:width\" content=\"200\" \/>\n\t<meta property=\"og:image:height\" content=\"200\" \/>\n\t<meta property=\"og:image:type\" content=\"image\/jpeg\" \/>\n<meta name=\"author\" content=\"Lo viste en Los Pol\u00edticos\" \/>\n<meta name=\"twitter:card\" content=\"summary_large_image\" \/>\n<meta name=\"twitter:creator\" content=\"@LosPoliticosVer\" \/>\n<meta name=\"twitter:site\" content=\"@LosPoliticosVer\" \/>\n<meta name=\"twitter:label1\" content=\"Escrito por\" \/>\n\t<meta name=\"twitter:data1\" content=\"Lo viste en Los Pol\u00edticos\" \/>\n\t<meta name=\"twitter:label2\" content=\"Tiempo de lectura\" \/>\n\t<meta name=\"twitter:data2\" content=\"6 minutos\" \/>\n<script type=\"application\/ld+json\" class=\"yoast-schema-graph\">{\"@context\":\"https:\\\/\\\/schema.org\",\"@graph\":[{\"@type\":\"Article\",\"@id\":\"https:\\\/\\\/lospoliticosveracruz.com\\\/?p=88770#article\",\"isPartOf\":{\"@id\":\"https:\\\/\\\/lospoliticosveracruz.com\\\/?p=88770\"},\"author\":{\"name\":\"Lo viste en Los Pol\u00edticos\",\"@id\":\"https:\\\/\\\/lospoliticosveracruz.com\\\/#\\\/schema\\\/person\\\/b8702bb0e538456e6efd07080bf2a4a2\"},\"headline\":\"\u00bfSe pudo haber evitado el rechazo a la reforma el\u00e9ctrica?\",\"datePublished\":\"2022-04-19T12:59:22+00:00\",\"dateModified\":\"2022-04-19T12:59:31+00:00\",\"mainEntityOfPage\":{\"@id\":\"https:\\\/\\\/lospoliticosveracruz.com\\\/?p=88770\"},\"wordCount\":1239,\"publisher\":{\"@id\":\"https:\\\/\\\/lospoliticosveracruz.com\\\/#organization\"},\"keywords\":[\"Andr\u00e9s Manuel L\u00f3pez Obrador\",\"Morena\",\"PAN\",\"PRD\",\"PRI\",\"Reforma El\u00e9ctrica\"],\"articleSection\":[\"De Opini\u00f3n\"],\"inLanguage\":\"es\"},{\"@type\":\"WebPage\",\"@id\":\"https:\\\/\\\/lospoliticosveracruz.com\\\/?p=88770\",\"url\":\"https:\\\/\\\/lospoliticosveracruz.com\\\/?p=88770\",\"name\":\"\u00bfSe pudo haber evitado el rechazo a la reforma el\u00e9ctrica? - Los pol\u00edticos Veracruz\",\"isPartOf\":{\"@id\":\"https:\\\/\\\/lospoliticosveracruz.com\\\/#website\"},\"datePublished\":\"2022-04-19T12:59:22+00:00\",\"dateModified\":\"2022-04-19T12:59:31+00:00\",\"breadcrumb\":{\"@id\":\"https:\\\/\\\/lospoliticosveracruz.com\\\/?p=88770#breadcrumb\"},\"inLanguage\":\"es\",\"potentialAction\":[{\"@type\":\"ReadAction\",\"target\":[\"https:\\\/\\\/lospoliticosveracruz.com\\\/?p=88770\"]}]},{\"@type\":\"BreadcrumbList\",\"@id\":\"https:\\\/\\\/lospoliticosveracruz.com\\\/?p=88770#breadcrumb\",\"itemListElement\":[{\"@type\":\"ListItem\",\"position\":1,\"name\":\"Portada\",\"item\":\"https:\\\/\\\/lospoliticosveracruz.com\\\/\"},{\"@type\":\"ListItem\",\"position\":2,\"name\":\"\u00bfSe pudo haber evitado el rechazo a la reforma el\u00e9ctrica?\"}]},{\"@type\":\"WebSite\",\"@id\":\"https:\\\/\\\/lospoliticosveracruz.com\\\/#website\",\"url\":\"https:\\\/\\\/lospoliticosveracruz.com\\\/\",\"name\":\"Los pol\u00edticos Veracruz\",\"description\":\"\",\"publisher\":{\"@id\":\"https:\\\/\\\/lospoliticosveracruz.com\\\/#organization\"},\"potentialAction\":[{\"@type\":\"SearchAction\",\"target\":{\"@type\":\"EntryPoint\",\"urlTemplate\":\"https:\\\/\\\/lospoliticosveracruz.com\\\/?s={search_term_string}\"},\"query-input\":{\"@type\":\"PropertyValueSpecification\",\"valueRequired\":true,\"valueName\":\"search_term_string\"}}],\"inLanguage\":\"es\"},{\"@type\":\"Organization\",\"@id\":\"https:\\\/\\\/lospoliticosveracruz.com\\\/#organization\",\"name\":\"Los pol\u00edticos Veracruz\",\"url\":\"https:\\\/\\\/lospoliticosveracruz.com\\\/\",\"logo\":{\"@type\":\"ImageObject\",\"inLanguage\":\"es\",\"@id\":\"https:\\\/\\\/lospoliticosveracruz.com\\\/#\\\/schema\\\/logo\\\/image\\\/\",\"url\":\"https:\\\/\\\/lospoliticosveracruz.com\\\/wp-content\\\/uploads\\\/2025\\\/12\\\/Logo-Nuevo-LOS-POLITICOS-1.jpg\",\"contentUrl\":\"https:\\\/\\\/lospoliticosveracruz.com\\\/wp-content\\\/uploads\\\/2025\\\/12\\\/Logo-Nuevo-LOS-POLITICOS-1.jpg\",\"width\":260,\"height\":70,\"caption\":\"Los pol\u00edticos Veracruz\"},\"image\":{\"@id\":\"https:\\\/\\\/lospoliticosveracruz.com\\\/#\\\/schema\\\/logo\\\/image\\\/\"},\"sameAs\":[\"https:\\\/\\\/www.facebook.com\\\/people\\\/Notimemes-de-los-Polticos\\\/61565672886568\\\/\",\"https:\\\/\\\/x.com\\\/LosPoliticosVer\"]},{\"@type\":\"Person\",\"@id\":\"https:\\\/\\\/lospoliticosveracruz.com\\\/#\\\/schema\\\/person\\\/b8702bb0e538456e6efd07080bf2a4a2\",\"name\":\"Lo viste en Los Pol\u00edticos\",\"image\":{\"@type\":\"ImageObject\",\"inLanguage\":\"es\",\"@id\":\"https:\\\/\\\/secure.gravatar.com\\\/avatar\\\/3a8de04a2656d44082be478bd6c086daa447c4651605818287b9532d3d0bd435?s=96&d=mm&r=g\",\"url\":\"https:\\\/\\\/secure.gravatar.com\\\/avatar\\\/3a8de04a2656d44082be478bd6c086daa447c4651605818287b9532d3d0bd435?s=96&d=mm&r=g\",\"contentUrl\":\"https:\\\/\\\/secure.gravatar.com\\\/avatar\\\/3a8de04a2656d44082be478bd6c086daa447c4651605818287b9532d3d0bd435?s=96&d=mm&r=g\",\"caption\":\"Lo viste en Los Pol\u00edticos\"},\"url\":\"https:\\\/\\\/lospoliticosveracruz.com\\\/?author=2\"}]}<\/script>\n<!-- \/ Yoast SEO plugin. -->","yoast_head_json":{"title":"\u00bfSe pudo haber evitado el rechazo a la reforma el\u00e9ctrica? - Los pol\u00edticos Veracruz","robots":{"index":"index","follow":"follow","max-snippet":"max-snippet:-1","max-image-preview":"max-image-preview:large","max-video-preview":"max-video-preview:-1"},"canonical":"https:\/\/lospoliticosveracruz.com\/?p=88770","og_locale":"es_ES","og_type":"article","og_title":"\u00bfSe pudo haber evitado el rechazo a la reforma el\u00e9ctrica? - Los pol\u00edticos Veracruz","og_description":"Emilio C\u00e1rdenas Escobosa De Inter\u00e9s P\u00fablico El rechazo de la oposici\u00f3n a la iniciativa de reforma el\u00e9ctrica del presidente Andr\u00e9s Manuel L\u00f3pez Obrador no es en absoluto un triunfo para M\u00e9xico como se ufanan muchos militantes del PRI, PAN o PRD, ni estrictamente hablando es una victoria de un grupo de traidores a la patria [&hellip;]","og_url":"https:\/\/lospoliticosveracruz.com\/?p=88770","og_site_name":"Los pol\u00edticos Veracruz","article_publisher":"https:\/\/www.facebook.com\/people\/Notimemes-de-los-Polticos\/61565672886568\/","article_published_time":"2022-04-19T12:59:22+00:00","article_modified_time":"2022-04-19T12:59:31+00:00","og_image":[{"width":200,"height":200,"url":"https:\/\/lospoliticosveracruz.com\/wp-content\/uploads\/2016\/07\/Logo-Dor.jpg","type":"image\/jpeg"}],"author":"Lo viste en Los Pol\u00edticos","twitter_card":"summary_large_image","twitter_creator":"@LosPoliticosVer","twitter_site":"@LosPoliticosVer","twitter_misc":{"Escrito por":"Lo viste en Los Pol\u00edticos","Tiempo de lectura":"6 minutos"},"schema":{"@context":"https:\/\/schema.org","@graph":[{"@type":"Article","@id":"https:\/\/lospoliticosveracruz.com\/?p=88770#article","isPartOf":{"@id":"https:\/\/lospoliticosveracruz.com\/?p=88770"},"author":{"name":"Lo viste en Los Pol\u00edticos","@id":"https:\/\/lospoliticosveracruz.com\/#\/schema\/person\/b8702bb0e538456e6efd07080bf2a4a2"},"headline":"\u00bfSe pudo haber evitado el rechazo a la reforma el\u00e9ctrica?","datePublished":"2022-04-19T12:59:22+00:00","dateModified":"2022-04-19T12:59:31+00:00","mainEntityOfPage":{"@id":"https:\/\/lospoliticosveracruz.com\/?p=88770"},"wordCount":1239,"publisher":{"@id":"https:\/\/lospoliticosveracruz.com\/#organization"},"keywords":["Andr\u00e9s Manuel L\u00f3pez Obrador","Morena","PAN","PRD","PRI","Reforma El\u00e9ctrica"],"articleSection":["De Opini\u00f3n"],"inLanguage":"es"},{"@type":"WebPage","@id":"https:\/\/lospoliticosveracruz.com\/?p=88770","url":"https:\/\/lospoliticosveracruz.com\/?p=88770","name":"\u00bfSe pudo haber evitado el rechazo a la reforma el\u00e9ctrica? - Los pol\u00edticos Veracruz","isPartOf":{"@id":"https:\/\/lospoliticosveracruz.com\/#website"},"datePublished":"2022-04-19T12:59:22+00:00","dateModified":"2022-04-19T12:59:31+00:00","breadcrumb":{"@id":"https:\/\/lospoliticosveracruz.com\/?p=88770#breadcrumb"},"inLanguage":"es","potentialAction":[{"@type":"ReadAction","target":["https:\/\/lospoliticosveracruz.com\/?p=88770"]}]},{"@type":"BreadcrumbList","@id":"https:\/\/lospoliticosveracruz.com\/?p=88770#breadcrumb","itemListElement":[{"@type":"ListItem","position":1,"name":"Portada","item":"https:\/\/lospoliticosveracruz.com\/"},{"@type":"ListItem","position":2,"name":"\u00bfSe pudo haber evitado el rechazo a la reforma el\u00e9ctrica?"}]},{"@type":"WebSite","@id":"https:\/\/lospoliticosveracruz.com\/#website","url":"https:\/\/lospoliticosveracruz.com\/","name":"Los pol\u00edticos Veracruz","description":"","publisher":{"@id":"https:\/\/lospoliticosveracruz.com\/#organization"},"potentialAction":[{"@type":"SearchAction","target":{"@type":"EntryPoint","urlTemplate":"https:\/\/lospoliticosveracruz.com\/?s={search_term_string}"},"query-input":{"@type":"PropertyValueSpecification","valueRequired":true,"valueName":"search_term_string"}}],"inLanguage":"es"},{"@type":"Organization","@id":"https:\/\/lospoliticosveracruz.com\/#organization","name":"Los pol\u00edticos Veracruz","url":"https:\/\/lospoliticosveracruz.com\/","logo":{"@type":"ImageObject","inLanguage":"es","@id":"https:\/\/lospoliticosveracruz.com\/#\/schema\/logo\/image\/","url":"https:\/\/lospoliticosveracruz.com\/wp-content\/uploads\/2025\/12\/Logo-Nuevo-LOS-POLITICOS-1.jpg","contentUrl":"https:\/\/lospoliticosveracruz.com\/wp-content\/uploads\/2025\/12\/Logo-Nuevo-LOS-POLITICOS-1.jpg","width":260,"height":70,"caption":"Los pol\u00edticos Veracruz"},"image":{"@id":"https:\/\/lospoliticosveracruz.com\/#\/schema\/logo\/image\/"},"sameAs":["https:\/\/www.facebook.com\/people\/Notimemes-de-los-Polticos\/61565672886568\/","https:\/\/x.com\/LosPoliticosVer"]},{"@type":"Person","@id":"https:\/\/lospoliticosveracruz.com\/#\/schema\/person\/b8702bb0e538456e6efd07080bf2a4a2","name":"Lo viste en Los Pol\u00edticos","image":{"@type":"ImageObject","inLanguage":"es","@id":"https:\/\/secure.gravatar.com\/avatar\/3a8de04a2656d44082be478bd6c086daa447c4651605818287b9532d3d0bd435?s=96&d=mm&r=g","url":"https:\/\/secure.gravatar.com\/avatar\/3a8de04a2656d44082be478bd6c086daa447c4651605818287b9532d3d0bd435?s=96&d=mm&r=g","contentUrl":"https:\/\/secure.gravatar.com\/avatar\/3a8de04a2656d44082be478bd6c086daa447c4651605818287b9532d3d0bd435?s=96&d=mm&r=g","caption":"Lo viste en Los Pol\u00edticos"},"url":"https:\/\/lospoliticosveracruz.com\/?author=2"}]}},"_links":{"self":[{"href":"https:\/\/lospoliticosveracruz.com\/index.php?rest_route=\/wp\/v2\/posts\/88770","targetHints":{"allow":["GET"]}}],"collection":[{"href":"https:\/\/lospoliticosveracruz.com\/index.php?rest_route=\/wp\/v2\/posts"}],"about":[{"href":"https:\/\/lospoliticosveracruz.com\/index.php?rest_route=\/wp\/v2\/types\/post"}],"author":[{"embeddable":true,"href":"https:\/\/lospoliticosveracruz.com\/index.php?rest_route=\/wp\/v2\/users\/2"}],"replies":[{"embeddable":true,"href":"https:\/\/lospoliticosveracruz.com\/index.php?rest_route=%2Fwp%2Fv2%2Fcomments&post=88770"}],"version-history":[{"count":1,"href":"https:\/\/lospoliticosveracruz.com\/index.php?rest_route=\/wp\/v2\/posts\/88770\/revisions"}],"predecessor-version":[{"id":88772,"href":"https:\/\/lospoliticosveracruz.com\/index.php?rest_route=\/wp\/v2\/posts\/88770\/revisions\/88772"}],"wp:attachment":[{"href":"https:\/\/lospoliticosveracruz.com\/index.php?rest_route=%2Fwp%2Fv2%2Fmedia&parent=88770"}],"wp:term":[{"taxonomy":"category","embeddable":true,"href":"https:\/\/lospoliticosveracruz.com\/index.php?rest_route=%2Fwp%2Fv2%2Fcategories&post=88770"},{"taxonomy":"post_tag","embeddable":true,"href":"https:\/\/lospoliticosveracruz.com\/index.php?rest_route=%2Fwp%2Fv2%2Ftags&post=88770"}],"curies":[{"name":"wp","href":"https:\/\/api.w.org\/{rel}","templated":true}]}}