{"id":88773,"date":"2022-04-19T08:27:03","date_gmt":"2022-04-19T13:27:03","guid":{"rendered":"https:\/\/lospoliticosveracruz.com.mx\/?p=88773"},"modified":"2022-04-19T08:27:09","modified_gmt":"2022-04-19T13:27:09","slug":"para-el-pueblo-los-recursos-energeticos-del-pais","status":"publish","type":"post","link":"https:\/\/lospoliticosveracruz.com\/?p=88773","title":{"rendered":"Para el pueblo, los recursos energ\u00e9ticos del pa\u00eds"},"content":{"rendered":"\n<p><\/p>\n\n\n\n<p><\/p>\n\n\n\n<p><strong>Yair Ademar Dom\u00ednguez<\/strong><br><em>Punto y Coma<\/em><\/p>\n\n\n\n<p><\/p>\n\n\n\n<p>Un traidor a la patria, seg\u00fan el C\u00f3digo Penal Federal, es aquella persona que \u201crealice actos contra la independencia, soberan\u00eda o integridad de la naci\u00f3n mexicana con la finalidad de someterla a persona, grupo o gobierno extranjero\u201d. No pudo definir, de mejor manera, el presidente Andr\u00e9s Manuel L\u00f3pez Obrador, a aquellos diputados que se opusieron a la reforma el\u00e9ctrica impulsada por su mandato.<\/p>\n\n\n\n<p>Los prianistas y sus aliados a eso se han dedicado en los a\u00f1os del neoliberalismo en el pa\u00eds, a vender a nuestra patria, pedazo por pedazo, tramo por tramo, en sus riquezas naturales, esas riquezas que tendr\u00edan que beneficiar a las mayor\u00edas y darle soberan\u00eda a nuestro pa\u00eds, como lo ha planteado la iniciativa impulsada por el jefe de las instituciones del pa\u00eds.<\/p>\n\n\n\n<p>No pod\u00eda decirlo de mejor manera: \u201cen la C\u00e1mara de Diputados, un grupo de legisladores cometi\u00f3 un acto de traici\u00f3n a M\u00e9xico. En vez de defender los intereses de la naci\u00f3n, respaldaron a empresas extranjeras que se dedican a robar. Tenemos lista una estrategia para proteger el litio de la ambici\u00f3n que despierta en las grandes potencias. Propusimos una iniciativa de nacionalizaci\u00f3n de ese mineral estrat\u00e9gico; si se aprueba, crearemos una empresa que lo administrar\u00e1. El litio es de las y los mexicanos\u201d.<\/p>\n\n\n\n<p>Esa fue su respuesta, firme, contundente, sabedor de los intereses que mueven a este grupo de legisladores \u201cvende patrias\u201d, defensores a ultranza de las empresas extranjeras que han venido a saquear a nuestro pa\u00eds, como lo hizo la Corona espa\u00f1ola en tiempos de la conquista y que tan bien describi\u00f3 Eduardo Galeano en aquel libro memorable, Las venas abiertas de Am\u00e9rica Latina.<\/p>\n\n\n\n<p>Los diputados que votaron contra la Reforma El\u00e9ctrica, en esa larga sesi\u00f3n del domingo, no argumentaron nada, adem\u00e1s, refiri\u00f3 el Presidente, es falso que la reforma contradijera el T-MEC, como lo dijo el diputado del PRI, Ildefonso Guajardo.<\/p>\n\n\n\n<p>La verdad que result\u00f3 lamentable ver a los diputados del PRI y a los de los otros partidos como \u201cpaleros\u201d del PAN. No hay que olvidar que en 2013, la Reforma Energ\u00e9tica de Enrique Pe\u00f1a Nieto fue aprobada porque compraron a los diputados.<\/p>\n\n\n\n<p>El presidente explic\u00f3 en la ma\u00f1anera de este lunes que la Ley de la Industria El\u00e9ctrica, recientemente declarada constitucional por la Suprema Corte de Justicia de la Naci\u00f3n, establece que el despacho de la energ\u00eda de las hidroel\u00e9ctricas de la CFE debe tener prioridad, porque producen energ\u00eda limpia y barata y se\u00f1al\u00f3 que en la Ley de la Industria El\u00e9ctrica tambi\u00e9n se estableci\u00f3 que no son v\u00e1lidos los sistemas de autoabasto, como sucede en el caso de los Oxxo.<\/p>\n\n\n\n<p>Si se realizara una encuesta estamos seguros, con el propio jefe de las instituciones del pa\u00eds, que cerca del 80% de los mexicanos estar\u00eda a favor de que la industria el\u00e9ctrica est\u00e9 en manos de la naci\u00f3n. De eso no hay duda. Lo que qued\u00f3 claro ayer en San L\u00e1zaro fue que pueden m\u00e1s los intereses de grupos extranjeros, apoyados por \u201cvende patrias\u201d, como los llam\u00f3 el propio mandatario.<\/p>\n\n\n\n<p>Pero no todo est\u00e1 perdido. Los mexicanos que amamos este pa\u00eds sabemos que contaremos con la Ley de la Industria El\u00e9ctrica y la reforma a la Ley Minera que envi\u00f3 el Presidente a la C\u00e1mara de Diputados, para asegurar la nacionalizaci\u00f3n del litio y que no aumenten los precios de la luz.<\/p>\n\n\n\n<p>A nosotros nos corresponde seguir haciendo conciencia de la importancia que tiene el hecho de que nuestro pa\u00eds tenga soberan\u00eda sobre sus recursos naturales. Vender nuestras riquezas, argumentando modernidad no es otra cosa que traici\u00f3n a la patria.<\/p>\n\n\n\n<p>Comentarios: Facebook Yair Ademar Dominguez Twitter @YairAdemar<\/p>\n","protected":false},"excerpt":{"rendered":"<p>Yair Ademar Dom\u00ednguezPunto y Coma Un traidor a la patria, seg\u00fan el C\u00f3digo Penal Federal, es aquella persona que \u201crealice actos contra la independencia, soberan\u00eda o integridad de la naci\u00f3n mexicana con la finalidad de someterla a persona, grupo o gobierno extranjero\u201d. No pudo definir, de mejor manera, el presidente Andr\u00e9s Manuel L\u00f3pez Obrador, a [&hellip;]<\/p>\n","protected":false},"author":2,"featured_media":0,"comment_status":"closed","ping_status":"closed","sticky":false,"template":"","format":"standard","meta":{"tdm_status":"","tdm_grid_status":"","footnotes":""},"categories":[70],"tags":[618,32912,1026,266,107,251,26326,20652],"class_list":{"0":"post-88773","1":"post","2":"type-post","3":"status-publish","4":"format-standard","6":"category-de-opinion","7":"tag-andres-manuel-lopez-obrador","8":"tag-litio","9":"tag-morena","10":"tag-pan","11":"tag-prd","12":"tag-pri","13":"tag-reforma-electrica","14":"tag-yair-ademar-dominguez"},"yoast_head":"<!-- This site is optimized with the Yoast SEO plugin v27.4 - https:\/\/yoast.com\/product\/yoast-seo-wordpress\/ -->\n<title>Para el pueblo, los recursos energ\u00e9ticos del pa\u00eds - Los pol\u00edticos Veracruz<\/title>\n<meta name=\"robots\" content=\"index, follow, max-snippet:-1, max-image-preview:large, max-video-preview:-1\" \/>\n<link rel=\"canonical\" href=\"https:\/\/lospoliticosveracruz.com\/?p=88773\" \/>\n<meta property=\"og:locale\" content=\"es_ES\" \/>\n<meta property=\"og:type\" content=\"article\" \/>\n<meta property=\"og:title\" content=\"Para el pueblo, los recursos energ\u00e9ticos del pa\u00eds - Los pol\u00edticos Veracruz\" \/>\n<meta property=\"og:description\" content=\"Yair Ademar Dom\u00ednguezPunto y Coma Un traidor a la patria, seg\u00fan el C\u00f3digo Penal Federal, es aquella persona que \u201crealice actos contra la independencia, soberan\u00eda o integridad de la naci\u00f3n mexicana con la finalidad de someterla a persona, grupo o gobierno extranjero\u201d. No pudo definir, de mejor manera, el presidente Andr\u00e9s Manuel L\u00f3pez Obrador, a [&hellip;]\" \/>\n<meta property=\"og:url\" content=\"https:\/\/lospoliticosveracruz.com\/?p=88773\" \/>\n<meta property=\"og:site_name\" content=\"Los pol\u00edticos Veracruz\" \/>\n<meta property=\"article:publisher\" content=\"https:\/\/www.facebook.com\/people\/Notimemes-de-los-Polticos\/61565672886568\/\" \/>\n<meta property=\"article:published_time\" content=\"2022-04-19T13:27:03+00:00\" \/>\n<meta property=\"article:modified_time\" content=\"2022-04-19T13:27:09+00:00\" \/>\n<meta property=\"og:image\" content=\"https:\/\/lospoliticosveracruz.com\/wp-content\/uploads\/2016\/07\/Logo-Dor.jpg\" \/>\n\t<meta property=\"og:image:width\" content=\"200\" \/>\n\t<meta property=\"og:image:height\" content=\"200\" \/>\n\t<meta property=\"og:image:type\" content=\"image\/jpeg\" \/>\n<meta name=\"author\" content=\"Lo viste en Los Pol\u00edticos\" \/>\n<meta name=\"twitter:card\" content=\"summary_large_image\" \/>\n<meta name=\"twitter:creator\" content=\"@LosPoliticosVer\" \/>\n<meta name=\"twitter:site\" content=\"@LosPoliticosVer\" \/>\n<meta name=\"twitter:label1\" content=\"Escrito por\" \/>\n\t<meta name=\"twitter:data1\" content=\"Lo viste en Los Pol\u00edticos\" \/>\n\t<meta name=\"twitter:label2\" content=\"Tiempo de lectura\" \/>\n\t<meta name=\"twitter:data2\" content=\"3 minutos\" \/>\n<script type=\"application\/ld+json\" class=\"yoast-schema-graph\">{\"@context\":\"https:\\\/\\\/schema.org\",\"@graph\":[{\"@type\":\"Article\",\"@id\":\"https:\\\/\\\/lospoliticosveracruz.com\\\/?p=88773#article\",\"isPartOf\":{\"@id\":\"https:\\\/\\\/lospoliticosveracruz.com\\\/?p=88773\"},\"author\":{\"name\":\"Lo viste en Los Pol\u00edticos\",\"@id\":\"https:\\\/\\\/lospoliticosveracruz.com\\\/#\\\/schema\\\/person\\\/b8702bb0e538456e6efd07080bf2a4a2\"},\"headline\":\"Para el pueblo, los recursos energ\u00e9ticos del pa\u00eds\",\"datePublished\":\"2022-04-19T13:27:03+00:00\",\"dateModified\":\"2022-04-19T13:27:09+00:00\",\"mainEntityOfPage\":{\"@id\":\"https:\\\/\\\/lospoliticosveracruz.com\\\/?p=88773\"},\"wordCount\":665,\"publisher\":{\"@id\":\"https:\\\/\\\/lospoliticosveracruz.com\\\/#organization\"},\"keywords\":[\"Andr\u00e9s Manuel L\u00f3pez Obrador\",\"litio\",\"Morena\",\"PAN\",\"PRD\",\"PRI\",\"Reforma El\u00e9ctrica\",\"Yair Ademar Dom\u00ednguez\"],\"articleSection\":[\"De Opini\u00f3n\"],\"inLanguage\":\"es\"},{\"@type\":\"WebPage\",\"@id\":\"https:\\\/\\\/lospoliticosveracruz.com\\\/?p=88773\",\"url\":\"https:\\\/\\\/lospoliticosveracruz.com\\\/?p=88773\",\"name\":\"Para el pueblo, los recursos energ\u00e9ticos del pa\u00eds - Los pol\u00edticos Veracruz\",\"isPartOf\":{\"@id\":\"https:\\\/\\\/lospoliticosveracruz.com\\\/#website\"},\"datePublished\":\"2022-04-19T13:27:03+00:00\",\"dateModified\":\"2022-04-19T13:27:09+00:00\",\"breadcrumb\":{\"@id\":\"https:\\\/\\\/lospoliticosveracruz.com\\\/?p=88773#breadcrumb\"},\"inLanguage\":\"es\",\"potentialAction\":[{\"@type\":\"ReadAction\",\"target\":[\"https:\\\/\\\/lospoliticosveracruz.com\\\/?p=88773\"]}]},{\"@type\":\"BreadcrumbList\",\"@id\":\"https:\\\/\\\/lospoliticosveracruz.com\\\/?p=88773#breadcrumb\",\"itemListElement\":[{\"@type\":\"ListItem\",\"position\":1,\"name\":\"Portada\",\"item\":\"https:\\\/\\\/lospoliticosveracruz.com\\\/\"},{\"@type\":\"ListItem\",\"position\":2,\"name\":\"Para el pueblo, los recursos energ\u00e9ticos del pa\u00eds\"}]},{\"@type\":\"WebSite\",\"@id\":\"https:\\\/\\\/lospoliticosveracruz.com\\\/#website\",\"url\":\"https:\\\/\\\/lospoliticosveracruz.com\\\/\",\"name\":\"Los pol\u00edticos Veracruz\",\"description\":\"\",\"publisher\":{\"@id\":\"https:\\\/\\\/lospoliticosveracruz.com\\\/#organization\"},\"potentialAction\":[{\"@type\":\"SearchAction\",\"target\":{\"@type\":\"EntryPoint\",\"urlTemplate\":\"https:\\\/\\\/lospoliticosveracruz.com\\\/?s={search_term_string}\"},\"query-input\":{\"@type\":\"PropertyValueSpecification\",\"valueRequired\":true,\"valueName\":\"search_term_string\"}}],\"inLanguage\":\"es\"},{\"@type\":\"Organization\",\"@id\":\"https:\\\/\\\/lospoliticosveracruz.com\\\/#organization\",\"name\":\"Los pol\u00edticos Veracruz\",\"url\":\"https:\\\/\\\/lospoliticosveracruz.com\\\/\",\"logo\":{\"@type\":\"ImageObject\",\"inLanguage\":\"es\",\"@id\":\"https:\\\/\\\/lospoliticosveracruz.com\\\/#\\\/schema\\\/logo\\\/image\\\/\",\"url\":\"https:\\\/\\\/lospoliticosveracruz.com\\\/wp-content\\\/uploads\\\/2025\\\/12\\\/Logo-Nuevo-LOS-POLITICOS-1.jpg\",\"contentUrl\":\"https:\\\/\\\/lospoliticosveracruz.com\\\/wp-content\\\/uploads\\\/2025\\\/12\\\/Logo-Nuevo-LOS-POLITICOS-1.jpg\",\"width\":260,\"height\":70,\"caption\":\"Los pol\u00edticos Veracruz\"},\"image\":{\"@id\":\"https:\\\/\\\/lospoliticosveracruz.com\\\/#\\\/schema\\\/logo\\\/image\\\/\"},\"sameAs\":[\"https:\\\/\\\/www.facebook.com\\\/people\\\/Notimemes-de-los-Polticos\\\/61565672886568\\\/\",\"https:\\\/\\\/x.com\\\/LosPoliticosVer\"]},{\"@type\":\"Person\",\"@id\":\"https:\\\/\\\/lospoliticosveracruz.com\\\/#\\\/schema\\\/person\\\/b8702bb0e538456e6efd07080bf2a4a2\",\"name\":\"Lo viste en Los Pol\u00edticos\",\"image\":{\"@type\":\"ImageObject\",\"inLanguage\":\"es\",\"@id\":\"https:\\\/\\\/secure.gravatar.com\\\/avatar\\\/3a8de04a2656d44082be478bd6c086daa447c4651605818287b9532d3d0bd435?s=96&d=mm&r=g\",\"url\":\"https:\\\/\\\/secure.gravatar.com\\\/avatar\\\/3a8de04a2656d44082be478bd6c086daa447c4651605818287b9532d3d0bd435?s=96&d=mm&r=g\",\"contentUrl\":\"https:\\\/\\\/secure.gravatar.com\\\/avatar\\\/3a8de04a2656d44082be478bd6c086daa447c4651605818287b9532d3d0bd435?s=96&d=mm&r=g\",\"caption\":\"Lo viste en Los Pol\u00edticos\"},\"url\":\"https:\\\/\\\/lospoliticosveracruz.com\\\/?author=2\"}]}<\/script>\n<!-- \/ Yoast SEO plugin. -->","yoast_head_json":{"title":"Para el pueblo, los recursos energ\u00e9ticos del pa\u00eds - Los pol\u00edticos Veracruz","robots":{"index":"index","follow":"follow","max-snippet":"max-snippet:-1","max-image-preview":"max-image-preview:large","max-video-preview":"max-video-preview:-1"},"canonical":"https:\/\/lospoliticosveracruz.com\/?p=88773","og_locale":"es_ES","og_type":"article","og_title":"Para el pueblo, los recursos energ\u00e9ticos del pa\u00eds - Los pol\u00edticos Veracruz","og_description":"Yair Ademar Dom\u00ednguezPunto y Coma Un traidor a la patria, seg\u00fan el C\u00f3digo Penal Federal, es aquella persona que \u201crealice actos contra la independencia, soberan\u00eda o integridad de la naci\u00f3n mexicana con la finalidad de someterla a persona, grupo o gobierno extranjero\u201d. No pudo definir, de mejor manera, el presidente Andr\u00e9s Manuel L\u00f3pez Obrador, a [&hellip;]","og_url":"https:\/\/lospoliticosveracruz.com\/?p=88773","og_site_name":"Los pol\u00edticos Veracruz","article_publisher":"https:\/\/www.facebook.com\/people\/Notimemes-de-los-Polticos\/61565672886568\/","article_published_time":"2022-04-19T13:27:03+00:00","article_modified_time":"2022-04-19T13:27:09+00:00","og_image":[{"width":200,"height":200,"url":"https:\/\/lospoliticosveracruz.com\/wp-content\/uploads\/2016\/07\/Logo-Dor.jpg","type":"image\/jpeg"}],"author":"Lo viste en Los Pol\u00edticos","twitter_card":"summary_large_image","twitter_creator":"@LosPoliticosVer","twitter_site":"@LosPoliticosVer","twitter_misc":{"Escrito por":"Lo viste en Los Pol\u00edticos","Tiempo de lectura":"3 minutos"},"schema":{"@context":"https:\/\/schema.org","@graph":[{"@type":"Article","@id":"https:\/\/lospoliticosveracruz.com\/?p=88773#article","isPartOf":{"@id":"https:\/\/lospoliticosveracruz.com\/?p=88773"},"author":{"name":"Lo viste en Los Pol\u00edticos","@id":"https:\/\/lospoliticosveracruz.com\/#\/schema\/person\/b8702bb0e538456e6efd07080bf2a4a2"},"headline":"Para el pueblo, los recursos energ\u00e9ticos del pa\u00eds","datePublished":"2022-04-19T13:27:03+00:00","dateModified":"2022-04-19T13:27:09+00:00","mainEntityOfPage":{"@id":"https:\/\/lospoliticosveracruz.com\/?p=88773"},"wordCount":665,"publisher":{"@id":"https:\/\/lospoliticosveracruz.com\/#organization"},"keywords":["Andr\u00e9s Manuel L\u00f3pez Obrador","litio","Morena","PAN","PRD","PRI","Reforma El\u00e9ctrica","Yair Ademar Dom\u00ednguez"],"articleSection":["De Opini\u00f3n"],"inLanguage":"es"},{"@type":"WebPage","@id":"https:\/\/lospoliticosveracruz.com\/?p=88773","url":"https:\/\/lospoliticosveracruz.com\/?p=88773","name":"Para el pueblo, los recursos energ\u00e9ticos del pa\u00eds - Los pol\u00edticos Veracruz","isPartOf":{"@id":"https:\/\/lospoliticosveracruz.com\/#website"},"datePublished":"2022-04-19T13:27:03+00:00","dateModified":"2022-04-19T13:27:09+00:00","breadcrumb":{"@id":"https:\/\/lospoliticosveracruz.com\/?p=88773#breadcrumb"},"inLanguage":"es","potentialAction":[{"@type":"ReadAction","target":["https:\/\/lospoliticosveracruz.com\/?p=88773"]}]},{"@type":"BreadcrumbList","@id":"https:\/\/lospoliticosveracruz.com\/?p=88773#breadcrumb","itemListElement":[{"@type":"ListItem","position":1,"name":"Portada","item":"https:\/\/lospoliticosveracruz.com\/"},{"@type":"ListItem","position":2,"name":"Para el pueblo, los recursos energ\u00e9ticos del pa\u00eds"}]},{"@type":"WebSite","@id":"https:\/\/lospoliticosveracruz.com\/#website","url":"https:\/\/lospoliticosveracruz.com\/","name":"Los pol\u00edticos Veracruz","description":"","publisher":{"@id":"https:\/\/lospoliticosveracruz.com\/#organization"},"potentialAction":[{"@type":"SearchAction","target":{"@type":"EntryPoint","urlTemplate":"https:\/\/lospoliticosveracruz.com\/?s={search_term_string}"},"query-input":{"@type":"PropertyValueSpecification","valueRequired":true,"valueName":"search_term_string"}}],"inLanguage":"es"},{"@type":"Organization","@id":"https:\/\/lospoliticosveracruz.com\/#organization","name":"Los pol\u00edticos Veracruz","url":"https:\/\/lospoliticosveracruz.com\/","logo":{"@type":"ImageObject","inLanguage":"es","@id":"https:\/\/lospoliticosveracruz.com\/#\/schema\/logo\/image\/","url":"https:\/\/lospoliticosveracruz.com\/wp-content\/uploads\/2025\/12\/Logo-Nuevo-LOS-POLITICOS-1.jpg","contentUrl":"https:\/\/lospoliticosveracruz.com\/wp-content\/uploads\/2025\/12\/Logo-Nuevo-LOS-POLITICOS-1.jpg","width":260,"height":70,"caption":"Los pol\u00edticos Veracruz"},"image":{"@id":"https:\/\/lospoliticosveracruz.com\/#\/schema\/logo\/image\/"},"sameAs":["https:\/\/www.facebook.com\/people\/Notimemes-de-los-Polticos\/61565672886568\/","https:\/\/x.com\/LosPoliticosVer"]},{"@type":"Person","@id":"https:\/\/lospoliticosveracruz.com\/#\/schema\/person\/b8702bb0e538456e6efd07080bf2a4a2","name":"Lo viste en Los Pol\u00edticos","image":{"@type":"ImageObject","inLanguage":"es","@id":"https:\/\/secure.gravatar.com\/avatar\/3a8de04a2656d44082be478bd6c086daa447c4651605818287b9532d3d0bd435?s=96&d=mm&r=g","url":"https:\/\/secure.gravatar.com\/avatar\/3a8de04a2656d44082be478bd6c086daa447c4651605818287b9532d3d0bd435?s=96&d=mm&r=g","contentUrl":"https:\/\/secure.gravatar.com\/avatar\/3a8de04a2656d44082be478bd6c086daa447c4651605818287b9532d3d0bd435?s=96&d=mm&r=g","caption":"Lo viste en Los Pol\u00edticos"},"url":"https:\/\/lospoliticosveracruz.com\/?author=2"}]}},"_links":{"self":[{"href":"https:\/\/lospoliticosveracruz.com\/index.php?rest_route=\/wp\/v2\/posts\/88773","targetHints":{"allow":["GET"]}}],"collection":[{"href":"https:\/\/lospoliticosveracruz.com\/index.php?rest_route=\/wp\/v2\/posts"}],"about":[{"href":"https:\/\/lospoliticosveracruz.com\/index.php?rest_route=\/wp\/v2\/types\/post"}],"author":[{"embeddable":true,"href":"https:\/\/lospoliticosveracruz.com\/index.php?rest_route=\/wp\/v2\/users\/2"}],"replies":[{"embeddable":true,"href":"https:\/\/lospoliticosveracruz.com\/index.php?rest_route=%2Fwp%2Fv2%2Fcomments&post=88773"}],"version-history":[{"count":1,"href":"https:\/\/lospoliticosveracruz.com\/index.php?rest_route=\/wp\/v2\/posts\/88773\/revisions"}],"predecessor-version":[{"id":88775,"href":"https:\/\/lospoliticosveracruz.com\/index.php?rest_route=\/wp\/v2\/posts\/88773\/revisions\/88775"}],"wp:attachment":[{"href":"https:\/\/lospoliticosveracruz.com\/index.php?rest_route=%2Fwp%2Fv2%2Fmedia&parent=88773"}],"wp:term":[{"taxonomy":"category","embeddable":true,"href":"https:\/\/lospoliticosveracruz.com\/index.php?rest_route=%2Fwp%2Fv2%2Fcategories&post=88773"},{"taxonomy":"post_tag","embeddable":true,"href":"https:\/\/lospoliticosveracruz.com\/index.php?rest_route=%2Fwp%2Fv2%2Ftags&post=88773"}],"curies":[{"name":"wp","href":"https:\/\/api.w.org\/{rel}","templated":true}]}}