{"id":88918,"date":"2022-04-21T18:31:23","date_gmt":"2022-04-21T23:31:23","guid":{"rendered":"https:\/\/lospoliticosveracruz.com.mx\/?p=88918"},"modified":"2022-04-21T18:31:31","modified_gmt":"2022-04-21T23:31:31","slug":"dos-presidentes-en-veracruz","status":"publish","type":"post","link":"https:\/\/lospoliticosveracruz.com\/?p=88918","title":{"rendered":"Dos Presidentes en Veracruz"},"content":{"rendered":"\n<p><\/p>\n\n\n\n<p><br><strong>Salvador Figueras<\/strong><br><em>Rebambaramba<\/em><\/p>\n\n\n\n<p>Los constantes resultados de Sergio Guti\u00e9rrez Luna desde diferentes frentes como la C\u00e1mara de Diputados, el Consejo General del INE, como pol\u00edtico, morenista, rockero, eficaz promotor de su tierra, Veracruz, generan disgustos, envidias, rencores y celos.<br>Como pocos, el minatitleco combina su papel como Presidente de la C\u00e1mara de Diputados, representante popular \u201ca ras de suelo\u201d y militante.<br>La eficacia, el \u00edmpetu, los resultados y la innovaci\u00f3n le permite estar cerca de sus paisanos comiendo chanchamitos y \u201cjochos\u201d.<br>Y tambi\u00e9n con el Presidente Andr\u00e9s Manuel L\u00f3pez Obrador.<br>El ejemplo m\u00e1s reciente, este 21 de abril, en la ceremonia por el 108 Aniversario de la Defensa del Puerto de Veracruz realizada en la Heroica Escuela Naval Militar de Ant\u00f3n Lizardo.<br>Tiene \u00edmpetu y dinamismo. Esas caracter\u00edsticas le permiten desarrollar una agenda m\u00faltiple.<br>Atiende la Presidencia de la C\u00e1mara y abre las puertas de sus oficinas para escuchar y apoyar a obreros, campesinos, empresarios, transportistas, l\u00edderes sociales y de asociaciones civiles.<br>Como legislador federal ha impulsado 35 iniciativas en temas diversos que van desde Agricultura y Apicultura, hasta Derechos Reproductivos pasando por la Austeridad Electoral y Republicana, Medio Ambiente, Migraci\u00f3n, Objeci\u00f3n de conciencia, Penal, Prevenci\u00f3n y sanci\u00f3n de delitos.<br>Su participaci\u00f3n en temas como la favorable votaci\u00f3n a favor del Presupuesto 2022 que atiende a Adultos Mayores, J\u00f3venes Construyendo el Futuro, Sembrando Vida y Bienpesca muestran la sensibilidad social que tiene.<br>El 6 de marzo, con sus compa\u00f1eros de bancada de MORENA, PVEM y PT realiz\u00f3 una amplia difusi\u00f3n del contenido de la Reforma El\u00e9ctrica. Un foro regional en Minatitl\u00e1n al que asistieron miles de personas de la regi\u00f3n y medio centenar de diputados comprob\u00f3 el poder de convocatoria y de organizaci\u00f3n de Guti\u00e9rrez Luna.<br>El 10 de marzo pasado logr\u00f3 que una mayor\u00eda legislativa aprobara una reforma que permitir\u00eda a funcionarios hablar libremente de la Revocaci\u00f3n de Mandato.<br>Volvi\u00f3 a mostrar su oficio pol\u00edtico.<br>Apenas el lunes 18 de abril, con el respaldo de los legisladores de la Cuarta Transformaci\u00f3n, y con Sergio Guti\u00e9rrez presidiendo la sesi\u00f3n se aprobaron reformas a la Ley Minera que lleva a la nacionalizaci\u00f3n del litio.<br>Otro trabajo eficaz.<br>Y en un esfuerzo conjunto con sus paisanos veracruzanos, desde P\u00e1nuco hasta Las Choapas, se realiz\u00f3 una incomparable muestra de la riqueza diversa de Veracruz que, por primera vez, -en esta magnitud- se ha presentado en la C\u00e1mara de Diputados. Los testimonios de los participantes y el auditorio lo dicen todo.<br>Impetuoso, pero propositivo. Desafiante, cort\u00e9s y con oficio pol\u00edtico, as\u00ed va Sergio Guti\u00e9rrez Luna.<br>Su presencia en la C\u00e1mara de Diputados, y en Veracruz, marca el ritmo.<\/p>\n","protected":false},"excerpt":{"rendered":"<p>Salvador FiguerasRebambaramba Los constantes resultados de Sergio Guti\u00e9rrez Luna desde diferentes frentes como la C\u00e1mara de Diputados, el Consejo General del INE, como pol\u00edtico, morenista, rockero, eficaz promotor de su tierra, Veracruz, generan disgustos, envidias, rencores y celos.Como pocos, el minatitleco combina su papel como Presidente de la C\u00e1mara de Diputados, representante popular \u201ca ras [&hellip;]<\/p>\n","protected":false},"author":2,"featured_media":0,"comment_status":"closed","ping_status":"closed","sticky":false,"template":"","format":"standard","meta":{"tdm_status":"","tdm_grid_status":"","footnotes":""},"categories":[70],"tags":[618,32877,1026,32947,16147,195],"class_list":{"0":"post-88918","1":"post","2":"type-post","3":"status-publish","4":"format-standard","6":"category-de-opinion","7":"tag-andres-manuel-lopez-obrador","8":"tag-ley-minera","9":"tag-morena","10":"tag-salvador-figueras","11":"tag-sergio-gutierrez-luna","12":"tag-veracruz"},"yoast_head":"<!-- This site is optimized with the Yoast SEO plugin v27.4 - https:\/\/yoast.com\/product\/yoast-seo-wordpress\/ -->\n<title>Dos Presidentes en Veracruz - Los pol\u00edticos Veracruz<\/title>\n<meta name=\"robots\" content=\"index, follow, max-snippet:-1, max-image-preview:large, max-video-preview:-1\" \/>\n<link rel=\"canonical\" href=\"https:\/\/lospoliticosveracruz.com\/?p=88918\" \/>\n<meta property=\"og:locale\" content=\"es_ES\" \/>\n<meta property=\"og:type\" content=\"article\" \/>\n<meta property=\"og:title\" content=\"Dos Presidentes en Veracruz - Los pol\u00edticos Veracruz\" \/>\n<meta property=\"og:description\" content=\"Salvador FiguerasRebambaramba Los constantes resultados de Sergio Guti\u00e9rrez Luna desde diferentes frentes como la C\u00e1mara de Diputados, el Consejo General del INE, como pol\u00edtico, morenista, rockero, eficaz promotor de su tierra, Veracruz, generan disgustos, envidias, rencores y celos.Como pocos, el minatitleco combina su papel como Presidente de la C\u00e1mara de Diputados, representante popular \u201ca ras [&hellip;]\" \/>\n<meta property=\"og:url\" content=\"https:\/\/lospoliticosveracruz.com\/?p=88918\" \/>\n<meta property=\"og:site_name\" content=\"Los pol\u00edticos Veracruz\" \/>\n<meta property=\"article:publisher\" content=\"https:\/\/www.facebook.com\/people\/Notimemes-de-los-Polticos\/61565672886568\/\" \/>\n<meta property=\"article:published_time\" content=\"2022-04-21T23:31:23+00:00\" \/>\n<meta property=\"article:modified_time\" content=\"2022-04-21T23:31:31+00:00\" \/>\n<meta property=\"og:image\" content=\"https:\/\/lospoliticosveracruz.com\/wp-content\/uploads\/2016\/07\/Logo-Dor.jpg\" \/>\n\t<meta property=\"og:image:width\" content=\"200\" \/>\n\t<meta property=\"og:image:height\" content=\"200\" \/>\n\t<meta property=\"og:image:type\" content=\"image\/jpeg\" \/>\n<meta name=\"author\" content=\"Lo viste en Los Pol\u00edticos\" \/>\n<meta name=\"twitter:card\" content=\"summary_large_image\" \/>\n<meta name=\"twitter:creator\" content=\"@LosPoliticosVer\" \/>\n<meta name=\"twitter:site\" content=\"@LosPoliticosVer\" \/>\n<meta name=\"twitter:label1\" content=\"Escrito por\" \/>\n\t<meta name=\"twitter:data1\" content=\"Lo viste en Los Pol\u00edticos\" \/>\n\t<meta name=\"twitter:label2\" content=\"Tiempo de lectura\" \/>\n\t<meta name=\"twitter:data2\" content=\"2 minutos\" \/>\n<script type=\"application\/ld+json\" class=\"yoast-schema-graph\">{\"@context\":\"https:\\\/\\\/schema.org\",\"@graph\":[{\"@type\":\"Article\",\"@id\":\"https:\\\/\\\/lospoliticosveracruz.com\\\/?p=88918#article\",\"isPartOf\":{\"@id\":\"https:\\\/\\\/lospoliticosveracruz.com\\\/?p=88918\"},\"author\":{\"name\":\"Lo viste en Los Pol\u00edticos\",\"@id\":\"https:\\\/\\\/lospoliticosveracruz.com\\\/#\\\/schema\\\/person\\\/b8702bb0e538456e6efd07080bf2a4a2\"},\"headline\":\"Dos Presidentes en Veracruz\",\"datePublished\":\"2022-04-21T23:31:23+00:00\",\"dateModified\":\"2022-04-21T23:31:31+00:00\",\"mainEntityOfPage\":{\"@id\":\"https:\\\/\\\/lospoliticosveracruz.com\\\/?p=88918\"},\"wordCount\":473,\"publisher\":{\"@id\":\"https:\\\/\\\/lospoliticosveracruz.com\\\/#organization\"},\"keywords\":[\"Andr\u00e9s Manuel L\u00f3pez Obrador\",\"Ley minera\",\"Morena\",\"Salvador Figueras\",\"Sergio Guti\u00e9rrez Luna\",\"Veracruz\"],\"articleSection\":[\"De Opini\u00f3n\"],\"inLanguage\":\"es\"},{\"@type\":\"WebPage\",\"@id\":\"https:\\\/\\\/lospoliticosveracruz.com\\\/?p=88918\",\"url\":\"https:\\\/\\\/lospoliticosveracruz.com\\\/?p=88918\",\"name\":\"Dos Presidentes en Veracruz - Los pol\u00edticos Veracruz\",\"isPartOf\":{\"@id\":\"https:\\\/\\\/lospoliticosveracruz.com\\\/#website\"},\"datePublished\":\"2022-04-21T23:31:23+00:00\",\"dateModified\":\"2022-04-21T23:31:31+00:00\",\"breadcrumb\":{\"@id\":\"https:\\\/\\\/lospoliticosveracruz.com\\\/?p=88918#breadcrumb\"},\"inLanguage\":\"es\",\"potentialAction\":[{\"@type\":\"ReadAction\",\"target\":[\"https:\\\/\\\/lospoliticosveracruz.com\\\/?p=88918\"]}]},{\"@type\":\"BreadcrumbList\",\"@id\":\"https:\\\/\\\/lospoliticosveracruz.com\\\/?p=88918#breadcrumb\",\"itemListElement\":[{\"@type\":\"ListItem\",\"position\":1,\"name\":\"Portada\",\"item\":\"https:\\\/\\\/lospoliticosveracruz.com\\\/\"},{\"@type\":\"ListItem\",\"position\":2,\"name\":\"Dos Presidentes en Veracruz\"}]},{\"@type\":\"WebSite\",\"@id\":\"https:\\\/\\\/lospoliticosveracruz.com\\\/#website\",\"url\":\"https:\\\/\\\/lospoliticosveracruz.com\\\/\",\"name\":\"Los pol\u00edticos Veracruz\",\"description\":\"\",\"publisher\":{\"@id\":\"https:\\\/\\\/lospoliticosveracruz.com\\\/#organization\"},\"potentialAction\":[{\"@type\":\"SearchAction\",\"target\":{\"@type\":\"EntryPoint\",\"urlTemplate\":\"https:\\\/\\\/lospoliticosveracruz.com\\\/?s={search_term_string}\"},\"query-input\":{\"@type\":\"PropertyValueSpecification\",\"valueRequired\":true,\"valueName\":\"search_term_string\"}}],\"inLanguage\":\"es\"},{\"@type\":\"Organization\",\"@id\":\"https:\\\/\\\/lospoliticosveracruz.com\\\/#organization\",\"name\":\"Los pol\u00edticos Veracruz\",\"url\":\"https:\\\/\\\/lospoliticosveracruz.com\\\/\",\"logo\":{\"@type\":\"ImageObject\",\"inLanguage\":\"es\",\"@id\":\"https:\\\/\\\/lospoliticosveracruz.com\\\/#\\\/schema\\\/logo\\\/image\\\/\",\"url\":\"https:\\\/\\\/lospoliticosveracruz.com\\\/wp-content\\\/uploads\\\/2025\\\/12\\\/Logo-Nuevo-LOS-POLITICOS-1.jpg\",\"contentUrl\":\"https:\\\/\\\/lospoliticosveracruz.com\\\/wp-content\\\/uploads\\\/2025\\\/12\\\/Logo-Nuevo-LOS-POLITICOS-1.jpg\",\"width\":260,\"height\":70,\"caption\":\"Los pol\u00edticos Veracruz\"},\"image\":{\"@id\":\"https:\\\/\\\/lospoliticosveracruz.com\\\/#\\\/schema\\\/logo\\\/image\\\/\"},\"sameAs\":[\"https:\\\/\\\/www.facebook.com\\\/people\\\/Notimemes-de-los-Polticos\\\/61565672886568\\\/\",\"https:\\\/\\\/x.com\\\/LosPoliticosVer\"]},{\"@type\":\"Person\",\"@id\":\"https:\\\/\\\/lospoliticosveracruz.com\\\/#\\\/schema\\\/person\\\/b8702bb0e538456e6efd07080bf2a4a2\",\"name\":\"Lo viste en Los Pol\u00edticos\",\"image\":{\"@type\":\"ImageObject\",\"inLanguage\":\"es\",\"@id\":\"https:\\\/\\\/secure.gravatar.com\\\/avatar\\\/3a8de04a2656d44082be478bd6c086daa447c4651605818287b9532d3d0bd435?s=96&d=mm&r=g\",\"url\":\"https:\\\/\\\/secure.gravatar.com\\\/avatar\\\/3a8de04a2656d44082be478bd6c086daa447c4651605818287b9532d3d0bd435?s=96&d=mm&r=g\",\"contentUrl\":\"https:\\\/\\\/secure.gravatar.com\\\/avatar\\\/3a8de04a2656d44082be478bd6c086daa447c4651605818287b9532d3d0bd435?s=96&d=mm&r=g\",\"caption\":\"Lo viste en Los Pol\u00edticos\"},\"url\":\"https:\\\/\\\/lospoliticosveracruz.com\\\/?author=2\"}]}<\/script>\n<!-- \/ Yoast SEO plugin. -->","yoast_head_json":{"title":"Dos Presidentes en Veracruz - Los pol\u00edticos Veracruz","robots":{"index":"index","follow":"follow","max-snippet":"max-snippet:-1","max-image-preview":"max-image-preview:large","max-video-preview":"max-video-preview:-1"},"canonical":"https:\/\/lospoliticosveracruz.com\/?p=88918","og_locale":"es_ES","og_type":"article","og_title":"Dos Presidentes en Veracruz - Los pol\u00edticos Veracruz","og_description":"Salvador FiguerasRebambaramba Los constantes resultados de Sergio Guti\u00e9rrez Luna desde diferentes frentes como la C\u00e1mara de Diputados, el Consejo General del INE, como pol\u00edtico, morenista, rockero, eficaz promotor de su tierra, Veracruz, generan disgustos, envidias, rencores y celos.Como pocos, el minatitleco combina su papel como Presidente de la C\u00e1mara de Diputados, representante popular \u201ca ras [&hellip;]","og_url":"https:\/\/lospoliticosveracruz.com\/?p=88918","og_site_name":"Los pol\u00edticos Veracruz","article_publisher":"https:\/\/www.facebook.com\/people\/Notimemes-de-los-Polticos\/61565672886568\/","article_published_time":"2022-04-21T23:31:23+00:00","article_modified_time":"2022-04-21T23:31:31+00:00","og_image":[{"width":200,"height":200,"url":"https:\/\/lospoliticosveracruz.com\/wp-content\/uploads\/2016\/07\/Logo-Dor.jpg","type":"image\/jpeg"}],"author":"Lo viste en Los Pol\u00edticos","twitter_card":"summary_large_image","twitter_creator":"@LosPoliticosVer","twitter_site":"@LosPoliticosVer","twitter_misc":{"Escrito por":"Lo viste en Los Pol\u00edticos","Tiempo de lectura":"2 minutos"},"schema":{"@context":"https:\/\/schema.org","@graph":[{"@type":"Article","@id":"https:\/\/lospoliticosveracruz.com\/?p=88918#article","isPartOf":{"@id":"https:\/\/lospoliticosveracruz.com\/?p=88918"},"author":{"name":"Lo viste en Los Pol\u00edticos","@id":"https:\/\/lospoliticosveracruz.com\/#\/schema\/person\/b8702bb0e538456e6efd07080bf2a4a2"},"headline":"Dos Presidentes en Veracruz","datePublished":"2022-04-21T23:31:23+00:00","dateModified":"2022-04-21T23:31:31+00:00","mainEntityOfPage":{"@id":"https:\/\/lospoliticosveracruz.com\/?p=88918"},"wordCount":473,"publisher":{"@id":"https:\/\/lospoliticosveracruz.com\/#organization"},"keywords":["Andr\u00e9s Manuel L\u00f3pez Obrador","Ley minera","Morena","Salvador Figueras","Sergio Guti\u00e9rrez Luna","Veracruz"],"articleSection":["De Opini\u00f3n"],"inLanguage":"es"},{"@type":"WebPage","@id":"https:\/\/lospoliticosveracruz.com\/?p=88918","url":"https:\/\/lospoliticosveracruz.com\/?p=88918","name":"Dos Presidentes en Veracruz - Los pol\u00edticos Veracruz","isPartOf":{"@id":"https:\/\/lospoliticosveracruz.com\/#website"},"datePublished":"2022-04-21T23:31:23+00:00","dateModified":"2022-04-21T23:31:31+00:00","breadcrumb":{"@id":"https:\/\/lospoliticosveracruz.com\/?p=88918#breadcrumb"},"inLanguage":"es","potentialAction":[{"@type":"ReadAction","target":["https:\/\/lospoliticosveracruz.com\/?p=88918"]}]},{"@type":"BreadcrumbList","@id":"https:\/\/lospoliticosveracruz.com\/?p=88918#breadcrumb","itemListElement":[{"@type":"ListItem","position":1,"name":"Portada","item":"https:\/\/lospoliticosveracruz.com\/"},{"@type":"ListItem","position":2,"name":"Dos Presidentes en Veracruz"}]},{"@type":"WebSite","@id":"https:\/\/lospoliticosveracruz.com\/#website","url":"https:\/\/lospoliticosveracruz.com\/","name":"Los pol\u00edticos Veracruz","description":"","publisher":{"@id":"https:\/\/lospoliticosveracruz.com\/#organization"},"potentialAction":[{"@type":"SearchAction","target":{"@type":"EntryPoint","urlTemplate":"https:\/\/lospoliticosveracruz.com\/?s={search_term_string}"},"query-input":{"@type":"PropertyValueSpecification","valueRequired":true,"valueName":"search_term_string"}}],"inLanguage":"es"},{"@type":"Organization","@id":"https:\/\/lospoliticosveracruz.com\/#organization","name":"Los pol\u00edticos Veracruz","url":"https:\/\/lospoliticosveracruz.com\/","logo":{"@type":"ImageObject","inLanguage":"es","@id":"https:\/\/lospoliticosveracruz.com\/#\/schema\/logo\/image\/","url":"https:\/\/lospoliticosveracruz.com\/wp-content\/uploads\/2025\/12\/Logo-Nuevo-LOS-POLITICOS-1.jpg","contentUrl":"https:\/\/lospoliticosveracruz.com\/wp-content\/uploads\/2025\/12\/Logo-Nuevo-LOS-POLITICOS-1.jpg","width":260,"height":70,"caption":"Los pol\u00edticos Veracruz"},"image":{"@id":"https:\/\/lospoliticosveracruz.com\/#\/schema\/logo\/image\/"},"sameAs":["https:\/\/www.facebook.com\/people\/Notimemes-de-los-Polticos\/61565672886568\/","https:\/\/x.com\/LosPoliticosVer"]},{"@type":"Person","@id":"https:\/\/lospoliticosveracruz.com\/#\/schema\/person\/b8702bb0e538456e6efd07080bf2a4a2","name":"Lo viste en Los Pol\u00edticos","image":{"@type":"ImageObject","inLanguage":"es","@id":"https:\/\/secure.gravatar.com\/avatar\/3a8de04a2656d44082be478bd6c086daa447c4651605818287b9532d3d0bd435?s=96&d=mm&r=g","url":"https:\/\/secure.gravatar.com\/avatar\/3a8de04a2656d44082be478bd6c086daa447c4651605818287b9532d3d0bd435?s=96&d=mm&r=g","contentUrl":"https:\/\/secure.gravatar.com\/avatar\/3a8de04a2656d44082be478bd6c086daa447c4651605818287b9532d3d0bd435?s=96&d=mm&r=g","caption":"Lo viste en Los Pol\u00edticos"},"url":"https:\/\/lospoliticosveracruz.com\/?author=2"}]}},"_links":{"self":[{"href":"https:\/\/lospoliticosveracruz.com\/index.php?rest_route=\/wp\/v2\/posts\/88918","targetHints":{"allow":["GET"]}}],"collection":[{"href":"https:\/\/lospoliticosveracruz.com\/index.php?rest_route=\/wp\/v2\/posts"}],"about":[{"href":"https:\/\/lospoliticosveracruz.com\/index.php?rest_route=\/wp\/v2\/types\/post"}],"author":[{"embeddable":true,"href":"https:\/\/lospoliticosveracruz.com\/index.php?rest_route=\/wp\/v2\/users\/2"}],"replies":[{"embeddable":true,"href":"https:\/\/lospoliticosveracruz.com\/index.php?rest_route=%2Fwp%2Fv2%2Fcomments&post=88918"}],"version-history":[{"count":1,"href":"https:\/\/lospoliticosveracruz.com\/index.php?rest_route=\/wp\/v2\/posts\/88918\/revisions"}],"predecessor-version":[{"id":88920,"href":"https:\/\/lospoliticosveracruz.com\/index.php?rest_route=\/wp\/v2\/posts\/88918\/revisions\/88920"}],"wp:attachment":[{"href":"https:\/\/lospoliticosveracruz.com\/index.php?rest_route=%2Fwp%2Fv2%2Fmedia&parent=88918"}],"wp:term":[{"taxonomy":"category","embeddable":true,"href":"https:\/\/lospoliticosveracruz.com\/index.php?rest_route=%2Fwp%2Fv2%2Fcategories&post=88918"},{"taxonomy":"post_tag","embeddable":true,"href":"https:\/\/lospoliticosveracruz.com\/index.php?rest_route=%2Fwp%2Fv2%2Ftags&post=88918"}],"curies":[{"name":"wp","href":"https:\/\/api.w.org\/{rel}","templated":true}]}}