{"id":88975,"date":"2022-04-23T08:43:40","date_gmt":"2022-04-23T13:43:40","guid":{"rendered":"https:\/\/lospoliticosveracruz.com.mx\/?p=88975"},"modified":"2022-04-23T08:43:47","modified_gmt":"2022-04-23T13:43:47","slug":"senales-de-alarma","status":"publish","type":"post","link":"https:\/\/lospoliticosveracruz.com\/?p=88975","title":{"rendered":"Se\u00f1ales de Alarma"},"content":{"rendered":"\n<p><br><strong>Brenda Caballero<\/strong><\/p>\n\n\n\n<p><em>N\u00fameros Rojos<\/em><br><br><\/p>\n\n\n\n<p>Algo no est\u00e1 bien cuando las se\u00f1ales que mandan las redes sociales est\u00e1n llenas de fotos de mujeres desaparecidas pidiendo los usurarios compartir las publicaciones para encontrarlas\u2026<br>Cuando se publica la silueta de Debahni despu\u00e9s de ser encontrado su cuerpo en una cisterna, donde presuntamente se cay\u00f3 por accidente hace m\u00e1s de 10 d\u00edas\u2026<br>Cuando a Juana la asesina un vecino en su propia casa por presuntos pleitos de uso de espacios comunes\u2026<br>Actualmente hablamos tanto de \u201cSe\u00f1ales pol\u00edticas\u201d que olvidamos las m\u00e1s importantes: las se\u00f1ales sociales, las cuales son alarmantes si de mujeres se trata.<br>No hay un d\u00eda en que no se comparta una desaparici\u00f3n, un asesinato o un feminicidio.<br>De acuerdo a las cifras del \u00faltimo informe del Secretariado Ejecutivo del Sistema Nacional de Seguridad P\u00fablica en enero-febrero han sido asesinadas m\u00e1s de 850 mujeres en el pa\u00eds, lo que significa 10 mujeres en promedio diariamente.<br>El mismo Secretariado reporta para Veracruz 21 feminicidios, mientras que el<br>Observatorio de Violencia contra las Mujeres de la Universidad Veracruzana (OUVMujeres) indica que han sido 22 asesinatos&nbsp;de&nbsp;mujeres&nbsp;por su condici\u00f3n de g\u00e9nero entre enero y febrero de 2022 en el estado.<br>Ni hablar de las desaparecidas que si no se viralizan sus casos en redes sociales, pasan desapercibidas para ser parte de una cifra m\u00e1s.<br>Lo que acontece es preocupante para todos, no solamente para las mujeres. Pensemos en hombres aliados a la causa feminista que tienen hijas, esposas, madres, amigas y familiares, como Don Mario que no ces\u00f3 la b\u00fasqueda de su hija hasta encontrarla. Que al igual que \u00e9l, buscan a sus mujeres desaparecidas y exigen justicia una y otra vez, sin que su voz haga eco en la implementaci\u00f3n de pol\u00edticas p\u00fablicas que solucionen la violencia, feminicidios y desapariciones que acontecen d\u00eda a d\u00eda.<br>Este domingo ya se invita a marchar para exigir justicia por la muerte de Juana. Ojal\u00e1 y las autoridades volteen a verla y pongan manos a la obra para que Veracruz baje de ese segundo lugar en feminicidios que tiene a nivel nacional.<\/p>\n\n\n\n<p><em><strong>Jal\u00f3n a la FGEV<\/strong><\/em><br>Por cierto, a pesar de que en Veracruz existe en el C\u00f3digo Penal para el Estado de Veracruz, en su cap\u00edtulo II Contra El Respeto a los Muertos, se \u201cvolvieron a filtrar\u201d fotos de Juana asesinada en el ba\u00f1o de su domicilio.<br>Dicho Cap\u00edtulo (reformado, el 3 de junio de 2019) en su art\u00edculo 298 fracci\u00f3n IV dice: \u201cSe impondr\u00e1n prisi\u00f3n de uno a cinco a\u00f1os y multa hasta de cien Unidades de Medida y Actualizaci\u00f3n a quien:\u201d<br>\u201c\u2026IV. Fotograf\u00ede, videograbe o difunda im\u00e1genes de un cad\u00e1ver o restos humanos que se encuentren bajo resguardo de una instituci\u00f3n de naturaleza forense, sin estar legalmente facultado para ello o para fines distintos a los establecidos en la Ley\u201d. Agrega: \u201cEn el caso previsto en la fracci\u00f3n IV, si quien comete este delito es servidor p\u00fablico o ejerce una profesi\u00f3n y utiliza los medios o circunstancias derivadas de ello y tiene bajo su custodia o resguardo un cad\u00e1ver o restos.<br>Lamentable cuando ya hasta Veracruz armoniza la Ley Ingrid.<\/p>\n\n\n\n<p>caballero_brenda@hotmail.com<br>@NumerosRojos_BC<\/p>\n","protected":false},"excerpt":{"rendered":"<p>Brenda Caballero N\u00fameros Rojos Algo no est\u00e1 bien cuando las se\u00f1ales que mandan las redes sociales est\u00e1n llenas de fotos de mujeres desaparecidas pidiendo los usurarios compartir las publicaciones para encontrarlas\u2026Cuando se publica la silueta de Debahni despu\u00e9s de ser encontrado su cuerpo en una cisterna, donde presuntamente se cay\u00f3 por accidente hace m\u00e1s de [&hellip;]<\/p>\n","protected":false},"author":2,"featured_media":0,"comment_status":"closed","ping_status":"closed","sticky":false,"template":"","format":"standard","meta":{"tdm_status":"","tdm_grid_status":"","footnotes":""},"categories":[70],"tags":[2687,32960,5175,1257,9072,32961,4182,3360],"class_list":{"0":"post-88975","1":"post","2":"type-post","3":"status-publish","4":"format-standard","6":"category-de-opinion","7":"tag-brenda-caballero","8":"tag-debahni","9":"tag-desaparicion","10":"tag-feminicidio","11":"tag-homicidio","12":"tag-juana","13":"tag-violencia-contra-las-mujeres","14":"tag-violencia-de-genero"},"yoast_head":"<!-- This site is optimized with the Yoast SEO plugin v27.4 - https:\/\/yoast.com\/product\/yoast-seo-wordpress\/ -->\n<title>Se\u00f1ales de Alarma - Los pol\u00edticos Veracruz<\/title>\n<meta name=\"robots\" content=\"index, follow, max-snippet:-1, max-image-preview:large, max-video-preview:-1\" \/>\n<link rel=\"canonical\" href=\"https:\/\/lospoliticosveracruz.com\/?p=88975\" \/>\n<meta property=\"og:locale\" content=\"es_ES\" \/>\n<meta property=\"og:type\" content=\"article\" \/>\n<meta property=\"og:title\" content=\"Se\u00f1ales de Alarma - Los pol\u00edticos Veracruz\" \/>\n<meta property=\"og:description\" content=\"Brenda Caballero N\u00fameros Rojos Algo no est\u00e1 bien cuando las se\u00f1ales que mandan las redes sociales est\u00e1n llenas de fotos de mujeres desaparecidas pidiendo los usurarios compartir las publicaciones para encontrarlas\u2026Cuando se publica la silueta de Debahni despu\u00e9s de ser encontrado su cuerpo en una cisterna, donde presuntamente se cay\u00f3 por accidente hace m\u00e1s de [&hellip;]\" \/>\n<meta property=\"og:url\" content=\"https:\/\/lospoliticosveracruz.com\/?p=88975\" \/>\n<meta property=\"og:site_name\" content=\"Los pol\u00edticos Veracruz\" \/>\n<meta property=\"article:publisher\" content=\"https:\/\/www.facebook.com\/people\/Notimemes-de-los-Polticos\/61565672886568\/\" \/>\n<meta property=\"article:published_time\" content=\"2022-04-23T13:43:40+00:00\" \/>\n<meta property=\"article:modified_time\" content=\"2022-04-23T13:43:47+00:00\" \/>\n<meta property=\"og:image\" content=\"https:\/\/lospoliticosveracruz.com\/wp-content\/uploads\/2016\/07\/Logo-Dor.jpg\" \/>\n\t<meta property=\"og:image:width\" content=\"200\" \/>\n\t<meta property=\"og:image:height\" content=\"200\" \/>\n\t<meta property=\"og:image:type\" content=\"image\/jpeg\" \/>\n<meta name=\"author\" content=\"Lo viste en Los Pol\u00edticos\" \/>\n<meta name=\"twitter:card\" content=\"summary_large_image\" \/>\n<meta name=\"twitter:creator\" content=\"@LosPoliticosVer\" \/>\n<meta name=\"twitter:site\" content=\"@LosPoliticosVer\" \/>\n<meta name=\"twitter:label1\" content=\"Escrito por\" \/>\n\t<meta name=\"twitter:data1\" content=\"Lo viste en Los Pol\u00edticos\" \/>\n\t<meta name=\"twitter:label2\" content=\"Tiempo de lectura\" \/>\n\t<meta name=\"twitter:data2\" content=\"3 minutos\" \/>\n<script type=\"application\/ld+json\" class=\"yoast-schema-graph\">{\"@context\":\"https:\\\/\\\/schema.org\",\"@graph\":[{\"@type\":\"Article\",\"@id\":\"https:\\\/\\\/lospoliticosveracruz.com\\\/?p=88975#article\",\"isPartOf\":{\"@id\":\"https:\\\/\\\/lospoliticosveracruz.com\\\/?p=88975\"},\"author\":{\"name\":\"Lo viste en Los Pol\u00edticos\",\"@id\":\"https:\\\/\\\/lospoliticosveracruz.com\\\/#\\\/schema\\\/person\\\/b8702bb0e538456e6efd07080bf2a4a2\"},\"headline\":\"Se\u00f1ales de Alarma\",\"datePublished\":\"2022-04-23T13:43:40+00:00\",\"dateModified\":\"2022-04-23T13:43:47+00:00\",\"mainEntityOfPage\":{\"@id\":\"https:\\\/\\\/lospoliticosveracruz.com\\\/?p=88975\"},\"wordCount\":563,\"publisher\":{\"@id\":\"https:\\\/\\\/lospoliticosveracruz.com\\\/#organization\"},\"keywords\":[\"Brenda Caballero\",\"Debahni\",\"desaparici\u00f3n\",\"feminicidio\",\"homicidio\",\"Juana\",\"Violencia contra las mujeres\",\"violencia de g\u00e9nero\"],\"articleSection\":[\"De Opini\u00f3n\"],\"inLanguage\":\"es\"},{\"@type\":\"WebPage\",\"@id\":\"https:\\\/\\\/lospoliticosveracruz.com\\\/?p=88975\",\"url\":\"https:\\\/\\\/lospoliticosveracruz.com\\\/?p=88975\",\"name\":\"Se\u00f1ales de Alarma - Los pol\u00edticos Veracruz\",\"isPartOf\":{\"@id\":\"https:\\\/\\\/lospoliticosveracruz.com\\\/#website\"},\"datePublished\":\"2022-04-23T13:43:40+00:00\",\"dateModified\":\"2022-04-23T13:43:47+00:00\",\"breadcrumb\":{\"@id\":\"https:\\\/\\\/lospoliticosveracruz.com\\\/?p=88975#breadcrumb\"},\"inLanguage\":\"es\",\"potentialAction\":[{\"@type\":\"ReadAction\",\"target\":[\"https:\\\/\\\/lospoliticosveracruz.com\\\/?p=88975\"]}]},{\"@type\":\"BreadcrumbList\",\"@id\":\"https:\\\/\\\/lospoliticosveracruz.com\\\/?p=88975#breadcrumb\",\"itemListElement\":[{\"@type\":\"ListItem\",\"position\":1,\"name\":\"Portada\",\"item\":\"https:\\\/\\\/lospoliticosveracruz.com\\\/\"},{\"@type\":\"ListItem\",\"position\":2,\"name\":\"Se\u00f1ales de Alarma\"}]},{\"@type\":\"WebSite\",\"@id\":\"https:\\\/\\\/lospoliticosveracruz.com\\\/#website\",\"url\":\"https:\\\/\\\/lospoliticosveracruz.com\\\/\",\"name\":\"Los pol\u00edticos Veracruz\",\"description\":\"\",\"publisher\":{\"@id\":\"https:\\\/\\\/lospoliticosveracruz.com\\\/#organization\"},\"potentialAction\":[{\"@type\":\"SearchAction\",\"target\":{\"@type\":\"EntryPoint\",\"urlTemplate\":\"https:\\\/\\\/lospoliticosveracruz.com\\\/?s={search_term_string}\"},\"query-input\":{\"@type\":\"PropertyValueSpecification\",\"valueRequired\":true,\"valueName\":\"search_term_string\"}}],\"inLanguage\":\"es\"},{\"@type\":\"Organization\",\"@id\":\"https:\\\/\\\/lospoliticosveracruz.com\\\/#organization\",\"name\":\"Los pol\u00edticos Veracruz\",\"url\":\"https:\\\/\\\/lospoliticosveracruz.com\\\/\",\"logo\":{\"@type\":\"ImageObject\",\"inLanguage\":\"es\",\"@id\":\"https:\\\/\\\/lospoliticosveracruz.com\\\/#\\\/schema\\\/logo\\\/image\\\/\",\"url\":\"https:\\\/\\\/lospoliticosveracruz.com\\\/wp-content\\\/uploads\\\/2025\\\/12\\\/Logo-Nuevo-LOS-POLITICOS-1.jpg\",\"contentUrl\":\"https:\\\/\\\/lospoliticosveracruz.com\\\/wp-content\\\/uploads\\\/2025\\\/12\\\/Logo-Nuevo-LOS-POLITICOS-1.jpg\",\"width\":260,\"height\":70,\"caption\":\"Los pol\u00edticos Veracruz\"},\"image\":{\"@id\":\"https:\\\/\\\/lospoliticosveracruz.com\\\/#\\\/schema\\\/logo\\\/image\\\/\"},\"sameAs\":[\"https:\\\/\\\/www.facebook.com\\\/people\\\/Notimemes-de-los-Polticos\\\/61565672886568\\\/\",\"https:\\\/\\\/x.com\\\/LosPoliticosVer\"]},{\"@type\":\"Person\",\"@id\":\"https:\\\/\\\/lospoliticosveracruz.com\\\/#\\\/schema\\\/person\\\/b8702bb0e538456e6efd07080bf2a4a2\",\"name\":\"Lo viste en Los Pol\u00edticos\",\"image\":{\"@type\":\"ImageObject\",\"inLanguage\":\"es\",\"@id\":\"https:\\\/\\\/secure.gravatar.com\\\/avatar\\\/3a8de04a2656d44082be478bd6c086daa447c4651605818287b9532d3d0bd435?s=96&d=mm&r=g\",\"url\":\"https:\\\/\\\/secure.gravatar.com\\\/avatar\\\/3a8de04a2656d44082be478bd6c086daa447c4651605818287b9532d3d0bd435?s=96&d=mm&r=g\",\"contentUrl\":\"https:\\\/\\\/secure.gravatar.com\\\/avatar\\\/3a8de04a2656d44082be478bd6c086daa447c4651605818287b9532d3d0bd435?s=96&d=mm&r=g\",\"caption\":\"Lo viste en Los Pol\u00edticos\"},\"url\":\"https:\\\/\\\/lospoliticosveracruz.com\\\/?author=2\"}]}<\/script>\n<!-- \/ Yoast SEO plugin. -->","yoast_head_json":{"title":"Se\u00f1ales de Alarma - Los pol\u00edticos Veracruz","robots":{"index":"index","follow":"follow","max-snippet":"max-snippet:-1","max-image-preview":"max-image-preview:large","max-video-preview":"max-video-preview:-1"},"canonical":"https:\/\/lospoliticosveracruz.com\/?p=88975","og_locale":"es_ES","og_type":"article","og_title":"Se\u00f1ales de Alarma - Los pol\u00edticos Veracruz","og_description":"Brenda Caballero N\u00fameros Rojos Algo no est\u00e1 bien cuando las se\u00f1ales que mandan las redes sociales est\u00e1n llenas de fotos de mujeres desaparecidas pidiendo los usurarios compartir las publicaciones para encontrarlas\u2026Cuando se publica la silueta de Debahni despu\u00e9s de ser encontrado su cuerpo en una cisterna, donde presuntamente se cay\u00f3 por accidente hace m\u00e1s de [&hellip;]","og_url":"https:\/\/lospoliticosveracruz.com\/?p=88975","og_site_name":"Los pol\u00edticos Veracruz","article_publisher":"https:\/\/www.facebook.com\/people\/Notimemes-de-los-Polticos\/61565672886568\/","article_published_time":"2022-04-23T13:43:40+00:00","article_modified_time":"2022-04-23T13:43:47+00:00","og_image":[{"width":200,"height":200,"url":"https:\/\/lospoliticosveracruz.com\/wp-content\/uploads\/2016\/07\/Logo-Dor.jpg","type":"image\/jpeg"}],"author":"Lo viste en Los Pol\u00edticos","twitter_card":"summary_large_image","twitter_creator":"@LosPoliticosVer","twitter_site":"@LosPoliticosVer","twitter_misc":{"Escrito por":"Lo viste en Los Pol\u00edticos","Tiempo de lectura":"3 minutos"},"schema":{"@context":"https:\/\/schema.org","@graph":[{"@type":"Article","@id":"https:\/\/lospoliticosveracruz.com\/?p=88975#article","isPartOf":{"@id":"https:\/\/lospoliticosveracruz.com\/?p=88975"},"author":{"name":"Lo viste en Los Pol\u00edticos","@id":"https:\/\/lospoliticosveracruz.com\/#\/schema\/person\/b8702bb0e538456e6efd07080bf2a4a2"},"headline":"Se\u00f1ales de Alarma","datePublished":"2022-04-23T13:43:40+00:00","dateModified":"2022-04-23T13:43:47+00:00","mainEntityOfPage":{"@id":"https:\/\/lospoliticosveracruz.com\/?p=88975"},"wordCount":563,"publisher":{"@id":"https:\/\/lospoliticosveracruz.com\/#organization"},"keywords":["Brenda Caballero","Debahni","desaparici\u00f3n","feminicidio","homicidio","Juana","Violencia contra las mujeres","violencia de g\u00e9nero"],"articleSection":["De Opini\u00f3n"],"inLanguage":"es"},{"@type":"WebPage","@id":"https:\/\/lospoliticosveracruz.com\/?p=88975","url":"https:\/\/lospoliticosveracruz.com\/?p=88975","name":"Se\u00f1ales de Alarma - Los pol\u00edticos Veracruz","isPartOf":{"@id":"https:\/\/lospoliticosveracruz.com\/#website"},"datePublished":"2022-04-23T13:43:40+00:00","dateModified":"2022-04-23T13:43:47+00:00","breadcrumb":{"@id":"https:\/\/lospoliticosveracruz.com\/?p=88975#breadcrumb"},"inLanguage":"es","potentialAction":[{"@type":"ReadAction","target":["https:\/\/lospoliticosveracruz.com\/?p=88975"]}]},{"@type":"BreadcrumbList","@id":"https:\/\/lospoliticosveracruz.com\/?p=88975#breadcrumb","itemListElement":[{"@type":"ListItem","position":1,"name":"Portada","item":"https:\/\/lospoliticosveracruz.com\/"},{"@type":"ListItem","position":2,"name":"Se\u00f1ales de Alarma"}]},{"@type":"WebSite","@id":"https:\/\/lospoliticosveracruz.com\/#website","url":"https:\/\/lospoliticosveracruz.com\/","name":"Los pol\u00edticos Veracruz","description":"","publisher":{"@id":"https:\/\/lospoliticosveracruz.com\/#organization"},"potentialAction":[{"@type":"SearchAction","target":{"@type":"EntryPoint","urlTemplate":"https:\/\/lospoliticosveracruz.com\/?s={search_term_string}"},"query-input":{"@type":"PropertyValueSpecification","valueRequired":true,"valueName":"search_term_string"}}],"inLanguage":"es"},{"@type":"Organization","@id":"https:\/\/lospoliticosveracruz.com\/#organization","name":"Los pol\u00edticos Veracruz","url":"https:\/\/lospoliticosveracruz.com\/","logo":{"@type":"ImageObject","inLanguage":"es","@id":"https:\/\/lospoliticosveracruz.com\/#\/schema\/logo\/image\/","url":"https:\/\/lospoliticosveracruz.com\/wp-content\/uploads\/2025\/12\/Logo-Nuevo-LOS-POLITICOS-1.jpg","contentUrl":"https:\/\/lospoliticosveracruz.com\/wp-content\/uploads\/2025\/12\/Logo-Nuevo-LOS-POLITICOS-1.jpg","width":260,"height":70,"caption":"Los pol\u00edticos Veracruz"},"image":{"@id":"https:\/\/lospoliticosveracruz.com\/#\/schema\/logo\/image\/"},"sameAs":["https:\/\/www.facebook.com\/people\/Notimemes-de-los-Polticos\/61565672886568\/","https:\/\/x.com\/LosPoliticosVer"]},{"@type":"Person","@id":"https:\/\/lospoliticosveracruz.com\/#\/schema\/person\/b8702bb0e538456e6efd07080bf2a4a2","name":"Lo viste en Los Pol\u00edticos","image":{"@type":"ImageObject","inLanguage":"es","@id":"https:\/\/secure.gravatar.com\/avatar\/3a8de04a2656d44082be478bd6c086daa447c4651605818287b9532d3d0bd435?s=96&d=mm&r=g","url":"https:\/\/secure.gravatar.com\/avatar\/3a8de04a2656d44082be478bd6c086daa447c4651605818287b9532d3d0bd435?s=96&d=mm&r=g","contentUrl":"https:\/\/secure.gravatar.com\/avatar\/3a8de04a2656d44082be478bd6c086daa447c4651605818287b9532d3d0bd435?s=96&d=mm&r=g","caption":"Lo viste en Los Pol\u00edticos"},"url":"https:\/\/lospoliticosveracruz.com\/?author=2"}]}},"_links":{"self":[{"href":"https:\/\/lospoliticosveracruz.com\/index.php?rest_route=\/wp\/v2\/posts\/88975","targetHints":{"allow":["GET"]}}],"collection":[{"href":"https:\/\/lospoliticosveracruz.com\/index.php?rest_route=\/wp\/v2\/posts"}],"about":[{"href":"https:\/\/lospoliticosveracruz.com\/index.php?rest_route=\/wp\/v2\/types\/post"}],"author":[{"embeddable":true,"href":"https:\/\/lospoliticosveracruz.com\/index.php?rest_route=\/wp\/v2\/users\/2"}],"replies":[{"embeddable":true,"href":"https:\/\/lospoliticosveracruz.com\/index.php?rest_route=%2Fwp%2Fv2%2Fcomments&post=88975"}],"version-history":[{"count":1,"href":"https:\/\/lospoliticosveracruz.com\/index.php?rest_route=\/wp\/v2\/posts\/88975\/revisions"}],"predecessor-version":[{"id":88977,"href":"https:\/\/lospoliticosveracruz.com\/index.php?rest_route=\/wp\/v2\/posts\/88975\/revisions\/88977"}],"wp:attachment":[{"href":"https:\/\/lospoliticosveracruz.com\/index.php?rest_route=%2Fwp%2Fv2%2Fmedia&parent=88975"}],"wp:term":[{"taxonomy":"category","embeddable":true,"href":"https:\/\/lospoliticosveracruz.com\/index.php?rest_route=%2Fwp%2Fv2%2Fcategories&post=88975"},{"taxonomy":"post_tag","embeddable":true,"href":"https:\/\/lospoliticosveracruz.com\/index.php?rest_route=%2Fwp%2Fv2%2Ftags&post=88975"}],"curies":[{"name":"wp","href":"https:\/\/api.w.org\/{rel}","templated":true}]}}