{"id":89072,"date":"2022-04-26T08:27:45","date_gmt":"2022-04-26T13:27:45","guid":{"rendered":"https:\/\/lospoliticosveracruz.com.mx\/?p=89072"},"modified":"2022-04-26T08:27:54","modified_gmt":"2022-04-26T13:27:54","slug":"el-trabajo-de-mayl-y-el-cisne","status":"publish","type":"post","link":"https:\/\/lospoliticosveracruz.com\/?p=89072","title":{"rendered":"El trabajo de MAYL y el Cisne"},"content":{"rendered":"\n<p><\/p>\n\n\n\n<p><br><strong>Ricardo Ch\u00faa<\/strong><br><em>Sale y Vale<\/em><\/p>\n\n\n\n<p><\/p>\n\n\n\n<p>CUITL\u00c1HUAC, EL PROMOTOR DE SERGIO\u2026 En este espacio comentamos que hab\u00eda la posibilidad que el Presidente, Andr\u00e9s Manuel L\u00f3pez Obrador, diera un viraje en la decisi\u00f3n de qui\u00e9n podr\u00eda ser el candidato a gobernador de Veracruz por MORENA.. Y que el tabasque\u00f1o tiene cercan\u00eda con el diputado federal de Minatitl\u00e1n, Sergio Guti\u00e9rrez Luna\u2026 Pero esa cercan\u00eda ha sido PROVOCADA por ataques sufridos de partede funcionarios del gobierno de Cuitl\u00e1huac Garc\u00eda..Quienes se convirtieron en sus grandes PROMOTORES\u2026 PARENLO AHORA\u2026<\/p>\n\n\n\n<p>La explicaci\u00f3n es sencilla.., Si algo ha caracterizado a L\u00f3pez Obrador en su Presidencia\u2026 Es que jam\u00e1s ha dejado solo a los suyos, a los que siente suyos y los que defienden su proyecto de la 4T\u2026 Los defiende contra \u00abviento y marea\u00bb\u2026 No importa cual sea el se\u00f1alamiento o el presunto delito\u2026 Defendi\u00f3 a Barttlet, Delfina, Pio, Martinillo, Bonilla, Claudia, Macedonio y un sin n\u00famero de etc\u00e9teras\u2026 Ayer volvi\u00f3 a RESPALDAR a Cuitl\u00e1huac, que no era un gobernador que cedi\u00f3 a las \u00abtentaciones\u00bb\u2026 Ahora imaginen a Guti\u00e9rrez Luna,<\/p>\n\n\n\n<p>L\u00f3pez Obrador le aplaudi\u00f3 a \u00e9l y a los dem\u00e1s diputados federales de MORENA en su \u00abMa\u00f1anera\u00bb por soportar de todo y defender la votaci\u00f3n de la Reforma El\u00e9ctrica.. Cosa que no ha hecho con Cuitl\u00e1huac y su gabinete\u2026 Al contrario, los ha respaldado porque siempre \u00absalen raspados\u00bb\u2026 Ac\u00e1 los legisladores Morenos iban a un \u00abfusilamiento\u00bb y cayeron\u2026 AMLO eso fue lo que les reconoci\u00f3 y ahora por esa cercan\u00eda y por la \u00abmadrina\u00bb dada en Veracruz.. No ve con malos ojos a Guti\u00e9rrez Luna.. Y m\u00e1s que Roc\u00edo Nahle, sigue impedida legalmente\u2026<\/p>\n\n\n\n<p>El mismo viernes en la \u00abma\u00f1anera\u00bb del puerto de Veracruz\u2026 Se vio la cara desencajada de L\u00f3pez Obrador cuando le preguntaron de la \u00abguerra\u00bb de Palacio de Gobierno contra Guti\u00e9rrez Luna\u2026 Y aunque Cuitl\u00e1huac se \u00ablav\u00f3 las manos\u00bb ech\u00e1ndole toda la culpa a su secretario de Gobierno\u2026 Nada pas\u00f3, despu\u00e9s de eso porque ah\u00ed siguen todos juntos en su administraci\u00f3n estatal\u2026 Pero ahora AMLO trae a Guti\u00e9rrez Luna cercano\u2026 La \u00abmadrina\u00bb le sirvi\u00f3 a favor al minatitleco\u2026 Se acerc\u00f3 m\u00e1s al Presidente\u2026 El VERDADERO GRAN ELECTOR de MORENA..<\/p>\n\n\n\n<p>As\u00ed que todos lo que pensaban que con las \u00abmadrinas\u00bb iban a amedrentar al minatitleco para que le baje \u00absus ansias\u00bb por Veracruz al 2024\u2026 Pues, todo pareciera que le hicieron un gran favor\u2026 Ya que eso lo acerc\u00f3 al Presidente\u2026 Y sus aliados en el gabinete federal lo \u00abapuntalaron\u00bb m\u00e1s\u2026 Tanto as\u00ed que seguramente algunos en el gobierno estatal, van a tener que \u00absumirse\u00bb un rato para dejar que se le pase lo \u00abamargo\u00bb a AMLO y evitar que sea \u00abvetado\u00bb hasta como diputado federal\u2026 Por lo pronto, Guti\u00e9rrez Luna aprovech\u00f3 la PROMOCI\u00d3N\u2026 TAN\u2026 TAN\u2026<\/p>\n\n\n\n<p>El que sigue al pie del \u00abca\u00f1\u00f3n\u00bb en Veracruz es el ex gobernador, Miguel \u00c1ngel Yunes Linares\u2026 Que se ve que sin tener ya ning\u00fan problema en su \u00abterru\u00f1o querido\u00bb este se pasea, corre por la ma\u00f1anas y \u00abgrilla\u00bb todo el d\u00eda durante su estancia en la entidad\u2026 Se rumora que este domingo y lunes sostuvo reuniones de trabajo y de pol\u00edtica con sus ex colaboradores y otros aliados m\u00e1s para continuar con sus temas pol\u00edticos\u2026<br>Se dice que estas reuniones fueron para hablar del nuevo futuro que tienen para Veracruz.. De la nueva relaci\u00f3n que ha emprendido el grupo que encabeza dentro del PAN\u2026 De las nuevas relaciones cordiales que tienen con el gobierno de Cuitl\u00e1huac\u2026 Sobre todo de las expectativas que tienen en este asunto en particular\u2026 Aqu\u00ed se ve reunido ayer lunes con el diputado federal, Carlos Valenzuela, en sus oficinas de Boca del R\u00edo\u2026 Obvio que su estancia en la conurbaci\u00f3n, no es fortuita\u2026 AMEN\u2026 Piensen lo que quieran\u2026<\/p>\n\n\n\n<p>Despu\u00e9s de que se anunci\u00f3 la salida del PVEM en Veracruz, de uno de sus l\u00edderes hist\u00f3ricos en la entidad, el empresario radiof\u00f3nico orizabe\u00f1o, Alonso Dom\u00ednguez Ferraez.. El que se puso de inmediato a trabajar en coordinaci\u00f3n con Javier Herrera y Manuel Velasco, del comit\u00e9 nacional del PVEM, fue el reci\u00e9n nombrado secretario de Alianzas del CEN de los \u00abVerdes\u00bb, Alberto Silva Ramos \u00abEl Cisne\u00bb\u2026 Que busc\u00f3 a la familia Trujeque en Orizaba para el \u00abcontrol de da\u00f1os\u00bb\u2026 Despu\u00e9s de la salida de Alonso Dominguez\u2026.<br>\u00abEl Cisne\u00bb Silva se reuni\u00f3 con V\u00edctor Garc\u00eda Trujeque y su hijo, V\u00edctor Garc\u00eda Filgueras\u2026 Para que ellos transiten con el PVEM y con Javier Herrera en Veracruz ante la salida de Dom\u00ednguez Ferraez\u2026Para fortalecer al partido en esa regi\u00f3n de las \u00abaltas monta\u00f1as\u00bb y buscar espacios para que el organismo crezca en la zona\u2026 Trujeque y su hijo conocen bien la zona y si \u00abEl Cisne\u00bb Silva los convenci\u00f3\u2026 Ellos arman su estructura con lo que Alonso dej\u00f3\u2026 Una estructura que seguramente apuntalar\u00e1 a Javier Herrera por el Senado en Veracruz\u2026 AMEN\u2026<\/p>\n","protected":false},"excerpt":{"rendered":"<p>Ricardo Ch\u00faaSale y Vale CUITL\u00c1HUAC, EL PROMOTOR DE SERGIO\u2026 En este espacio comentamos que hab\u00eda la posibilidad que el Presidente, Andr\u00e9s Manuel L\u00f3pez Obrador, diera un viraje en la decisi\u00f3n de qui\u00e9n podr\u00eda ser el candidato a gobernador de Veracruz por MORENA.. Y que el tabasque\u00f1o tiene cercan\u00eda con el diputado federal de Minatitl\u00e1n, Sergio [&hellip;]<\/p>\n","protected":false},"author":2,"featured_media":0,"comment_status":"closed","ping_status":"closed","sticky":false,"template":"","format":"standard","meta":{"tdm_status":"","tdm_grid_status":"","footnotes":""},"categories":[70],"tags":[618,7559,1563,1124,26718,1026,26717,16147,195],"class_list":{"0":"post-89072","1":"post","2":"type-post","3":"status-publish","4":"format-standard","6":"category-de-opinion","7":"tag-andres-manuel-lopez-obrador","8":"tag-carlos-valenzuela","9":"tag-cuitlahuac-garcia-jimenez","10":"tag-javier-herrera-borunda","11":"tag-miguel-angel-yunes-linares-2","12":"tag-morena","13":"tag-rocio-nahle-2","14":"tag-sergio-gutierrez-luna","15":"tag-veracruz"},"yoast_head":"<!-- This site is optimized with the Yoast SEO plugin v27.4 - https:\/\/yoast.com\/product\/yoast-seo-wordpress\/ -->\n<title>El trabajo de MAYL y el Cisne - Los pol\u00edticos Veracruz<\/title>\n<meta name=\"robots\" content=\"index, follow, max-snippet:-1, max-image-preview:large, max-video-preview:-1\" \/>\n<link rel=\"canonical\" href=\"https:\/\/lospoliticosveracruz.com\/?p=89072\" \/>\n<meta property=\"og:locale\" content=\"es_ES\" \/>\n<meta property=\"og:type\" content=\"article\" \/>\n<meta property=\"og:title\" content=\"El trabajo de MAYL y el Cisne - Los pol\u00edticos Veracruz\" \/>\n<meta property=\"og:description\" content=\"Ricardo Ch\u00faaSale y Vale CUITL\u00c1HUAC, EL PROMOTOR DE SERGIO\u2026 En este espacio comentamos que hab\u00eda la posibilidad que el Presidente, Andr\u00e9s Manuel L\u00f3pez Obrador, diera un viraje en la decisi\u00f3n de qui\u00e9n podr\u00eda ser el candidato a gobernador de Veracruz por MORENA.. Y que el tabasque\u00f1o tiene cercan\u00eda con el diputado federal de Minatitl\u00e1n, Sergio [&hellip;]\" \/>\n<meta property=\"og:url\" content=\"https:\/\/lospoliticosveracruz.com\/?p=89072\" \/>\n<meta property=\"og:site_name\" content=\"Los pol\u00edticos Veracruz\" \/>\n<meta property=\"article:publisher\" content=\"https:\/\/www.facebook.com\/people\/Notimemes-de-los-Polticos\/61565672886568\/\" \/>\n<meta property=\"article:published_time\" content=\"2022-04-26T13:27:45+00:00\" \/>\n<meta property=\"article:modified_time\" content=\"2022-04-26T13:27:54+00:00\" \/>\n<meta property=\"og:image\" content=\"https:\/\/lospoliticosveracruz.com\/wp-content\/uploads\/2016\/07\/Logo-Dor.jpg\" \/>\n\t<meta property=\"og:image:width\" content=\"200\" \/>\n\t<meta property=\"og:image:height\" content=\"200\" \/>\n\t<meta property=\"og:image:type\" content=\"image\/jpeg\" \/>\n<meta name=\"author\" content=\"Lo viste en Los Pol\u00edticos\" \/>\n<meta name=\"twitter:card\" content=\"summary_large_image\" \/>\n<meta name=\"twitter:creator\" content=\"@LosPoliticosVer\" \/>\n<meta name=\"twitter:site\" content=\"@LosPoliticosVer\" \/>\n<meta name=\"twitter:label1\" content=\"Escrito por\" \/>\n\t<meta name=\"twitter:data1\" content=\"Lo viste en Los Pol\u00edticos\" \/>\n\t<meta name=\"twitter:label2\" content=\"Tiempo de lectura\" \/>\n\t<meta name=\"twitter:data2\" content=\"4 minutos\" \/>\n<script type=\"application\/ld+json\" class=\"yoast-schema-graph\">{\"@context\":\"https:\\\/\\\/schema.org\",\"@graph\":[{\"@type\":\"Article\",\"@id\":\"https:\\\/\\\/lospoliticosveracruz.com\\\/?p=89072#article\",\"isPartOf\":{\"@id\":\"https:\\\/\\\/lospoliticosveracruz.com\\\/?p=89072\"},\"author\":{\"name\":\"Lo viste en Los Pol\u00edticos\",\"@id\":\"https:\\\/\\\/lospoliticosveracruz.com\\\/#\\\/schema\\\/person\\\/b8702bb0e538456e6efd07080bf2a4a2\"},\"headline\":\"El trabajo de MAYL y el Cisne\",\"datePublished\":\"2022-04-26T13:27:45+00:00\",\"dateModified\":\"2022-04-26T13:27:54+00:00\",\"mainEntityOfPage\":{\"@id\":\"https:\\\/\\\/lospoliticosveracruz.com\\\/?p=89072\"},\"wordCount\":872,\"publisher\":{\"@id\":\"https:\\\/\\\/lospoliticosveracruz.com\\\/#organization\"},\"keywords\":[\"Andr\u00e9s Manuel L\u00f3pez Obrador\",\"Carlos Valenzuela\",\"Cuitl\u00e1huac Garc\u00eda Jim\u00e9nez\",\"Javier Herrera Borunda\",\"Miguel \u00c1ngel Yunes Linares\",\"Morena\",\"Rocio Nahle\",\"Sergio Guti\u00e9rrez Luna\",\"Veracruz\"],\"articleSection\":[\"De Opini\u00f3n\"],\"inLanguage\":\"es\"},{\"@type\":\"WebPage\",\"@id\":\"https:\\\/\\\/lospoliticosveracruz.com\\\/?p=89072\",\"url\":\"https:\\\/\\\/lospoliticosveracruz.com\\\/?p=89072\",\"name\":\"El trabajo de MAYL y el Cisne - Los pol\u00edticos Veracruz\",\"isPartOf\":{\"@id\":\"https:\\\/\\\/lospoliticosveracruz.com\\\/#website\"},\"datePublished\":\"2022-04-26T13:27:45+00:00\",\"dateModified\":\"2022-04-26T13:27:54+00:00\",\"breadcrumb\":{\"@id\":\"https:\\\/\\\/lospoliticosveracruz.com\\\/?p=89072#breadcrumb\"},\"inLanguage\":\"es\",\"potentialAction\":[{\"@type\":\"ReadAction\",\"target\":[\"https:\\\/\\\/lospoliticosveracruz.com\\\/?p=89072\"]}]},{\"@type\":\"BreadcrumbList\",\"@id\":\"https:\\\/\\\/lospoliticosveracruz.com\\\/?p=89072#breadcrumb\",\"itemListElement\":[{\"@type\":\"ListItem\",\"position\":1,\"name\":\"Portada\",\"item\":\"https:\\\/\\\/lospoliticosveracruz.com\\\/\"},{\"@type\":\"ListItem\",\"position\":2,\"name\":\"El trabajo de MAYL y el Cisne\"}]},{\"@type\":\"WebSite\",\"@id\":\"https:\\\/\\\/lospoliticosveracruz.com\\\/#website\",\"url\":\"https:\\\/\\\/lospoliticosveracruz.com\\\/\",\"name\":\"Los pol\u00edticos Veracruz\",\"description\":\"\",\"publisher\":{\"@id\":\"https:\\\/\\\/lospoliticosveracruz.com\\\/#organization\"},\"potentialAction\":[{\"@type\":\"SearchAction\",\"target\":{\"@type\":\"EntryPoint\",\"urlTemplate\":\"https:\\\/\\\/lospoliticosveracruz.com\\\/?s={search_term_string}\"},\"query-input\":{\"@type\":\"PropertyValueSpecification\",\"valueRequired\":true,\"valueName\":\"search_term_string\"}}],\"inLanguage\":\"es\"},{\"@type\":\"Organization\",\"@id\":\"https:\\\/\\\/lospoliticosveracruz.com\\\/#organization\",\"name\":\"Los pol\u00edticos Veracruz\",\"url\":\"https:\\\/\\\/lospoliticosveracruz.com\\\/\",\"logo\":{\"@type\":\"ImageObject\",\"inLanguage\":\"es\",\"@id\":\"https:\\\/\\\/lospoliticosveracruz.com\\\/#\\\/schema\\\/logo\\\/image\\\/\",\"url\":\"https:\\\/\\\/lospoliticosveracruz.com\\\/wp-content\\\/uploads\\\/2025\\\/12\\\/Logo-Nuevo-LOS-POLITICOS-1.jpg\",\"contentUrl\":\"https:\\\/\\\/lospoliticosveracruz.com\\\/wp-content\\\/uploads\\\/2025\\\/12\\\/Logo-Nuevo-LOS-POLITICOS-1.jpg\",\"width\":260,\"height\":70,\"caption\":\"Los pol\u00edticos Veracruz\"},\"image\":{\"@id\":\"https:\\\/\\\/lospoliticosveracruz.com\\\/#\\\/schema\\\/logo\\\/image\\\/\"},\"sameAs\":[\"https:\\\/\\\/www.facebook.com\\\/people\\\/Notimemes-de-los-Polticos\\\/61565672886568\\\/\",\"https:\\\/\\\/x.com\\\/LosPoliticosVer\"]},{\"@type\":\"Person\",\"@id\":\"https:\\\/\\\/lospoliticosveracruz.com\\\/#\\\/schema\\\/person\\\/b8702bb0e538456e6efd07080bf2a4a2\",\"name\":\"Lo viste en Los Pol\u00edticos\",\"image\":{\"@type\":\"ImageObject\",\"inLanguage\":\"es\",\"@id\":\"https:\\\/\\\/secure.gravatar.com\\\/avatar\\\/3a8de04a2656d44082be478bd6c086daa447c4651605818287b9532d3d0bd435?s=96&d=mm&r=g\",\"url\":\"https:\\\/\\\/secure.gravatar.com\\\/avatar\\\/3a8de04a2656d44082be478bd6c086daa447c4651605818287b9532d3d0bd435?s=96&d=mm&r=g\",\"contentUrl\":\"https:\\\/\\\/secure.gravatar.com\\\/avatar\\\/3a8de04a2656d44082be478bd6c086daa447c4651605818287b9532d3d0bd435?s=96&d=mm&r=g\",\"caption\":\"Lo viste en Los Pol\u00edticos\"},\"url\":\"https:\\\/\\\/lospoliticosveracruz.com\\\/?author=2\"}]}<\/script>\n<!-- \/ Yoast SEO plugin. -->","yoast_head_json":{"title":"El trabajo de MAYL y el Cisne - Los pol\u00edticos Veracruz","robots":{"index":"index","follow":"follow","max-snippet":"max-snippet:-1","max-image-preview":"max-image-preview:large","max-video-preview":"max-video-preview:-1"},"canonical":"https:\/\/lospoliticosveracruz.com\/?p=89072","og_locale":"es_ES","og_type":"article","og_title":"El trabajo de MAYL y el Cisne - Los pol\u00edticos Veracruz","og_description":"Ricardo Ch\u00faaSale y Vale CUITL\u00c1HUAC, EL PROMOTOR DE SERGIO\u2026 En este espacio comentamos que hab\u00eda la posibilidad que el Presidente, Andr\u00e9s Manuel L\u00f3pez Obrador, diera un viraje en la decisi\u00f3n de qui\u00e9n podr\u00eda ser el candidato a gobernador de Veracruz por MORENA.. Y que el tabasque\u00f1o tiene cercan\u00eda con el diputado federal de Minatitl\u00e1n, Sergio [&hellip;]","og_url":"https:\/\/lospoliticosveracruz.com\/?p=89072","og_site_name":"Los pol\u00edticos Veracruz","article_publisher":"https:\/\/www.facebook.com\/people\/Notimemes-de-los-Polticos\/61565672886568\/","article_published_time":"2022-04-26T13:27:45+00:00","article_modified_time":"2022-04-26T13:27:54+00:00","og_image":[{"width":200,"height":200,"url":"https:\/\/lospoliticosveracruz.com\/wp-content\/uploads\/2016\/07\/Logo-Dor.jpg","type":"image\/jpeg"}],"author":"Lo viste en Los Pol\u00edticos","twitter_card":"summary_large_image","twitter_creator":"@LosPoliticosVer","twitter_site":"@LosPoliticosVer","twitter_misc":{"Escrito por":"Lo viste en Los Pol\u00edticos","Tiempo de lectura":"4 minutos"},"schema":{"@context":"https:\/\/schema.org","@graph":[{"@type":"Article","@id":"https:\/\/lospoliticosveracruz.com\/?p=89072#article","isPartOf":{"@id":"https:\/\/lospoliticosveracruz.com\/?p=89072"},"author":{"name":"Lo viste en Los Pol\u00edticos","@id":"https:\/\/lospoliticosveracruz.com\/#\/schema\/person\/b8702bb0e538456e6efd07080bf2a4a2"},"headline":"El trabajo de MAYL y el Cisne","datePublished":"2022-04-26T13:27:45+00:00","dateModified":"2022-04-26T13:27:54+00:00","mainEntityOfPage":{"@id":"https:\/\/lospoliticosveracruz.com\/?p=89072"},"wordCount":872,"publisher":{"@id":"https:\/\/lospoliticosveracruz.com\/#organization"},"keywords":["Andr\u00e9s Manuel L\u00f3pez Obrador","Carlos Valenzuela","Cuitl\u00e1huac Garc\u00eda Jim\u00e9nez","Javier Herrera Borunda","Miguel \u00c1ngel Yunes Linares","Morena","Rocio Nahle","Sergio Guti\u00e9rrez Luna","Veracruz"],"articleSection":["De Opini\u00f3n"],"inLanguage":"es"},{"@type":"WebPage","@id":"https:\/\/lospoliticosveracruz.com\/?p=89072","url":"https:\/\/lospoliticosveracruz.com\/?p=89072","name":"El trabajo de MAYL y el Cisne - Los pol\u00edticos Veracruz","isPartOf":{"@id":"https:\/\/lospoliticosveracruz.com\/#website"},"datePublished":"2022-04-26T13:27:45+00:00","dateModified":"2022-04-26T13:27:54+00:00","breadcrumb":{"@id":"https:\/\/lospoliticosveracruz.com\/?p=89072#breadcrumb"},"inLanguage":"es","potentialAction":[{"@type":"ReadAction","target":["https:\/\/lospoliticosveracruz.com\/?p=89072"]}]},{"@type":"BreadcrumbList","@id":"https:\/\/lospoliticosveracruz.com\/?p=89072#breadcrumb","itemListElement":[{"@type":"ListItem","position":1,"name":"Portada","item":"https:\/\/lospoliticosveracruz.com\/"},{"@type":"ListItem","position":2,"name":"El trabajo de MAYL y el Cisne"}]},{"@type":"WebSite","@id":"https:\/\/lospoliticosveracruz.com\/#website","url":"https:\/\/lospoliticosveracruz.com\/","name":"Los pol\u00edticos Veracruz","description":"","publisher":{"@id":"https:\/\/lospoliticosveracruz.com\/#organization"},"potentialAction":[{"@type":"SearchAction","target":{"@type":"EntryPoint","urlTemplate":"https:\/\/lospoliticosveracruz.com\/?s={search_term_string}"},"query-input":{"@type":"PropertyValueSpecification","valueRequired":true,"valueName":"search_term_string"}}],"inLanguage":"es"},{"@type":"Organization","@id":"https:\/\/lospoliticosveracruz.com\/#organization","name":"Los pol\u00edticos Veracruz","url":"https:\/\/lospoliticosveracruz.com\/","logo":{"@type":"ImageObject","inLanguage":"es","@id":"https:\/\/lospoliticosveracruz.com\/#\/schema\/logo\/image\/","url":"https:\/\/lospoliticosveracruz.com\/wp-content\/uploads\/2025\/12\/Logo-Nuevo-LOS-POLITICOS-1.jpg","contentUrl":"https:\/\/lospoliticosveracruz.com\/wp-content\/uploads\/2025\/12\/Logo-Nuevo-LOS-POLITICOS-1.jpg","width":260,"height":70,"caption":"Los pol\u00edticos Veracruz"},"image":{"@id":"https:\/\/lospoliticosveracruz.com\/#\/schema\/logo\/image\/"},"sameAs":["https:\/\/www.facebook.com\/people\/Notimemes-de-los-Polticos\/61565672886568\/","https:\/\/x.com\/LosPoliticosVer"]},{"@type":"Person","@id":"https:\/\/lospoliticosveracruz.com\/#\/schema\/person\/b8702bb0e538456e6efd07080bf2a4a2","name":"Lo viste en Los Pol\u00edticos","image":{"@type":"ImageObject","inLanguage":"es","@id":"https:\/\/secure.gravatar.com\/avatar\/3a8de04a2656d44082be478bd6c086daa447c4651605818287b9532d3d0bd435?s=96&d=mm&r=g","url":"https:\/\/secure.gravatar.com\/avatar\/3a8de04a2656d44082be478bd6c086daa447c4651605818287b9532d3d0bd435?s=96&d=mm&r=g","contentUrl":"https:\/\/secure.gravatar.com\/avatar\/3a8de04a2656d44082be478bd6c086daa447c4651605818287b9532d3d0bd435?s=96&d=mm&r=g","caption":"Lo viste en Los Pol\u00edticos"},"url":"https:\/\/lospoliticosveracruz.com\/?author=2"}]}},"_links":{"self":[{"href":"https:\/\/lospoliticosveracruz.com\/index.php?rest_route=\/wp\/v2\/posts\/89072","targetHints":{"allow":["GET"]}}],"collection":[{"href":"https:\/\/lospoliticosveracruz.com\/index.php?rest_route=\/wp\/v2\/posts"}],"about":[{"href":"https:\/\/lospoliticosveracruz.com\/index.php?rest_route=\/wp\/v2\/types\/post"}],"author":[{"embeddable":true,"href":"https:\/\/lospoliticosveracruz.com\/index.php?rest_route=\/wp\/v2\/users\/2"}],"replies":[{"embeddable":true,"href":"https:\/\/lospoliticosveracruz.com\/index.php?rest_route=%2Fwp%2Fv2%2Fcomments&post=89072"}],"version-history":[{"count":1,"href":"https:\/\/lospoliticosveracruz.com\/index.php?rest_route=\/wp\/v2\/posts\/89072\/revisions"}],"predecessor-version":[{"id":89074,"href":"https:\/\/lospoliticosveracruz.com\/index.php?rest_route=\/wp\/v2\/posts\/89072\/revisions\/89074"}],"wp:attachment":[{"href":"https:\/\/lospoliticosveracruz.com\/index.php?rest_route=%2Fwp%2Fv2%2Fmedia&parent=89072"}],"wp:term":[{"taxonomy":"category","embeddable":true,"href":"https:\/\/lospoliticosveracruz.com\/index.php?rest_route=%2Fwp%2Fv2%2Fcategories&post=89072"},{"taxonomy":"post_tag","embeddable":true,"href":"https:\/\/lospoliticosveracruz.com\/index.php?rest_route=%2Fwp%2Fv2%2Ftags&post=89072"}],"curies":[{"name":"wp","href":"https:\/\/api.w.org\/{rel}","templated":true}]}}