{"id":89075,"date":"2022-04-26T08:47:04","date_gmt":"2022-04-26T13:47:04","guid":{"rendered":"https:\/\/lospoliticosveracruz.com.mx\/?p=89075"},"modified":"2022-04-26T08:47:12","modified_gmt":"2022-04-26T13:47:12","slug":"mexico-territorio-feminicida","status":"publish","type":"post","link":"https:\/\/lospoliticosveracruz.com\/?p=89075","title":{"rendered":"M\u00e9xico, territorio feminicida"},"content":{"rendered":"\n<p><\/p>\n\n\n\n<p><strong>Emilio C\u00e1rdenas Escobosa<\/strong><br><em>De Inter\u00e9s P\u00fablico<\/em><br><\/p>\n\n\n\n<p>Seg\u00fan cifras oficiales, M\u00e9xico es el segundo pa\u00eds de Am\u00e9rica Latina donde se comete m\u00e1s violencia homicida contra las mujeres y donde la impunidad para con los victimarios es casi total, pues de acuerdo con informes elaborados por diferentes organismos nacionales e internacionales alcanza entre el 97% y el 99%.<\/p>\n\n\n\n<p>El \u00faltimo esc\u00e1ndalo en este terrible escenario surgi\u00f3 a ra\u00edz del caso de Debanhi Escobar, una joven de 18 a\u00f1os que desapareci\u00f3 el 9 de abril y cuyo cuerpo fue hallado sin vida por las autoridades en la madrugada del viernes 22 en el per\u00edmetro de un motel en Nuevo Le\u00f3n que ya hab\u00eda sido inspeccionado en reiteradas ocasiones en los \u00faltimos d\u00edas por las autoridades de aquella entidad.<\/p>\n\n\n\n<p>Como era de esperarse, el presidente Andr\u00e9s Manuel L\u00f3pez Obrador ofreci\u00f3 el p\u00e9same a la familia de la v\u00edctima y dej\u00f3 abierta la posibilidad de que la Fiscal\u00eda General de la Rep\u00fablica asuma la investigaci\u00f3n del caso ante las inconsistencias en la actuaci\u00f3n de la fiscal\u00eda estatal. Sin embargo, el primer mandatario se neg\u00f3 a establecer una alerta por feminicidios en el estado de Nuevo Le\u00f3n, pese a que, durante las pesquisas del crimen de la joven, en el terreno donde se dio su desaparici\u00f3n, las autoridades hallaron los cuerpos de otras cinco mujeres dadas como desaparecidas en el mismo per\u00edmetro.<\/p>\n\n\n\n<p>L\u00f3gicamente las protestas se desataron en todo el pa\u00eds tras este artero crimen que cimbr\u00f3 de nuevo a la sociedad mexicana y nos ha regresado de golpe a los tiempos terribles de \u201cLas muertas de Ju\u00e1rez\u201d, all\u00e1 por la d\u00e9cada de los noventa, y que ahora ser\u00edan las de Nuevo Le\u00f3n.<\/p>\n\n\n\n<p>El Observatorio Ciudadano Nacional del Feminicidio (OCNF) en su m\u00e1s reciente informe se\u00f1al\u00f3 que al menos 10 mujeres contin\u00faan siendo asesinadas al d\u00eda y record\u00f3 que de acuerdo al Secretariado Ejecutivo del Sistema Nacional de Seguridad P\u00fablica, en 2021 fueron asesinadas 3 mil 750 mujeres, ni\u00f1as y adolescentes, de los cuales s\u00f3lo mil cuatro se investigan como feminicidio y su mayor\u00eda como homicidios dolosos.<\/p>\n\n\n\n<p>La palabra \u00abfeminicidio\u00bb se hizo popular entre nosotros en los a\u00f1os noventa, justamente tras los casos de las tristemente c\u00e9lebres mujeres asesinadas en Ciudad Ju\u00e1rez. Desde entonces, el concepto de homicidio de mujeres por razones de g\u00e9nero pas\u00f3 a formar parte del marco legal, pero no fue hasta 2012 cuando el t\u00e9rmino se a\u00f1adi\u00f3 al C\u00f3digo Penal Federal, aunque debe decirse que la tipificaci\u00f3n de los feminicidios no es com\u00fan a los 32 estados mexicanos.<\/p>\n\n\n\n<p>Un dato relevante es que los colectivos feministas mexicanos denuncian que el sesgo en la tipificaci\u00f3n del delito de feminicidio impide que la gran mayor\u00eda de asesinatos contra mujeres se investiguen y se juzguen como tal, lo que implica un infrareporte en las estad\u00edsticas y una imagen alejada de la realidad. Se comenta que las procuradur\u00edas y las fiscal\u00edas estatales estar\u00edan recibiendo \u00f3rdenes para tratar los feminicidios como homicidios dolosos o culposos como forma de adelgazar las estad\u00edsticas. De acuerdo a la informaci\u00f3n de la asociaci\u00f3n civil Mexicanos Contra la Corrupci\u00f3n y la Impunidad en su auditor\u00eda sobre el tema en 2019, un 46% de los feminicidios se tipifican como \u201chomicidios dolosos\u201d para moderar las estad\u00edsticas.<\/p>\n\n\n\n<p>El primer trimestre del a\u00f1o 2022 cerr\u00f3 con 229 feminicidios, esto de acuerdo con datos del Secretariado Ejecutivo del Sistema Nacional de Seguridad P\u00fablica (SESNSP), la lista fue encabezada por el Estado de M\u00e9xico con 39 casos, seguido de Nuevo Le\u00f3n y Veracruz con 21 casos cada uno.<\/p>\n\n\n\n<p>El clima propicio a la violencia contra las mujeres comienza con el acoso, laboral o sexual, que termina en escasas o nulas sanciones aplicadas y donde en pr\u00e1cticamente todos los casos se ha protegido a los abusadores, se minimizan las denuncias y se hacen o\u00eddos sordos a denuncias penales interpuestas ante las fiscal\u00edas, donde los expedientes se acumulan y duermen el sue\u00f1o de los justos.<\/p>\n\n\n\n<p>Y si bien en los \u00faltimos a\u00f1os ha habido avances como el impulso a la Ley Olimpia, para tipificar como delito la violencia digital; y la Ley Ingrid, que condena a funcionarios que difundan informaci\u00f3n sobre las v\u00edctimas, estos palidecen ante la gravedad del problema.<\/p>\n\n\n\n<p>Y ello se hace m\u00e1s complejo de atender cuando el mismo presidente desaira al movimiento feminista como un actor social relevante y lo ve como parte del bando de sus adversarios \u201cneoliberales\u201d. Quiz\u00e1 por visiones como \u00e9sta que minimizan la violencia machista, el titular de la Fiscal\u00eda General de la Rep\u00fablica. Alejandro Gertz Manero pretend\u00eda en el 2020 la eliminaci\u00f3n del tipo penal de feminicidio para investigarlo como homicidio agravado porque complicaba \u00abin\u00fatilmente la judicializaci\u00f3n\u00bb.<\/p>\n\n\n\n<p>Lo que es incuestionable es qe los datos reflejan una falta de resultados en la erradicaci\u00f3n de la violencia contra las mujeres en nuestro pa\u00eds.<\/p>\n\n\n\n<p>Ana Yeli P\u00e9rez Garrido, directora de Justicia Pro Persona, asociaci\u00f3n que forma parte del Observatorio Ciudadano Nacional del Feminicidio (OCNF), lo resume claramente: \u201c(urge) revisar qu\u00e9 est\u00e1 fallando de los pocos esfuerzos que se hacen. Y porque se est\u00e1 actuando de manera tard\u00eda. Creo que esas narrativas donde se justifica, donde se minimiza, insensibiliza, donde se niega la violencia, nos ha dado como resultado que M\u00e9xico est\u00e9 en esta crisis humanitaria, tanto por las desapariciones de personas en general, de ni\u00f1as y mujeres, as\u00ed como los feminicidios y otras violencias\u201d.<\/p>\n\n\n\n<p>Tal cual. Mientras no se asuma esa lacerante realidad, M\u00e9xico seguir\u00e1 siendo territorio feminicida, gobierne quien gobierne. El dato de que entre 2015 y 2022 la tasa de feminicidios en M\u00e9xico ha aumentado un 121%, y que sit\u00faa a la naci\u00f3n como el territorio de la regi\u00f3n de Am\u00e9rica Latina y El Caribe donde m\u00e1s feminicidios se perpetran, s\u00f3lo por detr\u00e1s de Brasil, es penoso y escalofriante.<\/p>\n\n\n\n<p>Por ello, los discursos sobre el tema se quedar\u00e1n solo en eso y las normas que buscan garantizar el derecho a la igualdad, la no discriminaci\u00f3n y el derecho de las mujeres a una vida libre de violencia, seguri\u00e1n siendo letra muerta, mientras no se asuma la gravedad de la situaci\u00f3n y se act\u00fae en consecuencia.<\/p>\n\n\n\n<p>jecesco@hotmail.com<\/p>\n\n\n\n<p>www.deinterespublico.com<\/p>\n","protected":false},"excerpt":{"rendered":"<p>Emilio C\u00e1rdenas EscobosaDe Inter\u00e9s P\u00fablico Seg\u00fan cifras oficiales, M\u00e9xico es el segundo pa\u00eds de Am\u00e9rica Latina donde se comete m\u00e1s violencia homicida contra las mujeres y donde la impunidad para con los victimarios es casi total, pues de acuerdo con informes elaborados por diferentes organismos nacionales e internacionales alcanza entre el 97% y el 99%. [&hellip;]<\/p>\n","protected":false},"author":2,"featured_media":0,"comment_status":"closed","ping_status":"closed","sticky":false,"template":"","format":"standard","meta":{"tdm_status":"","tdm_grid_status":"","footnotes":""},"categories":[70],"tags":[13577,32988,1432,826,8679,31233,14674,32989],"class_list":{"0":"post-89075","1":"post","2":"type-post","3":"status-publish","4":"format-standard","6":"category-de-opinion","7":"tag-alejandro-gertz-manero","8":"tag-debanhi-escobar","9":"tag-emilio-cardenas-escobosa","10":"tag-feminicidios","11":"tag-homicidios-dolosos","12":"tag-ley-ingrid","13":"tag-ley-olimpia","14":"tag-observatorio-ciudadano-nacional-del-feminicidio"},"yoast_head":"<!-- This site is optimized with the Yoast SEO plugin v27.4 - https:\/\/yoast.com\/product\/yoast-seo-wordpress\/ -->\n<title>M\u00e9xico, territorio feminicida - Los pol\u00edticos Veracruz<\/title>\n<meta name=\"robots\" content=\"index, follow, max-snippet:-1, max-image-preview:large, max-video-preview:-1\" \/>\n<link rel=\"canonical\" href=\"https:\/\/lospoliticosveracruz.com\/?p=89075\" \/>\n<meta property=\"og:locale\" content=\"es_ES\" \/>\n<meta property=\"og:type\" content=\"article\" \/>\n<meta property=\"og:title\" content=\"M\u00e9xico, territorio feminicida - Los pol\u00edticos Veracruz\" \/>\n<meta property=\"og:description\" content=\"Emilio C\u00e1rdenas EscobosaDe Inter\u00e9s P\u00fablico Seg\u00fan cifras oficiales, M\u00e9xico es el segundo pa\u00eds de Am\u00e9rica Latina donde se comete m\u00e1s violencia homicida contra las mujeres y donde la impunidad para con los victimarios es casi total, pues de acuerdo con informes elaborados por diferentes organismos nacionales e internacionales alcanza entre el 97% y el 99%. [&hellip;]\" \/>\n<meta property=\"og:url\" content=\"https:\/\/lospoliticosveracruz.com\/?p=89075\" \/>\n<meta property=\"og:site_name\" content=\"Los pol\u00edticos Veracruz\" \/>\n<meta property=\"article:publisher\" content=\"https:\/\/www.facebook.com\/people\/Notimemes-de-los-Polticos\/61565672886568\/\" \/>\n<meta property=\"article:published_time\" content=\"2022-04-26T13:47:04+00:00\" \/>\n<meta property=\"article:modified_time\" content=\"2022-04-26T13:47:12+00:00\" \/>\n<meta property=\"og:image\" content=\"https:\/\/lospoliticosveracruz.com\/wp-content\/uploads\/2016\/07\/Logo-Dor.jpg\" \/>\n\t<meta property=\"og:image:width\" content=\"200\" \/>\n\t<meta property=\"og:image:height\" content=\"200\" \/>\n\t<meta property=\"og:image:type\" content=\"image\/jpeg\" \/>\n<meta name=\"author\" content=\"Lo viste en Los Pol\u00edticos\" \/>\n<meta name=\"twitter:card\" content=\"summary_large_image\" \/>\n<meta name=\"twitter:creator\" content=\"@LosPoliticosVer\" \/>\n<meta name=\"twitter:site\" content=\"@LosPoliticosVer\" \/>\n<meta name=\"twitter:label1\" content=\"Escrito por\" \/>\n\t<meta name=\"twitter:data1\" content=\"Lo viste en Los Pol\u00edticos\" \/>\n\t<meta name=\"twitter:label2\" content=\"Tiempo de lectura\" \/>\n\t<meta name=\"twitter:data2\" content=\"5 minutos\" \/>\n<script type=\"application\/ld+json\" class=\"yoast-schema-graph\">{\"@context\":\"https:\\\/\\\/schema.org\",\"@graph\":[{\"@type\":\"Article\",\"@id\":\"https:\\\/\\\/lospoliticosveracruz.com\\\/?p=89075#article\",\"isPartOf\":{\"@id\":\"https:\\\/\\\/lospoliticosveracruz.com\\\/?p=89075\"},\"author\":{\"name\":\"Lo viste en Los Pol\u00edticos\",\"@id\":\"https:\\\/\\\/lospoliticosveracruz.com\\\/#\\\/schema\\\/person\\\/b8702bb0e538456e6efd07080bf2a4a2\"},\"headline\":\"M\u00e9xico, territorio feminicida\",\"datePublished\":\"2022-04-26T13:47:04+00:00\",\"dateModified\":\"2022-04-26T13:47:12+00:00\",\"mainEntityOfPage\":{\"@id\":\"https:\\\/\\\/lospoliticosveracruz.com\\\/?p=89075\"},\"wordCount\":1093,\"publisher\":{\"@id\":\"https:\\\/\\\/lospoliticosveracruz.com\\\/#organization\"},\"keywords\":[\"Alejandro Gertz Manero\",\"Debanhi Escobar\",\"Emilio C\u00e1rdenas Escobosa\",\"feminicidios\",\"Homicidios dolosos\",\"Ley Ingrid\",\"Ley Olimpia\",\"Observatorio Ciudadano Nacional del Feminicidio\"],\"articleSection\":[\"De Opini\u00f3n\"],\"inLanguage\":\"es\"},{\"@type\":\"WebPage\",\"@id\":\"https:\\\/\\\/lospoliticosveracruz.com\\\/?p=89075\",\"url\":\"https:\\\/\\\/lospoliticosveracruz.com\\\/?p=89075\",\"name\":\"M\u00e9xico, territorio feminicida - Los pol\u00edticos Veracruz\",\"isPartOf\":{\"@id\":\"https:\\\/\\\/lospoliticosveracruz.com\\\/#website\"},\"datePublished\":\"2022-04-26T13:47:04+00:00\",\"dateModified\":\"2022-04-26T13:47:12+00:00\",\"breadcrumb\":{\"@id\":\"https:\\\/\\\/lospoliticosveracruz.com\\\/?p=89075#breadcrumb\"},\"inLanguage\":\"es\",\"potentialAction\":[{\"@type\":\"ReadAction\",\"target\":[\"https:\\\/\\\/lospoliticosveracruz.com\\\/?p=89075\"]}]},{\"@type\":\"BreadcrumbList\",\"@id\":\"https:\\\/\\\/lospoliticosveracruz.com\\\/?p=89075#breadcrumb\",\"itemListElement\":[{\"@type\":\"ListItem\",\"position\":1,\"name\":\"Portada\",\"item\":\"https:\\\/\\\/lospoliticosveracruz.com\\\/\"},{\"@type\":\"ListItem\",\"position\":2,\"name\":\"M\u00e9xico, territorio feminicida\"}]},{\"@type\":\"WebSite\",\"@id\":\"https:\\\/\\\/lospoliticosveracruz.com\\\/#website\",\"url\":\"https:\\\/\\\/lospoliticosveracruz.com\\\/\",\"name\":\"Los pol\u00edticos Veracruz\",\"description\":\"\",\"publisher\":{\"@id\":\"https:\\\/\\\/lospoliticosveracruz.com\\\/#organization\"},\"potentialAction\":[{\"@type\":\"SearchAction\",\"target\":{\"@type\":\"EntryPoint\",\"urlTemplate\":\"https:\\\/\\\/lospoliticosveracruz.com\\\/?s={search_term_string}\"},\"query-input\":{\"@type\":\"PropertyValueSpecification\",\"valueRequired\":true,\"valueName\":\"search_term_string\"}}],\"inLanguage\":\"es\"},{\"@type\":\"Organization\",\"@id\":\"https:\\\/\\\/lospoliticosveracruz.com\\\/#organization\",\"name\":\"Los pol\u00edticos Veracruz\",\"url\":\"https:\\\/\\\/lospoliticosveracruz.com\\\/\",\"logo\":{\"@type\":\"ImageObject\",\"inLanguage\":\"es\",\"@id\":\"https:\\\/\\\/lospoliticosveracruz.com\\\/#\\\/schema\\\/logo\\\/image\\\/\",\"url\":\"https:\\\/\\\/lospoliticosveracruz.com\\\/wp-content\\\/uploads\\\/2025\\\/12\\\/Logo-Nuevo-LOS-POLITICOS-1.jpg\",\"contentUrl\":\"https:\\\/\\\/lospoliticosveracruz.com\\\/wp-content\\\/uploads\\\/2025\\\/12\\\/Logo-Nuevo-LOS-POLITICOS-1.jpg\",\"width\":260,\"height\":70,\"caption\":\"Los pol\u00edticos Veracruz\"},\"image\":{\"@id\":\"https:\\\/\\\/lospoliticosveracruz.com\\\/#\\\/schema\\\/logo\\\/image\\\/\"},\"sameAs\":[\"https:\\\/\\\/www.facebook.com\\\/people\\\/Notimemes-de-los-Polticos\\\/61565672886568\\\/\",\"https:\\\/\\\/x.com\\\/LosPoliticosVer\"]},{\"@type\":\"Person\",\"@id\":\"https:\\\/\\\/lospoliticosveracruz.com\\\/#\\\/schema\\\/person\\\/b8702bb0e538456e6efd07080bf2a4a2\",\"name\":\"Lo viste en Los Pol\u00edticos\",\"image\":{\"@type\":\"ImageObject\",\"inLanguage\":\"es\",\"@id\":\"https:\\\/\\\/secure.gravatar.com\\\/avatar\\\/3a8de04a2656d44082be478bd6c086daa447c4651605818287b9532d3d0bd435?s=96&d=mm&r=g\",\"url\":\"https:\\\/\\\/secure.gravatar.com\\\/avatar\\\/3a8de04a2656d44082be478bd6c086daa447c4651605818287b9532d3d0bd435?s=96&d=mm&r=g\",\"contentUrl\":\"https:\\\/\\\/secure.gravatar.com\\\/avatar\\\/3a8de04a2656d44082be478bd6c086daa447c4651605818287b9532d3d0bd435?s=96&d=mm&r=g\",\"caption\":\"Lo viste en Los Pol\u00edticos\"},\"url\":\"https:\\\/\\\/lospoliticosveracruz.com\\\/?author=2\"}]}<\/script>\n<!-- \/ Yoast SEO plugin. -->","yoast_head_json":{"title":"M\u00e9xico, territorio feminicida - Los pol\u00edticos Veracruz","robots":{"index":"index","follow":"follow","max-snippet":"max-snippet:-1","max-image-preview":"max-image-preview:large","max-video-preview":"max-video-preview:-1"},"canonical":"https:\/\/lospoliticosveracruz.com\/?p=89075","og_locale":"es_ES","og_type":"article","og_title":"M\u00e9xico, territorio feminicida - Los pol\u00edticos Veracruz","og_description":"Emilio C\u00e1rdenas EscobosaDe Inter\u00e9s P\u00fablico Seg\u00fan cifras oficiales, M\u00e9xico es el segundo pa\u00eds de Am\u00e9rica Latina donde se comete m\u00e1s violencia homicida contra las mujeres y donde la impunidad para con los victimarios es casi total, pues de acuerdo con informes elaborados por diferentes organismos nacionales e internacionales alcanza entre el 97% y el 99%. [&hellip;]","og_url":"https:\/\/lospoliticosveracruz.com\/?p=89075","og_site_name":"Los pol\u00edticos Veracruz","article_publisher":"https:\/\/www.facebook.com\/people\/Notimemes-de-los-Polticos\/61565672886568\/","article_published_time":"2022-04-26T13:47:04+00:00","article_modified_time":"2022-04-26T13:47:12+00:00","og_image":[{"width":200,"height":200,"url":"https:\/\/lospoliticosveracruz.com\/wp-content\/uploads\/2016\/07\/Logo-Dor.jpg","type":"image\/jpeg"}],"author":"Lo viste en Los Pol\u00edticos","twitter_card":"summary_large_image","twitter_creator":"@LosPoliticosVer","twitter_site":"@LosPoliticosVer","twitter_misc":{"Escrito por":"Lo viste en Los Pol\u00edticos","Tiempo de lectura":"5 minutos"},"schema":{"@context":"https:\/\/schema.org","@graph":[{"@type":"Article","@id":"https:\/\/lospoliticosveracruz.com\/?p=89075#article","isPartOf":{"@id":"https:\/\/lospoliticosveracruz.com\/?p=89075"},"author":{"name":"Lo viste en Los Pol\u00edticos","@id":"https:\/\/lospoliticosveracruz.com\/#\/schema\/person\/b8702bb0e538456e6efd07080bf2a4a2"},"headline":"M\u00e9xico, territorio feminicida","datePublished":"2022-04-26T13:47:04+00:00","dateModified":"2022-04-26T13:47:12+00:00","mainEntityOfPage":{"@id":"https:\/\/lospoliticosveracruz.com\/?p=89075"},"wordCount":1093,"publisher":{"@id":"https:\/\/lospoliticosveracruz.com\/#organization"},"keywords":["Alejandro Gertz Manero","Debanhi Escobar","Emilio C\u00e1rdenas Escobosa","feminicidios","Homicidios dolosos","Ley Ingrid","Ley Olimpia","Observatorio Ciudadano Nacional del Feminicidio"],"articleSection":["De Opini\u00f3n"],"inLanguage":"es"},{"@type":"WebPage","@id":"https:\/\/lospoliticosveracruz.com\/?p=89075","url":"https:\/\/lospoliticosveracruz.com\/?p=89075","name":"M\u00e9xico, territorio feminicida - Los pol\u00edticos Veracruz","isPartOf":{"@id":"https:\/\/lospoliticosveracruz.com\/#website"},"datePublished":"2022-04-26T13:47:04+00:00","dateModified":"2022-04-26T13:47:12+00:00","breadcrumb":{"@id":"https:\/\/lospoliticosveracruz.com\/?p=89075#breadcrumb"},"inLanguage":"es","potentialAction":[{"@type":"ReadAction","target":["https:\/\/lospoliticosveracruz.com\/?p=89075"]}]},{"@type":"BreadcrumbList","@id":"https:\/\/lospoliticosveracruz.com\/?p=89075#breadcrumb","itemListElement":[{"@type":"ListItem","position":1,"name":"Portada","item":"https:\/\/lospoliticosveracruz.com\/"},{"@type":"ListItem","position":2,"name":"M\u00e9xico, territorio feminicida"}]},{"@type":"WebSite","@id":"https:\/\/lospoliticosveracruz.com\/#website","url":"https:\/\/lospoliticosveracruz.com\/","name":"Los pol\u00edticos Veracruz","description":"","publisher":{"@id":"https:\/\/lospoliticosveracruz.com\/#organization"},"potentialAction":[{"@type":"SearchAction","target":{"@type":"EntryPoint","urlTemplate":"https:\/\/lospoliticosveracruz.com\/?s={search_term_string}"},"query-input":{"@type":"PropertyValueSpecification","valueRequired":true,"valueName":"search_term_string"}}],"inLanguage":"es"},{"@type":"Organization","@id":"https:\/\/lospoliticosveracruz.com\/#organization","name":"Los pol\u00edticos Veracruz","url":"https:\/\/lospoliticosveracruz.com\/","logo":{"@type":"ImageObject","inLanguage":"es","@id":"https:\/\/lospoliticosveracruz.com\/#\/schema\/logo\/image\/","url":"https:\/\/lospoliticosveracruz.com\/wp-content\/uploads\/2025\/12\/Logo-Nuevo-LOS-POLITICOS-1.jpg","contentUrl":"https:\/\/lospoliticosveracruz.com\/wp-content\/uploads\/2025\/12\/Logo-Nuevo-LOS-POLITICOS-1.jpg","width":260,"height":70,"caption":"Los pol\u00edticos Veracruz"},"image":{"@id":"https:\/\/lospoliticosveracruz.com\/#\/schema\/logo\/image\/"},"sameAs":["https:\/\/www.facebook.com\/people\/Notimemes-de-los-Polticos\/61565672886568\/","https:\/\/x.com\/LosPoliticosVer"]},{"@type":"Person","@id":"https:\/\/lospoliticosveracruz.com\/#\/schema\/person\/b8702bb0e538456e6efd07080bf2a4a2","name":"Lo viste en Los Pol\u00edticos","image":{"@type":"ImageObject","inLanguage":"es","@id":"https:\/\/secure.gravatar.com\/avatar\/3a8de04a2656d44082be478bd6c086daa447c4651605818287b9532d3d0bd435?s=96&d=mm&r=g","url":"https:\/\/secure.gravatar.com\/avatar\/3a8de04a2656d44082be478bd6c086daa447c4651605818287b9532d3d0bd435?s=96&d=mm&r=g","contentUrl":"https:\/\/secure.gravatar.com\/avatar\/3a8de04a2656d44082be478bd6c086daa447c4651605818287b9532d3d0bd435?s=96&d=mm&r=g","caption":"Lo viste en Los Pol\u00edticos"},"url":"https:\/\/lospoliticosveracruz.com\/?author=2"}]}},"_links":{"self":[{"href":"https:\/\/lospoliticosveracruz.com\/index.php?rest_route=\/wp\/v2\/posts\/89075","targetHints":{"allow":["GET"]}}],"collection":[{"href":"https:\/\/lospoliticosveracruz.com\/index.php?rest_route=\/wp\/v2\/posts"}],"about":[{"href":"https:\/\/lospoliticosveracruz.com\/index.php?rest_route=\/wp\/v2\/types\/post"}],"author":[{"embeddable":true,"href":"https:\/\/lospoliticosveracruz.com\/index.php?rest_route=\/wp\/v2\/users\/2"}],"replies":[{"embeddable":true,"href":"https:\/\/lospoliticosveracruz.com\/index.php?rest_route=%2Fwp%2Fv2%2Fcomments&post=89075"}],"version-history":[{"count":1,"href":"https:\/\/lospoliticosveracruz.com\/index.php?rest_route=\/wp\/v2\/posts\/89075\/revisions"}],"predecessor-version":[{"id":89077,"href":"https:\/\/lospoliticosveracruz.com\/index.php?rest_route=\/wp\/v2\/posts\/89075\/revisions\/89077"}],"wp:attachment":[{"href":"https:\/\/lospoliticosveracruz.com\/index.php?rest_route=%2Fwp%2Fv2%2Fmedia&parent=89075"}],"wp:term":[{"taxonomy":"category","embeddable":true,"href":"https:\/\/lospoliticosveracruz.com\/index.php?rest_route=%2Fwp%2Fv2%2Fcategories&post=89075"},{"taxonomy":"post_tag","embeddable":true,"href":"https:\/\/lospoliticosveracruz.com\/index.php?rest_route=%2Fwp%2Fv2%2Ftags&post=89075"}],"curies":[{"name":"wp","href":"https:\/\/api.w.org\/{rel}","templated":true}]}}