{"id":89116,"date":"2022-04-27T07:42:51","date_gmt":"2022-04-27T12:42:51","guid":{"rendered":"https:\/\/lospoliticosveracruz.com.mx\/?p=89116"},"modified":"2022-04-27T07:43:00","modified_gmt":"2022-04-27T12:43:00","slug":"morena-gutierrez-y-sus-circunstancias","status":"publish","type":"post","link":"https:\/\/lospoliticosveracruz.com\/?p=89116","title":{"rendered":"Morena, Guti\u00e9rrez y sus circunstancias"},"content":{"rendered":"\n<p><\/p>\n\n\n\n<p><br><strong>Ricardo Ch\u00faa<\/strong><br><em>Sale y Vale<\/em><\/p>\n\n\n\n<p><\/p>\n\n\n\n<p>Desde hace d\u00edas hemos mencionado la cercan\u00eda de Andr\u00e9s Manuel L\u00f3pez Obrador con Sergio Guti\u00e9rrez Luna y que eso acerca a su posible postulaci\u00f3n en 2024 como candidato a gobernador de Veracruz por MORENA.. A pesar del maltrato de altos funcionarios del gobierno del Estado y de la manera respetuosa con la que el diputado federal se refiere a Cuitl\u00e1huac Garc\u00eda\u2026 Pese a cr\u00edticas recibidas por andar de \u00abquedabien\u00bb con el xalape\u00f1o.. \u00bfUn MENSAJE para el gobernador y para Palacio Nacional?\u2026<\/p>\n\n\n\n<p>Es que en estos d\u00edas ha quedado claro\u2026 Que pareciera que las circunstancias se le est\u00e1n acomodando a Sergio Guti\u00e9rrez Luna\u2026 Ya que es evidente su aspiraci\u00f3n por ser el candidato de MORENA para ser el sucesor de Cuitl\u00e1huac Garc\u00eda\u2026 Ya puso \u00abnerviosos\u00bb a los de Palacio de Gobierno\u2026 Su figura les estorba a donde sea que vaya porque ya les quit\u00f3 un espacio\u2026 Por eso, la \u00abmadriza\u00bb en su contra\u2026 Pero si se aplica le gana la candidatura a Roc\u00edo Nahle\u2026 La zacatecana la quiere y el minatitleco tambi\u00e9n\u2026 FUERA M\u00c1SCARAS\u2026<\/p>\n\n\n\n<p>El tema que hay que analizar aqu\u00ed es que a la titular de la Secretar\u00eda de Energ\u00eda del gobierno federal, Roc\u00edo Nahle se le acaba el tiempo para buscar la ansiada candidatura a gobernadora\u2026 Ya que solo le queda un a\u00f1o para que la Constituci\u00f3n Local de Veracruz sea reformada y pueda aspirar a ser candidato a gobernador\u2026 Ya que no es nacida en la entidad y no es hijo de padres veracruzanos\u2026 Una reforma constitucional que se hizo en 1997 por iniciativa del entonces secretario de Gobierno, Miguel \u00c4ngel Yunes Linares\u2026 QUI\u00c9N DIR\u00cdA\u2026 JA JA JA\u2026<\/p>\n\n\n\n<p>Hay que recordar que esa \u00abLey Yunes\u00bb se hizo para que en 1998 no pudiera participar como aspirante a gobernador, el ex dirigente estatal del PAN, el ya fallecido, C\u00e9sar Leal Angulo, formador de muchos j\u00f3venes que ahora dirigen el PAN\u2026 Pero en este 2024 le afecta directamente a Roc\u00edo Nahle.. Si Juan Javier G\u00f3mez Cazar\u00edn y su grupo de diputados locales de MORENA no hacen el cambio en la constituci\u00f3n.. Nahle no podr\u00e1 ser candidata\u2026 Por eso, ven a Guti\u00e9rrez Luna con la GRAN POSIBILIDAD que se quede con la candidatura\u2026<\/p>\n\n\n\n<p>En pocas palabras, si Cazar\u00edn, en este a\u00f1o, no pasa la Reforma para Nahle, ya para el 2023 vali\u00f3\u2026 Porque Cazar\u00edn no tendr\u00e1 todo el control de la bancada y hay diputados locales que desean que sea Sergio Guti\u00e9rrez y otros m\u00e1s desean que sea alg\u00fan funcionario estatal, entonces, todo estar\u00e1 dividido y costar\u00e1 m\u00e1s los votos (En aportaciones y convencimiento)\u2026 Pareciera que Cazar\u00edn la est\u00e1 \u00absacando del juego\u00bb y al no aprobarse la Reforma, ella queda profundamente en el \u00ababismo\u00bb\u2026 Y su suerte ser\u00e1 ir a San L\u00e1zaro o de nuevo al Senado\u2026<\/p>\n\n\n\n<p>Ya que de manera extra\u00f1a\u2026 Esta iniciativa de Reforma Constitucional para permitir que un NO NACIDO en Veracruz, pueda ser candidato a gobernador, se encuentra presentada desde la Legislatura Local pasada, impulsada por Amado Cruz Malpica, ahora alcalde de Coatzacoalcos\u2026 Pero qued\u00f3 \u00abcongelada\u00bb\u2026 Y en este momento, lo que menos se ve es entusiasmo de impulsarla por los diputados Morenos\u2026 Y eso que cuenta con las dos terceras partes del Congreso Local y la mayor\u00eda de ayuntamientos para aprobarla\u2026 \u00bfNo quieren la quieren?\u2026<\/p>\n\n\n\n<p>Si bien es cierto ahora MORENA en el Congreso de Veracruz, tiene todo a favor\u2026 Pero ya est\u00e1n divididos\u2026 Por eso, se dice que Cazar\u00edn, no trae el control total\u2026 Pero tambi\u00e9n el problema puede ser que Roc\u00edo Nahle da por sentado que lo sacar\u00e1 en t\u00e9rminos finales\u2026 Pero si no puede\u2026 \u00bfQu\u00e9 har\u00e1?\u2026 M\u00e1s cuando HAY UN RUMOR en Palacio Nacional, que para no afectar al grupo pol\u00edtico de Mario Delgado en la presidencia nacional de MORENA\u2026 Sergio Guti\u00e9rrez puede tomar las RIENDAS del partido por ah\u00ed de octubre\u2026 AS\u00cd COMO LA LEEN\u2026<\/p>\n\n\n\n<p>El minatitleco se quedar\u00eda por Mario Delgado\u2026 Sin dejar su aspiraci\u00f3n real de ser candidato a gobernador por Veracruz\u2026 Con Guti\u00e9rrez Luna en el CEN de MORENA pr\u00e1cticamente Nahle quedar\u00eda DESCARTADA en la \u00abaldea jarocha\u00bb\u2026 Y muchos otros OGTS tambi\u00e9n\u2026 Ya que con el diputado federal frente al partido a nivel nacional\u2026 Despu\u00e9s de todo L\u00f3pez Obrador puede asegurar el control en Veracruz y al estar impedida legalmente Nahle\u2026 Sergio Guti\u00e9rrez ya no es tan mala idea para el Presidente en la sucesi\u00f3n del 2024\u2026<\/p>\n\n\n\n<p>Ya que se dice que el minatitleco dio como \u00abregalo\u00bb a AMLO\u2026 El no aprobar la Reforma El\u00e9ctrica para tener vivo el recuerdo de los \u00abtraidores de la patria\u00bb y acert\u00f3 un \u00abgolpe\u00bb a Nahle para dejarla como \u00abnula\u00bb operadora pol\u00edtica y eso que ella estuvo en la JUCOPO en la c\u00e1mara de diputados federales en 2016\u2026 Pero si Guti\u00e9rrez llega a MORENA\u2026 El de Minatitl\u00e1n ser\u00e1 candidato\u2026 Cuitl\u00e1huac ser\u00e1 Senador \u00abpluri\u00bb y Javier Herrera, senador por la alianza del PVEM\u2026 Se puede dar porque tendr\u00eda un a\u00f1o para prepararse\u2026 Claudia Sheinbaum quedar\u00eda fuera de la \u00abjugada\u00bb Presidencial\u2026 Es lo que se ve\u2026 DIOS LOS BENDIGA\u2026<\/p>\n\n\n\n<p>ISLE\u00d1O VS POLO\u2026 Despu\u00e9s de tantos dimes y diretes en medios de comunicaci\u00f3n y redes sociales\u2026 Marcos Isle\u00f1o, el alcalde de Medell\u00edn de Bravo, ya present\u00f3 su primera denuncia contra su antecesor, Hip\u00f3lito Deschamps, por malversar recursos de este ayuntamiento ante la Fiscal\u00eda Anticorrupci\u00f3n del Estado\u2026 Y los presuntos delitos son peculado, abuso de autoridad e incumplimiento de un deber legal\u2026. Habr\u00e1 que ver en qu\u00e9 termina este asunto\u2026<\/p>\n\n\n\n<p>Sobre todo despu\u00e9s de que hab\u00edan corrido versiones.. Qu\u00e9 Isle\u00f1o Andrade estaba siendo \u00abpresionado\u00bb por entes internos del partido MORENA y del gobierno del Estado para \u00abdejar en paz\u00bb a Deschamps y que por ello, se iba a quedar callado y sin presentar ninguna denuncia en contra\u2026 Ahora como alcalde se puede decir que se \u00ablava las manos\u00bb porque la denuncia ya est\u00e1 en la Fiscal\u00eda y ella ser\u00e1 la encargada de seguir la carpeta de investigaci\u00f3n\u2026 Si act\u00faa en consecuencia o no\u2026 Ya no ser\u00e1 problema de Isle\u00f1o sino de la FGE\u2026 SE CUR\u00d3 EN SALUD\u2026<\/p>\n\n\n\n<p>Al final de cuentas\u2026 El ya cumpli\u00f3 con su promesa de campa\u00f1a que hizo a la ciudadan\u00eda de investigar como le dejaban el municipio.. Ya hizo la denuncia despu\u00e9s de 4 meses de auditor\u00eda interna\u2026 Y al concluir la misma se present\u00f3 la denuncia correspondiente ante la Fiscal\u00eda Anticorrupci\u00f3n del Estado por peculado de 65 millones de pesos\u2026 Ahora la suerte jur\u00eddica de Polo Deschamps, ya est\u00e1 en la \u00abcancha\u00bb de Clementina Salazar Cruz, la fiscal Anticorrupci\u00f3n en Veracruz\u2026 Isle\u00f1o cumpli\u00f3 y se \u00ablav\u00f3 las manos\u00bb.. TAN\u2026 TAN\u2026<\/p>\n","protected":false},"excerpt":{"rendered":"<p>Ricardo Ch\u00faaSale y Vale Desde hace d\u00edas hemos mencionado la cercan\u00eda de Andr\u00e9s Manuel L\u00f3pez Obrador con Sergio Guti\u00e9rrez Luna y que eso acerca a su posible postulaci\u00f3n en 2024 como candidato a gobernador de Veracruz por MORENA.. A pesar del maltrato de altos funcionarios del gobierno del Estado y de la manera respetuosa con [&hellip;]<\/p>\n","protected":false},"author":2,"featured_media":0,"comment_status":"closed","ping_status":"closed","sticky":false,"template":"","format":"standard","meta":{"tdm_status":"","tdm_grid_status":"","footnotes":""},"categories":[70],"tags":[18221,1563,12695,19748,12596,1420,1026,7517,30989,16147],"class_list":{"0":"post-89116","1":"post","2":"type-post","3":"status-publish","4":"format-standard","6":"category-de-opinion","7":"tag-clementina-salazar-cruz","8":"tag-cuitlahuac-garcia-jimenez","9":"tag-juan-javier-gomez-cazarin","10":"tag-marcos-isleno","11":"tag-mario-delgado","12":"tag-medellin-de-bravo","13":"tag-morena","14":"tag-polo-deschamps","15":"tag-rocio-nahle-garcia-2","16":"tag-sergio-gutierrez-luna"},"yoast_head":"<!-- This site is optimized with the Yoast SEO plugin v27.4 - https:\/\/yoast.com\/product\/yoast-seo-wordpress\/ -->\n<title>Morena, Guti\u00e9rrez y sus circunstancias - Los pol\u00edticos Veracruz<\/title>\n<meta name=\"robots\" content=\"index, follow, max-snippet:-1, max-image-preview:large, max-video-preview:-1\" \/>\n<link rel=\"canonical\" href=\"https:\/\/lospoliticosveracruz.com\/?p=89116\" \/>\n<meta property=\"og:locale\" content=\"es_ES\" \/>\n<meta property=\"og:type\" content=\"article\" \/>\n<meta property=\"og:title\" content=\"Morena, Guti\u00e9rrez y sus circunstancias - Los pol\u00edticos Veracruz\" \/>\n<meta property=\"og:description\" content=\"Ricardo Ch\u00faaSale y Vale Desde hace d\u00edas hemos mencionado la cercan\u00eda de Andr\u00e9s Manuel L\u00f3pez Obrador con Sergio Guti\u00e9rrez Luna y que eso acerca a su posible postulaci\u00f3n en 2024 como candidato a gobernador de Veracruz por MORENA.. A pesar del maltrato de altos funcionarios del gobierno del Estado y de la manera respetuosa con [&hellip;]\" \/>\n<meta property=\"og:url\" content=\"https:\/\/lospoliticosveracruz.com\/?p=89116\" \/>\n<meta property=\"og:site_name\" content=\"Los pol\u00edticos Veracruz\" \/>\n<meta property=\"article:publisher\" content=\"https:\/\/www.facebook.com\/people\/Notimemes-de-los-Polticos\/61565672886568\/\" \/>\n<meta property=\"article:published_time\" content=\"2022-04-27T12:42:51+00:00\" \/>\n<meta property=\"article:modified_time\" content=\"2022-04-27T12:43:00+00:00\" \/>\n<meta property=\"og:image\" content=\"https:\/\/lospoliticosveracruz.com\/wp-content\/uploads\/2016\/07\/Logo-Dor.jpg\" \/>\n\t<meta property=\"og:image:width\" content=\"200\" \/>\n\t<meta property=\"og:image:height\" content=\"200\" \/>\n\t<meta property=\"og:image:type\" content=\"image\/jpeg\" \/>\n<meta name=\"author\" content=\"Lo viste en Los Pol\u00edticos\" \/>\n<meta name=\"twitter:card\" content=\"summary_large_image\" \/>\n<meta name=\"twitter:creator\" content=\"@LosPoliticosVer\" \/>\n<meta name=\"twitter:site\" content=\"@LosPoliticosVer\" \/>\n<meta name=\"twitter:label1\" content=\"Escrito por\" \/>\n\t<meta name=\"twitter:data1\" content=\"Lo viste en Los Pol\u00edticos\" \/>\n\t<meta name=\"twitter:label2\" content=\"Tiempo de lectura\" \/>\n\t<meta name=\"twitter:data2\" content=\"6 minutos\" \/>\n<script type=\"application\/ld+json\" class=\"yoast-schema-graph\">{\"@context\":\"https:\\\/\\\/schema.org\",\"@graph\":[{\"@type\":\"Article\",\"@id\":\"https:\\\/\\\/lospoliticosveracruz.com\\\/?p=89116#article\",\"isPartOf\":{\"@id\":\"https:\\\/\\\/lospoliticosveracruz.com\\\/?p=89116\"},\"author\":{\"name\":\"Lo viste en Los Pol\u00edticos\",\"@id\":\"https:\\\/\\\/lospoliticosveracruz.com\\\/#\\\/schema\\\/person\\\/b8702bb0e538456e6efd07080bf2a4a2\"},\"headline\":\"Morena, Guti\u00e9rrez y sus circunstancias\",\"datePublished\":\"2022-04-27T12:42:51+00:00\",\"dateModified\":\"2022-04-27T12:43:00+00:00\",\"mainEntityOfPage\":{\"@id\":\"https:\\\/\\\/lospoliticosveracruz.com\\\/?p=89116\"},\"wordCount\":1176,\"publisher\":{\"@id\":\"https:\\\/\\\/lospoliticosveracruz.com\\\/#organization\"},\"keywords\":[\"Clementina Salazar Cruz\",\"Cuitl\u00e1huac Garc\u00eda Jim\u00e9nez\",\"Juan Javier G\u00f3mez Cazar\u00edn\",\"Marcos Isle\u00f1o\",\"Mario Delgado\",\"Medell\u00edn de Bravo\",\"Morena\",\"Polo Deschamps\",\"Roci\u00f3 Nahle Garc\u00eda\",\"Sergio Guti\u00e9rrez Luna\"],\"articleSection\":[\"De Opini\u00f3n\"],\"inLanguage\":\"es\"},{\"@type\":\"WebPage\",\"@id\":\"https:\\\/\\\/lospoliticosveracruz.com\\\/?p=89116\",\"url\":\"https:\\\/\\\/lospoliticosveracruz.com\\\/?p=89116\",\"name\":\"Morena, Guti\u00e9rrez y sus circunstancias - Los pol\u00edticos Veracruz\",\"isPartOf\":{\"@id\":\"https:\\\/\\\/lospoliticosveracruz.com\\\/#website\"},\"datePublished\":\"2022-04-27T12:42:51+00:00\",\"dateModified\":\"2022-04-27T12:43:00+00:00\",\"breadcrumb\":{\"@id\":\"https:\\\/\\\/lospoliticosveracruz.com\\\/?p=89116#breadcrumb\"},\"inLanguage\":\"es\",\"potentialAction\":[{\"@type\":\"ReadAction\",\"target\":[\"https:\\\/\\\/lospoliticosveracruz.com\\\/?p=89116\"]}]},{\"@type\":\"BreadcrumbList\",\"@id\":\"https:\\\/\\\/lospoliticosveracruz.com\\\/?p=89116#breadcrumb\",\"itemListElement\":[{\"@type\":\"ListItem\",\"position\":1,\"name\":\"Portada\",\"item\":\"https:\\\/\\\/lospoliticosveracruz.com\\\/\"},{\"@type\":\"ListItem\",\"position\":2,\"name\":\"Morena, Guti\u00e9rrez y sus circunstancias\"}]},{\"@type\":\"WebSite\",\"@id\":\"https:\\\/\\\/lospoliticosveracruz.com\\\/#website\",\"url\":\"https:\\\/\\\/lospoliticosveracruz.com\\\/\",\"name\":\"Los pol\u00edticos Veracruz\",\"description\":\"\",\"publisher\":{\"@id\":\"https:\\\/\\\/lospoliticosveracruz.com\\\/#organization\"},\"potentialAction\":[{\"@type\":\"SearchAction\",\"target\":{\"@type\":\"EntryPoint\",\"urlTemplate\":\"https:\\\/\\\/lospoliticosveracruz.com\\\/?s={search_term_string}\"},\"query-input\":{\"@type\":\"PropertyValueSpecification\",\"valueRequired\":true,\"valueName\":\"search_term_string\"}}],\"inLanguage\":\"es\"},{\"@type\":\"Organization\",\"@id\":\"https:\\\/\\\/lospoliticosveracruz.com\\\/#organization\",\"name\":\"Los pol\u00edticos Veracruz\",\"url\":\"https:\\\/\\\/lospoliticosveracruz.com\\\/\",\"logo\":{\"@type\":\"ImageObject\",\"inLanguage\":\"es\",\"@id\":\"https:\\\/\\\/lospoliticosveracruz.com\\\/#\\\/schema\\\/logo\\\/image\\\/\",\"url\":\"https:\\\/\\\/lospoliticosveracruz.com\\\/wp-content\\\/uploads\\\/2025\\\/12\\\/Logo-Nuevo-LOS-POLITICOS-1.jpg\",\"contentUrl\":\"https:\\\/\\\/lospoliticosveracruz.com\\\/wp-content\\\/uploads\\\/2025\\\/12\\\/Logo-Nuevo-LOS-POLITICOS-1.jpg\",\"width\":260,\"height\":70,\"caption\":\"Los pol\u00edticos Veracruz\"},\"image\":{\"@id\":\"https:\\\/\\\/lospoliticosveracruz.com\\\/#\\\/schema\\\/logo\\\/image\\\/\"},\"sameAs\":[\"https:\\\/\\\/www.facebook.com\\\/people\\\/Notimemes-de-los-Polticos\\\/61565672886568\\\/\",\"https:\\\/\\\/x.com\\\/LosPoliticosVer\"]},{\"@type\":\"Person\",\"@id\":\"https:\\\/\\\/lospoliticosveracruz.com\\\/#\\\/schema\\\/person\\\/b8702bb0e538456e6efd07080bf2a4a2\",\"name\":\"Lo viste en Los Pol\u00edticos\",\"image\":{\"@type\":\"ImageObject\",\"inLanguage\":\"es\",\"@id\":\"https:\\\/\\\/secure.gravatar.com\\\/avatar\\\/3a8de04a2656d44082be478bd6c086daa447c4651605818287b9532d3d0bd435?s=96&d=mm&r=g\",\"url\":\"https:\\\/\\\/secure.gravatar.com\\\/avatar\\\/3a8de04a2656d44082be478bd6c086daa447c4651605818287b9532d3d0bd435?s=96&d=mm&r=g\",\"contentUrl\":\"https:\\\/\\\/secure.gravatar.com\\\/avatar\\\/3a8de04a2656d44082be478bd6c086daa447c4651605818287b9532d3d0bd435?s=96&d=mm&r=g\",\"caption\":\"Lo viste en Los Pol\u00edticos\"},\"url\":\"https:\\\/\\\/lospoliticosveracruz.com\\\/?author=2\"}]}<\/script>\n<!-- \/ Yoast SEO plugin. -->","yoast_head_json":{"title":"Morena, Guti\u00e9rrez y sus circunstancias - Los pol\u00edticos Veracruz","robots":{"index":"index","follow":"follow","max-snippet":"max-snippet:-1","max-image-preview":"max-image-preview:large","max-video-preview":"max-video-preview:-1"},"canonical":"https:\/\/lospoliticosveracruz.com\/?p=89116","og_locale":"es_ES","og_type":"article","og_title":"Morena, Guti\u00e9rrez y sus circunstancias - Los pol\u00edticos Veracruz","og_description":"Ricardo Ch\u00faaSale y Vale Desde hace d\u00edas hemos mencionado la cercan\u00eda de Andr\u00e9s Manuel L\u00f3pez Obrador con Sergio Guti\u00e9rrez Luna y que eso acerca a su posible postulaci\u00f3n en 2024 como candidato a gobernador de Veracruz por MORENA.. A pesar del maltrato de altos funcionarios del gobierno del Estado y de la manera respetuosa con [&hellip;]","og_url":"https:\/\/lospoliticosveracruz.com\/?p=89116","og_site_name":"Los pol\u00edticos Veracruz","article_publisher":"https:\/\/www.facebook.com\/people\/Notimemes-de-los-Polticos\/61565672886568\/","article_published_time":"2022-04-27T12:42:51+00:00","article_modified_time":"2022-04-27T12:43:00+00:00","og_image":[{"width":200,"height":200,"url":"https:\/\/lospoliticosveracruz.com\/wp-content\/uploads\/2016\/07\/Logo-Dor.jpg","type":"image\/jpeg"}],"author":"Lo viste en Los Pol\u00edticos","twitter_card":"summary_large_image","twitter_creator":"@LosPoliticosVer","twitter_site":"@LosPoliticosVer","twitter_misc":{"Escrito por":"Lo viste en Los Pol\u00edticos","Tiempo de lectura":"6 minutos"},"schema":{"@context":"https:\/\/schema.org","@graph":[{"@type":"Article","@id":"https:\/\/lospoliticosveracruz.com\/?p=89116#article","isPartOf":{"@id":"https:\/\/lospoliticosveracruz.com\/?p=89116"},"author":{"name":"Lo viste en Los Pol\u00edticos","@id":"https:\/\/lospoliticosveracruz.com\/#\/schema\/person\/b8702bb0e538456e6efd07080bf2a4a2"},"headline":"Morena, Guti\u00e9rrez y sus circunstancias","datePublished":"2022-04-27T12:42:51+00:00","dateModified":"2022-04-27T12:43:00+00:00","mainEntityOfPage":{"@id":"https:\/\/lospoliticosveracruz.com\/?p=89116"},"wordCount":1176,"publisher":{"@id":"https:\/\/lospoliticosveracruz.com\/#organization"},"keywords":["Clementina Salazar Cruz","Cuitl\u00e1huac Garc\u00eda Jim\u00e9nez","Juan Javier G\u00f3mez Cazar\u00edn","Marcos Isle\u00f1o","Mario Delgado","Medell\u00edn de Bravo","Morena","Polo Deschamps","Roci\u00f3 Nahle Garc\u00eda","Sergio Guti\u00e9rrez Luna"],"articleSection":["De Opini\u00f3n"],"inLanguage":"es"},{"@type":"WebPage","@id":"https:\/\/lospoliticosveracruz.com\/?p=89116","url":"https:\/\/lospoliticosveracruz.com\/?p=89116","name":"Morena, Guti\u00e9rrez y sus circunstancias - Los pol\u00edticos Veracruz","isPartOf":{"@id":"https:\/\/lospoliticosveracruz.com\/#website"},"datePublished":"2022-04-27T12:42:51+00:00","dateModified":"2022-04-27T12:43:00+00:00","breadcrumb":{"@id":"https:\/\/lospoliticosveracruz.com\/?p=89116#breadcrumb"},"inLanguage":"es","potentialAction":[{"@type":"ReadAction","target":["https:\/\/lospoliticosveracruz.com\/?p=89116"]}]},{"@type":"BreadcrumbList","@id":"https:\/\/lospoliticosveracruz.com\/?p=89116#breadcrumb","itemListElement":[{"@type":"ListItem","position":1,"name":"Portada","item":"https:\/\/lospoliticosveracruz.com\/"},{"@type":"ListItem","position":2,"name":"Morena, Guti\u00e9rrez y sus circunstancias"}]},{"@type":"WebSite","@id":"https:\/\/lospoliticosveracruz.com\/#website","url":"https:\/\/lospoliticosveracruz.com\/","name":"Los pol\u00edticos Veracruz","description":"","publisher":{"@id":"https:\/\/lospoliticosveracruz.com\/#organization"},"potentialAction":[{"@type":"SearchAction","target":{"@type":"EntryPoint","urlTemplate":"https:\/\/lospoliticosveracruz.com\/?s={search_term_string}"},"query-input":{"@type":"PropertyValueSpecification","valueRequired":true,"valueName":"search_term_string"}}],"inLanguage":"es"},{"@type":"Organization","@id":"https:\/\/lospoliticosveracruz.com\/#organization","name":"Los pol\u00edticos Veracruz","url":"https:\/\/lospoliticosveracruz.com\/","logo":{"@type":"ImageObject","inLanguage":"es","@id":"https:\/\/lospoliticosveracruz.com\/#\/schema\/logo\/image\/","url":"https:\/\/lospoliticosveracruz.com\/wp-content\/uploads\/2025\/12\/Logo-Nuevo-LOS-POLITICOS-1.jpg","contentUrl":"https:\/\/lospoliticosveracruz.com\/wp-content\/uploads\/2025\/12\/Logo-Nuevo-LOS-POLITICOS-1.jpg","width":260,"height":70,"caption":"Los pol\u00edticos Veracruz"},"image":{"@id":"https:\/\/lospoliticosveracruz.com\/#\/schema\/logo\/image\/"},"sameAs":["https:\/\/www.facebook.com\/people\/Notimemes-de-los-Polticos\/61565672886568\/","https:\/\/x.com\/LosPoliticosVer"]},{"@type":"Person","@id":"https:\/\/lospoliticosveracruz.com\/#\/schema\/person\/b8702bb0e538456e6efd07080bf2a4a2","name":"Lo viste en Los Pol\u00edticos","image":{"@type":"ImageObject","inLanguage":"es","@id":"https:\/\/secure.gravatar.com\/avatar\/3a8de04a2656d44082be478bd6c086daa447c4651605818287b9532d3d0bd435?s=96&d=mm&r=g","url":"https:\/\/secure.gravatar.com\/avatar\/3a8de04a2656d44082be478bd6c086daa447c4651605818287b9532d3d0bd435?s=96&d=mm&r=g","contentUrl":"https:\/\/secure.gravatar.com\/avatar\/3a8de04a2656d44082be478bd6c086daa447c4651605818287b9532d3d0bd435?s=96&d=mm&r=g","caption":"Lo viste en Los Pol\u00edticos"},"url":"https:\/\/lospoliticosveracruz.com\/?author=2"}]}},"_links":{"self":[{"href":"https:\/\/lospoliticosveracruz.com\/index.php?rest_route=\/wp\/v2\/posts\/89116","targetHints":{"allow":["GET"]}}],"collection":[{"href":"https:\/\/lospoliticosveracruz.com\/index.php?rest_route=\/wp\/v2\/posts"}],"about":[{"href":"https:\/\/lospoliticosveracruz.com\/index.php?rest_route=\/wp\/v2\/types\/post"}],"author":[{"embeddable":true,"href":"https:\/\/lospoliticosveracruz.com\/index.php?rest_route=\/wp\/v2\/users\/2"}],"replies":[{"embeddable":true,"href":"https:\/\/lospoliticosveracruz.com\/index.php?rest_route=%2Fwp%2Fv2%2Fcomments&post=89116"}],"version-history":[{"count":1,"href":"https:\/\/lospoliticosveracruz.com\/index.php?rest_route=\/wp\/v2\/posts\/89116\/revisions"}],"predecessor-version":[{"id":89118,"href":"https:\/\/lospoliticosveracruz.com\/index.php?rest_route=\/wp\/v2\/posts\/89116\/revisions\/89118"}],"wp:attachment":[{"href":"https:\/\/lospoliticosveracruz.com\/index.php?rest_route=%2Fwp%2Fv2%2Fmedia&parent=89116"}],"wp:term":[{"taxonomy":"category","embeddable":true,"href":"https:\/\/lospoliticosveracruz.com\/index.php?rest_route=%2Fwp%2Fv2%2Fcategories&post=89116"},{"taxonomy":"post_tag","embeddable":true,"href":"https:\/\/lospoliticosveracruz.com\/index.php?rest_route=%2Fwp%2Fv2%2Ftags&post=89116"}],"curies":[{"name":"wp","href":"https:\/\/api.w.org\/{rel}","templated":true}]}}