{"id":89145,"date":"2022-04-27T17:12:22","date_gmt":"2022-04-27T22:12:22","guid":{"rendered":"https:\/\/lospoliticosveracruz.com.mx\/?p=89145"},"modified":"2022-04-27T17:12:29","modified_gmt":"2022-04-27T22:12:29","slug":"cerebros-ciegos-otra-vez","status":"publish","type":"post","link":"https:\/\/lospoliticosveracruz.com\/?p=89145","title":{"rendered":"Cerebros ciegos, otra vez\u2026"},"content":{"rendered":"\n<p><\/p>\n\n\n\n<p><br><strong><strong>Jorge Arturo Rodr\u00edguez<\/strong><\/strong><br><em>Tierra de Babel<\/em><\/p>\n\n\n\n<p>Aperitivo: \u201cAhora que ya no usan cubrebocas, ya no recuerdo qui\u00e9n es qui\u00e9n\u201d. (Comentario de un transe\u00fante).<\/p>\n\n\n\n<p>Ya sabemos que el hombre es el \u00fanico animal que tropieza dos veces con la misma piedra; testarudos, ah\u00ed vamos, una y otra vez, muchas veces porque dicen que el jefe siempre tiene la raz\u00f3n. \u00bfSer\u00e1? Vaya usted a saber. Es algo parecido a lo que dijo Vicent Van Gogh, que cuando un ciego grita a otro ciego, los dos tropiezan en la misma piedra. \u201c\u00bfQu\u00e9 ve el ciego, aunque se le ponga una l\u00e1mpara en la mano?\u201d, reza el proverbio hind\u00fa.<br>Y pos nada, simplemente que el subsecretario de Salud, Hugo L\u00f3pez-Gatell, dio por terminada la fase cr\u00edtica de la pandemia de coronavirus y dizque avanzamos a una etapa end\u00e9mica de esta enfermedad. \u00a1No maaames! O sea, pandemia, endemia, endejada\u2026 Y lo que sigue, pues, en consecuencia, \u201cya no es imprescindible el uso de cubrebocas\u201d. No pasa nada, baj\u00f3 el n\u00famero de contagios y fallecimientos por Covid-19. As\u00ed que a celebrar la vida: usar el cubrebocas s\u00f3lo en espacios cerrados y quienes as\u00ed lo quieran, porque si les vale madres, no hay problema: nunca se impuso la obligatoriedad de hacerlo. As\u00ed de f\u00e1cil. \u00bfA qu\u00e9 tanto changos? M\u00e9xico es M\u00e9xico: somos cabrones, la dichosa pandemia nos la pel\u00f3\u2026 \u00bfEn serio? Quienes se chingaron, se chingaron\u2026 \u00bfQu\u00e9, qu\u00e9? Que siga la fiesta.<br>Vale madres que diga la OMS que es arriesgado que algunos pa\u00edses bajen la guardia ante la pandemia, porque est\u00e1 latente otros desmadritos m\u00e1s de muertes por COVID-19. La Organizaci\u00f3n Mundial de la Salud inst\u00f3 \u201ca los pa\u00edses a mantener la vigilancia de las infecciones por coronavirus, afirmando que estamos \u201cciegos\u201d ante la propagaci\u00f3n del virus debido a la disminuci\u00f3n de las tasas de an\u00e1lisis. A medida que muchos pa\u00edses reducen las pruebas, la OMS recibe cada vez menos informaci\u00f3n sobre la transmisi\u00f3n y la secuenciaci\u00f3n\u201d. El director general, Tedros Adhanom Ghebreyesus, en una conferencia de prensa en la sede de la agencia de la ONU en Ginebra, a\u00f1adi\u00f3: \u201cEsto nos hace cada vez m\u00e1s ciegos a los patrones de transmisi\u00f3n y evoluci\u00f3n\u201d.<br>El chiste es volver a empezar, pese a que la OMS estim\u00f3 en pasados d\u00edas que no es \u201cel momento de bajar la guardia\u201d. Didier Houssin se\u00f1al\u00f3 que la pandemia a\u00fan es una emergencia sanitaria que genera preocupaci\u00f3n internacional. Pero aun as\u00ed, cada vez m\u00e1s pa\u00edses levantan total o parcialmente las restricciones sanitarias establecidas para controlar el virus. \u201cLa situaci\u00f3n, con respecto al covid-19, est\u00e1 lejos de terminarse, a\u00fan est\u00e1 muy activa la circulaci\u00f3n del virus, la mortalidad sigue siendo elevada y el virus evoluciona de manera imprevisible\u201d.<br>Ni hablar, \u201clos ojos no sirven de nada a un cerebro ciego\u201d, dice el proverbio \u00e1rabe.<\/p>\n\n\n\n<p><strong>Los d\u00edas y los temas<\/strong><\/p>\n\n\n\n<p>Es de reconocer las actividades que se llevan a cabo en esta Semana de Seguridad Social (del 25 al 29 de abril de 2022), en las instalaciones del Poder Legislativo de Veracruz, gracias al impulso de la LXVI Legislatura del Congreso estatal.<br>El diputado local Juan Javier G\u00f3mez Cazar\u00edn, presidente de la Junta de Coordinaci\u00f3n Pol\u00edtica, en la inauguraci\u00f3n de dichas actividades de la Semana de Seguridad Social, afirm\u00f3 que \u201cno es una expresi\u00f3n vac\u00eda, es el establecimiento p\u00fablico de un compromiso por una agenda por los derechos sociales de todas y todos. Estar cercano con las instituciones involucradas, pero sobre todo con los trabajadores y trabajadoras del estado\u201d.<br>A\u00f1adi\u00f3: \u201cQue ninguna trabajadora, ning\u00fan trabajador que acuda a su jornada cotidiana tenga la incertidumbre de que cuando llegue su turno de jubilarse vivir\u00e1 la zozobra de que no recibir\u00e1 su cheque a tiempo; nadie debe vivir con ese temor, porque para eso trabajan. Deben saber que estamos de su lado y estaremos pendientes de que no los traten mal ni que se les olvide, porque \u00e9ste es un compromiso de las diputadas y diputados de esta Legislatura\u201d. As\u00ed sea.<\/p>\n\n\n\n<p><strong>De cinismo y anexas<\/strong><\/p>\n\n\n\n<p>Ya se la saben. Escribi\u00f3 Oscar Wilde: \u201cPara tener buena salud lo har\u00eda todo menos tres cosas: hacer gimnasia, levantarme temprano y ser persona responsable\u201d.<br>Ah\u00ed se ven.<\/p>\n","protected":false},"excerpt":{"rendered":"<p>Jorge Arturo Rodr\u00edguezTierra de Babel Aperitivo: \u201cAhora que ya no usan cubrebocas, ya no recuerdo qui\u00e9n es qui\u00e9n\u201d. (Comentario de un transe\u00fante). Ya sabemos que el hombre es el \u00fanico animal que tropieza dos veces con la misma piedra; testarudos, ah\u00ed vamos, una y otra vez, muchas veces porque dicen que el jefe siempre tiene [&hellip;]<\/p>\n","protected":false},"author":2,"featured_media":0,"comment_status":"closed","ping_status":"closed","sticky":false,"template":"","format":"standard","meta":{"tdm_status":"","tdm_grid_status":"","footnotes":""},"categories":[70],"tags":[29404,2677,12695,17738],"class_list":{"0":"post-89145","1":"post","2":"type-post","3":"status-publish","4":"format-standard","6":"category-de-opinion","7":"tag-hugo-lopez-gatell-2","8":"tag-jorge-arturo-rodriguez","9":"tag-juan-javier-gomez-cazarin","10":"tag-subsecretario-de-salud"},"yoast_head":"<!-- This site is optimized with the Yoast SEO plugin v27.4 - https:\/\/yoast.com\/product\/yoast-seo-wordpress\/ -->\n<title>Cerebros ciegos, otra vez\u2026 - Los pol\u00edticos Veracruz<\/title>\n<meta name=\"robots\" content=\"index, follow, max-snippet:-1, max-image-preview:large, max-video-preview:-1\" \/>\n<link rel=\"canonical\" href=\"https:\/\/lospoliticosveracruz.com\/?p=89145\" \/>\n<meta property=\"og:locale\" content=\"es_ES\" \/>\n<meta property=\"og:type\" content=\"article\" \/>\n<meta property=\"og:title\" content=\"Cerebros ciegos, otra vez\u2026 - Los pol\u00edticos Veracruz\" \/>\n<meta property=\"og:description\" content=\"Jorge Arturo Rodr\u00edguezTierra de Babel Aperitivo: \u201cAhora que ya no usan cubrebocas, ya no recuerdo qui\u00e9n es qui\u00e9n\u201d. (Comentario de un transe\u00fante). Ya sabemos que el hombre es el \u00fanico animal que tropieza dos veces con la misma piedra; testarudos, ah\u00ed vamos, una y otra vez, muchas veces porque dicen que el jefe siempre tiene [&hellip;]\" \/>\n<meta property=\"og:url\" content=\"https:\/\/lospoliticosveracruz.com\/?p=89145\" \/>\n<meta property=\"og:site_name\" content=\"Los pol\u00edticos Veracruz\" \/>\n<meta property=\"article:publisher\" content=\"https:\/\/www.facebook.com\/people\/Notimemes-de-los-Polticos\/61565672886568\/\" \/>\n<meta property=\"article:published_time\" content=\"2022-04-27T22:12:22+00:00\" \/>\n<meta property=\"article:modified_time\" content=\"2022-04-27T22:12:29+00:00\" \/>\n<meta property=\"og:image\" content=\"https:\/\/lospoliticosveracruz.com\/wp-content\/uploads\/2016\/07\/Logo-Dor.jpg\" \/>\n\t<meta property=\"og:image:width\" content=\"200\" \/>\n\t<meta property=\"og:image:height\" content=\"200\" \/>\n\t<meta property=\"og:image:type\" content=\"image\/jpeg\" \/>\n<meta name=\"author\" content=\"Lo viste en Los Pol\u00edticos\" \/>\n<meta name=\"twitter:card\" content=\"summary_large_image\" \/>\n<meta name=\"twitter:creator\" content=\"@LosPoliticosVer\" \/>\n<meta name=\"twitter:site\" content=\"@LosPoliticosVer\" \/>\n<meta name=\"twitter:label1\" content=\"Escrito por\" \/>\n\t<meta name=\"twitter:data1\" content=\"Lo viste en Los Pol\u00edticos\" \/>\n\t<meta name=\"twitter:label2\" content=\"Tiempo de lectura\" \/>\n\t<meta name=\"twitter:data2\" content=\"4 minutos\" \/>\n<script type=\"application\/ld+json\" class=\"yoast-schema-graph\">{\"@context\":\"https:\\\/\\\/schema.org\",\"@graph\":[{\"@type\":\"Article\",\"@id\":\"https:\\\/\\\/lospoliticosveracruz.com\\\/?p=89145#article\",\"isPartOf\":{\"@id\":\"https:\\\/\\\/lospoliticosveracruz.com\\\/?p=89145\"},\"author\":{\"name\":\"Lo viste en Los Pol\u00edticos\",\"@id\":\"https:\\\/\\\/lospoliticosveracruz.com\\\/#\\\/schema\\\/person\\\/b8702bb0e538456e6efd07080bf2a4a2\"},\"headline\":\"Cerebros ciegos, otra vez\u2026\",\"datePublished\":\"2022-04-27T22:12:22+00:00\",\"dateModified\":\"2022-04-27T22:12:29+00:00\",\"mainEntityOfPage\":{\"@id\":\"https:\\\/\\\/lospoliticosveracruz.com\\\/?p=89145\"},\"wordCount\":739,\"publisher\":{\"@id\":\"https:\\\/\\\/lospoliticosveracruz.com\\\/#organization\"},\"keywords\":[\"Hugo L\u00f3pez-Gatell\",\"Jorge Arturo Rodr\u00edguez\",\"Juan Javier G\u00f3mez Cazar\u00edn\",\"subsecretario de salud\"],\"articleSection\":[\"De Opini\u00f3n\"],\"inLanguage\":\"es\"},{\"@type\":\"WebPage\",\"@id\":\"https:\\\/\\\/lospoliticosveracruz.com\\\/?p=89145\",\"url\":\"https:\\\/\\\/lospoliticosveracruz.com\\\/?p=89145\",\"name\":\"Cerebros ciegos, otra vez\u2026 - Los pol\u00edticos Veracruz\",\"isPartOf\":{\"@id\":\"https:\\\/\\\/lospoliticosveracruz.com\\\/#website\"},\"datePublished\":\"2022-04-27T22:12:22+00:00\",\"dateModified\":\"2022-04-27T22:12:29+00:00\",\"breadcrumb\":{\"@id\":\"https:\\\/\\\/lospoliticosveracruz.com\\\/?p=89145#breadcrumb\"},\"inLanguage\":\"es\",\"potentialAction\":[{\"@type\":\"ReadAction\",\"target\":[\"https:\\\/\\\/lospoliticosveracruz.com\\\/?p=89145\"]}]},{\"@type\":\"BreadcrumbList\",\"@id\":\"https:\\\/\\\/lospoliticosveracruz.com\\\/?p=89145#breadcrumb\",\"itemListElement\":[{\"@type\":\"ListItem\",\"position\":1,\"name\":\"Portada\",\"item\":\"https:\\\/\\\/lospoliticosveracruz.com\\\/\"},{\"@type\":\"ListItem\",\"position\":2,\"name\":\"Cerebros ciegos, otra vez\u2026\"}]},{\"@type\":\"WebSite\",\"@id\":\"https:\\\/\\\/lospoliticosveracruz.com\\\/#website\",\"url\":\"https:\\\/\\\/lospoliticosveracruz.com\\\/\",\"name\":\"Los pol\u00edticos Veracruz\",\"description\":\"\",\"publisher\":{\"@id\":\"https:\\\/\\\/lospoliticosveracruz.com\\\/#organization\"},\"potentialAction\":[{\"@type\":\"SearchAction\",\"target\":{\"@type\":\"EntryPoint\",\"urlTemplate\":\"https:\\\/\\\/lospoliticosveracruz.com\\\/?s={search_term_string}\"},\"query-input\":{\"@type\":\"PropertyValueSpecification\",\"valueRequired\":true,\"valueName\":\"search_term_string\"}}],\"inLanguage\":\"es\"},{\"@type\":\"Organization\",\"@id\":\"https:\\\/\\\/lospoliticosveracruz.com\\\/#organization\",\"name\":\"Los pol\u00edticos Veracruz\",\"url\":\"https:\\\/\\\/lospoliticosveracruz.com\\\/\",\"logo\":{\"@type\":\"ImageObject\",\"inLanguage\":\"es\",\"@id\":\"https:\\\/\\\/lospoliticosveracruz.com\\\/#\\\/schema\\\/logo\\\/image\\\/\",\"url\":\"https:\\\/\\\/lospoliticosveracruz.com\\\/wp-content\\\/uploads\\\/2025\\\/12\\\/Logo-Nuevo-LOS-POLITICOS-1.jpg\",\"contentUrl\":\"https:\\\/\\\/lospoliticosveracruz.com\\\/wp-content\\\/uploads\\\/2025\\\/12\\\/Logo-Nuevo-LOS-POLITICOS-1.jpg\",\"width\":260,\"height\":70,\"caption\":\"Los pol\u00edticos Veracruz\"},\"image\":{\"@id\":\"https:\\\/\\\/lospoliticosveracruz.com\\\/#\\\/schema\\\/logo\\\/image\\\/\"},\"sameAs\":[\"https:\\\/\\\/www.facebook.com\\\/people\\\/Notimemes-de-los-Polticos\\\/61565672886568\\\/\",\"https:\\\/\\\/x.com\\\/LosPoliticosVer\"]},{\"@type\":\"Person\",\"@id\":\"https:\\\/\\\/lospoliticosveracruz.com\\\/#\\\/schema\\\/person\\\/b8702bb0e538456e6efd07080bf2a4a2\",\"name\":\"Lo viste en Los Pol\u00edticos\",\"image\":{\"@type\":\"ImageObject\",\"inLanguage\":\"es\",\"@id\":\"https:\\\/\\\/secure.gravatar.com\\\/avatar\\\/3a8de04a2656d44082be478bd6c086daa447c4651605818287b9532d3d0bd435?s=96&d=mm&r=g\",\"url\":\"https:\\\/\\\/secure.gravatar.com\\\/avatar\\\/3a8de04a2656d44082be478bd6c086daa447c4651605818287b9532d3d0bd435?s=96&d=mm&r=g\",\"contentUrl\":\"https:\\\/\\\/secure.gravatar.com\\\/avatar\\\/3a8de04a2656d44082be478bd6c086daa447c4651605818287b9532d3d0bd435?s=96&d=mm&r=g\",\"caption\":\"Lo viste en Los Pol\u00edticos\"},\"url\":\"https:\\\/\\\/lospoliticosveracruz.com\\\/?author=2\"}]}<\/script>\n<!-- \/ Yoast SEO plugin. -->","yoast_head_json":{"title":"Cerebros ciegos, otra vez\u2026 - Los pol\u00edticos Veracruz","robots":{"index":"index","follow":"follow","max-snippet":"max-snippet:-1","max-image-preview":"max-image-preview:large","max-video-preview":"max-video-preview:-1"},"canonical":"https:\/\/lospoliticosveracruz.com\/?p=89145","og_locale":"es_ES","og_type":"article","og_title":"Cerebros ciegos, otra vez\u2026 - Los pol\u00edticos Veracruz","og_description":"Jorge Arturo Rodr\u00edguezTierra de Babel Aperitivo: \u201cAhora que ya no usan cubrebocas, ya no recuerdo qui\u00e9n es qui\u00e9n\u201d. (Comentario de un transe\u00fante). Ya sabemos que el hombre es el \u00fanico animal que tropieza dos veces con la misma piedra; testarudos, ah\u00ed vamos, una y otra vez, muchas veces porque dicen que el jefe siempre tiene [&hellip;]","og_url":"https:\/\/lospoliticosveracruz.com\/?p=89145","og_site_name":"Los pol\u00edticos Veracruz","article_publisher":"https:\/\/www.facebook.com\/people\/Notimemes-de-los-Polticos\/61565672886568\/","article_published_time":"2022-04-27T22:12:22+00:00","article_modified_time":"2022-04-27T22:12:29+00:00","og_image":[{"width":200,"height":200,"url":"https:\/\/lospoliticosveracruz.com\/wp-content\/uploads\/2016\/07\/Logo-Dor.jpg","type":"image\/jpeg"}],"author":"Lo viste en Los Pol\u00edticos","twitter_card":"summary_large_image","twitter_creator":"@LosPoliticosVer","twitter_site":"@LosPoliticosVer","twitter_misc":{"Escrito por":"Lo viste en Los Pol\u00edticos","Tiempo de lectura":"4 minutos"},"schema":{"@context":"https:\/\/schema.org","@graph":[{"@type":"Article","@id":"https:\/\/lospoliticosveracruz.com\/?p=89145#article","isPartOf":{"@id":"https:\/\/lospoliticosveracruz.com\/?p=89145"},"author":{"name":"Lo viste en Los Pol\u00edticos","@id":"https:\/\/lospoliticosveracruz.com\/#\/schema\/person\/b8702bb0e538456e6efd07080bf2a4a2"},"headline":"Cerebros ciegos, otra vez\u2026","datePublished":"2022-04-27T22:12:22+00:00","dateModified":"2022-04-27T22:12:29+00:00","mainEntityOfPage":{"@id":"https:\/\/lospoliticosveracruz.com\/?p=89145"},"wordCount":739,"publisher":{"@id":"https:\/\/lospoliticosveracruz.com\/#organization"},"keywords":["Hugo L\u00f3pez-Gatell","Jorge Arturo Rodr\u00edguez","Juan Javier G\u00f3mez Cazar\u00edn","subsecretario de salud"],"articleSection":["De Opini\u00f3n"],"inLanguage":"es"},{"@type":"WebPage","@id":"https:\/\/lospoliticosveracruz.com\/?p=89145","url":"https:\/\/lospoliticosveracruz.com\/?p=89145","name":"Cerebros ciegos, otra vez\u2026 - Los pol\u00edticos Veracruz","isPartOf":{"@id":"https:\/\/lospoliticosveracruz.com\/#website"},"datePublished":"2022-04-27T22:12:22+00:00","dateModified":"2022-04-27T22:12:29+00:00","breadcrumb":{"@id":"https:\/\/lospoliticosveracruz.com\/?p=89145#breadcrumb"},"inLanguage":"es","potentialAction":[{"@type":"ReadAction","target":["https:\/\/lospoliticosveracruz.com\/?p=89145"]}]},{"@type":"BreadcrumbList","@id":"https:\/\/lospoliticosveracruz.com\/?p=89145#breadcrumb","itemListElement":[{"@type":"ListItem","position":1,"name":"Portada","item":"https:\/\/lospoliticosveracruz.com\/"},{"@type":"ListItem","position":2,"name":"Cerebros ciegos, otra vez\u2026"}]},{"@type":"WebSite","@id":"https:\/\/lospoliticosveracruz.com\/#website","url":"https:\/\/lospoliticosveracruz.com\/","name":"Los pol\u00edticos Veracruz","description":"","publisher":{"@id":"https:\/\/lospoliticosveracruz.com\/#organization"},"potentialAction":[{"@type":"SearchAction","target":{"@type":"EntryPoint","urlTemplate":"https:\/\/lospoliticosveracruz.com\/?s={search_term_string}"},"query-input":{"@type":"PropertyValueSpecification","valueRequired":true,"valueName":"search_term_string"}}],"inLanguage":"es"},{"@type":"Organization","@id":"https:\/\/lospoliticosveracruz.com\/#organization","name":"Los pol\u00edticos Veracruz","url":"https:\/\/lospoliticosveracruz.com\/","logo":{"@type":"ImageObject","inLanguage":"es","@id":"https:\/\/lospoliticosveracruz.com\/#\/schema\/logo\/image\/","url":"https:\/\/lospoliticosveracruz.com\/wp-content\/uploads\/2025\/12\/Logo-Nuevo-LOS-POLITICOS-1.jpg","contentUrl":"https:\/\/lospoliticosveracruz.com\/wp-content\/uploads\/2025\/12\/Logo-Nuevo-LOS-POLITICOS-1.jpg","width":260,"height":70,"caption":"Los pol\u00edticos Veracruz"},"image":{"@id":"https:\/\/lospoliticosveracruz.com\/#\/schema\/logo\/image\/"},"sameAs":["https:\/\/www.facebook.com\/people\/Notimemes-de-los-Polticos\/61565672886568\/","https:\/\/x.com\/LosPoliticosVer"]},{"@type":"Person","@id":"https:\/\/lospoliticosveracruz.com\/#\/schema\/person\/b8702bb0e538456e6efd07080bf2a4a2","name":"Lo viste en Los Pol\u00edticos","image":{"@type":"ImageObject","inLanguage":"es","@id":"https:\/\/secure.gravatar.com\/avatar\/3a8de04a2656d44082be478bd6c086daa447c4651605818287b9532d3d0bd435?s=96&d=mm&r=g","url":"https:\/\/secure.gravatar.com\/avatar\/3a8de04a2656d44082be478bd6c086daa447c4651605818287b9532d3d0bd435?s=96&d=mm&r=g","contentUrl":"https:\/\/secure.gravatar.com\/avatar\/3a8de04a2656d44082be478bd6c086daa447c4651605818287b9532d3d0bd435?s=96&d=mm&r=g","caption":"Lo viste en Los Pol\u00edticos"},"url":"https:\/\/lospoliticosveracruz.com\/?author=2"}]}},"_links":{"self":[{"href":"https:\/\/lospoliticosveracruz.com\/index.php?rest_route=\/wp\/v2\/posts\/89145","targetHints":{"allow":["GET"]}}],"collection":[{"href":"https:\/\/lospoliticosveracruz.com\/index.php?rest_route=\/wp\/v2\/posts"}],"about":[{"href":"https:\/\/lospoliticosveracruz.com\/index.php?rest_route=\/wp\/v2\/types\/post"}],"author":[{"embeddable":true,"href":"https:\/\/lospoliticosveracruz.com\/index.php?rest_route=\/wp\/v2\/users\/2"}],"replies":[{"embeddable":true,"href":"https:\/\/lospoliticosveracruz.com\/index.php?rest_route=%2Fwp%2Fv2%2Fcomments&post=89145"}],"version-history":[{"count":1,"href":"https:\/\/lospoliticosveracruz.com\/index.php?rest_route=\/wp\/v2\/posts\/89145\/revisions"}],"predecessor-version":[{"id":89147,"href":"https:\/\/lospoliticosveracruz.com\/index.php?rest_route=\/wp\/v2\/posts\/89145\/revisions\/89147"}],"wp:attachment":[{"href":"https:\/\/lospoliticosveracruz.com\/index.php?rest_route=%2Fwp%2Fv2%2Fmedia&parent=89145"}],"wp:term":[{"taxonomy":"category","embeddable":true,"href":"https:\/\/lospoliticosveracruz.com\/index.php?rest_route=%2Fwp%2Fv2%2Fcategories&post=89145"},{"taxonomy":"post_tag","embeddable":true,"href":"https:\/\/lospoliticosveracruz.com\/index.php?rest_route=%2Fwp%2Fv2%2Ftags&post=89145"}],"curies":[{"name":"wp","href":"https:\/\/api.w.org\/{rel}","templated":true}]}}