{"id":89221,"date":"2022-04-29T08:41:29","date_gmt":"2022-04-29T13:41:29","guid":{"rendered":"https:\/\/lospoliticosveracruz.com.mx\/?p=89221"},"modified":"2022-04-29T08:41:34","modified_gmt":"2022-04-29T13:41:34","slug":"visibilizacion","status":"publish","type":"post","link":"https:\/\/lospoliticosveracruz.com\/?p=89221","title":{"rendered":"Visibilizaci\u00f3n"},"content":{"rendered":"\n<p><strong>Guadalupe H. Mar<br><\/strong><em>Mira Pol\u00edtica<\/em><\/p>\n\n\n\n<p>DESDE FUERA \u2026 Tal y como lo hab\u00eda anunciado el rector de la Universidad de Guadalajara, Ricardo Villanueva Lomel\u00ed, ayer jueves inici\u00f3 la primera C\u00e1tedra sobre Libertad de Expresi\u00f3n y Periodismo en una universidad p\u00fablica en el pa\u00eds, donde se record\u00f3 a la periodista veracruzana Regina Mart\u00ednez, asesinada en la ciudad de Xalapa, Veracruz, en el a\u00f1o 2012.<br>Esta c\u00e1tedra, de la cual hemos dado detalles en este mismo espacio, se da como respuesta a la demanda de las y los periodistas mexicanos para discutir acerca de la violencia y las condiciones en las que realizan su trabajo.<br>Seg\u00fan se anunci\u00f3, la c\u00e1tedra fue inaugurada con la conferencia magistral de Leopoldo Maldonado, Director Regional para M\u00e9xico y Centroam\u00e9rica de la organizaci\u00f3n Art\u00edculo 19, as\u00ed como con la mesa de di\u00e1logo acerca de la libertad de expresi\u00f3n y las agresiones contra periodistas con el acad\u00e9mico de la Universidad Veracruzana, Alberto Javier Olvera, quien expuso la situaci\u00f3n pol\u00edtica y la violencia que ha prevalecido en Veracruz.<br>El doctor Alberto Javier Olvera, abord\u00f3 por supuesto el tema de Regina Mart\u00ednez y el de la inseguridad que padecen los profesionales de la comunicaci\u00f3n en la entidad veracruzana.<br>Llama la atenci\u00f3n amables lectores, que desde Guadalajara, en el estado de Jalisco, se visibilice la impunidad que prevalece en el estado de Veracruz respecto a los asesinatos de periodistas.<br>Regina Mart\u00ednez, por citar un ejemplo, fue asesinada en el a\u00f1o 2012 y aunque se realizaron algunas acciones judiciales para arrestar a los autores materiales e intelectuales de su muerte, a diez a\u00f1os de tan lamentable hecho, la muerte de la periodista no se ha esclarecido totalmente.<br>POR ESO LA INSISTENCIA \u2026 Reiteradamente se han escuchado distintas voces que proponen y demandan que el asesinato de periodistas en M\u00e9xico sea considerado un delito federal y deje el \u00e1mbito del Fuero Com\u00fan, medida que, de adoptarse, suponen abatir\u00eda el alto rezago en las investigaciones para dar con los responsables materiales e intelectuales de la muerte de profesionales de la comunicaci\u00f3n.<br>Esas voces apuran a que se haga la adecuaci\u00f3n legislativa para elevar este delito al \u00e1mbito federal, ante el notable incremento de periodistas asesinados en nuestro pa\u00eds, lo cual ha generado diversas reacciones que van desde el enojo, hasta el desconcierto, pues al no prosperar las investigaciones de las autoridades estatales encargadas de la procuraci\u00f3n de justicia y, por ende, no dar con los responsables de estas muertes en la mayor\u00eda de los casos, es muy alto el \u00edndice de impunidad.<br>Al respecto, la coordinadora del Observatorio sobre Libertad de Expresi\u00f3n y Violencia contra Periodistas, del Centro Universitario de Ciencias Sociales y Humanidades, de la Universidad de Guadalajara, la doctora Celia del Palacio Montiel, ha expresado respecto al asesinato de periodistas que \u201cEn muy pocas ocasiones se atrae al \u00e1mbito federal y, ciertamente, es una discusi\u00f3n que se tiene que dar y reformular este mecanismo de protecci\u00f3n para poder hacer justicia. Entre tanto, quienes son afectados por la impunidad siguen siendo los periodistas vulnerados o asesinados, adem\u00e1s de que se les sigue culpando por los ataques o porque no acept\u00f3 las medidas de protecci\u00f3n, aunque hay una enorme desconfianza ante los mecanismos de justicia porque tambi\u00e9n se ha visto que est\u00e1n implicadas autoridades y polic\u00edas locales. \u00bfD\u00f3nde est\u00e1 la protecci\u00f3n que pueden dar el Estado y las entidades?\u201d<br>H\u00c1GAME FAVOR \u2026 La Organizaci\u00f3n Nacional Anticorrupci\u00f3n (ONEA) reci\u00e9n dio a conocer que el 99.5 por ciento de las agresiones policiacas en la rep\u00fablica mexicana quedan en la impunidad.<br>La ONEA realiz\u00f3 su investigaci\u00f3n con respaldo del Programa de Apoyo al Periodismo en M\u00e9xico de la Unesco, ejercicio que permiti\u00f3 conocer que de 33 mil 750 expedientes que se iniciaron por estos delitos entre 2015 y 2020, solo 373 se judicializaron y 172 concluyeron con una sentencia condenatoria, seg\u00fan la respuesta de los poderes judiciales locales consultados, por lo tanto, el nivel de impunidad es de 99.5 por ciento.<br>D\u00cdGALO SIN MIEDO \u2026 Al correo electr\u00f3nico guadalupehmar@yahoo.com<\/p>\n","protected":false},"excerpt":{"rendered":"<p>Guadalupe H. MarMira Pol\u00edtica DESDE FUERA \u2026 Tal y como lo hab\u00eda anunciado el rector de la Universidad de Guadalajara, Ricardo Villanueva Lomel\u00ed, ayer jueves inici\u00f3 la primera C\u00e1tedra sobre Libertad de Expresi\u00f3n y Periodismo en una universidad p\u00fablica en el pa\u00eds, donde se record\u00f3 a la periodista veracruzana Regina Mart\u00ednez, asesinada en la ciudad [&hellip;]<\/p>\n","protected":false},"author":2,"featured_media":0,"comment_status":"closed","ping_status":"closed","sticky":false,"template":"","format":"standard","meta":{"tdm_status":"","tdm_grid_status":"","footnotes":""},"categories":[70],"tags":[1606,33056,1394,493,32207,96],"class_list":{"0":"post-89221","1":"post","2":"type-post","3":"status-publish","4":"format-standard","6":"category-de-opinion","7":"tag-guadalupe-h-mar","8":"tag-leopoldo-maldonado","9":"tag-periodismo","10":"tag-regina-martinez","11":"tag-ricardo-villanueva-lomeli","12":"tag-xalapa"},"yoast_head":"<!-- This site is optimized with the Yoast SEO plugin v27.4 - https:\/\/yoast.com\/product\/yoast-seo-wordpress\/ -->\n<title>Visibilizaci\u00f3n - Los pol\u00edticos Veracruz<\/title>\n<meta name=\"robots\" content=\"index, follow, max-snippet:-1, max-image-preview:large, max-video-preview:-1\" \/>\n<link rel=\"canonical\" href=\"https:\/\/lospoliticosveracruz.com\/?p=89221\" \/>\n<meta property=\"og:locale\" content=\"es_ES\" \/>\n<meta property=\"og:type\" content=\"article\" \/>\n<meta property=\"og:title\" content=\"Visibilizaci\u00f3n - Los pol\u00edticos Veracruz\" \/>\n<meta property=\"og:description\" content=\"Guadalupe H. MarMira Pol\u00edtica DESDE FUERA \u2026 Tal y como lo hab\u00eda anunciado el rector de la Universidad de Guadalajara, Ricardo Villanueva Lomel\u00ed, ayer jueves inici\u00f3 la primera C\u00e1tedra sobre Libertad de Expresi\u00f3n y Periodismo en una universidad p\u00fablica en el pa\u00eds, donde se record\u00f3 a la periodista veracruzana Regina Mart\u00ednez, asesinada en la ciudad [&hellip;]\" \/>\n<meta property=\"og:url\" content=\"https:\/\/lospoliticosveracruz.com\/?p=89221\" \/>\n<meta property=\"og:site_name\" content=\"Los pol\u00edticos Veracruz\" \/>\n<meta property=\"article:publisher\" content=\"https:\/\/www.facebook.com\/people\/Notimemes-de-los-Polticos\/61565672886568\/\" \/>\n<meta property=\"article:published_time\" content=\"2022-04-29T13:41:29+00:00\" \/>\n<meta property=\"article:modified_time\" content=\"2022-04-29T13:41:34+00:00\" \/>\n<meta property=\"og:image\" content=\"https:\/\/lospoliticosveracruz.com\/wp-content\/uploads\/2016\/07\/Logo-Dor.jpg\" \/>\n\t<meta property=\"og:image:width\" content=\"200\" \/>\n\t<meta property=\"og:image:height\" content=\"200\" \/>\n\t<meta property=\"og:image:type\" content=\"image\/jpeg\" \/>\n<meta name=\"author\" content=\"Lo viste en Los Pol\u00edticos\" \/>\n<meta name=\"twitter:card\" content=\"summary_large_image\" \/>\n<meta name=\"twitter:creator\" content=\"@LosPoliticosVer\" \/>\n<meta name=\"twitter:site\" content=\"@LosPoliticosVer\" \/>\n<meta name=\"twitter:label1\" content=\"Escrito por\" \/>\n\t<meta name=\"twitter:data1\" content=\"Lo viste en Los Pol\u00edticos\" \/>\n\t<meta name=\"twitter:label2\" content=\"Tiempo de lectura\" \/>\n\t<meta name=\"twitter:data2\" content=\"4 minutos\" \/>\n<script type=\"application\/ld+json\" class=\"yoast-schema-graph\">{\"@context\":\"https:\\\/\\\/schema.org\",\"@graph\":[{\"@type\":\"Article\",\"@id\":\"https:\\\/\\\/lospoliticosveracruz.com\\\/?p=89221#article\",\"isPartOf\":{\"@id\":\"https:\\\/\\\/lospoliticosveracruz.com\\\/?p=89221\"},\"author\":{\"name\":\"Lo viste en Los Pol\u00edticos\",\"@id\":\"https:\\\/\\\/lospoliticosveracruz.com\\\/#\\\/schema\\\/person\\\/b8702bb0e538456e6efd07080bf2a4a2\"},\"headline\":\"Visibilizaci\u00f3n\",\"datePublished\":\"2022-04-29T13:41:29+00:00\",\"dateModified\":\"2022-04-29T13:41:34+00:00\",\"mainEntityOfPage\":{\"@id\":\"https:\\\/\\\/lospoliticosveracruz.com\\\/?p=89221\"},\"wordCount\":705,\"publisher\":{\"@id\":\"https:\\\/\\\/lospoliticosveracruz.com\\\/#organization\"},\"keywords\":[\"Guadalupe H. Mar\",\"Leopoldo Maldonado\",\"periodismo\",\"Regina Mart\u00ednez\",\"Ricardo Villanueva Lomel\u00ed\",\"Xalapa\"],\"articleSection\":[\"De Opini\u00f3n\"],\"inLanguage\":\"es\"},{\"@type\":\"WebPage\",\"@id\":\"https:\\\/\\\/lospoliticosveracruz.com\\\/?p=89221\",\"url\":\"https:\\\/\\\/lospoliticosveracruz.com\\\/?p=89221\",\"name\":\"Visibilizaci\u00f3n - Los pol\u00edticos Veracruz\",\"isPartOf\":{\"@id\":\"https:\\\/\\\/lospoliticosveracruz.com\\\/#website\"},\"datePublished\":\"2022-04-29T13:41:29+00:00\",\"dateModified\":\"2022-04-29T13:41:34+00:00\",\"breadcrumb\":{\"@id\":\"https:\\\/\\\/lospoliticosveracruz.com\\\/?p=89221#breadcrumb\"},\"inLanguage\":\"es\",\"potentialAction\":[{\"@type\":\"ReadAction\",\"target\":[\"https:\\\/\\\/lospoliticosveracruz.com\\\/?p=89221\"]}]},{\"@type\":\"BreadcrumbList\",\"@id\":\"https:\\\/\\\/lospoliticosveracruz.com\\\/?p=89221#breadcrumb\",\"itemListElement\":[{\"@type\":\"ListItem\",\"position\":1,\"name\":\"Portada\",\"item\":\"https:\\\/\\\/lospoliticosveracruz.com\\\/\"},{\"@type\":\"ListItem\",\"position\":2,\"name\":\"Visibilizaci\u00f3n\"}]},{\"@type\":\"WebSite\",\"@id\":\"https:\\\/\\\/lospoliticosveracruz.com\\\/#website\",\"url\":\"https:\\\/\\\/lospoliticosveracruz.com\\\/\",\"name\":\"Los pol\u00edticos Veracruz\",\"description\":\"\",\"publisher\":{\"@id\":\"https:\\\/\\\/lospoliticosveracruz.com\\\/#organization\"},\"potentialAction\":[{\"@type\":\"SearchAction\",\"target\":{\"@type\":\"EntryPoint\",\"urlTemplate\":\"https:\\\/\\\/lospoliticosveracruz.com\\\/?s={search_term_string}\"},\"query-input\":{\"@type\":\"PropertyValueSpecification\",\"valueRequired\":true,\"valueName\":\"search_term_string\"}}],\"inLanguage\":\"es\"},{\"@type\":\"Organization\",\"@id\":\"https:\\\/\\\/lospoliticosveracruz.com\\\/#organization\",\"name\":\"Los pol\u00edticos Veracruz\",\"url\":\"https:\\\/\\\/lospoliticosveracruz.com\\\/\",\"logo\":{\"@type\":\"ImageObject\",\"inLanguage\":\"es\",\"@id\":\"https:\\\/\\\/lospoliticosveracruz.com\\\/#\\\/schema\\\/logo\\\/image\\\/\",\"url\":\"https:\\\/\\\/lospoliticosveracruz.com\\\/wp-content\\\/uploads\\\/2025\\\/12\\\/Logo-Nuevo-LOS-POLITICOS-1.jpg\",\"contentUrl\":\"https:\\\/\\\/lospoliticosveracruz.com\\\/wp-content\\\/uploads\\\/2025\\\/12\\\/Logo-Nuevo-LOS-POLITICOS-1.jpg\",\"width\":260,\"height\":70,\"caption\":\"Los pol\u00edticos Veracruz\"},\"image\":{\"@id\":\"https:\\\/\\\/lospoliticosveracruz.com\\\/#\\\/schema\\\/logo\\\/image\\\/\"},\"sameAs\":[\"https:\\\/\\\/www.facebook.com\\\/people\\\/Notimemes-de-los-Polticos\\\/61565672886568\\\/\",\"https:\\\/\\\/x.com\\\/LosPoliticosVer\"]},{\"@type\":\"Person\",\"@id\":\"https:\\\/\\\/lospoliticosveracruz.com\\\/#\\\/schema\\\/person\\\/b8702bb0e538456e6efd07080bf2a4a2\",\"name\":\"Lo viste en Los Pol\u00edticos\",\"image\":{\"@type\":\"ImageObject\",\"inLanguage\":\"es\",\"@id\":\"https:\\\/\\\/secure.gravatar.com\\\/avatar\\\/3a8de04a2656d44082be478bd6c086daa447c4651605818287b9532d3d0bd435?s=96&d=mm&r=g\",\"url\":\"https:\\\/\\\/secure.gravatar.com\\\/avatar\\\/3a8de04a2656d44082be478bd6c086daa447c4651605818287b9532d3d0bd435?s=96&d=mm&r=g\",\"contentUrl\":\"https:\\\/\\\/secure.gravatar.com\\\/avatar\\\/3a8de04a2656d44082be478bd6c086daa447c4651605818287b9532d3d0bd435?s=96&d=mm&r=g\",\"caption\":\"Lo viste en Los Pol\u00edticos\"},\"url\":\"https:\\\/\\\/lospoliticosveracruz.com\\\/?author=2\"}]}<\/script>\n<!-- \/ Yoast SEO plugin. -->","yoast_head_json":{"title":"Visibilizaci\u00f3n - Los pol\u00edticos Veracruz","robots":{"index":"index","follow":"follow","max-snippet":"max-snippet:-1","max-image-preview":"max-image-preview:large","max-video-preview":"max-video-preview:-1"},"canonical":"https:\/\/lospoliticosveracruz.com\/?p=89221","og_locale":"es_ES","og_type":"article","og_title":"Visibilizaci\u00f3n - Los pol\u00edticos Veracruz","og_description":"Guadalupe H. MarMira Pol\u00edtica DESDE FUERA \u2026 Tal y como lo hab\u00eda anunciado el rector de la Universidad de Guadalajara, Ricardo Villanueva Lomel\u00ed, ayer jueves inici\u00f3 la primera C\u00e1tedra sobre Libertad de Expresi\u00f3n y Periodismo en una universidad p\u00fablica en el pa\u00eds, donde se record\u00f3 a la periodista veracruzana Regina Mart\u00ednez, asesinada en la ciudad [&hellip;]","og_url":"https:\/\/lospoliticosveracruz.com\/?p=89221","og_site_name":"Los pol\u00edticos Veracruz","article_publisher":"https:\/\/www.facebook.com\/people\/Notimemes-de-los-Polticos\/61565672886568\/","article_published_time":"2022-04-29T13:41:29+00:00","article_modified_time":"2022-04-29T13:41:34+00:00","og_image":[{"width":200,"height":200,"url":"https:\/\/lospoliticosveracruz.com\/wp-content\/uploads\/2016\/07\/Logo-Dor.jpg","type":"image\/jpeg"}],"author":"Lo viste en Los Pol\u00edticos","twitter_card":"summary_large_image","twitter_creator":"@LosPoliticosVer","twitter_site":"@LosPoliticosVer","twitter_misc":{"Escrito por":"Lo viste en Los Pol\u00edticos","Tiempo de lectura":"4 minutos"},"schema":{"@context":"https:\/\/schema.org","@graph":[{"@type":"Article","@id":"https:\/\/lospoliticosveracruz.com\/?p=89221#article","isPartOf":{"@id":"https:\/\/lospoliticosveracruz.com\/?p=89221"},"author":{"name":"Lo viste en Los Pol\u00edticos","@id":"https:\/\/lospoliticosveracruz.com\/#\/schema\/person\/b8702bb0e538456e6efd07080bf2a4a2"},"headline":"Visibilizaci\u00f3n","datePublished":"2022-04-29T13:41:29+00:00","dateModified":"2022-04-29T13:41:34+00:00","mainEntityOfPage":{"@id":"https:\/\/lospoliticosveracruz.com\/?p=89221"},"wordCount":705,"publisher":{"@id":"https:\/\/lospoliticosveracruz.com\/#organization"},"keywords":["Guadalupe H. Mar","Leopoldo Maldonado","periodismo","Regina Mart\u00ednez","Ricardo Villanueva Lomel\u00ed","Xalapa"],"articleSection":["De Opini\u00f3n"],"inLanguage":"es"},{"@type":"WebPage","@id":"https:\/\/lospoliticosveracruz.com\/?p=89221","url":"https:\/\/lospoliticosveracruz.com\/?p=89221","name":"Visibilizaci\u00f3n - Los pol\u00edticos Veracruz","isPartOf":{"@id":"https:\/\/lospoliticosveracruz.com\/#website"},"datePublished":"2022-04-29T13:41:29+00:00","dateModified":"2022-04-29T13:41:34+00:00","breadcrumb":{"@id":"https:\/\/lospoliticosveracruz.com\/?p=89221#breadcrumb"},"inLanguage":"es","potentialAction":[{"@type":"ReadAction","target":["https:\/\/lospoliticosveracruz.com\/?p=89221"]}]},{"@type":"BreadcrumbList","@id":"https:\/\/lospoliticosveracruz.com\/?p=89221#breadcrumb","itemListElement":[{"@type":"ListItem","position":1,"name":"Portada","item":"https:\/\/lospoliticosveracruz.com\/"},{"@type":"ListItem","position":2,"name":"Visibilizaci\u00f3n"}]},{"@type":"WebSite","@id":"https:\/\/lospoliticosveracruz.com\/#website","url":"https:\/\/lospoliticosveracruz.com\/","name":"Los pol\u00edticos Veracruz","description":"","publisher":{"@id":"https:\/\/lospoliticosveracruz.com\/#organization"},"potentialAction":[{"@type":"SearchAction","target":{"@type":"EntryPoint","urlTemplate":"https:\/\/lospoliticosveracruz.com\/?s={search_term_string}"},"query-input":{"@type":"PropertyValueSpecification","valueRequired":true,"valueName":"search_term_string"}}],"inLanguage":"es"},{"@type":"Organization","@id":"https:\/\/lospoliticosveracruz.com\/#organization","name":"Los pol\u00edticos Veracruz","url":"https:\/\/lospoliticosveracruz.com\/","logo":{"@type":"ImageObject","inLanguage":"es","@id":"https:\/\/lospoliticosveracruz.com\/#\/schema\/logo\/image\/","url":"https:\/\/lospoliticosveracruz.com\/wp-content\/uploads\/2025\/12\/Logo-Nuevo-LOS-POLITICOS-1.jpg","contentUrl":"https:\/\/lospoliticosveracruz.com\/wp-content\/uploads\/2025\/12\/Logo-Nuevo-LOS-POLITICOS-1.jpg","width":260,"height":70,"caption":"Los pol\u00edticos Veracruz"},"image":{"@id":"https:\/\/lospoliticosveracruz.com\/#\/schema\/logo\/image\/"},"sameAs":["https:\/\/www.facebook.com\/people\/Notimemes-de-los-Polticos\/61565672886568\/","https:\/\/x.com\/LosPoliticosVer"]},{"@type":"Person","@id":"https:\/\/lospoliticosveracruz.com\/#\/schema\/person\/b8702bb0e538456e6efd07080bf2a4a2","name":"Lo viste en Los Pol\u00edticos","image":{"@type":"ImageObject","inLanguage":"es","@id":"https:\/\/secure.gravatar.com\/avatar\/3a8de04a2656d44082be478bd6c086daa447c4651605818287b9532d3d0bd435?s=96&d=mm&r=g","url":"https:\/\/secure.gravatar.com\/avatar\/3a8de04a2656d44082be478bd6c086daa447c4651605818287b9532d3d0bd435?s=96&d=mm&r=g","contentUrl":"https:\/\/secure.gravatar.com\/avatar\/3a8de04a2656d44082be478bd6c086daa447c4651605818287b9532d3d0bd435?s=96&d=mm&r=g","caption":"Lo viste en Los Pol\u00edticos"},"url":"https:\/\/lospoliticosveracruz.com\/?author=2"}]}},"_links":{"self":[{"href":"https:\/\/lospoliticosveracruz.com\/index.php?rest_route=\/wp\/v2\/posts\/89221","targetHints":{"allow":["GET"]}}],"collection":[{"href":"https:\/\/lospoliticosveracruz.com\/index.php?rest_route=\/wp\/v2\/posts"}],"about":[{"href":"https:\/\/lospoliticosveracruz.com\/index.php?rest_route=\/wp\/v2\/types\/post"}],"author":[{"embeddable":true,"href":"https:\/\/lospoliticosveracruz.com\/index.php?rest_route=\/wp\/v2\/users\/2"}],"replies":[{"embeddable":true,"href":"https:\/\/lospoliticosveracruz.com\/index.php?rest_route=%2Fwp%2Fv2%2Fcomments&post=89221"}],"version-history":[{"count":1,"href":"https:\/\/lospoliticosveracruz.com\/index.php?rest_route=\/wp\/v2\/posts\/89221\/revisions"}],"predecessor-version":[{"id":89223,"href":"https:\/\/lospoliticosveracruz.com\/index.php?rest_route=\/wp\/v2\/posts\/89221\/revisions\/89223"}],"wp:attachment":[{"href":"https:\/\/lospoliticosveracruz.com\/index.php?rest_route=%2Fwp%2Fv2%2Fmedia&parent=89221"}],"wp:term":[{"taxonomy":"category","embeddable":true,"href":"https:\/\/lospoliticosveracruz.com\/index.php?rest_route=%2Fwp%2Fv2%2Fcategories&post=89221"},{"taxonomy":"post_tag","embeddable":true,"href":"https:\/\/lospoliticosveracruz.com\/index.php?rest_route=%2Fwp%2Fv2%2Ftags&post=89221"}],"curies":[{"name":"wp","href":"https:\/\/api.w.org\/{rel}","templated":true}]}}