{"id":89224,"date":"2022-04-29T08:47:32","date_gmt":"2022-04-29T13:47:32","guid":{"rendered":"https:\/\/lospoliticosveracruz.com.mx\/?p=89224"},"modified":"2022-04-29T08:47:37","modified_gmt":"2022-04-29T13:47:37","slug":"amlo-sus-destapes-y-veracruz","status":"publish","type":"post","link":"https:\/\/lospoliticosveracruz.com\/?p=89224","title":{"rendered":"AMLO, sus destapes y Veracruz"},"content":{"rendered":"\n<p><strong>Ricardo Ch\u00faa<br><\/strong><em>Sale y Vale<\/em><\/p>\n\n\n\n<p>Mucho se habla ya de la forma en que el Presidente, Andr\u00e9s Manuel L\u00f3pez Obrador, en su cl\u00e1sico estilo \u00abecheverrista\u00bb de \u00abechar andar todos al ruedo\u00bb\u2026 Casi hizo un \u00abdestape\u00bb simulado ante diputados federales de MORENA de su nuevo \u00abgallo\u00bb Presidencial al 2024, en la persona de su secretario de Gobernaci\u00f3n, Ad\u00e1n Augusto L\u00f3pez Hern\u00e1ndez\u2026 Tabasque\u00f1o y casi su hermano\u2026 Como se hac\u00eda a la \u00abusanza\u00bb del \u00abviejo\u00bb PRI\u2026 El \u00abdos\u00bb llegaba a ser el \u00abUno\u00bb al estilo de Luis Echeverr\u00eda Alvarez\u2026<\/p>\n\n\n\n<div class=\"wp-block-image\"><figure class=\"alignleft size-full is-resized\"><a href=\"https:\/\/lospoliticosveracruz.com.mx\/wp-content\/uploads\/2021\/10\/Zacauilt.jpg\"><img decoding=\"async\" src=\"https:\/\/lospoliticosveracruz.com.mx\/wp-content\/uploads\/2021\/10\/Zacauilt.jpg\" alt=\"\" class=\"wp-image-80558\" height=\"500\"\/><\/a><\/figure><\/div>\n\n\n\n<p>Independientemente de todo lo que se escribi\u00f3 y se dijo de Ad\u00e1n Augusto en medios de comunicaci\u00f3n y redes sociales\u2026 Si nos venimos a la \u00abaldea\u00bb\u2026 Despu\u00e9s de este \u00abrespaldo\u00bb de L\u00f3pez Obrador a su amigo tabasque\u00f1o\u2026 La pregunta que queda es: \u00bfQue har\u00e1n en Veracruz despu\u00e9s del mensaje velado de Andr\u00e9s Manuel?\u2026 El titular de SEGOB es del equipo contrario al del gobernador, Cuitl\u00e1huac Garc\u00eda\u2026 ZUCUTUM\u2026 \u00bfSe repetir\u00e1 la historia de la elecci\u00f3n de la dirigencia nacional de MORENA?\u2026 Que se la jugaron con todos, menos con Mario Delgado\u2026<\/p>\n\n\n\n<p>Cuitl\u00e1huac Garc\u00eda, Roc\u00edo Nahle y Eric Cisneros.. Qu\u00e9 tanto conocen a AMLO\u2026 No se acordaron que al Presidente le gusta \u00abrepetir\u00bb historias\u2026 Como lo hac\u00eda Fidel Herrera Beltr\u00e1n, otro \u00abecheverrista de cepa\u00bb\u2026 As\u00ed que a L\u00f3pez Obrador le sali\u00f3 su lado \u00abjarocho\u00bb e hizo una acci\u00f3n al estilo del Ex Presidente, Miguel Alem\u00e1n V\u00e1ldez, qui\u00e9n dej\u00f3 en el poder al tambi\u00e9n veracruzano, Adolfo Ruiz Cort\u00ednes\u2026 Andr\u00e9s Manuel por eso ve con esos mismos \u00abojos\u00bb a Ad\u00e1n Augusto\u2026 De tabasque\u00f1o a tabasque\u00f1o\u2026<\/p>\n\n\n\n<p>As\u00ed que si L\u00f3pez Obrador se decide por su titular de SEGOB para el 2024\u2026 Intentar\u00e1 ser como Alem\u00e1n V\u00e1ldez para dejar en el poder a Ruiz Cort\u00ednes\u2026 As\u00ed que en Veracruz, se tendr\u00e1n que preguntar que pasar\u00e1 con Cuitl\u00e1huac Garc\u00eda, la sucesi\u00f3n estatal en ese mismo a\u00f1o y con sus aspirantes cercanos a cargos de elecci\u00f3n popular\u2026 Ser\u00e1 acaso que Ad\u00e1n Augusto vendr\u00eda a \u00abmeter mano\u00bb en Veracruz\u2026 De los que tiene Cuitl\u00e1huac no son de su equipo\u2026 Ni Rocio Nahle tampoco\u2026<\/p>\n\n\n\n<p>Sobre todo muchos de esos \u00abaspirantes\u00bb en Veracruz dentro de MORENA se van a \u00abdesechar\u00bb\u2026 Si Claudia Sheinbaum sigue \u00abdesinfl\u00e1ndose\u00bb en Palacio Nacional como la virtual candidata de MORENA\u2026 Ya que antes s\u00f3lo compet\u00eda con Marcelo Ebrard y Ricardo Monreal\u2026 A esa lista se le ha sumado ahora Ad\u00e1n Augusto L\u00f3pez.. Y ese, no es un \u00abempleado\u00bb del Presidente.. Es su amigo y hermano\u2026 As\u00ed que si la decisi\u00f3n va por ah\u00ed, entonces, L\u00f3pez Obrador quiere repetir la historia del viejo r\u00e9gimen que tanto odia y habla\u2026 BYE CLAUDIA\u2026<\/p>\n\n\n\n<p>De ser as\u00ed, quienes conocen la forma de operar de Ad\u00e1n Augusto, sabr\u00e1n, entonces, que no la va a \u00abjugar\u00bb con el gobernador, Cuitl\u00e1huac Garc\u00eda\u2026 L\u00f3pez Hern\u00e1ndez seguir\u00eda apostando con Mario Delgado como dirigente nacional de MORENA\u2026 Y sus \u00abojos\u00bb estar\u00edan puestos en Veracruz, en el diputado federal y presidente de la Mesa Directiva del c\u00e1mara baja, Sergio Guti\u00e9rrez Luna\u2026 Eso ser\u00eda la \u00abGira del Adi\u00f3s\u00bb de las aspiraciones sucesorias de Cuitl\u00e1huac y Roc\u00edo\u2026 Ya que todo estar\u00eda puesto para que Minatitl\u00e1n se quede con la candidatura de MORENA\u2026<\/p>\n\n\n\n<p>As\u00ed que el famoso \u00abCaballo Negro\u00bb de MORENA en Veracruz podr\u00eda alcanzar esta nominaci\u00f3n.. Gracias a las circunstancias que se le presenten\u2026 A pesar de que Ad\u00e1n Augusto pelear\u00eda esta candidatura Presidencial contra Marcelo y Monreal\u2026 Ya que AMLO es muy dif\u00edcil\u2026 Porque desde que inici\u00f3 su Presidencia se hab\u00eda aferrado con Claudia pero hoy les mando mensaje a todos desde Palacio Nacional como en los viejos tiempos\u2026. Al final, L\u00f3pez Obrador es de se\u00f1ales como buen jugador de b\u00e9isbol\u2026<\/p>\n\n\n\n<p>Por eso, si la decisi\u00f3n es por el titular de SEGOB, esto se le \u00abacomoda\u00bb la CDMX a Ricardo Monreal con este juego\u2026 Ya que con el grupo de Claudia, la capital del pa\u00eds est\u00e1 perdida, se la dar\u00e1 Adan para que la \u00abnegocie\u00bb con Monreal.. Esperando ver qu\u00e9 sucede en la elecci\u00f3n o \u00abprueba de fuego\u00bb que es el Estado de M\u00e9xico en 2023\u2026 A ver como sale MORENA\u2026 Pero en la \u00abaldea Jarocha\u00bb nada cambia si es Marcelo\u2026 Sergio Guti\u00e9rrez ser\u00eda el candidato\u2026 Ad\u00e1n y Marcelo a diferencia de Claudia saben hacer acuerdos\u2026 AH\u00cd EST\u00c1 EL DETALLE\u2026 AMEN\u2026<\/p>\n\n\n\n<p>MORENA VS ROSALBA VALENCIA\u2026 A la que le est\u00e1n dando con todo en los grupos de \u00abwhatsapp\u00bb de los diputados federales de MORENA en Veracruz y en pl\u00e1ticas sostenidas con el \u00abc\u00edrculo rojo\u00bb en Palacio de Gobierno y dentro de este partido pol\u00edtico en el Estado, es la diputada federal por Minatitl\u00e1n de este organismo, Rosalba Valencia, quien sostiene un enfrentamiento \u00abencarnizado\u00bb con el legislador, Sergio Guti\u00e9rrez Luna\u2026 Y por ello, los Morenos de Palacio le \u00abpegan\u00bb para echarle la culpa al minatitleco\u2026<\/p>\n\n\n\n<p>El argumento que est\u00e1n utilizando los Morenos de Veracruz para darle con todo a la legisladora\u2026 Fue ese famoso voto en contra de los maestros, que realiz\u00f3 Valencia sobre la Reforma a la Ley General del Sistema para la Carrera de las Maestras y los Maestros (USICAMM) que garantiza la libertad sindical\u2026. Ella es parte del magisterio y por extra\u00f1a raz\u00f3n, se fue en contra de su gremio\u2026 De ah\u00ed aprovecharon sus \u00abmalquerientes\u00bb para exhibirla.. Ya que ella es maestra y cuenta con una plaza de preescolar\u2026<\/p>\n\n\n\n<p>Hasta mandaron historias en esos mismos mensajes de la red social, se\u00f1alando que la diputada minatitleca s\u00f3lo se encogi\u00f3 de hombros cuando su bancada veracruzana de MORENA le recrimina su voto en contra\u2026 Y la exhibieron adem\u00e1s se\u00f1alando que de los 31 diputados federales veracruzanos incluyendo Morenos, panistas, priistas y perredistas\u2026 S\u00f3lo entre ellos hubo una abstenci\u00f3n y un voto en contra, que fue el de Rosalba Valencia\u2026 NO MANCHEN\u2026 JA JA JA<\/p>\n\n\n\n<p>Lo m\u00e1s canijo del caso es que los maestros veracruzanos que saben ya del tema.. Le est\u00e1n recriminando que si no sabe de estos asuntos legislativos, que no se meta\u2026 Menos para \u00abvoltear\u00bb una iniciativa cuyo prop\u00f3sito es dar mayor presencia a los maestros en decisiones de la carrera magisterial y el movimiento escalafonario\u2026 Es decir, los \u00abamol\u00f3\u00bb con sus plazas magisteriales\u2026 Por eso, dicen los maestros que la van a recibir \u00abporra\u00bb cuando se presente en Veracruz\u2026 \u00abEn el agua clara, que brota en la fuente\u00bb\u2026 JES\u00daS, MAR\u00cdA Y JOS\u00c9\u2026<\/p>\n","protected":false},"excerpt":{"rendered":"<p>Ricardo Ch\u00faaSale y Vale Mucho se habla ya de la forma en que el Presidente, Andr\u00e9s Manuel L\u00f3pez Obrador, en su cl\u00e1sico estilo \u00abecheverrista\u00bb de \u00abechar andar todos al ruedo\u00bb\u2026 Casi hizo un \u00abdestape\u00bb simulado ante diputados federales de MORENA de su nuevo \u00abgallo\u00bb Presidencial al 2024, en la persona de su secretario de Gobernaci\u00f3n, [&hellip;]<\/p>\n","protected":false},"author":2,"featured_media":0,"comment_status":"closed","ping_status":"closed","sticky":false,"template":"","format":"standard","meta":{"tdm_status":"","tdm_grid_status":"","footnotes":""},"categories":[70],"tags":[618,1563,14703,1026,13604,10353,26717,32400,28349],"class_list":{"0":"post-89224","1":"post","2":"type-post","3":"status-publish","4":"format-standard","6":"category-de-opinion","7":"tag-andres-manuel-lopez-obrador","8":"tag-cuitlahuac-garcia-jimenez","9":"tag-marcelo-ebrard","10":"tag-morena","11":"tag-ricardo-chua","12":"tag-ricardo-monreal","13":"tag-rocio-nahle-2","14":"tag-rosalba-valencia","15":"tag-sergio-gutierrez"},"yoast_head":"<!-- This site is optimized with the Yoast SEO plugin v27.4 - https:\/\/yoast.com\/product\/yoast-seo-wordpress\/ -->\n<title>AMLO, sus destapes y Veracruz - Los pol\u00edticos Veracruz<\/title>\n<meta name=\"robots\" content=\"index, follow, max-snippet:-1, max-image-preview:large, max-video-preview:-1\" \/>\n<link rel=\"canonical\" href=\"https:\/\/lospoliticosveracruz.com\/?p=89224\" \/>\n<meta property=\"og:locale\" content=\"es_ES\" \/>\n<meta property=\"og:type\" content=\"article\" \/>\n<meta property=\"og:title\" content=\"AMLO, sus destapes y Veracruz - Los pol\u00edticos Veracruz\" \/>\n<meta property=\"og:description\" content=\"Ricardo Ch\u00faaSale y Vale Mucho se habla ya de la forma en que el Presidente, Andr\u00e9s Manuel L\u00f3pez Obrador, en su cl\u00e1sico estilo \u00abecheverrista\u00bb de \u00abechar andar todos al ruedo\u00bb\u2026 Casi hizo un \u00abdestape\u00bb simulado ante diputados federales de MORENA de su nuevo \u00abgallo\u00bb Presidencial al 2024, en la persona de su secretario de Gobernaci\u00f3n, [&hellip;]\" \/>\n<meta property=\"og:url\" content=\"https:\/\/lospoliticosveracruz.com\/?p=89224\" \/>\n<meta property=\"og:site_name\" content=\"Los pol\u00edticos Veracruz\" \/>\n<meta property=\"article:publisher\" content=\"https:\/\/www.facebook.com\/people\/Notimemes-de-los-Polticos\/61565672886568\/\" \/>\n<meta property=\"article:published_time\" content=\"2022-04-29T13:47:32+00:00\" \/>\n<meta property=\"article:modified_time\" content=\"2022-04-29T13:47:37+00:00\" \/>\n<meta property=\"og:image\" content=\"https:\/\/lospoliticosveracruz.com.mx\/wp-content\/uploads\/2021\/10\/Zacauilt.jpg\" \/>\n<meta name=\"author\" content=\"Lo viste en Los Pol\u00edticos\" \/>\n<meta name=\"twitter:card\" content=\"summary_large_image\" \/>\n<meta name=\"twitter:creator\" content=\"@LosPoliticosVer\" \/>\n<meta name=\"twitter:site\" content=\"@LosPoliticosVer\" \/>\n<meta name=\"twitter:label1\" content=\"Escrito por\" \/>\n\t<meta name=\"twitter:data1\" content=\"Lo viste en Los Pol\u00edticos\" \/>\n\t<meta name=\"twitter:label2\" content=\"Tiempo de lectura\" \/>\n\t<meta name=\"twitter:data2\" content=\"6 minutos\" \/>\n<script type=\"application\/ld+json\" class=\"yoast-schema-graph\">{\"@context\":\"https:\\\/\\\/schema.org\",\"@graph\":[{\"@type\":\"Article\",\"@id\":\"https:\\\/\\\/lospoliticosveracruz.com\\\/?p=89224#article\",\"isPartOf\":{\"@id\":\"https:\\\/\\\/lospoliticosveracruz.com\\\/?p=89224\"},\"author\":{\"name\":\"Lo viste en Los Pol\u00edticos\",\"@id\":\"https:\\\/\\\/lospoliticosveracruz.com\\\/#\\\/schema\\\/person\\\/b8702bb0e538456e6efd07080bf2a4a2\"},\"headline\":\"AMLO, sus destapes y Veracruz\",\"datePublished\":\"2022-04-29T13:47:32+00:00\",\"dateModified\":\"2022-04-29T13:47:37+00:00\",\"mainEntityOfPage\":{\"@id\":\"https:\\\/\\\/lospoliticosveracruz.com\\\/?p=89224\"},\"wordCount\":1145,\"publisher\":{\"@id\":\"https:\\\/\\\/lospoliticosveracruz.com\\\/#organization\"},\"image\":{\"@id\":\"https:\\\/\\\/lospoliticosveracruz.com\\\/?p=89224#primaryimage\"},\"thumbnailUrl\":\"https:\\\/\\\/lospoliticosveracruz.com.mx\\\/wp-content\\\/uploads\\\/2021\\\/10\\\/Zacauilt.jpg\",\"keywords\":[\"Andr\u00e9s Manuel L\u00f3pez Obrador\",\"Cuitl\u00e1huac Garc\u00eda Jim\u00e9nez\",\"Marcelo Ebrard\",\"Morena\",\"Ricardo Ch\u00faa\",\"Ricardo Monreal\",\"Rocio Nahle\",\"Rosalba Valencia\",\"Sergio Guti\u00e9rrez\"],\"articleSection\":[\"De Opini\u00f3n\"],\"inLanguage\":\"es\"},{\"@type\":\"WebPage\",\"@id\":\"https:\\\/\\\/lospoliticosveracruz.com\\\/?p=89224\",\"url\":\"https:\\\/\\\/lospoliticosveracruz.com\\\/?p=89224\",\"name\":\"AMLO, sus destapes y Veracruz - Los pol\u00edticos Veracruz\",\"isPartOf\":{\"@id\":\"https:\\\/\\\/lospoliticosveracruz.com\\\/#website\"},\"primaryImageOfPage\":{\"@id\":\"https:\\\/\\\/lospoliticosveracruz.com\\\/?p=89224#primaryimage\"},\"image\":{\"@id\":\"https:\\\/\\\/lospoliticosveracruz.com\\\/?p=89224#primaryimage\"},\"thumbnailUrl\":\"https:\\\/\\\/lospoliticosveracruz.com.mx\\\/wp-content\\\/uploads\\\/2021\\\/10\\\/Zacauilt.jpg\",\"datePublished\":\"2022-04-29T13:47:32+00:00\",\"dateModified\":\"2022-04-29T13:47:37+00:00\",\"breadcrumb\":{\"@id\":\"https:\\\/\\\/lospoliticosveracruz.com\\\/?p=89224#breadcrumb\"},\"inLanguage\":\"es\",\"potentialAction\":[{\"@type\":\"ReadAction\",\"target\":[\"https:\\\/\\\/lospoliticosveracruz.com\\\/?p=89224\"]}]},{\"@type\":\"ImageObject\",\"inLanguage\":\"es\",\"@id\":\"https:\\\/\\\/lospoliticosveracruz.com\\\/?p=89224#primaryimage\",\"url\":\"https:\\\/\\\/lospoliticosveracruz.com.mx\\\/wp-content\\\/uploads\\\/2021\\\/10\\\/Zacauilt.jpg\",\"contentUrl\":\"https:\\\/\\\/lospoliticosveracruz.com.mx\\\/wp-content\\\/uploads\\\/2021\\\/10\\\/Zacauilt.jpg\"},{\"@type\":\"BreadcrumbList\",\"@id\":\"https:\\\/\\\/lospoliticosveracruz.com\\\/?p=89224#breadcrumb\",\"itemListElement\":[{\"@type\":\"ListItem\",\"position\":1,\"name\":\"Portada\",\"item\":\"https:\\\/\\\/lospoliticosveracruz.com\\\/\"},{\"@type\":\"ListItem\",\"position\":2,\"name\":\"AMLO, sus destapes y Veracruz\"}]},{\"@type\":\"WebSite\",\"@id\":\"https:\\\/\\\/lospoliticosveracruz.com\\\/#website\",\"url\":\"https:\\\/\\\/lospoliticosveracruz.com\\\/\",\"name\":\"Los pol\u00edticos Veracruz\",\"description\":\"\",\"publisher\":{\"@id\":\"https:\\\/\\\/lospoliticosveracruz.com\\\/#organization\"},\"potentialAction\":[{\"@type\":\"SearchAction\",\"target\":{\"@type\":\"EntryPoint\",\"urlTemplate\":\"https:\\\/\\\/lospoliticosveracruz.com\\\/?s={search_term_string}\"},\"query-input\":{\"@type\":\"PropertyValueSpecification\",\"valueRequired\":true,\"valueName\":\"search_term_string\"}}],\"inLanguage\":\"es\"},{\"@type\":\"Organization\",\"@id\":\"https:\\\/\\\/lospoliticosveracruz.com\\\/#organization\",\"name\":\"Los pol\u00edticos Veracruz\",\"url\":\"https:\\\/\\\/lospoliticosveracruz.com\\\/\",\"logo\":{\"@type\":\"ImageObject\",\"inLanguage\":\"es\",\"@id\":\"https:\\\/\\\/lospoliticosveracruz.com\\\/#\\\/schema\\\/logo\\\/image\\\/\",\"url\":\"https:\\\/\\\/lospoliticosveracruz.com\\\/wp-content\\\/uploads\\\/2025\\\/12\\\/Logo-Nuevo-LOS-POLITICOS-1.jpg\",\"contentUrl\":\"https:\\\/\\\/lospoliticosveracruz.com\\\/wp-content\\\/uploads\\\/2025\\\/12\\\/Logo-Nuevo-LOS-POLITICOS-1.jpg\",\"width\":260,\"height\":70,\"caption\":\"Los pol\u00edticos Veracruz\"},\"image\":{\"@id\":\"https:\\\/\\\/lospoliticosveracruz.com\\\/#\\\/schema\\\/logo\\\/image\\\/\"},\"sameAs\":[\"https:\\\/\\\/www.facebook.com\\\/people\\\/Notimemes-de-los-Polticos\\\/61565672886568\\\/\",\"https:\\\/\\\/x.com\\\/LosPoliticosVer\"]},{\"@type\":\"Person\",\"@id\":\"https:\\\/\\\/lospoliticosveracruz.com\\\/#\\\/schema\\\/person\\\/b8702bb0e538456e6efd07080bf2a4a2\",\"name\":\"Lo viste en Los Pol\u00edticos\",\"image\":{\"@type\":\"ImageObject\",\"inLanguage\":\"es\",\"@id\":\"https:\\\/\\\/secure.gravatar.com\\\/avatar\\\/3a8de04a2656d44082be478bd6c086daa447c4651605818287b9532d3d0bd435?s=96&d=mm&r=g\",\"url\":\"https:\\\/\\\/secure.gravatar.com\\\/avatar\\\/3a8de04a2656d44082be478bd6c086daa447c4651605818287b9532d3d0bd435?s=96&d=mm&r=g\",\"contentUrl\":\"https:\\\/\\\/secure.gravatar.com\\\/avatar\\\/3a8de04a2656d44082be478bd6c086daa447c4651605818287b9532d3d0bd435?s=96&d=mm&r=g\",\"caption\":\"Lo viste en Los Pol\u00edticos\"},\"url\":\"https:\\\/\\\/lospoliticosveracruz.com\\\/?author=2\"}]}<\/script>\n<!-- \/ Yoast SEO plugin. -->","yoast_head_json":{"title":"AMLO, sus destapes y Veracruz - Los pol\u00edticos Veracruz","robots":{"index":"index","follow":"follow","max-snippet":"max-snippet:-1","max-image-preview":"max-image-preview:large","max-video-preview":"max-video-preview:-1"},"canonical":"https:\/\/lospoliticosveracruz.com\/?p=89224","og_locale":"es_ES","og_type":"article","og_title":"AMLO, sus destapes y Veracruz - Los pol\u00edticos Veracruz","og_description":"Ricardo Ch\u00faaSale y Vale Mucho se habla ya de la forma en que el Presidente, Andr\u00e9s Manuel L\u00f3pez Obrador, en su cl\u00e1sico estilo \u00abecheverrista\u00bb de \u00abechar andar todos al ruedo\u00bb\u2026 Casi hizo un \u00abdestape\u00bb simulado ante diputados federales de MORENA de su nuevo \u00abgallo\u00bb Presidencial al 2024, en la persona de su secretario de Gobernaci\u00f3n, [&hellip;]","og_url":"https:\/\/lospoliticosveracruz.com\/?p=89224","og_site_name":"Los pol\u00edticos Veracruz","article_publisher":"https:\/\/www.facebook.com\/people\/Notimemes-de-los-Polticos\/61565672886568\/","article_published_time":"2022-04-29T13:47:32+00:00","article_modified_time":"2022-04-29T13:47:37+00:00","og_image":[{"url":"https:\/\/lospoliticosveracruz.com.mx\/wp-content\/uploads\/2021\/10\/Zacauilt.jpg","type":"","width":"","height":""}],"author":"Lo viste en Los Pol\u00edticos","twitter_card":"summary_large_image","twitter_creator":"@LosPoliticosVer","twitter_site":"@LosPoliticosVer","twitter_misc":{"Escrito por":"Lo viste en Los Pol\u00edticos","Tiempo de lectura":"6 minutos"},"schema":{"@context":"https:\/\/schema.org","@graph":[{"@type":"Article","@id":"https:\/\/lospoliticosveracruz.com\/?p=89224#article","isPartOf":{"@id":"https:\/\/lospoliticosveracruz.com\/?p=89224"},"author":{"name":"Lo viste en Los Pol\u00edticos","@id":"https:\/\/lospoliticosveracruz.com\/#\/schema\/person\/b8702bb0e538456e6efd07080bf2a4a2"},"headline":"AMLO, sus destapes y Veracruz","datePublished":"2022-04-29T13:47:32+00:00","dateModified":"2022-04-29T13:47:37+00:00","mainEntityOfPage":{"@id":"https:\/\/lospoliticosveracruz.com\/?p=89224"},"wordCount":1145,"publisher":{"@id":"https:\/\/lospoliticosveracruz.com\/#organization"},"image":{"@id":"https:\/\/lospoliticosveracruz.com\/?p=89224#primaryimage"},"thumbnailUrl":"https:\/\/lospoliticosveracruz.com.mx\/wp-content\/uploads\/2021\/10\/Zacauilt.jpg","keywords":["Andr\u00e9s Manuel L\u00f3pez Obrador","Cuitl\u00e1huac Garc\u00eda Jim\u00e9nez","Marcelo Ebrard","Morena","Ricardo Ch\u00faa","Ricardo Monreal","Rocio Nahle","Rosalba Valencia","Sergio Guti\u00e9rrez"],"articleSection":["De Opini\u00f3n"],"inLanguage":"es"},{"@type":"WebPage","@id":"https:\/\/lospoliticosveracruz.com\/?p=89224","url":"https:\/\/lospoliticosveracruz.com\/?p=89224","name":"AMLO, sus destapes y Veracruz - Los pol\u00edticos Veracruz","isPartOf":{"@id":"https:\/\/lospoliticosveracruz.com\/#website"},"primaryImageOfPage":{"@id":"https:\/\/lospoliticosveracruz.com\/?p=89224#primaryimage"},"image":{"@id":"https:\/\/lospoliticosveracruz.com\/?p=89224#primaryimage"},"thumbnailUrl":"https:\/\/lospoliticosveracruz.com.mx\/wp-content\/uploads\/2021\/10\/Zacauilt.jpg","datePublished":"2022-04-29T13:47:32+00:00","dateModified":"2022-04-29T13:47:37+00:00","breadcrumb":{"@id":"https:\/\/lospoliticosveracruz.com\/?p=89224#breadcrumb"},"inLanguage":"es","potentialAction":[{"@type":"ReadAction","target":["https:\/\/lospoliticosveracruz.com\/?p=89224"]}]},{"@type":"ImageObject","inLanguage":"es","@id":"https:\/\/lospoliticosveracruz.com\/?p=89224#primaryimage","url":"https:\/\/lospoliticosveracruz.com.mx\/wp-content\/uploads\/2021\/10\/Zacauilt.jpg","contentUrl":"https:\/\/lospoliticosveracruz.com.mx\/wp-content\/uploads\/2021\/10\/Zacauilt.jpg"},{"@type":"BreadcrumbList","@id":"https:\/\/lospoliticosveracruz.com\/?p=89224#breadcrumb","itemListElement":[{"@type":"ListItem","position":1,"name":"Portada","item":"https:\/\/lospoliticosveracruz.com\/"},{"@type":"ListItem","position":2,"name":"AMLO, sus destapes y Veracruz"}]},{"@type":"WebSite","@id":"https:\/\/lospoliticosveracruz.com\/#website","url":"https:\/\/lospoliticosveracruz.com\/","name":"Los pol\u00edticos Veracruz","description":"","publisher":{"@id":"https:\/\/lospoliticosveracruz.com\/#organization"},"potentialAction":[{"@type":"SearchAction","target":{"@type":"EntryPoint","urlTemplate":"https:\/\/lospoliticosveracruz.com\/?s={search_term_string}"},"query-input":{"@type":"PropertyValueSpecification","valueRequired":true,"valueName":"search_term_string"}}],"inLanguage":"es"},{"@type":"Organization","@id":"https:\/\/lospoliticosveracruz.com\/#organization","name":"Los pol\u00edticos Veracruz","url":"https:\/\/lospoliticosveracruz.com\/","logo":{"@type":"ImageObject","inLanguage":"es","@id":"https:\/\/lospoliticosveracruz.com\/#\/schema\/logo\/image\/","url":"https:\/\/lospoliticosveracruz.com\/wp-content\/uploads\/2025\/12\/Logo-Nuevo-LOS-POLITICOS-1.jpg","contentUrl":"https:\/\/lospoliticosveracruz.com\/wp-content\/uploads\/2025\/12\/Logo-Nuevo-LOS-POLITICOS-1.jpg","width":260,"height":70,"caption":"Los pol\u00edticos Veracruz"},"image":{"@id":"https:\/\/lospoliticosveracruz.com\/#\/schema\/logo\/image\/"},"sameAs":["https:\/\/www.facebook.com\/people\/Notimemes-de-los-Polticos\/61565672886568\/","https:\/\/x.com\/LosPoliticosVer"]},{"@type":"Person","@id":"https:\/\/lospoliticosveracruz.com\/#\/schema\/person\/b8702bb0e538456e6efd07080bf2a4a2","name":"Lo viste en Los Pol\u00edticos","image":{"@type":"ImageObject","inLanguage":"es","@id":"https:\/\/secure.gravatar.com\/avatar\/3a8de04a2656d44082be478bd6c086daa447c4651605818287b9532d3d0bd435?s=96&d=mm&r=g","url":"https:\/\/secure.gravatar.com\/avatar\/3a8de04a2656d44082be478bd6c086daa447c4651605818287b9532d3d0bd435?s=96&d=mm&r=g","contentUrl":"https:\/\/secure.gravatar.com\/avatar\/3a8de04a2656d44082be478bd6c086daa447c4651605818287b9532d3d0bd435?s=96&d=mm&r=g","caption":"Lo viste en Los Pol\u00edticos"},"url":"https:\/\/lospoliticosveracruz.com\/?author=2"}]}},"_links":{"self":[{"href":"https:\/\/lospoliticosveracruz.com\/index.php?rest_route=\/wp\/v2\/posts\/89224","targetHints":{"allow":["GET"]}}],"collection":[{"href":"https:\/\/lospoliticosveracruz.com\/index.php?rest_route=\/wp\/v2\/posts"}],"about":[{"href":"https:\/\/lospoliticosveracruz.com\/index.php?rest_route=\/wp\/v2\/types\/post"}],"author":[{"embeddable":true,"href":"https:\/\/lospoliticosveracruz.com\/index.php?rest_route=\/wp\/v2\/users\/2"}],"replies":[{"embeddable":true,"href":"https:\/\/lospoliticosveracruz.com\/index.php?rest_route=%2Fwp%2Fv2%2Fcomments&post=89224"}],"version-history":[{"count":1,"href":"https:\/\/lospoliticosveracruz.com\/index.php?rest_route=\/wp\/v2\/posts\/89224\/revisions"}],"predecessor-version":[{"id":89227,"href":"https:\/\/lospoliticosveracruz.com\/index.php?rest_route=\/wp\/v2\/posts\/89224\/revisions\/89227"}],"wp:attachment":[{"href":"https:\/\/lospoliticosveracruz.com\/index.php?rest_route=%2Fwp%2Fv2%2Fmedia&parent=89224"}],"wp:term":[{"taxonomy":"category","embeddable":true,"href":"https:\/\/lospoliticosveracruz.com\/index.php?rest_route=%2Fwp%2Fv2%2Fcategories&post=89224"},{"taxonomy":"post_tag","embeddable":true,"href":"https:\/\/lospoliticosveracruz.com\/index.php?rest_route=%2Fwp%2Fv2%2Ftags&post=89224"}],"curies":[{"name":"wp","href":"https:\/\/api.w.org\/{rel}","templated":true}]}}