{"id":89231,"date":"2022-04-29T09:47:16","date_gmt":"2022-04-29T14:47:16","guid":{"rendered":"https:\/\/lospoliticosveracruz.com.mx\/?p=89231"},"modified":"2022-04-29T09:47:23","modified_gmt":"2022-04-29T14:47:23","slug":"totutla-sin-agua","status":"publish","type":"post","link":"https:\/\/lospoliticosveracruz.com\/?p=89231","title":{"rendered":"Totutla sin agua"},"content":{"rendered":"\n<p><strong>Ignacio Alvarez<br><\/strong><em>Pluma Negra<\/em><\/p>\n\n\n\n<p>Un grave problema de agua padecen decenas de municipios veracruzanos en esta y todas las temporadas de estiaje aunque cada vez con mayor impacto, tal es el caso de Totutla, en la regi\u00f3n monta\u00f1osa de Huatusco, la cabecera municipal que tiene una poblaci\u00f3n de unos cinco mil hablantes tiene m\u00e1s de dos meses sin agua; los tres veneros que abastec\u00edan el l\u00edquido, se han secado.<\/p>\n\n\n\n<div class=\"wp-block-image\"><figure class=\"alignleft size-large is-resized\"><a href=\"https:\/\/lospoliticosveracruz.com.mx\/wp-content\/uploads\/2021\/10\/WhatsApp-Image-2021-10-02-at-15.20.25.jpeg\"><img loading=\"lazy\" decoding=\"async\" src=\"https:\/\/lospoliticosveracruz.com.mx\/wp-content\/uploads\/2021\/10\/WhatsApp-Image-2021-10-02-at-15.20.25-724x1024.jpeg\" alt=\"\" class=\"wp-image-80177\" width=\"350\" height=\"500\"\/><\/a><\/figure><\/div>\n\n\n\n<p>La soluci\u00f3n provisional de la alcaldesa Nora Acosta Gamboa ha sido traer agua en pipas del vecino municipio de Huatusco y suministrarla por tandeos a las diferentes colonias para evitar el caos, con la recomendaci\u00f3n del buen uso dom\u00e9stico por parte de los vecinos.<\/p>\n\n\n\n<p>Las autoridades municipales gestionan ante la Comisi\u00f3n Nacional del Agua (CONAGUA), una soluci\u00f3n de fondo, sin embargo, el primer paso es pagar los derechos de concesi\u00f3n de los tres veneros que ninguna administraci\u00f3n municipal anterior pag\u00f3, como tampoco instrumentaron un organismo de administraci\u00f3n y cobro del servicio de agua.<\/p>\n\n\n\n<p>Los habitantes de las 33 comunidades rurales del municipio, han puesto el ejemplo a los de la cabecera municipal con su organizaci\u00f3n para el uso y pago de los derechos del agua, adem\u00e1s de esquemas de colaboraci\u00f3n para dar mantenimiento a sus fuentes del l\u00edquido en sus respectivas comunidades.<\/p>\n\n\n\n<p>Por ahora, el suministro de agua a la cabecera municipal de Totutla es incierto, los veneros que abastec\u00edan las dos cajas de agua con 80 mil y 120 mil litros, respectivamente no tienen expectativas de recuperaci\u00f3n debido a la agresiva deforestaci\u00f3n de los \u00faltimos a\u00f1os para el novedoso cultivo de aguada haz.<\/p>\n\n\n\n<p>Parad\u00f3jicamente la cabecera municipal se encuentra entre dos cuencas; la de Jamapa y La Antigua a trav\u00e9s del r\u00edo de Los Pescados, la \u00fanica opci\u00f3n por ahora, es la perforaci\u00f3n de un pozo profundo que dependen de la existencia de agua suficiente en el subsuelo.<\/p>\n\n\n\n<p>El pr\u00f3ximo domingo, se realizar\u00e1 una Asamblea General P\u00fablica con todos los habitantes de la cabecera municipal para informar la dram\u00e1tica situaci\u00f3n convocar a una corresponsabilidad de gobierno municipal y ciudadanos que llevan a la soluci\u00f3n de fondo del problema.<\/p>\n\n\n\n<p><strong>Mensajes de AMLO<\/strong><\/p>\n\n\n\n<p>Ayer, el Presidente AMLO desayun\u00f3 con los diputados federales de MORENA y sus aliados del PVEM y del PT para agradecer el voto a favor de la Reforma El\u00e9ctrica que no fue aprobada el 17 de abril en la C\u00e1mara de Diputados, ayer mismo env\u00edo la iniciativa de Reforma Electoral a sabiendas que igual requiere las dos terceras partes de votos de los legisladores para su aprobaci\u00f3n.<\/p>\n\n\n\n<p>Las circunstancias ahora son m\u00e1s complicadas, porque del 17 al 27 de abril, MORENA desat\u00f3 una campa\u00f1a de odio en contra de los diputados que no aprobaron la Reforma El\u00e9ctrica estigmatiz\u00e1ndolos como TRAIDORES DE LA PATRIA, hasta que el Instituto Nacional Electoral les puso un alto, el mi\u00e9rcoles 27 de abril.<\/p>\n\n\n\n<p>La pregunta es, si la mayor\u00eda de los diputados de MORENA y muchos de los gobernadores de MORENA y funcionarios de primer nivel del gobierno federal, han llamado traidores de la patria a los diputados de oposici\u00f3n, qui\u00e9n realizar\u00e1 las negociaciones pol\u00edticas con esos traidores de M\u00e9xico?<\/p>\n\n\n\n<p>C\u00f3mo y qui\u00e9n se sentar\u00e1 con los 56 diputados federales de diferentes partidos pol\u00edticos que se requieren para alcanzar la Mayor\u00eda Calificada en una eventual votaci\u00f3n para aprobar la Reforma Electoral y otras m\u00e1s que quiere el Presidente?, si esos 56 votos que le faltan a MORENA son parte de los traidores de la patria.<\/p>\n\n\n\n<p>Todo indica que MORENA y el propio gobierno de la 4T se han metido en un enredo complicado y que necesitan conciliar con al menos, 56 legisladores de los que son considerados traidores de la patria para que le aprueben sus reformas constitucionales, de lo contrario, correr\u00e1n la misma suerte que la El\u00e9ctrica.<\/p>\n\n\n\n<p>El problema es que MORENA deber\u00e1 encontrar a interlocutores que sean aceptados por los diputados del PAN, PRI y PRD para cabildear las reformas pendientes del Presidente ya con el tiempo encima.<\/p>\n","protected":false},"excerpt":{"rendered":"<p>Ignacio AlvarezPluma Negra Un grave problema de agua padecen decenas de municipios veracruzanos en esta y todas las temporadas de estiaje aunque cada vez con mayor impacto, tal es el caso de Totutla, en la regi\u00f3n monta\u00f1osa de Huatusco, la cabecera municipal que tiene una poblaci\u00f3n de unos cinco mil hablantes tiene m\u00e1s de dos [&hellip;]<\/p>\n","protected":false},"author":2,"featured_media":0,"comment_status":"closed","ping_status":"closed","sticky":false,"template":"","format":"standard","meta":{"tdm_status":"","tdm_grid_status":"","footnotes":""},"categories":[70],"tags":[618,205,2398,28674,1026,33061,266,107,251,1414],"class_list":{"0":"post-89231","1":"post","2":"type-post","3":"status-publish","4":"format-standard","6":"category-de-opinion","7":"tag-andres-manuel-lopez-obrador","8":"tag-conagua","9":"tag-huatusco","10":"tag-ignacio-alvarez","11":"tag-morena","12":"tag-nora-acosta-gamboa","13":"tag-pan","14":"tag-prd","15":"tag-pri","16":"tag-reforma-electoral"},"yoast_head":"<!-- This site is optimized with the Yoast SEO plugin v27.4 - https:\/\/yoast.com\/product\/yoast-seo-wordpress\/ -->\n<title>Totutla sin agua - Los pol\u00edticos Veracruz<\/title>\n<meta name=\"robots\" content=\"index, follow, max-snippet:-1, max-image-preview:large, max-video-preview:-1\" \/>\n<link rel=\"canonical\" href=\"https:\/\/lospoliticosveracruz.com\/?p=89231\" \/>\n<meta property=\"og:locale\" content=\"es_ES\" \/>\n<meta property=\"og:type\" content=\"article\" \/>\n<meta property=\"og:title\" content=\"Totutla sin agua - Los pol\u00edticos Veracruz\" \/>\n<meta property=\"og:description\" content=\"Ignacio AlvarezPluma Negra Un grave problema de agua padecen decenas de municipios veracruzanos en esta y todas las temporadas de estiaje aunque cada vez con mayor impacto, tal es el caso de Totutla, en la regi\u00f3n monta\u00f1osa de Huatusco, la cabecera municipal que tiene una poblaci\u00f3n de unos cinco mil hablantes tiene m\u00e1s de dos [&hellip;]\" \/>\n<meta property=\"og:url\" content=\"https:\/\/lospoliticosveracruz.com\/?p=89231\" \/>\n<meta property=\"og:site_name\" content=\"Los pol\u00edticos Veracruz\" \/>\n<meta property=\"article:publisher\" content=\"https:\/\/www.facebook.com\/people\/Notimemes-de-los-Polticos\/61565672886568\/\" \/>\n<meta property=\"article:published_time\" content=\"2022-04-29T14:47:16+00:00\" \/>\n<meta property=\"article:modified_time\" content=\"2022-04-29T14:47:23+00:00\" \/>\n<meta property=\"og:image\" content=\"https:\/\/lospoliticosveracruz.com.mx\/wp-content\/uploads\/2021\/10\/WhatsApp-Image-2021-10-02-at-15.20.25-724x1024.jpeg\" \/>\n<meta name=\"author\" content=\"Lo viste en Los Pol\u00edticos\" \/>\n<meta name=\"twitter:card\" content=\"summary_large_image\" \/>\n<meta name=\"twitter:creator\" content=\"@LosPoliticosVer\" \/>\n<meta name=\"twitter:site\" content=\"@LosPoliticosVer\" \/>\n<meta name=\"twitter:label1\" content=\"Escrito por\" \/>\n\t<meta name=\"twitter:data1\" content=\"Lo viste en Los Pol\u00edticos\" \/>\n\t<meta name=\"twitter:label2\" content=\"Tiempo de lectura\" \/>\n\t<meta name=\"twitter:data2\" content=\"3 minutos\" \/>\n<script type=\"application\/ld+json\" class=\"yoast-schema-graph\">{\"@context\":\"https:\\\/\\\/schema.org\",\"@graph\":[{\"@type\":\"Article\",\"@id\":\"https:\\\/\\\/lospoliticosveracruz.com\\\/?p=89231#article\",\"isPartOf\":{\"@id\":\"https:\\\/\\\/lospoliticosveracruz.com\\\/?p=89231\"},\"author\":{\"name\":\"Lo viste en Los Pol\u00edticos\",\"@id\":\"https:\\\/\\\/lospoliticosveracruz.com\\\/#\\\/schema\\\/person\\\/b8702bb0e538456e6efd07080bf2a4a2\"},\"headline\":\"Totutla sin agua\",\"datePublished\":\"2022-04-29T14:47:16+00:00\",\"dateModified\":\"2022-04-29T14:47:23+00:00\",\"mainEntityOfPage\":{\"@id\":\"https:\\\/\\\/lospoliticosveracruz.com\\\/?p=89231\"},\"wordCount\":703,\"publisher\":{\"@id\":\"https:\\\/\\\/lospoliticosveracruz.com\\\/#organization\"},\"image\":{\"@id\":\"https:\\\/\\\/lospoliticosveracruz.com\\\/?p=89231#primaryimage\"},\"thumbnailUrl\":\"https:\\\/\\\/lospoliticosveracruz.com.mx\\\/wp-content\\\/uploads\\\/2021\\\/10\\\/WhatsApp-Image-2021-10-02-at-15.20.25-724x1024.jpeg\",\"keywords\":[\"Andr\u00e9s Manuel L\u00f3pez Obrador\",\"Conagua\",\"Huatusco\",\"Ignacio Alvarez\",\"Morena\",\"Nora Acosta Gamboa\",\"PAN\",\"PRD\",\"PRI\",\"reforma electoral\"],\"articleSection\":[\"De Opini\u00f3n\"],\"inLanguage\":\"es\"},{\"@type\":\"WebPage\",\"@id\":\"https:\\\/\\\/lospoliticosveracruz.com\\\/?p=89231\",\"url\":\"https:\\\/\\\/lospoliticosveracruz.com\\\/?p=89231\",\"name\":\"Totutla sin agua - Los pol\u00edticos Veracruz\",\"isPartOf\":{\"@id\":\"https:\\\/\\\/lospoliticosveracruz.com\\\/#website\"},\"primaryImageOfPage\":{\"@id\":\"https:\\\/\\\/lospoliticosveracruz.com\\\/?p=89231#primaryimage\"},\"image\":{\"@id\":\"https:\\\/\\\/lospoliticosveracruz.com\\\/?p=89231#primaryimage\"},\"thumbnailUrl\":\"https:\\\/\\\/lospoliticosveracruz.com.mx\\\/wp-content\\\/uploads\\\/2021\\\/10\\\/WhatsApp-Image-2021-10-02-at-15.20.25-724x1024.jpeg\",\"datePublished\":\"2022-04-29T14:47:16+00:00\",\"dateModified\":\"2022-04-29T14:47:23+00:00\",\"breadcrumb\":{\"@id\":\"https:\\\/\\\/lospoliticosveracruz.com\\\/?p=89231#breadcrumb\"},\"inLanguage\":\"es\",\"potentialAction\":[{\"@type\":\"ReadAction\",\"target\":[\"https:\\\/\\\/lospoliticosveracruz.com\\\/?p=89231\"]}]},{\"@type\":\"ImageObject\",\"inLanguage\":\"es\",\"@id\":\"https:\\\/\\\/lospoliticosveracruz.com\\\/?p=89231#primaryimage\",\"url\":\"https:\\\/\\\/lospoliticosveracruz.com.mx\\\/wp-content\\\/uploads\\\/2021\\\/10\\\/WhatsApp-Image-2021-10-02-at-15.20.25-724x1024.jpeg\",\"contentUrl\":\"https:\\\/\\\/lospoliticosveracruz.com.mx\\\/wp-content\\\/uploads\\\/2021\\\/10\\\/WhatsApp-Image-2021-10-02-at-15.20.25-724x1024.jpeg\"},{\"@type\":\"BreadcrumbList\",\"@id\":\"https:\\\/\\\/lospoliticosveracruz.com\\\/?p=89231#breadcrumb\",\"itemListElement\":[{\"@type\":\"ListItem\",\"position\":1,\"name\":\"Portada\",\"item\":\"https:\\\/\\\/lospoliticosveracruz.com\\\/\"},{\"@type\":\"ListItem\",\"position\":2,\"name\":\"Totutla sin agua\"}]},{\"@type\":\"WebSite\",\"@id\":\"https:\\\/\\\/lospoliticosveracruz.com\\\/#website\",\"url\":\"https:\\\/\\\/lospoliticosveracruz.com\\\/\",\"name\":\"Los pol\u00edticos Veracruz\",\"description\":\"\",\"publisher\":{\"@id\":\"https:\\\/\\\/lospoliticosveracruz.com\\\/#organization\"},\"potentialAction\":[{\"@type\":\"SearchAction\",\"target\":{\"@type\":\"EntryPoint\",\"urlTemplate\":\"https:\\\/\\\/lospoliticosveracruz.com\\\/?s={search_term_string}\"},\"query-input\":{\"@type\":\"PropertyValueSpecification\",\"valueRequired\":true,\"valueName\":\"search_term_string\"}}],\"inLanguage\":\"es\"},{\"@type\":\"Organization\",\"@id\":\"https:\\\/\\\/lospoliticosveracruz.com\\\/#organization\",\"name\":\"Los pol\u00edticos Veracruz\",\"url\":\"https:\\\/\\\/lospoliticosveracruz.com\\\/\",\"logo\":{\"@type\":\"ImageObject\",\"inLanguage\":\"es\",\"@id\":\"https:\\\/\\\/lospoliticosveracruz.com\\\/#\\\/schema\\\/logo\\\/image\\\/\",\"url\":\"https:\\\/\\\/lospoliticosveracruz.com\\\/wp-content\\\/uploads\\\/2025\\\/12\\\/Logo-Nuevo-LOS-POLITICOS-1.jpg\",\"contentUrl\":\"https:\\\/\\\/lospoliticosveracruz.com\\\/wp-content\\\/uploads\\\/2025\\\/12\\\/Logo-Nuevo-LOS-POLITICOS-1.jpg\",\"width\":260,\"height\":70,\"caption\":\"Los pol\u00edticos Veracruz\"},\"image\":{\"@id\":\"https:\\\/\\\/lospoliticosveracruz.com\\\/#\\\/schema\\\/logo\\\/image\\\/\"},\"sameAs\":[\"https:\\\/\\\/www.facebook.com\\\/people\\\/Notimemes-de-los-Polticos\\\/61565672886568\\\/\",\"https:\\\/\\\/x.com\\\/LosPoliticosVer\"]},{\"@type\":\"Person\",\"@id\":\"https:\\\/\\\/lospoliticosveracruz.com\\\/#\\\/schema\\\/person\\\/b8702bb0e538456e6efd07080bf2a4a2\",\"name\":\"Lo viste en Los Pol\u00edticos\",\"image\":{\"@type\":\"ImageObject\",\"inLanguage\":\"es\",\"@id\":\"https:\\\/\\\/secure.gravatar.com\\\/avatar\\\/3a8de04a2656d44082be478bd6c086daa447c4651605818287b9532d3d0bd435?s=96&d=mm&r=g\",\"url\":\"https:\\\/\\\/secure.gravatar.com\\\/avatar\\\/3a8de04a2656d44082be478bd6c086daa447c4651605818287b9532d3d0bd435?s=96&d=mm&r=g\",\"contentUrl\":\"https:\\\/\\\/secure.gravatar.com\\\/avatar\\\/3a8de04a2656d44082be478bd6c086daa447c4651605818287b9532d3d0bd435?s=96&d=mm&r=g\",\"caption\":\"Lo viste en Los Pol\u00edticos\"},\"url\":\"https:\\\/\\\/lospoliticosveracruz.com\\\/?author=2\"}]}<\/script>\n<!-- \/ Yoast SEO plugin. -->","yoast_head_json":{"title":"Totutla sin agua - Los pol\u00edticos Veracruz","robots":{"index":"index","follow":"follow","max-snippet":"max-snippet:-1","max-image-preview":"max-image-preview:large","max-video-preview":"max-video-preview:-1"},"canonical":"https:\/\/lospoliticosveracruz.com\/?p=89231","og_locale":"es_ES","og_type":"article","og_title":"Totutla sin agua - Los pol\u00edticos Veracruz","og_description":"Ignacio AlvarezPluma Negra Un grave problema de agua padecen decenas de municipios veracruzanos en esta y todas las temporadas de estiaje aunque cada vez con mayor impacto, tal es el caso de Totutla, en la regi\u00f3n monta\u00f1osa de Huatusco, la cabecera municipal que tiene una poblaci\u00f3n de unos cinco mil hablantes tiene m\u00e1s de dos [&hellip;]","og_url":"https:\/\/lospoliticosveracruz.com\/?p=89231","og_site_name":"Los pol\u00edticos Veracruz","article_publisher":"https:\/\/www.facebook.com\/people\/Notimemes-de-los-Polticos\/61565672886568\/","article_published_time":"2022-04-29T14:47:16+00:00","article_modified_time":"2022-04-29T14:47:23+00:00","og_image":[{"url":"https:\/\/lospoliticosveracruz.com.mx\/wp-content\/uploads\/2021\/10\/WhatsApp-Image-2021-10-02-at-15.20.25-724x1024.jpeg","type":"","width":"","height":""}],"author":"Lo viste en Los Pol\u00edticos","twitter_card":"summary_large_image","twitter_creator":"@LosPoliticosVer","twitter_site":"@LosPoliticosVer","twitter_misc":{"Escrito por":"Lo viste en Los Pol\u00edticos","Tiempo de lectura":"3 minutos"},"schema":{"@context":"https:\/\/schema.org","@graph":[{"@type":"Article","@id":"https:\/\/lospoliticosveracruz.com\/?p=89231#article","isPartOf":{"@id":"https:\/\/lospoliticosveracruz.com\/?p=89231"},"author":{"name":"Lo viste en Los Pol\u00edticos","@id":"https:\/\/lospoliticosveracruz.com\/#\/schema\/person\/b8702bb0e538456e6efd07080bf2a4a2"},"headline":"Totutla sin agua","datePublished":"2022-04-29T14:47:16+00:00","dateModified":"2022-04-29T14:47:23+00:00","mainEntityOfPage":{"@id":"https:\/\/lospoliticosveracruz.com\/?p=89231"},"wordCount":703,"publisher":{"@id":"https:\/\/lospoliticosveracruz.com\/#organization"},"image":{"@id":"https:\/\/lospoliticosveracruz.com\/?p=89231#primaryimage"},"thumbnailUrl":"https:\/\/lospoliticosveracruz.com.mx\/wp-content\/uploads\/2021\/10\/WhatsApp-Image-2021-10-02-at-15.20.25-724x1024.jpeg","keywords":["Andr\u00e9s Manuel L\u00f3pez Obrador","Conagua","Huatusco","Ignacio Alvarez","Morena","Nora Acosta Gamboa","PAN","PRD","PRI","reforma electoral"],"articleSection":["De Opini\u00f3n"],"inLanguage":"es"},{"@type":"WebPage","@id":"https:\/\/lospoliticosveracruz.com\/?p=89231","url":"https:\/\/lospoliticosveracruz.com\/?p=89231","name":"Totutla sin agua - Los pol\u00edticos Veracruz","isPartOf":{"@id":"https:\/\/lospoliticosveracruz.com\/#website"},"primaryImageOfPage":{"@id":"https:\/\/lospoliticosveracruz.com\/?p=89231#primaryimage"},"image":{"@id":"https:\/\/lospoliticosveracruz.com\/?p=89231#primaryimage"},"thumbnailUrl":"https:\/\/lospoliticosveracruz.com.mx\/wp-content\/uploads\/2021\/10\/WhatsApp-Image-2021-10-02-at-15.20.25-724x1024.jpeg","datePublished":"2022-04-29T14:47:16+00:00","dateModified":"2022-04-29T14:47:23+00:00","breadcrumb":{"@id":"https:\/\/lospoliticosveracruz.com\/?p=89231#breadcrumb"},"inLanguage":"es","potentialAction":[{"@type":"ReadAction","target":["https:\/\/lospoliticosveracruz.com\/?p=89231"]}]},{"@type":"ImageObject","inLanguage":"es","@id":"https:\/\/lospoliticosveracruz.com\/?p=89231#primaryimage","url":"https:\/\/lospoliticosveracruz.com.mx\/wp-content\/uploads\/2021\/10\/WhatsApp-Image-2021-10-02-at-15.20.25-724x1024.jpeg","contentUrl":"https:\/\/lospoliticosveracruz.com.mx\/wp-content\/uploads\/2021\/10\/WhatsApp-Image-2021-10-02-at-15.20.25-724x1024.jpeg"},{"@type":"BreadcrumbList","@id":"https:\/\/lospoliticosveracruz.com\/?p=89231#breadcrumb","itemListElement":[{"@type":"ListItem","position":1,"name":"Portada","item":"https:\/\/lospoliticosveracruz.com\/"},{"@type":"ListItem","position":2,"name":"Totutla sin agua"}]},{"@type":"WebSite","@id":"https:\/\/lospoliticosveracruz.com\/#website","url":"https:\/\/lospoliticosveracruz.com\/","name":"Los pol\u00edticos Veracruz","description":"","publisher":{"@id":"https:\/\/lospoliticosveracruz.com\/#organization"},"potentialAction":[{"@type":"SearchAction","target":{"@type":"EntryPoint","urlTemplate":"https:\/\/lospoliticosveracruz.com\/?s={search_term_string}"},"query-input":{"@type":"PropertyValueSpecification","valueRequired":true,"valueName":"search_term_string"}}],"inLanguage":"es"},{"@type":"Organization","@id":"https:\/\/lospoliticosveracruz.com\/#organization","name":"Los pol\u00edticos Veracruz","url":"https:\/\/lospoliticosveracruz.com\/","logo":{"@type":"ImageObject","inLanguage":"es","@id":"https:\/\/lospoliticosveracruz.com\/#\/schema\/logo\/image\/","url":"https:\/\/lospoliticosveracruz.com\/wp-content\/uploads\/2025\/12\/Logo-Nuevo-LOS-POLITICOS-1.jpg","contentUrl":"https:\/\/lospoliticosveracruz.com\/wp-content\/uploads\/2025\/12\/Logo-Nuevo-LOS-POLITICOS-1.jpg","width":260,"height":70,"caption":"Los pol\u00edticos Veracruz"},"image":{"@id":"https:\/\/lospoliticosveracruz.com\/#\/schema\/logo\/image\/"},"sameAs":["https:\/\/www.facebook.com\/people\/Notimemes-de-los-Polticos\/61565672886568\/","https:\/\/x.com\/LosPoliticosVer"]},{"@type":"Person","@id":"https:\/\/lospoliticosveracruz.com\/#\/schema\/person\/b8702bb0e538456e6efd07080bf2a4a2","name":"Lo viste en Los Pol\u00edticos","image":{"@type":"ImageObject","inLanguage":"es","@id":"https:\/\/secure.gravatar.com\/avatar\/3a8de04a2656d44082be478bd6c086daa447c4651605818287b9532d3d0bd435?s=96&d=mm&r=g","url":"https:\/\/secure.gravatar.com\/avatar\/3a8de04a2656d44082be478bd6c086daa447c4651605818287b9532d3d0bd435?s=96&d=mm&r=g","contentUrl":"https:\/\/secure.gravatar.com\/avatar\/3a8de04a2656d44082be478bd6c086daa447c4651605818287b9532d3d0bd435?s=96&d=mm&r=g","caption":"Lo viste en Los Pol\u00edticos"},"url":"https:\/\/lospoliticosveracruz.com\/?author=2"}]}},"_links":{"self":[{"href":"https:\/\/lospoliticosveracruz.com\/index.php?rest_route=\/wp\/v2\/posts\/89231","targetHints":{"allow":["GET"]}}],"collection":[{"href":"https:\/\/lospoliticosveracruz.com\/index.php?rest_route=\/wp\/v2\/posts"}],"about":[{"href":"https:\/\/lospoliticosveracruz.com\/index.php?rest_route=\/wp\/v2\/types\/post"}],"author":[{"embeddable":true,"href":"https:\/\/lospoliticosveracruz.com\/index.php?rest_route=\/wp\/v2\/users\/2"}],"replies":[{"embeddable":true,"href":"https:\/\/lospoliticosveracruz.com\/index.php?rest_route=%2Fwp%2Fv2%2Fcomments&post=89231"}],"version-history":[{"count":1,"href":"https:\/\/lospoliticosveracruz.com\/index.php?rest_route=\/wp\/v2\/posts\/89231\/revisions"}],"predecessor-version":[{"id":89233,"href":"https:\/\/lospoliticosveracruz.com\/index.php?rest_route=\/wp\/v2\/posts\/89231\/revisions\/89233"}],"wp:attachment":[{"href":"https:\/\/lospoliticosveracruz.com\/index.php?rest_route=%2Fwp%2Fv2%2Fmedia&parent=89231"}],"wp:term":[{"taxonomy":"category","embeddable":true,"href":"https:\/\/lospoliticosveracruz.com\/index.php?rest_route=%2Fwp%2Fv2%2Fcategories&post=89231"},{"taxonomy":"post_tag","embeddable":true,"href":"https:\/\/lospoliticosveracruz.com\/index.php?rest_route=%2Fwp%2Fv2%2Ftags&post=89231"}],"curies":[{"name":"wp","href":"https:\/\/api.w.org\/{rel}","templated":true}]}}