{"id":89237,"date":"2022-04-29T10:18:13","date_gmt":"2022-04-29T15:18:13","guid":{"rendered":"https:\/\/lospoliticosveracruz.com.mx\/?p=89237"},"modified":"2022-04-29T10:18:20","modified_gmt":"2022-04-29T15:18:20","slug":"amigo-ven-te-invito-una-copa","status":"publish","type":"post","link":"https:\/\/lospoliticosveracruz.com\/?p=89237","title":{"rendered":"Amigo ven te invito una copa\u2026"},"content":{"rendered":"\n<p><strong>Vicente Luna Hern\u00e1ndez<\/strong><\/p>\n\n\n\n<p><strong><br><\/strong>Una de las canciones m\u00e1s exitosas de Joan Sebasti\u00e1n es \u00abMaracas\u00bb y en uno de sus p\u00e1rrafos dice: \u00abAmigo ven te invito una copa (no tomo gracias) no tomas, bien, te invito un caf\u00e9 (bueno) que quiero recordar la \u00e9poca loca\u2026\u00bb esto viene con relaci\u00f3n a la Reforma Electoral que el Presidente Andr\u00e9s Manuel L\u00f3pez Obrador mando al Congreso de la Uni\u00f3n para su aprobaci\u00f3n, una reforma constitucional que es una de las 3 que el Presidente hab\u00eda mencionado con antelaci\u00f3n, sin embargo, el ambiente que existe entre las fuerzas pol\u00edticas est\u00e1 en su punto m\u00e1s alto de confrontaci\u00f3n ante la campa\u00f1a emprendida por Morena contra las y los diputados que votaron en contra de la reforma el\u00e9ctrica: \u00abtraidores a la patria y enemigos de la naci\u00f3n\u00bb fueron los calificativos que se ganaron con creces\u2026todo desde el punto de vista del partido en el poder.<br>La pol\u00edtica en su m\u00e1xima expresi\u00f3n es de dialogo constante, permanente y respetando los acuerdos que se establezcan, pol\u00edtica es escuchar argumentos, convencer y ceder, cuando no se tiene la mayor\u00eda calificada en el Congreso de la Uni\u00f3n, no hay otra opci\u00f3n, otra seria &#8211; tambi\u00e9n se aplica- proceder contra diputadas y diputados que tienen alg\u00fan expediente pendiente en la FGR, esa es la realidad pero en la votaci\u00f3n de la reforma el\u00e9ctrica\u2026no funciono.<br>Toda negociaci\u00f3n pasa por un proceso de reuniones formales e informales para buscar acercamientos y coincidencias en toda iniciativa, lo cierto, es que el respeto es la base de todo entendimiento, ah\u00ed es donde Morena -desde mi punto de vista- ha pecado de soberbio y de apostar todo al capital pol\u00edtico del Presidente de la Republica, los dirigentes y l\u00edderes de Morena esperan que desde las conferencias \u00abma\u00f1aneras\u00bb se logre convencer a los grupos parlamentarios de oposici\u00f3n y est\u00e1 visto que eso no basta.<br>Durante mi experiencia como operador pol\u00edtico, buscaba a l\u00edderes sociales para sumarlos a un proyecto donde sus intereses se vieran reflejados, alrededor de una taza de caf\u00e9 discut\u00edamos diferentes temas de inter\u00e9s com\u00fan y lleg\u00e1bamos a un acuerdo para lograr su participaci\u00f3n, previamente abonaba el camino para lograr sumarlos, todo en base a un respeto mutuo m\u00e1s all\u00e1 de las diferencias personales o pol\u00edticas que se presentaran, la pol\u00edtica no cambia, cambian los actores y las formas pero en el fondo, es dialogo permanente y respeto.<\/p>\n\n\n\n<p>Hoy Morena debe convencer a quienes ha llamado \u00abTraidores a la Patria\u00bb a quienes ha llamado al pueblo a \u00abfusilar\u00bb con la fuerza de un plum\u00f3n, invitar\u00e1 una copa o un caf\u00e9, a quienes les ha llamado \u00abvende patrias\u00bb y al no logara los votos necesarios para su reforma electoral, volver\u00e1 a crucificar en la plaza publica hasta el 2024, pero \u00bfqu\u00e9 pasa si la oposici\u00f3n logra hacer cambios a la propuesta original y es aprobada? Por arte de magia dejaran de ser \u00abTraidores a la patria\u00bb y todos pasar\u00e1n a formar parte de la \u00abRepublica Amorosa\u00bb que en su momento propuso Andr\u00e9s Manuel L\u00f3pez Obrador, no confundamos, podr\u00e1n tomar un caf\u00e9 y no coincidir, pero ni traidores ni salvadores de la patria, espero que se comporten como pol\u00edticos profesionales y no alborotadores desde un p\u00falpito y eso va para todos los grupos parlamentarios.<br>M\u00e1s all\u00e1 de las propuestas planteadas, m\u00e1s all\u00e1 de los recortes presupuestales o cambio de nombre al INE, m\u00e1s all\u00e1 del voto popular para elegir a las y los consejeros electorales y magistrados, menos diputados en los Congresos Locales o menos regidores en los Ayuntamientos, es necesario y saludable para nuestra democracia, un debate basado en el respeto mutuo entre la fuerzas pol\u00edticas y escuchar todas las voces, seguro que habr\u00e1 algunas coincidencias entre los grupos parlamentarios, lo cierto, es que todas y todos queremos m\u00e1s gobierno pero tambi\u00e9n m\u00e1s oposici\u00f3n.<br>P.D.- Con el \u00e1nimo que se haga m\u00e1s publico el uso de las prerrogativa partidistas que manejan las dirigencias y la militancia haga m\u00e1s suyo el partido de su preferencia\u2026escribir\u00e9 otro d\u00eda.<\/p>\n","protected":false},"excerpt":{"rendered":"<p>Vicente Luna Hern\u00e1ndez Una de las canciones m\u00e1s exitosas de Joan Sebasti\u00e1n es \u00abMaracas\u00bb y en uno de sus p\u00e1rrafos dice: \u00abAmigo ven te invito una copa (no tomo gracias) no tomas, bien, te invito un caf\u00e9 (bueno) que quiero recordar la \u00e9poca loca\u2026\u00bb esto viene con relaci\u00f3n a la Reforma Electoral que el Presidente [&hellip;]<\/p>\n","protected":false},"author":2,"featured_media":0,"comment_status":"closed","ping_status":"closed","sticky":false,"template":"","format":"standard","meta":{"tdm_status":"","tdm_grid_status":"","footnotes":""},"categories":[70],"tags":[554,33063,1026,1414,15667],"class_list":{"0":"post-89237","1":"post","2":"type-post","3":"status-publish","4":"format-standard","6":"category-de-opinion","7":"tag-ine","8":"tag-joan-sebastian-2","9":"tag-morena","10":"tag-reforma-electoral","11":"tag-vicente-luna-hernandez"},"yoast_head":"<!-- This site is optimized with the Yoast SEO plugin v27.4 - https:\/\/yoast.com\/product\/yoast-seo-wordpress\/ -->\n<title>Amigo ven te invito una copa\u2026 - Los pol\u00edticos Veracruz<\/title>\n<meta name=\"robots\" content=\"index, follow, max-snippet:-1, max-image-preview:large, max-video-preview:-1\" \/>\n<link rel=\"canonical\" href=\"https:\/\/lospoliticosveracruz.com\/?p=89237\" \/>\n<meta property=\"og:locale\" content=\"es_ES\" \/>\n<meta property=\"og:type\" content=\"article\" \/>\n<meta property=\"og:title\" content=\"Amigo ven te invito una copa\u2026 - Los pol\u00edticos Veracruz\" \/>\n<meta property=\"og:description\" content=\"Vicente Luna Hern\u00e1ndez Una de las canciones m\u00e1s exitosas de Joan Sebasti\u00e1n es \u00abMaracas\u00bb y en uno de sus p\u00e1rrafos dice: \u00abAmigo ven te invito una copa (no tomo gracias) no tomas, bien, te invito un caf\u00e9 (bueno) que quiero recordar la \u00e9poca loca\u2026\u00bb esto viene con relaci\u00f3n a la Reforma Electoral que el Presidente [&hellip;]\" \/>\n<meta property=\"og:url\" content=\"https:\/\/lospoliticosveracruz.com\/?p=89237\" \/>\n<meta property=\"og:site_name\" content=\"Los pol\u00edticos Veracruz\" \/>\n<meta property=\"article:publisher\" content=\"https:\/\/www.facebook.com\/people\/Notimemes-de-los-Polticos\/61565672886568\/\" \/>\n<meta property=\"article:published_time\" content=\"2022-04-29T15:18:13+00:00\" \/>\n<meta property=\"article:modified_time\" content=\"2022-04-29T15:18:20+00:00\" \/>\n<meta property=\"og:image\" content=\"https:\/\/lospoliticosveracruz.com\/wp-content\/uploads\/2016\/07\/Logo-Dor.jpg\" \/>\n\t<meta property=\"og:image:width\" content=\"200\" \/>\n\t<meta property=\"og:image:height\" content=\"200\" \/>\n\t<meta property=\"og:image:type\" content=\"image\/jpeg\" \/>\n<meta name=\"author\" content=\"Lo viste en Los Pol\u00edticos\" \/>\n<meta name=\"twitter:card\" content=\"summary_large_image\" \/>\n<meta name=\"twitter:creator\" content=\"@LosPoliticosVer\" \/>\n<meta name=\"twitter:site\" content=\"@LosPoliticosVer\" \/>\n<meta name=\"twitter:label1\" content=\"Escrito por\" \/>\n\t<meta name=\"twitter:data1\" content=\"Lo viste en Los Pol\u00edticos\" \/>\n\t<meta name=\"twitter:label2\" content=\"Tiempo de lectura\" \/>\n\t<meta name=\"twitter:data2\" content=\"4 minutos\" \/>\n<script type=\"application\/ld+json\" class=\"yoast-schema-graph\">{\"@context\":\"https:\\\/\\\/schema.org\",\"@graph\":[{\"@type\":\"Article\",\"@id\":\"https:\\\/\\\/lospoliticosveracruz.com\\\/?p=89237#article\",\"isPartOf\":{\"@id\":\"https:\\\/\\\/lospoliticosveracruz.com\\\/?p=89237\"},\"author\":{\"name\":\"Lo viste en Los Pol\u00edticos\",\"@id\":\"https:\\\/\\\/lospoliticosveracruz.com\\\/#\\\/schema\\\/person\\\/b8702bb0e538456e6efd07080bf2a4a2\"},\"headline\":\"Amigo ven te invito una copa\u2026\",\"datePublished\":\"2022-04-29T15:18:13+00:00\",\"dateModified\":\"2022-04-29T15:18:20+00:00\",\"mainEntityOfPage\":{\"@id\":\"https:\\\/\\\/lospoliticosveracruz.com\\\/?p=89237\"},\"wordCount\":730,\"publisher\":{\"@id\":\"https:\\\/\\\/lospoliticosveracruz.com\\\/#organization\"},\"keywords\":[\"INE\",\"Joan Sebasti\u00e1n\",\"Morena\",\"reforma electoral\",\"Vicente Luna Hern\u00e1ndez\"],\"articleSection\":[\"De Opini\u00f3n\"],\"inLanguage\":\"es\"},{\"@type\":\"WebPage\",\"@id\":\"https:\\\/\\\/lospoliticosveracruz.com\\\/?p=89237\",\"url\":\"https:\\\/\\\/lospoliticosveracruz.com\\\/?p=89237\",\"name\":\"Amigo ven te invito una copa\u2026 - Los pol\u00edticos Veracruz\",\"isPartOf\":{\"@id\":\"https:\\\/\\\/lospoliticosveracruz.com\\\/#website\"},\"datePublished\":\"2022-04-29T15:18:13+00:00\",\"dateModified\":\"2022-04-29T15:18:20+00:00\",\"breadcrumb\":{\"@id\":\"https:\\\/\\\/lospoliticosveracruz.com\\\/?p=89237#breadcrumb\"},\"inLanguage\":\"es\",\"potentialAction\":[{\"@type\":\"ReadAction\",\"target\":[\"https:\\\/\\\/lospoliticosveracruz.com\\\/?p=89237\"]}]},{\"@type\":\"BreadcrumbList\",\"@id\":\"https:\\\/\\\/lospoliticosveracruz.com\\\/?p=89237#breadcrumb\",\"itemListElement\":[{\"@type\":\"ListItem\",\"position\":1,\"name\":\"Portada\",\"item\":\"https:\\\/\\\/lospoliticosveracruz.com\\\/\"},{\"@type\":\"ListItem\",\"position\":2,\"name\":\"Amigo ven te invito una copa\u2026\"}]},{\"@type\":\"WebSite\",\"@id\":\"https:\\\/\\\/lospoliticosveracruz.com\\\/#website\",\"url\":\"https:\\\/\\\/lospoliticosveracruz.com\\\/\",\"name\":\"Los pol\u00edticos Veracruz\",\"description\":\"\",\"publisher\":{\"@id\":\"https:\\\/\\\/lospoliticosveracruz.com\\\/#organization\"},\"potentialAction\":[{\"@type\":\"SearchAction\",\"target\":{\"@type\":\"EntryPoint\",\"urlTemplate\":\"https:\\\/\\\/lospoliticosveracruz.com\\\/?s={search_term_string}\"},\"query-input\":{\"@type\":\"PropertyValueSpecification\",\"valueRequired\":true,\"valueName\":\"search_term_string\"}}],\"inLanguage\":\"es\"},{\"@type\":\"Organization\",\"@id\":\"https:\\\/\\\/lospoliticosveracruz.com\\\/#organization\",\"name\":\"Los pol\u00edticos Veracruz\",\"url\":\"https:\\\/\\\/lospoliticosveracruz.com\\\/\",\"logo\":{\"@type\":\"ImageObject\",\"inLanguage\":\"es\",\"@id\":\"https:\\\/\\\/lospoliticosveracruz.com\\\/#\\\/schema\\\/logo\\\/image\\\/\",\"url\":\"https:\\\/\\\/lospoliticosveracruz.com\\\/wp-content\\\/uploads\\\/2025\\\/12\\\/Logo-Nuevo-LOS-POLITICOS-1.jpg\",\"contentUrl\":\"https:\\\/\\\/lospoliticosveracruz.com\\\/wp-content\\\/uploads\\\/2025\\\/12\\\/Logo-Nuevo-LOS-POLITICOS-1.jpg\",\"width\":260,\"height\":70,\"caption\":\"Los pol\u00edticos Veracruz\"},\"image\":{\"@id\":\"https:\\\/\\\/lospoliticosveracruz.com\\\/#\\\/schema\\\/logo\\\/image\\\/\"},\"sameAs\":[\"https:\\\/\\\/www.facebook.com\\\/people\\\/Notimemes-de-los-Polticos\\\/61565672886568\\\/\",\"https:\\\/\\\/x.com\\\/LosPoliticosVer\"]},{\"@type\":\"Person\",\"@id\":\"https:\\\/\\\/lospoliticosveracruz.com\\\/#\\\/schema\\\/person\\\/b8702bb0e538456e6efd07080bf2a4a2\",\"name\":\"Lo viste en Los Pol\u00edticos\",\"image\":{\"@type\":\"ImageObject\",\"inLanguage\":\"es\",\"@id\":\"https:\\\/\\\/secure.gravatar.com\\\/avatar\\\/3a8de04a2656d44082be478bd6c086daa447c4651605818287b9532d3d0bd435?s=96&d=mm&r=g\",\"url\":\"https:\\\/\\\/secure.gravatar.com\\\/avatar\\\/3a8de04a2656d44082be478bd6c086daa447c4651605818287b9532d3d0bd435?s=96&d=mm&r=g\",\"contentUrl\":\"https:\\\/\\\/secure.gravatar.com\\\/avatar\\\/3a8de04a2656d44082be478bd6c086daa447c4651605818287b9532d3d0bd435?s=96&d=mm&r=g\",\"caption\":\"Lo viste en Los Pol\u00edticos\"},\"url\":\"https:\\\/\\\/lospoliticosveracruz.com\\\/?author=2\"}]}<\/script>\n<!-- \/ Yoast SEO plugin. -->","yoast_head_json":{"title":"Amigo ven te invito una copa\u2026 - Los pol\u00edticos Veracruz","robots":{"index":"index","follow":"follow","max-snippet":"max-snippet:-1","max-image-preview":"max-image-preview:large","max-video-preview":"max-video-preview:-1"},"canonical":"https:\/\/lospoliticosveracruz.com\/?p=89237","og_locale":"es_ES","og_type":"article","og_title":"Amigo ven te invito una copa\u2026 - Los pol\u00edticos Veracruz","og_description":"Vicente Luna Hern\u00e1ndez Una de las canciones m\u00e1s exitosas de Joan Sebasti\u00e1n es \u00abMaracas\u00bb y en uno de sus p\u00e1rrafos dice: \u00abAmigo ven te invito una copa (no tomo gracias) no tomas, bien, te invito un caf\u00e9 (bueno) que quiero recordar la \u00e9poca loca\u2026\u00bb esto viene con relaci\u00f3n a la Reforma Electoral que el Presidente [&hellip;]","og_url":"https:\/\/lospoliticosveracruz.com\/?p=89237","og_site_name":"Los pol\u00edticos Veracruz","article_publisher":"https:\/\/www.facebook.com\/people\/Notimemes-de-los-Polticos\/61565672886568\/","article_published_time":"2022-04-29T15:18:13+00:00","article_modified_time":"2022-04-29T15:18:20+00:00","og_image":[{"width":200,"height":200,"url":"https:\/\/lospoliticosveracruz.com\/wp-content\/uploads\/2016\/07\/Logo-Dor.jpg","type":"image\/jpeg"}],"author":"Lo viste en Los Pol\u00edticos","twitter_card":"summary_large_image","twitter_creator":"@LosPoliticosVer","twitter_site":"@LosPoliticosVer","twitter_misc":{"Escrito por":"Lo viste en Los Pol\u00edticos","Tiempo de lectura":"4 minutos"},"schema":{"@context":"https:\/\/schema.org","@graph":[{"@type":"Article","@id":"https:\/\/lospoliticosveracruz.com\/?p=89237#article","isPartOf":{"@id":"https:\/\/lospoliticosveracruz.com\/?p=89237"},"author":{"name":"Lo viste en Los Pol\u00edticos","@id":"https:\/\/lospoliticosveracruz.com\/#\/schema\/person\/b8702bb0e538456e6efd07080bf2a4a2"},"headline":"Amigo ven te invito una copa\u2026","datePublished":"2022-04-29T15:18:13+00:00","dateModified":"2022-04-29T15:18:20+00:00","mainEntityOfPage":{"@id":"https:\/\/lospoliticosveracruz.com\/?p=89237"},"wordCount":730,"publisher":{"@id":"https:\/\/lospoliticosveracruz.com\/#organization"},"keywords":["INE","Joan Sebasti\u00e1n","Morena","reforma electoral","Vicente Luna Hern\u00e1ndez"],"articleSection":["De Opini\u00f3n"],"inLanguage":"es"},{"@type":"WebPage","@id":"https:\/\/lospoliticosveracruz.com\/?p=89237","url":"https:\/\/lospoliticosveracruz.com\/?p=89237","name":"Amigo ven te invito una copa\u2026 - Los pol\u00edticos Veracruz","isPartOf":{"@id":"https:\/\/lospoliticosveracruz.com\/#website"},"datePublished":"2022-04-29T15:18:13+00:00","dateModified":"2022-04-29T15:18:20+00:00","breadcrumb":{"@id":"https:\/\/lospoliticosveracruz.com\/?p=89237#breadcrumb"},"inLanguage":"es","potentialAction":[{"@type":"ReadAction","target":["https:\/\/lospoliticosveracruz.com\/?p=89237"]}]},{"@type":"BreadcrumbList","@id":"https:\/\/lospoliticosveracruz.com\/?p=89237#breadcrumb","itemListElement":[{"@type":"ListItem","position":1,"name":"Portada","item":"https:\/\/lospoliticosveracruz.com\/"},{"@type":"ListItem","position":2,"name":"Amigo ven te invito una copa\u2026"}]},{"@type":"WebSite","@id":"https:\/\/lospoliticosveracruz.com\/#website","url":"https:\/\/lospoliticosveracruz.com\/","name":"Los pol\u00edticos Veracruz","description":"","publisher":{"@id":"https:\/\/lospoliticosveracruz.com\/#organization"},"potentialAction":[{"@type":"SearchAction","target":{"@type":"EntryPoint","urlTemplate":"https:\/\/lospoliticosveracruz.com\/?s={search_term_string}"},"query-input":{"@type":"PropertyValueSpecification","valueRequired":true,"valueName":"search_term_string"}}],"inLanguage":"es"},{"@type":"Organization","@id":"https:\/\/lospoliticosveracruz.com\/#organization","name":"Los pol\u00edticos Veracruz","url":"https:\/\/lospoliticosveracruz.com\/","logo":{"@type":"ImageObject","inLanguage":"es","@id":"https:\/\/lospoliticosveracruz.com\/#\/schema\/logo\/image\/","url":"https:\/\/lospoliticosveracruz.com\/wp-content\/uploads\/2025\/12\/Logo-Nuevo-LOS-POLITICOS-1.jpg","contentUrl":"https:\/\/lospoliticosveracruz.com\/wp-content\/uploads\/2025\/12\/Logo-Nuevo-LOS-POLITICOS-1.jpg","width":260,"height":70,"caption":"Los pol\u00edticos Veracruz"},"image":{"@id":"https:\/\/lospoliticosveracruz.com\/#\/schema\/logo\/image\/"},"sameAs":["https:\/\/www.facebook.com\/people\/Notimemes-de-los-Polticos\/61565672886568\/","https:\/\/x.com\/LosPoliticosVer"]},{"@type":"Person","@id":"https:\/\/lospoliticosveracruz.com\/#\/schema\/person\/b8702bb0e538456e6efd07080bf2a4a2","name":"Lo viste en Los Pol\u00edticos","image":{"@type":"ImageObject","inLanguage":"es","@id":"https:\/\/secure.gravatar.com\/avatar\/3a8de04a2656d44082be478bd6c086daa447c4651605818287b9532d3d0bd435?s=96&d=mm&r=g","url":"https:\/\/secure.gravatar.com\/avatar\/3a8de04a2656d44082be478bd6c086daa447c4651605818287b9532d3d0bd435?s=96&d=mm&r=g","contentUrl":"https:\/\/secure.gravatar.com\/avatar\/3a8de04a2656d44082be478bd6c086daa447c4651605818287b9532d3d0bd435?s=96&d=mm&r=g","caption":"Lo viste en Los Pol\u00edticos"},"url":"https:\/\/lospoliticosveracruz.com\/?author=2"}]}},"_links":{"self":[{"href":"https:\/\/lospoliticosveracruz.com\/index.php?rest_route=\/wp\/v2\/posts\/89237","targetHints":{"allow":["GET"]}}],"collection":[{"href":"https:\/\/lospoliticosveracruz.com\/index.php?rest_route=\/wp\/v2\/posts"}],"about":[{"href":"https:\/\/lospoliticosveracruz.com\/index.php?rest_route=\/wp\/v2\/types\/post"}],"author":[{"embeddable":true,"href":"https:\/\/lospoliticosveracruz.com\/index.php?rest_route=\/wp\/v2\/users\/2"}],"replies":[{"embeddable":true,"href":"https:\/\/lospoliticosveracruz.com\/index.php?rest_route=%2Fwp%2Fv2%2Fcomments&post=89237"}],"version-history":[{"count":1,"href":"https:\/\/lospoliticosveracruz.com\/index.php?rest_route=\/wp\/v2\/posts\/89237\/revisions"}],"predecessor-version":[{"id":89239,"href":"https:\/\/lospoliticosveracruz.com\/index.php?rest_route=\/wp\/v2\/posts\/89237\/revisions\/89239"}],"wp:attachment":[{"href":"https:\/\/lospoliticosveracruz.com\/index.php?rest_route=%2Fwp%2Fv2%2Fmedia&parent=89237"}],"wp:term":[{"taxonomy":"category","embeddable":true,"href":"https:\/\/lospoliticosveracruz.com\/index.php?rest_route=%2Fwp%2Fv2%2Fcategories&post=89237"},{"taxonomy":"post_tag","embeddable":true,"href":"https:\/\/lospoliticosveracruz.com\/index.php?rest_route=%2Fwp%2Fv2%2Ftags&post=89237"}],"curies":[{"name":"wp","href":"https:\/\/api.w.org\/{rel}","templated":true}]}}