{"id":89323,"date":"2022-05-02T02:00:00","date_gmt":"2022-05-02T07:00:00","guid":{"rendered":"https:\/\/lospoliticosveracruz.com.mx\/?p=89323"},"modified":"2022-05-01T23:05:01","modified_gmt":"2022-05-02T04:05:01","slug":"estiaje","status":"publish","type":"post","link":"https:\/\/lospoliticosveracruz.com\/?p=89323","title":{"rendered":"Estiaje"},"content":{"rendered":"\n<p><strong>Guadalupe H. Mar<br><\/strong><em>Mira Pol\u00edtica<\/em><\/p>\n\n\n\n<p>ESTR\u00c9S H\u00cdDRICO \u2026 En los primeros d\u00edas de este mes de abril, el coordinador de operaci\u00f3n y mantenimiento de la planta potabilizadora de \u201cEl Tejar\u201d ubicada en el municipio de Medell\u00edn de Bravo, pero que desde la \u00e9poca del porfiriato surte de agua potable a ese municipio, sobre todo al de Veracruz y gran parte de Boca del R\u00edo, advirti\u00f3 que por el estiaje &#8211; nivel m\u00e1s bajo o caudal m\u00ednimo de un r\u00edo u otra corriente durante una \u00e9poca del a\u00f1o- en unas semanas m\u00e1s, o sea todo el resto de lo que fue el cuarto mes del a\u00f1o e inicios del de mayo, en m\u00e1s de 100 colonias del municipio porte\u00f1o se tendr\u00eda que dosificar o tandear el suministro del vital l\u00edquido.<\/p>\n\n\n\n<div class=\"wp-block-image\"><figure class=\"alignleft size-large is-resized\"><a href=\"https:\/\/lospoliticosveracruz.com.mx\/wp-content\/uploads\/2021\/10\/WhatsApp-Image-2021-10-02-at-15.20.25.jpeg\"><img loading=\"lazy\" decoding=\"async\" src=\"https:\/\/lospoliticosveracruz.com.mx\/wp-content\/uploads\/2021\/10\/WhatsApp-Image-2021-10-02-at-15.20.25-724x1024.jpeg\" alt=\"\" class=\"wp-image-80177\" width=\"350\" height=\"500\"\/><\/a><\/figure><\/div>\n\n\n\n<p><br>Del tandeo, los habitantes del municipio de Xalapa tienen ingratas experiencias pues lo padecen a\u00f1o con a\u00f1o, porque ninguno de los \u00faltimos gobiernos estatales ha procurado darle soluci\u00f3n a esta problem\u00e1tica.<br>Pero volviendo al caso de la ciudad de Veracruz, Alejandro Lagunes, coordinador de operaci\u00f3n y mantenimiento de la planta potabilizadora de \u201cEl Tejar\u201d, que opera por graciosa concesi\u00f3n a la empresa privada de origen espa\u00f1ol Grupo MAS, fue claro al advertir, la ciudadan\u00eda, los usuarios del sistema de agua potable en esa regi\u00f3n, deber\u00e1n aprovechar al m\u00e1ximo el vital l\u00edquido porque ante la escasez, se tendr\u00eda que tandear el suministro.<br>ABRACADADRA \u2026 Tres semanas despu\u00e9s, el ciudadano presidente de la rep\u00fablica Andr\u00e9s Manuel L\u00f3pez Obrador, anunci\u00f3 que hab\u00eda iniciado la construcci\u00f3n de una planta cervecera Constellation Brands en la antigua hacienda de \u201cSanta Fe\u201d, del municipio de Veracruz puerto, donde la empresa estadunidense adquiri\u00f3 300 hect\u00e1reas y cuenta \u2013 ojo- con todos los permisos de los gobiernos federal, estatal y municipal.<br>Para que no se queda con la duda amable lector, la empresa Constellation Brands, es la fabricante de las cervezas Corona, Modelo Especial, Negra Modelo, Pac\u00edfico, que se destinan para la exportaci\u00f3n, o sea, los mercados internacionales y originalmente operar\u00eda en Mexicali, Baja California, donde ya hab\u00eda invertido 900 millones de d\u00f3lares en una planta que llevaba el avance del 70 por ciento.<br>Sin embargo, pese a estar casi terminada y los millones de d\u00f3lares invertidos, precisamente el gobierno de Andr\u00e9s Manuel L\u00f3pez Obrador promovi\u00f3 una consulta para que los baja californianos opinaran si quer\u00edan o no la planta cervecera de Constellation Brands.<br>\u00bfY qu\u00e9 creen amables lectores?, los habitantes de Mexicali, Baja California dijeron que no quer\u00edan a la cervecera porque tem\u00edan que los dejara sin agua.<br>Meses despu\u00e9s de haber consultado a los baja californianos, a los veracruzanos nos avisaron que con el apoyo de los tres niveles de gobierno, se trasladar\u00eda la Planta de Constellation Brands al estado de Veracruz, donde a decir del gobernador de la entidad veracruzana, el ingeniero mec\u00e1nico electricista Cuitl\u00e1huac Garc\u00eda Jim\u00e9nez, \u201cTenemos la tercera parte del recurso hidrol\u00f3gico del pa\u00eds\u201d, lo cual es cierto, pero tambi\u00e9n, si bien Dios nos dot\u00f3 de suficiente agua, no la entuba, porque en el territorio veracruzano, de las 19 mil 446 localidades en el estado, s\u00f3lo nueve mil 921 gozan de agua entubada, por lo tanto, ocho mil 458 carecen del vital l\u00edquido.<br>VOTO CONDENSADO \u2026 A los habitantes del municipio de Veracruz, como habr\u00e1n notado amables lectores, no los consultaron como a los de Mexicali, Baja California, pues de hacerlo, seguramente tambi\u00e9n se le habr\u00eda dicho que no a la cervecera Constellation Brands, porque precisamente esta zona de la entidad veracruzana padece lo que se denomina estr\u00e9s h\u00eddrico, por una cada vez mayor falta de agua.<br>Ese estr\u00e9s h\u00eddrico lo demuestra la desaparici\u00f3n de varias de las m\u00e1s de veinte lagunas que a\u00fan exist\u00edan en el municipio de Veracruz, as\u00ed como las advertencias del Grupo MAS en el sentido de que se est\u00e1 por implementar la dosificaci\u00f3n o tandeo del agua potable.<br>Usted se preguntar\u00e1 tambi\u00e9n amable lector \u00bfpor qu\u00e9 nadie ha protestado por la instalaci\u00f3n en Veracruz de una inmensa planta industrial fabricante de cerveza?, la respuesta es simple, porque los que ganaron adeptos protestando ahora son gobierno, viven de nuestros impuestos y ya no acuerdan de sus promesas de campa\u00f1a: no mentir y no enga\u00f1ar.<br>D\u00cdGALO SIN MIEDO \u2026 Al correo electr\u00f3nico guadalupehmar@yahoo.com<\/p>\n","protected":false},"excerpt":{"rendered":"<p>Guadalupe H. MarMira Pol\u00edtica ESTR\u00c9S H\u00cdDRICO \u2026 En los primeros d\u00edas de este mes de abril, el coordinador de operaci\u00f3n y mantenimiento de la planta potabilizadora de \u201cEl Tejar\u201d ubicada en el municipio de Medell\u00edn de Bravo, pero que desde la \u00e9poca del porfiriato surte de agua potable a ese municipio, sobre todo al de [&hellip;]<\/p>\n","protected":false},"author":2,"featured_media":0,"comment_status":"closed","ping_status":"closed","sticky":false,"template":"","format":"standard","meta":{"tdm_status":"","tdm_grid_status":"","footnotes":""},"categories":[70],"tags":[618,17316,1563,1606,195,96],"class_list":{"0":"post-89323","1":"post","2":"type-post","3":"status-publish","4":"format-standard","6":"category-de-opinion","7":"tag-andres-manuel-lopez-obrador","8":"tag-constellation-brands","9":"tag-cuitlahuac-garcia-jimenez","10":"tag-guadalupe-h-mar","11":"tag-veracruz","12":"tag-xalapa"},"yoast_head":"<!-- This site is optimized with the Yoast SEO plugin v27.4 - https:\/\/yoast.com\/product\/yoast-seo-wordpress\/ -->\n<title>Estiaje - Los pol\u00edticos Veracruz<\/title>\n<meta name=\"robots\" content=\"index, follow, max-snippet:-1, max-image-preview:large, max-video-preview:-1\" \/>\n<link rel=\"canonical\" href=\"https:\/\/lospoliticosveracruz.com\/?p=89323\" \/>\n<meta property=\"og:locale\" content=\"es_ES\" \/>\n<meta property=\"og:type\" content=\"article\" \/>\n<meta property=\"og:title\" content=\"Estiaje - Los pol\u00edticos Veracruz\" \/>\n<meta property=\"og:description\" content=\"Guadalupe H. MarMira Pol\u00edtica ESTR\u00c9S H\u00cdDRICO \u2026 En los primeros d\u00edas de este mes de abril, el coordinador de operaci\u00f3n y mantenimiento de la planta potabilizadora de \u201cEl Tejar\u201d ubicada en el municipio de Medell\u00edn de Bravo, pero que desde la \u00e9poca del porfiriato surte de agua potable a ese municipio, sobre todo al de [&hellip;]\" \/>\n<meta property=\"og:url\" content=\"https:\/\/lospoliticosveracruz.com\/?p=89323\" \/>\n<meta property=\"og:site_name\" content=\"Los pol\u00edticos Veracruz\" \/>\n<meta property=\"article:publisher\" content=\"https:\/\/www.facebook.com\/people\/Notimemes-de-los-Polticos\/61565672886568\/\" \/>\n<meta property=\"article:published_time\" content=\"2022-05-02T07:00:00+00:00\" \/>\n<meta property=\"og:image\" content=\"https:\/\/lospoliticosveracruz.com.mx\/wp-content\/uploads\/2021\/10\/WhatsApp-Image-2021-10-02-at-15.20.25-724x1024.jpeg\" \/>\n<meta name=\"author\" content=\"Lo viste en Los Pol\u00edticos\" \/>\n<meta name=\"twitter:card\" content=\"summary_large_image\" \/>\n<meta name=\"twitter:creator\" content=\"@LosPoliticosVer\" \/>\n<meta name=\"twitter:site\" content=\"@LosPoliticosVer\" \/>\n<meta name=\"twitter:label1\" content=\"Escrito por\" \/>\n\t<meta name=\"twitter:data1\" content=\"Lo viste en Los Pol\u00edticos\" \/>\n\t<meta name=\"twitter:label2\" content=\"Tiempo de lectura\" \/>\n\t<meta name=\"twitter:data2\" content=\"4 minutos\" \/>\n<script type=\"application\/ld+json\" class=\"yoast-schema-graph\">{\"@context\":\"https:\\\/\\\/schema.org\",\"@graph\":[{\"@type\":\"Article\",\"@id\":\"https:\\\/\\\/lospoliticosveracruz.com\\\/?p=89323#article\",\"isPartOf\":{\"@id\":\"https:\\\/\\\/lospoliticosveracruz.com\\\/?p=89323\"},\"author\":{\"name\":\"Lo viste en Los Pol\u00edticos\",\"@id\":\"https:\\\/\\\/lospoliticosveracruz.com\\\/#\\\/schema\\\/person\\\/b8702bb0e538456e6efd07080bf2a4a2\"},\"headline\":\"Estiaje\",\"datePublished\":\"2022-05-02T07:00:00+00:00\",\"mainEntityOfPage\":{\"@id\":\"https:\\\/\\\/lospoliticosveracruz.com\\\/?p=89323\"},\"wordCount\":768,\"publisher\":{\"@id\":\"https:\\\/\\\/lospoliticosveracruz.com\\\/#organization\"},\"image\":{\"@id\":\"https:\\\/\\\/lospoliticosveracruz.com\\\/?p=89323#primaryimage\"},\"thumbnailUrl\":\"https:\\\/\\\/lospoliticosveracruz.com.mx\\\/wp-content\\\/uploads\\\/2021\\\/10\\\/WhatsApp-Image-2021-10-02-at-15.20.25-724x1024.jpeg\",\"keywords\":[\"Andr\u00e9s Manuel L\u00f3pez Obrador\",\"Constellation Brands\",\"Cuitl\u00e1huac Garc\u00eda Jim\u00e9nez\",\"Guadalupe H. Mar\",\"Veracruz\",\"Xalapa\"],\"articleSection\":[\"De Opini\u00f3n\"],\"inLanguage\":\"es\"},{\"@type\":\"WebPage\",\"@id\":\"https:\\\/\\\/lospoliticosveracruz.com\\\/?p=89323\",\"url\":\"https:\\\/\\\/lospoliticosveracruz.com\\\/?p=89323\",\"name\":\"Estiaje - Los pol\u00edticos Veracruz\",\"isPartOf\":{\"@id\":\"https:\\\/\\\/lospoliticosveracruz.com\\\/#website\"},\"primaryImageOfPage\":{\"@id\":\"https:\\\/\\\/lospoliticosveracruz.com\\\/?p=89323#primaryimage\"},\"image\":{\"@id\":\"https:\\\/\\\/lospoliticosveracruz.com\\\/?p=89323#primaryimage\"},\"thumbnailUrl\":\"https:\\\/\\\/lospoliticosveracruz.com.mx\\\/wp-content\\\/uploads\\\/2021\\\/10\\\/WhatsApp-Image-2021-10-02-at-15.20.25-724x1024.jpeg\",\"datePublished\":\"2022-05-02T07:00:00+00:00\",\"breadcrumb\":{\"@id\":\"https:\\\/\\\/lospoliticosveracruz.com\\\/?p=89323#breadcrumb\"},\"inLanguage\":\"es\",\"potentialAction\":[{\"@type\":\"ReadAction\",\"target\":[\"https:\\\/\\\/lospoliticosveracruz.com\\\/?p=89323\"]}]},{\"@type\":\"ImageObject\",\"inLanguage\":\"es\",\"@id\":\"https:\\\/\\\/lospoliticosveracruz.com\\\/?p=89323#primaryimage\",\"url\":\"https:\\\/\\\/lospoliticosveracruz.com.mx\\\/wp-content\\\/uploads\\\/2021\\\/10\\\/WhatsApp-Image-2021-10-02-at-15.20.25-724x1024.jpeg\",\"contentUrl\":\"https:\\\/\\\/lospoliticosveracruz.com.mx\\\/wp-content\\\/uploads\\\/2021\\\/10\\\/WhatsApp-Image-2021-10-02-at-15.20.25-724x1024.jpeg\"},{\"@type\":\"BreadcrumbList\",\"@id\":\"https:\\\/\\\/lospoliticosveracruz.com\\\/?p=89323#breadcrumb\",\"itemListElement\":[{\"@type\":\"ListItem\",\"position\":1,\"name\":\"Portada\",\"item\":\"https:\\\/\\\/lospoliticosveracruz.com\\\/\"},{\"@type\":\"ListItem\",\"position\":2,\"name\":\"Estiaje\"}]},{\"@type\":\"WebSite\",\"@id\":\"https:\\\/\\\/lospoliticosveracruz.com\\\/#website\",\"url\":\"https:\\\/\\\/lospoliticosveracruz.com\\\/\",\"name\":\"Los pol\u00edticos Veracruz\",\"description\":\"\",\"publisher\":{\"@id\":\"https:\\\/\\\/lospoliticosveracruz.com\\\/#organization\"},\"potentialAction\":[{\"@type\":\"SearchAction\",\"target\":{\"@type\":\"EntryPoint\",\"urlTemplate\":\"https:\\\/\\\/lospoliticosveracruz.com\\\/?s={search_term_string}\"},\"query-input\":{\"@type\":\"PropertyValueSpecification\",\"valueRequired\":true,\"valueName\":\"search_term_string\"}}],\"inLanguage\":\"es\"},{\"@type\":\"Organization\",\"@id\":\"https:\\\/\\\/lospoliticosveracruz.com\\\/#organization\",\"name\":\"Los pol\u00edticos Veracruz\",\"url\":\"https:\\\/\\\/lospoliticosveracruz.com\\\/\",\"logo\":{\"@type\":\"ImageObject\",\"inLanguage\":\"es\",\"@id\":\"https:\\\/\\\/lospoliticosveracruz.com\\\/#\\\/schema\\\/logo\\\/image\\\/\",\"url\":\"https:\\\/\\\/lospoliticosveracruz.com\\\/wp-content\\\/uploads\\\/2025\\\/12\\\/Logo-Nuevo-LOS-POLITICOS-1.jpg\",\"contentUrl\":\"https:\\\/\\\/lospoliticosveracruz.com\\\/wp-content\\\/uploads\\\/2025\\\/12\\\/Logo-Nuevo-LOS-POLITICOS-1.jpg\",\"width\":260,\"height\":70,\"caption\":\"Los pol\u00edticos Veracruz\"},\"image\":{\"@id\":\"https:\\\/\\\/lospoliticosveracruz.com\\\/#\\\/schema\\\/logo\\\/image\\\/\"},\"sameAs\":[\"https:\\\/\\\/www.facebook.com\\\/people\\\/Notimemes-de-los-Polticos\\\/61565672886568\\\/\",\"https:\\\/\\\/x.com\\\/LosPoliticosVer\"]},{\"@type\":\"Person\",\"@id\":\"https:\\\/\\\/lospoliticosveracruz.com\\\/#\\\/schema\\\/person\\\/b8702bb0e538456e6efd07080bf2a4a2\",\"name\":\"Lo viste en Los Pol\u00edticos\",\"image\":{\"@type\":\"ImageObject\",\"inLanguage\":\"es\",\"@id\":\"https:\\\/\\\/secure.gravatar.com\\\/avatar\\\/3a8de04a2656d44082be478bd6c086daa447c4651605818287b9532d3d0bd435?s=96&d=mm&r=g\",\"url\":\"https:\\\/\\\/secure.gravatar.com\\\/avatar\\\/3a8de04a2656d44082be478bd6c086daa447c4651605818287b9532d3d0bd435?s=96&d=mm&r=g\",\"contentUrl\":\"https:\\\/\\\/secure.gravatar.com\\\/avatar\\\/3a8de04a2656d44082be478bd6c086daa447c4651605818287b9532d3d0bd435?s=96&d=mm&r=g\",\"caption\":\"Lo viste en Los Pol\u00edticos\"},\"url\":\"https:\\\/\\\/lospoliticosveracruz.com\\\/?author=2\"}]}<\/script>\n<!-- \/ Yoast SEO plugin. -->","yoast_head_json":{"title":"Estiaje - Los pol\u00edticos Veracruz","robots":{"index":"index","follow":"follow","max-snippet":"max-snippet:-1","max-image-preview":"max-image-preview:large","max-video-preview":"max-video-preview:-1"},"canonical":"https:\/\/lospoliticosveracruz.com\/?p=89323","og_locale":"es_ES","og_type":"article","og_title":"Estiaje - Los pol\u00edticos Veracruz","og_description":"Guadalupe H. MarMira Pol\u00edtica ESTR\u00c9S H\u00cdDRICO \u2026 En los primeros d\u00edas de este mes de abril, el coordinador de operaci\u00f3n y mantenimiento de la planta potabilizadora de \u201cEl Tejar\u201d ubicada en el municipio de Medell\u00edn de Bravo, pero que desde la \u00e9poca del porfiriato surte de agua potable a ese municipio, sobre todo al de [&hellip;]","og_url":"https:\/\/lospoliticosveracruz.com\/?p=89323","og_site_name":"Los pol\u00edticos Veracruz","article_publisher":"https:\/\/www.facebook.com\/people\/Notimemes-de-los-Polticos\/61565672886568\/","article_published_time":"2022-05-02T07:00:00+00:00","og_image":[{"url":"https:\/\/lospoliticosveracruz.com.mx\/wp-content\/uploads\/2021\/10\/WhatsApp-Image-2021-10-02-at-15.20.25-724x1024.jpeg","type":"","width":"","height":""}],"author":"Lo viste en Los Pol\u00edticos","twitter_card":"summary_large_image","twitter_creator":"@LosPoliticosVer","twitter_site":"@LosPoliticosVer","twitter_misc":{"Escrito por":"Lo viste en Los Pol\u00edticos","Tiempo de lectura":"4 minutos"},"schema":{"@context":"https:\/\/schema.org","@graph":[{"@type":"Article","@id":"https:\/\/lospoliticosveracruz.com\/?p=89323#article","isPartOf":{"@id":"https:\/\/lospoliticosveracruz.com\/?p=89323"},"author":{"name":"Lo viste en Los Pol\u00edticos","@id":"https:\/\/lospoliticosveracruz.com\/#\/schema\/person\/b8702bb0e538456e6efd07080bf2a4a2"},"headline":"Estiaje","datePublished":"2022-05-02T07:00:00+00:00","mainEntityOfPage":{"@id":"https:\/\/lospoliticosveracruz.com\/?p=89323"},"wordCount":768,"publisher":{"@id":"https:\/\/lospoliticosveracruz.com\/#organization"},"image":{"@id":"https:\/\/lospoliticosveracruz.com\/?p=89323#primaryimage"},"thumbnailUrl":"https:\/\/lospoliticosveracruz.com.mx\/wp-content\/uploads\/2021\/10\/WhatsApp-Image-2021-10-02-at-15.20.25-724x1024.jpeg","keywords":["Andr\u00e9s Manuel L\u00f3pez Obrador","Constellation Brands","Cuitl\u00e1huac Garc\u00eda Jim\u00e9nez","Guadalupe H. Mar","Veracruz","Xalapa"],"articleSection":["De Opini\u00f3n"],"inLanguage":"es"},{"@type":"WebPage","@id":"https:\/\/lospoliticosveracruz.com\/?p=89323","url":"https:\/\/lospoliticosveracruz.com\/?p=89323","name":"Estiaje - Los pol\u00edticos Veracruz","isPartOf":{"@id":"https:\/\/lospoliticosveracruz.com\/#website"},"primaryImageOfPage":{"@id":"https:\/\/lospoliticosveracruz.com\/?p=89323#primaryimage"},"image":{"@id":"https:\/\/lospoliticosveracruz.com\/?p=89323#primaryimage"},"thumbnailUrl":"https:\/\/lospoliticosveracruz.com.mx\/wp-content\/uploads\/2021\/10\/WhatsApp-Image-2021-10-02-at-15.20.25-724x1024.jpeg","datePublished":"2022-05-02T07:00:00+00:00","breadcrumb":{"@id":"https:\/\/lospoliticosveracruz.com\/?p=89323#breadcrumb"},"inLanguage":"es","potentialAction":[{"@type":"ReadAction","target":["https:\/\/lospoliticosveracruz.com\/?p=89323"]}]},{"@type":"ImageObject","inLanguage":"es","@id":"https:\/\/lospoliticosveracruz.com\/?p=89323#primaryimage","url":"https:\/\/lospoliticosveracruz.com.mx\/wp-content\/uploads\/2021\/10\/WhatsApp-Image-2021-10-02-at-15.20.25-724x1024.jpeg","contentUrl":"https:\/\/lospoliticosveracruz.com.mx\/wp-content\/uploads\/2021\/10\/WhatsApp-Image-2021-10-02-at-15.20.25-724x1024.jpeg"},{"@type":"BreadcrumbList","@id":"https:\/\/lospoliticosveracruz.com\/?p=89323#breadcrumb","itemListElement":[{"@type":"ListItem","position":1,"name":"Portada","item":"https:\/\/lospoliticosveracruz.com\/"},{"@type":"ListItem","position":2,"name":"Estiaje"}]},{"@type":"WebSite","@id":"https:\/\/lospoliticosveracruz.com\/#website","url":"https:\/\/lospoliticosveracruz.com\/","name":"Los pol\u00edticos Veracruz","description":"","publisher":{"@id":"https:\/\/lospoliticosveracruz.com\/#organization"},"potentialAction":[{"@type":"SearchAction","target":{"@type":"EntryPoint","urlTemplate":"https:\/\/lospoliticosveracruz.com\/?s={search_term_string}"},"query-input":{"@type":"PropertyValueSpecification","valueRequired":true,"valueName":"search_term_string"}}],"inLanguage":"es"},{"@type":"Organization","@id":"https:\/\/lospoliticosveracruz.com\/#organization","name":"Los pol\u00edticos Veracruz","url":"https:\/\/lospoliticosveracruz.com\/","logo":{"@type":"ImageObject","inLanguage":"es","@id":"https:\/\/lospoliticosveracruz.com\/#\/schema\/logo\/image\/","url":"https:\/\/lospoliticosveracruz.com\/wp-content\/uploads\/2025\/12\/Logo-Nuevo-LOS-POLITICOS-1.jpg","contentUrl":"https:\/\/lospoliticosveracruz.com\/wp-content\/uploads\/2025\/12\/Logo-Nuevo-LOS-POLITICOS-1.jpg","width":260,"height":70,"caption":"Los pol\u00edticos Veracruz"},"image":{"@id":"https:\/\/lospoliticosveracruz.com\/#\/schema\/logo\/image\/"},"sameAs":["https:\/\/www.facebook.com\/people\/Notimemes-de-los-Polticos\/61565672886568\/","https:\/\/x.com\/LosPoliticosVer"]},{"@type":"Person","@id":"https:\/\/lospoliticosveracruz.com\/#\/schema\/person\/b8702bb0e538456e6efd07080bf2a4a2","name":"Lo viste en Los Pol\u00edticos","image":{"@type":"ImageObject","inLanguage":"es","@id":"https:\/\/secure.gravatar.com\/avatar\/3a8de04a2656d44082be478bd6c086daa447c4651605818287b9532d3d0bd435?s=96&d=mm&r=g","url":"https:\/\/secure.gravatar.com\/avatar\/3a8de04a2656d44082be478bd6c086daa447c4651605818287b9532d3d0bd435?s=96&d=mm&r=g","contentUrl":"https:\/\/secure.gravatar.com\/avatar\/3a8de04a2656d44082be478bd6c086daa447c4651605818287b9532d3d0bd435?s=96&d=mm&r=g","caption":"Lo viste en Los Pol\u00edticos"},"url":"https:\/\/lospoliticosveracruz.com\/?author=2"}]}},"_links":{"self":[{"href":"https:\/\/lospoliticosveracruz.com\/index.php?rest_route=\/wp\/v2\/posts\/89323","targetHints":{"allow":["GET"]}}],"collection":[{"href":"https:\/\/lospoliticosveracruz.com\/index.php?rest_route=\/wp\/v2\/posts"}],"about":[{"href":"https:\/\/lospoliticosveracruz.com\/index.php?rest_route=\/wp\/v2\/types\/post"}],"author":[{"embeddable":true,"href":"https:\/\/lospoliticosveracruz.com\/index.php?rest_route=\/wp\/v2\/users\/2"}],"replies":[{"embeddable":true,"href":"https:\/\/lospoliticosveracruz.com\/index.php?rest_route=%2Fwp%2Fv2%2Fcomments&post=89323"}],"version-history":[{"count":1,"href":"https:\/\/lospoliticosveracruz.com\/index.php?rest_route=\/wp\/v2\/posts\/89323\/revisions"}],"predecessor-version":[{"id":89325,"href":"https:\/\/lospoliticosveracruz.com\/index.php?rest_route=\/wp\/v2\/posts\/89323\/revisions\/89325"}],"wp:attachment":[{"href":"https:\/\/lospoliticosveracruz.com\/index.php?rest_route=%2Fwp%2Fv2%2Fmedia&parent=89323"}],"wp:term":[{"taxonomy":"category","embeddable":true,"href":"https:\/\/lospoliticosveracruz.com\/index.php?rest_route=%2Fwp%2Fv2%2Fcategories&post=89323"},{"taxonomy":"post_tag","embeddable":true,"href":"https:\/\/lospoliticosveracruz.com\/index.php?rest_route=%2Fwp%2Fv2%2Ftags&post=89323"}],"curies":[{"name":"wp","href":"https:\/\/api.w.org\/{rel}","templated":true}]}}