{"id":89391,"date":"2022-05-03T08:47:17","date_gmt":"2022-05-03T13:47:17","guid":{"rendered":"https:\/\/lospoliticosveracruz.com.mx\/?p=89391"},"modified":"2022-05-03T08:47:24","modified_gmt":"2022-05-03T13:47:24","slug":"entusiasmo-por-la-transformacion","status":"publish","type":"post","link":"https:\/\/lospoliticosveracruz.com\/?p=89391","title":{"rendered":"Entusiasmo por la transformaci\u00f3n"},"content":{"rendered":"\n<p><\/p>\n\n\n\n<p><br><strong>Yair Ademar Dom\u00ednguez<\/strong><br><em>Punto y Coma<\/em><\/p>\n\n\n\n<p>Se mantiene vigente, fuerte, consolidado, entre los veracruzanos, el entusiasmo por la transformaci\u00f3n que est\u00e1 en marcha. No ha sido f\u00e1cil desterrar los vicios del pasado, cambiar las inercias, pero el trabajo del gobierno de la Cuarta Transformaci\u00f3n en el pa\u00eds y en el estado de Veracruz, ha impulsado este deseo y ha puesto a trabajar a miles de ciudadanos que desean un mejor destino social.<\/p>\n\n\n\n<p>As\u00ed lo sent\u00ed el domingo pasado al convivir con las y los compa\u00f1eros del Distrito Xalapa. La estructura de Morena, son las personas, los ciudadanos, mujeres y hombres que han sufrido en carne propia los malos gobiernos del pasado, son el motor de la esperanza de este cambio que lleg\u00f3 para quedarse en nuestro pa\u00eds. Agradezco y reconozco su compromiso, su apoyo, su respaldo y cercan\u00eda. Sin ellos la consolidaci\u00f3n de la transformaci\u00f3n no ser\u00e1 posible.<\/p>\n\n\n\n<p>En sus manos, en sus convicciones, en su trabajo est\u00e1 la fuerza de este movimiento. Son ellos el coraz\u00f3n de MORENA.<\/p>\n\n\n\n<p>Esta estructura electoral, ha participado en la defensa del voto en los pasados procesos electorales y en la Jornada de Revocaci\u00f3n de Mandato, con el mismo esfuerzo y dedicaci\u00f3n. Cada uno de ellos conoce las necesidades de la gente y en sus manos llevan cargando el anhelo, los deseos y la esperanza de nuestra gente.<\/p>\n\n\n\n<p>La esperanza, lo ha dicho nuestro presidente Andr\u00e9s Manuel L\u00f3pez Obrador, es una fuerza muy poderosa. La esperanza nos hace levantarnos cada ma\u00f1ana, para luchar porque nuestras familias crezcan sanas y fuertes, con un mejor futuro. Esperamos que nos vaya bien, que tengamos salud, que tengamos trabajo, que nuestras familias crezcan sanas y fuertes.<\/p>\n\n\n\n<p>Esperamos prosperidad, esperamos bienestar, esperamos progreso y trabajamos por ello. La esperanza por un mejor pa\u00eds y una mejor sociedad nos ha puesto a caminar y hoy estamos aqu\u00ed, siguiendo esa motivaci\u00f3n de vida que se ha transformado en pol\u00edtica.<\/p>\n\n\n\n<p>La pol\u00edtica es una noble profesi\u00f3n a la que malos pol\u00edticos le robaron el nombre. Entonces se convirti\u00f3 en sin\u00f3nimo de beneficio propio, de saqueo, de corrupci\u00f3n. En MORENA nos hemos puesto en marcha para cambiar esta concepci\u00f3n, para sacarla del vocabulario de nuestra vida. La pol\u00edtica es para atender las necesidades de la gente, para transformar la realidad, para construir una mejor sociedad.<\/p>\n\n\n\n<p>Si alguien piensa que la pol\u00edtica es sin\u00f3nimo de enriquecimiento, de prebendas y beneficios, est\u00e1 muy equivocado. Para transformar necesitamos transformarnos, cambiar los paradigmas que nos impusieron muchos a\u00f1os de neoliberalismo. Hoy, luego de estas experiencias electorales y de consultas, tenemos que refrendar nuestras convicciones para retomar fuerzas, para reimpulsar nuestro movimiento en la entidad veracruzana.<\/p>\n\n\n\n<p>El trabajo de nuestra estructura es fundamental, esencial. Aqu\u00ed no hay af\u00e1n de lucro; inter\u00e9s econ\u00f3mico; intento de medrar con las necesidades de la gente. No, aqu\u00ed hay inter\u00e9s leg\u00edtimo, fuerza transformadora, deseos de un mejor estado y pa\u00eds. Sin esas convicciones, sin esos deseos, sin ese trabajo, nuestro movimiento no tendr\u00eda la fuerza que posee.<\/p>\n\n\n\n<p>La marcha contin\u00faa, la transformaci\u00f3n sigue su curso. Necesitamos ir juntos, unidos, fortalecidos, trabajando para el 2024, porque la transformaci\u00f3n de Veracruz est\u00e1 en nuestras manos. Existen muchos retos y desaf\u00edos, pero estamos convencidos de que este cambio hist\u00f3rico ya nada ni nadie lo detiene, juntos seguiremos haciendo historia en Xalapa, en Veracruz y en M\u00e9xico.<\/p>\n\n\n\n<p><em>Comentarios: Facebook Yair Ademar Dominguez Twitter @YairAdemar<\/em><\/p>\n","protected":false},"excerpt":{"rendered":"<p>Yair Ademar Dom\u00ednguezPunto y Coma Se mantiene vigente, fuerte, consolidado, entre los veracruzanos, el entusiasmo por la transformaci\u00f3n que est\u00e1 en marcha. No ha sido f\u00e1cil desterrar los vicios del pasado, cambiar las inercias, pero el trabajo del gobierno de la Cuarta Transformaci\u00f3n en el pa\u00eds y en el estado de Veracruz, ha impulsado este [&hellip;]<\/p>\n","protected":false},"author":2,"featured_media":0,"comment_status":"closed","ping_status":"closed","sticky":false,"template":"","format":"standard","meta":{"tdm_status":"","tdm_grid_status":"","footnotes":""},"categories":[70],"tags":[618,12744,1026,96],"class_list":{"0":"post-89391","1":"post","2":"type-post","3":"status-publish","4":"format-standard","6":"category-de-opinion","7":"tag-andres-manuel-lopez-obrador","8":"tag-cuarta-transformacion","9":"tag-morena","10":"tag-xalapa"},"yoast_head":"<!-- This site is optimized with the Yoast SEO plugin v27.4 - https:\/\/yoast.com\/product\/yoast-seo-wordpress\/ -->\n<title>Entusiasmo por la transformaci\u00f3n - Los pol\u00edticos Veracruz<\/title>\n<meta name=\"robots\" content=\"index, follow, max-snippet:-1, max-image-preview:large, max-video-preview:-1\" \/>\n<link rel=\"canonical\" href=\"https:\/\/lospoliticosveracruz.com\/?p=89391\" \/>\n<meta property=\"og:locale\" content=\"es_ES\" \/>\n<meta property=\"og:type\" content=\"article\" \/>\n<meta property=\"og:title\" content=\"Entusiasmo por la transformaci\u00f3n - Los pol\u00edticos Veracruz\" \/>\n<meta property=\"og:description\" content=\"Yair Ademar Dom\u00ednguezPunto y Coma Se mantiene vigente, fuerte, consolidado, entre los veracruzanos, el entusiasmo por la transformaci\u00f3n que est\u00e1 en marcha. No ha sido f\u00e1cil desterrar los vicios del pasado, cambiar las inercias, pero el trabajo del gobierno de la Cuarta Transformaci\u00f3n en el pa\u00eds y en el estado de Veracruz, ha impulsado este [&hellip;]\" \/>\n<meta property=\"og:url\" content=\"https:\/\/lospoliticosveracruz.com\/?p=89391\" \/>\n<meta property=\"og:site_name\" content=\"Los pol\u00edticos Veracruz\" \/>\n<meta property=\"article:publisher\" content=\"https:\/\/www.facebook.com\/people\/Notimemes-de-los-Polticos\/61565672886568\/\" \/>\n<meta property=\"article:published_time\" content=\"2022-05-03T13:47:17+00:00\" \/>\n<meta property=\"article:modified_time\" content=\"2022-05-03T13:47:24+00:00\" \/>\n<meta property=\"og:image\" content=\"https:\/\/lospoliticosveracruz.com\/wp-content\/uploads\/2016\/07\/Logo-Dor.jpg\" \/>\n\t<meta property=\"og:image:width\" content=\"200\" \/>\n\t<meta property=\"og:image:height\" content=\"200\" \/>\n\t<meta property=\"og:image:type\" content=\"image\/jpeg\" \/>\n<meta name=\"author\" content=\"Lo viste en Los Pol\u00edticos\" \/>\n<meta name=\"twitter:card\" content=\"summary_large_image\" \/>\n<meta name=\"twitter:creator\" content=\"@LosPoliticosVer\" \/>\n<meta name=\"twitter:site\" content=\"@LosPoliticosVer\" \/>\n<meta name=\"twitter:label1\" content=\"Escrito por\" \/>\n\t<meta name=\"twitter:data1\" content=\"Lo viste en Los Pol\u00edticos\" \/>\n\t<meta name=\"twitter:label2\" content=\"Tiempo de lectura\" \/>\n\t<meta name=\"twitter:data2\" content=\"3 minutos\" \/>\n<script type=\"application\/ld+json\" class=\"yoast-schema-graph\">{\"@context\":\"https:\\\/\\\/schema.org\",\"@graph\":[{\"@type\":\"Article\",\"@id\":\"https:\\\/\\\/lospoliticosveracruz.com\\\/?p=89391#article\",\"isPartOf\":{\"@id\":\"https:\\\/\\\/lospoliticosveracruz.com\\\/?p=89391\"},\"author\":{\"name\":\"Lo viste en Los Pol\u00edticos\",\"@id\":\"https:\\\/\\\/lospoliticosveracruz.com\\\/#\\\/schema\\\/person\\\/b8702bb0e538456e6efd07080bf2a4a2\"},\"headline\":\"Entusiasmo por la transformaci\u00f3n\",\"datePublished\":\"2022-05-03T13:47:17+00:00\",\"dateModified\":\"2022-05-03T13:47:24+00:00\",\"mainEntityOfPage\":{\"@id\":\"https:\\\/\\\/lospoliticosveracruz.com\\\/?p=89391\"},\"wordCount\":603,\"publisher\":{\"@id\":\"https:\\\/\\\/lospoliticosveracruz.com\\\/#organization\"},\"keywords\":[\"Andr\u00e9s Manuel L\u00f3pez Obrador\",\"Cuarta Transformaci\u00f3n\",\"Morena\",\"Xalapa\"],\"articleSection\":[\"De Opini\u00f3n\"],\"inLanguage\":\"es\"},{\"@type\":\"WebPage\",\"@id\":\"https:\\\/\\\/lospoliticosveracruz.com\\\/?p=89391\",\"url\":\"https:\\\/\\\/lospoliticosveracruz.com\\\/?p=89391\",\"name\":\"Entusiasmo por la transformaci\u00f3n - Los pol\u00edticos Veracruz\",\"isPartOf\":{\"@id\":\"https:\\\/\\\/lospoliticosveracruz.com\\\/#website\"},\"datePublished\":\"2022-05-03T13:47:17+00:00\",\"dateModified\":\"2022-05-03T13:47:24+00:00\",\"breadcrumb\":{\"@id\":\"https:\\\/\\\/lospoliticosveracruz.com\\\/?p=89391#breadcrumb\"},\"inLanguage\":\"es\",\"potentialAction\":[{\"@type\":\"ReadAction\",\"target\":[\"https:\\\/\\\/lospoliticosveracruz.com\\\/?p=89391\"]}]},{\"@type\":\"BreadcrumbList\",\"@id\":\"https:\\\/\\\/lospoliticosveracruz.com\\\/?p=89391#breadcrumb\",\"itemListElement\":[{\"@type\":\"ListItem\",\"position\":1,\"name\":\"Portada\",\"item\":\"https:\\\/\\\/lospoliticosveracruz.com\\\/\"},{\"@type\":\"ListItem\",\"position\":2,\"name\":\"Entusiasmo por la transformaci\u00f3n\"}]},{\"@type\":\"WebSite\",\"@id\":\"https:\\\/\\\/lospoliticosveracruz.com\\\/#website\",\"url\":\"https:\\\/\\\/lospoliticosveracruz.com\\\/\",\"name\":\"Los pol\u00edticos Veracruz\",\"description\":\"\",\"publisher\":{\"@id\":\"https:\\\/\\\/lospoliticosveracruz.com\\\/#organization\"},\"potentialAction\":[{\"@type\":\"SearchAction\",\"target\":{\"@type\":\"EntryPoint\",\"urlTemplate\":\"https:\\\/\\\/lospoliticosveracruz.com\\\/?s={search_term_string}\"},\"query-input\":{\"@type\":\"PropertyValueSpecification\",\"valueRequired\":true,\"valueName\":\"search_term_string\"}}],\"inLanguage\":\"es\"},{\"@type\":\"Organization\",\"@id\":\"https:\\\/\\\/lospoliticosveracruz.com\\\/#organization\",\"name\":\"Los pol\u00edticos Veracruz\",\"url\":\"https:\\\/\\\/lospoliticosveracruz.com\\\/\",\"logo\":{\"@type\":\"ImageObject\",\"inLanguage\":\"es\",\"@id\":\"https:\\\/\\\/lospoliticosveracruz.com\\\/#\\\/schema\\\/logo\\\/image\\\/\",\"url\":\"https:\\\/\\\/lospoliticosveracruz.com\\\/wp-content\\\/uploads\\\/2025\\\/12\\\/Logo-Nuevo-LOS-POLITICOS-1.jpg\",\"contentUrl\":\"https:\\\/\\\/lospoliticosveracruz.com\\\/wp-content\\\/uploads\\\/2025\\\/12\\\/Logo-Nuevo-LOS-POLITICOS-1.jpg\",\"width\":260,\"height\":70,\"caption\":\"Los pol\u00edticos Veracruz\"},\"image\":{\"@id\":\"https:\\\/\\\/lospoliticosveracruz.com\\\/#\\\/schema\\\/logo\\\/image\\\/\"},\"sameAs\":[\"https:\\\/\\\/www.facebook.com\\\/people\\\/Notimemes-de-los-Polticos\\\/61565672886568\\\/\",\"https:\\\/\\\/x.com\\\/LosPoliticosVer\"]},{\"@type\":\"Person\",\"@id\":\"https:\\\/\\\/lospoliticosveracruz.com\\\/#\\\/schema\\\/person\\\/b8702bb0e538456e6efd07080bf2a4a2\",\"name\":\"Lo viste en Los Pol\u00edticos\",\"image\":{\"@type\":\"ImageObject\",\"inLanguage\":\"es\",\"@id\":\"https:\\\/\\\/secure.gravatar.com\\\/avatar\\\/3a8de04a2656d44082be478bd6c086daa447c4651605818287b9532d3d0bd435?s=96&d=mm&r=g\",\"url\":\"https:\\\/\\\/secure.gravatar.com\\\/avatar\\\/3a8de04a2656d44082be478bd6c086daa447c4651605818287b9532d3d0bd435?s=96&d=mm&r=g\",\"contentUrl\":\"https:\\\/\\\/secure.gravatar.com\\\/avatar\\\/3a8de04a2656d44082be478bd6c086daa447c4651605818287b9532d3d0bd435?s=96&d=mm&r=g\",\"caption\":\"Lo viste en Los Pol\u00edticos\"},\"url\":\"https:\\\/\\\/lospoliticosveracruz.com\\\/?author=2\"}]}<\/script>\n<!-- \/ Yoast SEO plugin. -->","yoast_head_json":{"title":"Entusiasmo por la transformaci\u00f3n - Los pol\u00edticos Veracruz","robots":{"index":"index","follow":"follow","max-snippet":"max-snippet:-1","max-image-preview":"max-image-preview:large","max-video-preview":"max-video-preview:-1"},"canonical":"https:\/\/lospoliticosveracruz.com\/?p=89391","og_locale":"es_ES","og_type":"article","og_title":"Entusiasmo por la transformaci\u00f3n - Los pol\u00edticos Veracruz","og_description":"Yair Ademar Dom\u00ednguezPunto y Coma Se mantiene vigente, fuerte, consolidado, entre los veracruzanos, el entusiasmo por la transformaci\u00f3n que est\u00e1 en marcha. No ha sido f\u00e1cil desterrar los vicios del pasado, cambiar las inercias, pero el trabajo del gobierno de la Cuarta Transformaci\u00f3n en el pa\u00eds y en el estado de Veracruz, ha impulsado este [&hellip;]","og_url":"https:\/\/lospoliticosveracruz.com\/?p=89391","og_site_name":"Los pol\u00edticos Veracruz","article_publisher":"https:\/\/www.facebook.com\/people\/Notimemes-de-los-Polticos\/61565672886568\/","article_published_time":"2022-05-03T13:47:17+00:00","article_modified_time":"2022-05-03T13:47:24+00:00","og_image":[{"width":200,"height":200,"url":"https:\/\/lospoliticosveracruz.com\/wp-content\/uploads\/2016\/07\/Logo-Dor.jpg","type":"image\/jpeg"}],"author":"Lo viste en Los Pol\u00edticos","twitter_card":"summary_large_image","twitter_creator":"@LosPoliticosVer","twitter_site":"@LosPoliticosVer","twitter_misc":{"Escrito por":"Lo viste en Los Pol\u00edticos","Tiempo de lectura":"3 minutos"},"schema":{"@context":"https:\/\/schema.org","@graph":[{"@type":"Article","@id":"https:\/\/lospoliticosveracruz.com\/?p=89391#article","isPartOf":{"@id":"https:\/\/lospoliticosveracruz.com\/?p=89391"},"author":{"name":"Lo viste en Los Pol\u00edticos","@id":"https:\/\/lospoliticosveracruz.com\/#\/schema\/person\/b8702bb0e538456e6efd07080bf2a4a2"},"headline":"Entusiasmo por la transformaci\u00f3n","datePublished":"2022-05-03T13:47:17+00:00","dateModified":"2022-05-03T13:47:24+00:00","mainEntityOfPage":{"@id":"https:\/\/lospoliticosveracruz.com\/?p=89391"},"wordCount":603,"publisher":{"@id":"https:\/\/lospoliticosveracruz.com\/#organization"},"keywords":["Andr\u00e9s Manuel L\u00f3pez Obrador","Cuarta Transformaci\u00f3n","Morena","Xalapa"],"articleSection":["De Opini\u00f3n"],"inLanguage":"es"},{"@type":"WebPage","@id":"https:\/\/lospoliticosveracruz.com\/?p=89391","url":"https:\/\/lospoliticosveracruz.com\/?p=89391","name":"Entusiasmo por la transformaci\u00f3n - Los pol\u00edticos Veracruz","isPartOf":{"@id":"https:\/\/lospoliticosveracruz.com\/#website"},"datePublished":"2022-05-03T13:47:17+00:00","dateModified":"2022-05-03T13:47:24+00:00","breadcrumb":{"@id":"https:\/\/lospoliticosveracruz.com\/?p=89391#breadcrumb"},"inLanguage":"es","potentialAction":[{"@type":"ReadAction","target":["https:\/\/lospoliticosveracruz.com\/?p=89391"]}]},{"@type":"BreadcrumbList","@id":"https:\/\/lospoliticosveracruz.com\/?p=89391#breadcrumb","itemListElement":[{"@type":"ListItem","position":1,"name":"Portada","item":"https:\/\/lospoliticosveracruz.com\/"},{"@type":"ListItem","position":2,"name":"Entusiasmo por la transformaci\u00f3n"}]},{"@type":"WebSite","@id":"https:\/\/lospoliticosveracruz.com\/#website","url":"https:\/\/lospoliticosveracruz.com\/","name":"Los pol\u00edticos Veracruz","description":"","publisher":{"@id":"https:\/\/lospoliticosveracruz.com\/#organization"},"potentialAction":[{"@type":"SearchAction","target":{"@type":"EntryPoint","urlTemplate":"https:\/\/lospoliticosveracruz.com\/?s={search_term_string}"},"query-input":{"@type":"PropertyValueSpecification","valueRequired":true,"valueName":"search_term_string"}}],"inLanguage":"es"},{"@type":"Organization","@id":"https:\/\/lospoliticosveracruz.com\/#organization","name":"Los pol\u00edticos Veracruz","url":"https:\/\/lospoliticosveracruz.com\/","logo":{"@type":"ImageObject","inLanguage":"es","@id":"https:\/\/lospoliticosveracruz.com\/#\/schema\/logo\/image\/","url":"https:\/\/lospoliticosveracruz.com\/wp-content\/uploads\/2025\/12\/Logo-Nuevo-LOS-POLITICOS-1.jpg","contentUrl":"https:\/\/lospoliticosveracruz.com\/wp-content\/uploads\/2025\/12\/Logo-Nuevo-LOS-POLITICOS-1.jpg","width":260,"height":70,"caption":"Los pol\u00edticos Veracruz"},"image":{"@id":"https:\/\/lospoliticosveracruz.com\/#\/schema\/logo\/image\/"},"sameAs":["https:\/\/www.facebook.com\/people\/Notimemes-de-los-Polticos\/61565672886568\/","https:\/\/x.com\/LosPoliticosVer"]},{"@type":"Person","@id":"https:\/\/lospoliticosveracruz.com\/#\/schema\/person\/b8702bb0e538456e6efd07080bf2a4a2","name":"Lo viste en Los Pol\u00edticos","image":{"@type":"ImageObject","inLanguage":"es","@id":"https:\/\/secure.gravatar.com\/avatar\/3a8de04a2656d44082be478bd6c086daa447c4651605818287b9532d3d0bd435?s=96&d=mm&r=g","url":"https:\/\/secure.gravatar.com\/avatar\/3a8de04a2656d44082be478bd6c086daa447c4651605818287b9532d3d0bd435?s=96&d=mm&r=g","contentUrl":"https:\/\/secure.gravatar.com\/avatar\/3a8de04a2656d44082be478bd6c086daa447c4651605818287b9532d3d0bd435?s=96&d=mm&r=g","caption":"Lo viste en Los Pol\u00edticos"},"url":"https:\/\/lospoliticosveracruz.com\/?author=2"}]}},"_links":{"self":[{"href":"https:\/\/lospoliticosveracruz.com\/index.php?rest_route=\/wp\/v2\/posts\/89391","targetHints":{"allow":["GET"]}}],"collection":[{"href":"https:\/\/lospoliticosveracruz.com\/index.php?rest_route=\/wp\/v2\/posts"}],"about":[{"href":"https:\/\/lospoliticosveracruz.com\/index.php?rest_route=\/wp\/v2\/types\/post"}],"author":[{"embeddable":true,"href":"https:\/\/lospoliticosveracruz.com\/index.php?rest_route=\/wp\/v2\/users\/2"}],"replies":[{"embeddable":true,"href":"https:\/\/lospoliticosveracruz.com\/index.php?rest_route=%2Fwp%2Fv2%2Fcomments&post=89391"}],"version-history":[{"count":1,"href":"https:\/\/lospoliticosveracruz.com\/index.php?rest_route=\/wp\/v2\/posts\/89391\/revisions"}],"predecessor-version":[{"id":89393,"href":"https:\/\/lospoliticosveracruz.com\/index.php?rest_route=\/wp\/v2\/posts\/89391\/revisions\/89393"}],"wp:attachment":[{"href":"https:\/\/lospoliticosveracruz.com\/index.php?rest_route=%2Fwp%2Fv2%2Fmedia&parent=89391"}],"wp:term":[{"taxonomy":"category","embeddable":true,"href":"https:\/\/lospoliticosveracruz.com\/index.php?rest_route=%2Fwp%2Fv2%2Fcategories&post=89391"},{"taxonomy":"post_tag","embeddable":true,"href":"https:\/\/lospoliticosveracruz.com\/index.php?rest_route=%2Fwp%2Fv2%2Ftags&post=89391"}],"curies":[{"name":"wp","href":"https:\/\/api.w.org\/{rel}","templated":true}]}}