{"id":89437,"date":"2022-05-04T07:59:25","date_gmt":"2022-05-04T12:59:25","guid":{"rendered":"https:\/\/lospoliticosveracruz.com.mx\/?p=89437"},"modified":"2022-05-04T07:59:32","modified_gmt":"2022-05-04T12:59:32","slug":"alianza-opositora-total","status":"publish","type":"post","link":"https:\/\/lospoliticosveracruz.com\/?p=89437","title":{"rendered":"Alianza opositora total!"},"content":{"rendered":"\n<p><\/p>\n\n\n\n<p><br><strong>Ricardo Ch\u00faa<\/strong><br><em>Sale y Vale<\/em><\/p>\n\n\n\n<p>Ya no es un \u00absecreto de Estado\u00bb que en el pa\u00eds, todos los partidos de oposici\u00f3n: PRI, PAN, PRD y Movimiento Ciudadano\u2026 Est\u00e1n buscando conformar la PRIMERA GRAN COALICI\u00d3N OPOSITORA de partidos pol\u00edticos rumbo a la elecci\u00f3n Presidencial del 2024\u2026. Para derrotar al fen\u00f3meno MORENA-Andr\u00e9s Manuel L\u00f3pez Obrador\u2026 Unidos de esa manera, el escenario nacional cambia\u2026 Y algo similar se prepara en Veracruz para derrocar a MORENA en la gubernatura\u2026 Con el mismo ant\u00eddoto\u2026 AS\u00cd COMO LA LEEN\u2026<\/p>\n\n\n\n<p>Con un dato adicional\u2026 Esta coalici\u00f3n y sus gestores, entre ellos Dante Delgado, Marko Cort\u00e9s, Alejandro Moreno y Jes\u00fas Zambrano\u2026 Est\u00e1n invitando por lo menos al PVEM de Manuel Velasco, a que se incluya en esa alianza, despu\u00e9s de la manera como los ha tratado MORENA cuando han hecho coalici\u00f3n con ellos\u2026 Misma invitaci\u00f3n, se la han hecho a Alberto Anaya del PT\u2026 Para ver si se une a ellos\u2026 De esa manera y con esa alianza\u2026 MORENA pierde Presidencia y gubernatura en Veracruz\u2026 Eso es un hecho\u2026<\/p>\n\n\n\n<p>El \u00fanico tema que pide MC para lograr gestarla y conformarla\u2026 Es llevar al alcalde de Monterrey, Luis Donaldo Colosio Riojas, como candidato Presidencia.. Ya que despu\u00e9s de que Dante le ense\u00f1\u00f3 las encuestas a Alito, Marko y Zambrano\u2026 Es el aspirante Presidencial mejor posicionado del pa\u00eds\u2026 Por encima de los que podr\u00edan resultar candidatos de MORENA. Marcelo Ebrard, Ad\u00e1n Augusto L\u00f3pez y Claudia Sheinbaum\u2026 La idea es unirse todos para enfrentar a los Morenos con Colosio Riojas como aspirante oficial\u2026 Las encuestas no mienten\u2026<\/p>\n\n\n\n<p>Quiz\u00e1 por ello, est\u00e1n tundiendo al alcalde de Monterrey, se\u00f1al\u00e1ndolo hasta de alcoh\u00f3lico\u2026 Por eso, bien lo escribi\u00f3 Agust\u00edn Basave: \u00abColosio Riojas aun no dice nada para el 2024 y lo est\u00e1n -golpeando- ese es el principal temor de MORENA, que esa candidatura una a la oposici\u00f3n en una sola y el proyecto de L\u00f3pez Obrador se venga abajo\u00bb\u2026 OJO\u2026 Luis Donaldo junior tiene interlocuci\u00f3n con Washington\u2026 Cosa que Claudia no\u2026 Tampoco Ad\u00e1n Augusto\u2026 S\u00f3lo Marcelo\u2026 Y el aval de EEUU para el 2024 ser\u00e1 fundamental0 para la sucesi\u00f3n en M\u00e9xico\u2026<\/p>\n\n\n\n<p>En el caso Veracruz para la sucesi\u00f3n del gobierno estatal del 2024\u2026 Se intenta hacer un EXPERIMENTO similar.. Al final, Dante Delgado es oriundo del Estado y tambi\u00e9n desea un candidato de oposici\u00f3n \u00fanico para esta elecci\u00f3n\u2026 En su mira hay dos priistas y un panista\u2026 Y otro m\u00e1s del PAN, que si las circunstancias son favorables, puede participar\u2026 Al parecer en el caso de \u00abJarochilandia\u00bb tienen en la mira como candidato \u00fanico de la oposici\u00f3n a Juan Manuel D\u00edez Francos y Jos\u00e9 Francisco Yunes Zorrilla\u2026 Esos son los deseos de Dante\u2026<\/p>\n\n\n\n<p>Del PAN ve con buenos \u00abojos\u00bb a Bingen Rementer\u00eda Molina, diputado local y con una personalidad parecida a la de Luis Donaldo Colosio Riojas\u2026 Y no deja atr\u00e1s la posibilidad de que tambi\u00e9n la puede \u00abjugar\u00bb, Fernando Yunes M\u00e1rquez\u2026 Siempre y cuando las circunstancias se le acomoden en ese escenario nacional\u2026 Habr\u00e1 que ver que dice el PRI, PAN y PRD\u2026 Saben que Dante es \u00abanimal\u00bb pol\u00edtico y a lo mejor no todas sus propuestas sean aceptadas\u2026 Pero en la que muchos coinciden es con Juan Manuel D\u00edez Francos\u2026 Ser\u00e1 que acepte el orizabe\u00f1o\u2026<\/p>\n\n\n\n<p>El empezar a \u00abconstruir\u00bb esta alianza opositora \u00fanica, no es mala idea\u2026 El tema ser\u00e1n los \u00abegos\u00bb de uno u otro candidato o su grupo pol\u00edtico, al menos, en Veracruz\u2026 Pero si logran superar esa \u00abbarrera\u00bb y sostienen a un s\u00f3lo personaje como candidato\u2026 MORENA y Cuitl\u00e1huac Garc\u00eda pueden sufrir un rev\u00e9s en 2024\u2026 D\u00edez Francos o Bingen pueden ser una opci\u00f3n, de acuerdo al escenario nacional\u2026 Y si el PVEM y PT \u00abjuegan\u00bb con PRI, PAN, PRD y MC en Veracruz\u2026 El escenario ser\u00e1 favorable para la oposici\u00f3n\u2026 As\u00ed postulen a Javier Herrera\u2026 AMEN\u2026<\/p>\n\n\n\n<p>DE NUEVO HUGO GUTI\u00c9RREZ\u2026. Pocos se enteraron pero en la pasada visita del Presidente, Andr\u00e9s Manuel L\u00f3pez Obrador a Veracruz\u2026 La gente del \u00abstaff\u00bb de Palacio Nacional que acompa\u00f1aron al tabasque\u00f1o a esta entidad\u2026 Reconocieron que una de las mejores \u00e1reas que ha dado buenos resultados al gobierno de Cuitl\u00e1huac Garc\u00eda\u2026 Es la Secretar\u00eda de Seguridad P\u00fablica a cargo de Hugo Guti\u00e9rrez Maldonado\u2026 Por encima de las oficinas de operaci\u00f3n pol\u00edtica de Palacio de Gobierno en Xalapa\u2026<\/p>\n\n\n\n<p>Este reconocimiento por la gente que trabaja en las oficinas de la Presidencia de M\u00e9xico\u2026 Ha se\u00f1alado, nos dice \u00abGarganta Profunda\u00bb, que la labor de Hugo Guti\u00e9rrez, ha sido fundamental para lograr ubicar a Veracruz entre las mejor calificadas en el contexto nacional por la reducci\u00f3n de la incidencia delictiva\u2026 Que ha sido el \u00abdolor de muelas\u00bb de otros gobiernos estatales encabezados por MORENA\u2026 Pero en \u00abJarochilandia\u00bb ha sido a la inversa\u2026 Por eso, est\u00e1 en el \u00abTOP 3\u00bb de los mejores funcionarios estatales en Veracruz, seg\u00fan AMLO y sus cuates\u2026<\/p>\n\n\n\n<p>Pero lo que se escucho en la pasada visita Presidencial a Veracruz\u2026 Es que Guti\u00e9rrez Maldonado, el amigo de Jean Pierre Gignac, adem\u00e1s ha logrado consolidar a la polic\u00eda estatal, como una de las mejor preparadas, al grado que fuerzas de seguridad de otros pa\u00edses buscan formar a sus profesionales en la polic\u00eda veracruzana\u2026. MIRALOOOO\u2026 Con raz\u00f3n era objeto de \u00abFUEGO AMIGO\u00bb de Palacio de Gobierno\u2026 Por eso en su momento, hasta Fernando Yunes M\u00e1rquez lo reconoci\u00f3 como uno de los mejores funcionarios estatales de MORENA\u2026<\/p>\n\n\n\n<p>Adem\u00e1s dicho por los alcaldes panistas de la zona conurbada de Veracruz y Boca del R\u00edo\u2026 Este impacto del desempe\u00f1o de la dependencia a cargo de Hugo Guti\u00e9rrez\u2026 Se refleja en la llegada de la inversi\u00f3n extranjera a Veracruz, pues, las condiciones de seguridad son a la vista del capital internacional, \u00f3ptimas para establecer sus cadenas de producci\u00f3n\u2026 Ah\u00ed est\u00e1 el caso de la cervecera \u00abConstellation\u00bb\u2026 Adem\u00e1s de que se est\u00e1 trabajando de la misma manera en otras regiones de Veracruz donde gobiernan alcaldes perredistas o priistas\u2026<\/p>\n\n\n\n<p>Ya hasta se hizo \u00abcuaderno de doble raya\u00bb con el l\u00edder de los diputados locales de MORENA, Juan Javier G\u00f3mez Cazar\u00edn.. Para buscar un proyecto com\u00fan de bienestar, junto con la paz y tranquilidad de los veracruzanos\u2026 As\u00ed que con el Congreso Local mantiene estrategias para buscar mejores resultados\u2026 A trav\u00e9s de la adecuaci\u00f3n de un entramado legal a las necesidades de la sociedad\u2026 Es decir, no \u00abgrillas palaciegas\u00bb y m\u00e1s chamba\u2026 A ver si lo dejan en Palacio de Gobierno y no termina \u00abgrillado\u00bb\u2026 Pero AMLO lo reconoce y sabe de su labor\u2026 AMEN\u2026<\/p>\n","protected":false},"excerpt":{"rendered":"<p>Ricardo Ch\u00faaSale y Vale Ya no es un \u00absecreto de Estado\u00bb que en el pa\u00eds, todos los partidos de oposici\u00f3n: PRI, PAN, PRD y Movimiento Ciudadano\u2026 Est\u00e1n buscando conformar la PRIMERA GRAN COALICI\u00d3N OPOSITORA de partidos pol\u00edticos rumbo a la elecci\u00f3n Presidencial del 2024\u2026. Para derrotar al fen\u00f3meno MORENA-Andr\u00e9s Manuel L\u00f3pez Obrador\u2026 Unidos de esa [&hellip;]<\/p>\n","protected":false},"author":2,"featured_media":0,"comment_status":"closed","ping_status":"closed","sticky":false,"template":"","format":"standard","meta":{"tdm_status":"","tdm_grid_status":"","footnotes":""},"categories":[70],"tags":[14170,618,2219,21651,26576,12562,1026,246,2289,13604],"class_list":{"0":"post-89437","1":"post","2":"type-post","3":"status-publish","4":"format-standard","6":"category-de-opinion","7":"tag-alejandro-moreno","8":"tag-andres-manuel-lopez-obrador","9":"tag-dante-delgado","10":"tag-jesus-zambrano-grijalva","11":"tag-juan-manuel-diez-francos-2","12":"tag-marko-cortes","13":"tag-morena","14":"tag-pepe-yunes-zorrilla","15":"tag-pt","16":"tag-ricardo-chua"},"yoast_head":"<!-- This site is optimized with the Yoast SEO plugin v27.4 - https:\/\/yoast.com\/product\/yoast-seo-wordpress\/ -->\n<title>Alianza opositora total! - Los pol\u00edticos Veracruz<\/title>\n<meta name=\"robots\" content=\"index, follow, max-snippet:-1, max-image-preview:large, max-video-preview:-1\" \/>\n<link rel=\"canonical\" href=\"https:\/\/lospoliticosveracruz.com\/?p=89437\" \/>\n<meta property=\"og:locale\" content=\"es_ES\" \/>\n<meta property=\"og:type\" content=\"article\" \/>\n<meta property=\"og:title\" content=\"Alianza opositora total! - Los pol\u00edticos Veracruz\" \/>\n<meta property=\"og:description\" content=\"Ricardo Ch\u00faaSale y Vale Ya no es un \u00absecreto de Estado\u00bb que en el pa\u00eds, todos los partidos de oposici\u00f3n: PRI, PAN, PRD y Movimiento Ciudadano\u2026 Est\u00e1n buscando conformar la PRIMERA GRAN COALICI\u00d3N OPOSITORA de partidos pol\u00edticos rumbo a la elecci\u00f3n Presidencial del 2024\u2026. Para derrotar al fen\u00f3meno MORENA-Andr\u00e9s Manuel L\u00f3pez Obrador\u2026 Unidos de esa [&hellip;]\" \/>\n<meta property=\"og:url\" content=\"https:\/\/lospoliticosveracruz.com\/?p=89437\" \/>\n<meta property=\"og:site_name\" content=\"Los pol\u00edticos Veracruz\" \/>\n<meta property=\"article:publisher\" content=\"https:\/\/www.facebook.com\/people\/Notimemes-de-los-Polticos\/61565672886568\/\" \/>\n<meta property=\"article:published_time\" content=\"2022-05-04T12:59:25+00:00\" \/>\n<meta property=\"article:modified_time\" content=\"2022-05-04T12:59:32+00:00\" \/>\n<meta property=\"og:image\" content=\"https:\/\/lospoliticosveracruz.com\/wp-content\/uploads\/2016\/07\/Logo-Dor.jpg\" \/>\n\t<meta property=\"og:image:width\" content=\"200\" \/>\n\t<meta property=\"og:image:height\" content=\"200\" \/>\n\t<meta property=\"og:image:type\" content=\"image\/jpeg\" \/>\n<meta name=\"author\" content=\"Lo viste en Los Pol\u00edticos\" \/>\n<meta name=\"twitter:card\" content=\"summary_large_image\" \/>\n<meta name=\"twitter:creator\" content=\"@LosPoliticosVer\" \/>\n<meta name=\"twitter:site\" content=\"@LosPoliticosVer\" \/>\n<meta name=\"twitter:label1\" content=\"Escrito por\" \/>\n\t<meta name=\"twitter:data1\" content=\"Lo viste en Los Pol\u00edticos\" \/>\n\t<meta name=\"twitter:label2\" content=\"Tiempo de lectura\" \/>\n\t<meta name=\"twitter:data2\" content=\"6 minutos\" \/>\n<script type=\"application\/ld+json\" class=\"yoast-schema-graph\">{\"@context\":\"https:\\\/\\\/schema.org\",\"@graph\":[{\"@type\":\"Article\",\"@id\":\"https:\\\/\\\/lospoliticosveracruz.com\\\/?p=89437#article\",\"isPartOf\":{\"@id\":\"https:\\\/\\\/lospoliticosveracruz.com\\\/?p=89437\"},\"author\":{\"name\":\"Lo viste en Los Pol\u00edticos\",\"@id\":\"https:\\\/\\\/lospoliticosveracruz.com\\\/#\\\/schema\\\/person\\\/b8702bb0e538456e6efd07080bf2a4a2\"},\"headline\":\"Alianza opositora total!\",\"datePublished\":\"2022-05-04T12:59:25+00:00\",\"dateModified\":\"2022-05-04T12:59:32+00:00\",\"mainEntityOfPage\":{\"@id\":\"https:\\\/\\\/lospoliticosveracruz.com\\\/?p=89437\"},\"wordCount\":1158,\"publisher\":{\"@id\":\"https:\\\/\\\/lospoliticosveracruz.com\\\/#organization\"},\"keywords\":[\"Alejandro Moreno\",\"Andr\u00e9s Manuel L\u00f3pez Obrador\",\"Dante Delgado\",\"Jes\u00fas Zambrano Grijalva\",\"Juan Manuel D\u00edez Francos\",\"Marko Cort\u00e9s\",\"Morena\",\"Pepe Yunes Zorrilla\",\"PT\",\"Ricardo Ch\u00faa\"],\"articleSection\":[\"De Opini\u00f3n\"],\"inLanguage\":\"es\"},{\"@type\":\"WebPage\",\"@id\":\"https:\\\/\\\/lospoliticosveracruz.com\\\/?p=89437\",\"url\":\"https:\\\/\\\/lospoliticosveracruz.com\\\/?p=89437\",\"name\":\"Alianza opositora total! - Los pol\u00edticos Veracruz\",\"isPartOf\":{\"@id\":\"https:\\\/\\\/lospoliticosveracruz.com\\\/#website\"},\"datePublished\":\"2022-05-04T12:59:25+00:00\",\"dateModified\":\"2022-05-04T12:59:32+00:00\",\"breadcrumb\":{\"@id\":\"https:\\\/\\\/lospoliticosveracruz.com\\\/?p=89437#breadcrumb\"},\"inLanguage\":\"es\",\"potentialAction\":[{\"@type\":\"ReadAction\",\"target\":[\"https:\\\/\\\/lospoliticosveracruz.com\\\/?p=89437\"]}]},{\"@type\":\"BreadcrumbList\",\"@id\":\"https:\\\/\\\/lospoliticosveracruz.com\\\/?p=89437#breadcrumb\",\"itemListElement\":[{\"@type\":\"ListItem\",\"position\":1,\"name\":\"Portada\",\"item\":\"https:\\\/\\\/lospoliticosveracruz.com\\\/\"},{\"@type\":\"ListItem\",\"position\":2,\"name\":\"Alianza opositora total!\"}]},{\"@type\":\"WebSite\",\"@id\":\"https:\\\/\\\/lospoliticosveracruz.com\\\/#website\",\"url\":\"https:\\\/\\\/lospoliticosveracruz.com\\\/\",\"name\":\"Los pol\u00edticos Veracruz\",\"description\":\"\",\"publisher\":{\"@id\":\"https:\\\/\\\/lospoliticosveracruz.com\\\/#organization\"},\"potentialAction\":[{\"@type\":\"SearchAction\",\"target\":{\"@type\":\"EntryPoint\",\"urlTemplate\":\"https:\\\/\\\/lospoliticosveracruz.com\\\/?s={search_term_string}\"},\"query-input\":{\"@type\":\"PropertyValueSpecification\",\"valueRequired\":true,\"valueName\":\"search_term_string\"}}],\"inLanguage\":\"es\"},{\"@type\":\"Organization\",\"@id\":\"https:\\\/\\\/lospoliticosveracruz.com\\\/#organization\",\"name\":\"Los pol\u00edticos Veracruz\",\"url\":\"https:\\\/\\\/lospoliticosveracruz.com\\\/\",\"logo\":{\"@type\":\"ImageObject\",\"inLanguage\":\"es\",\"@id\":\"https:\\\/\\\/lospoliticosveracruz.com\\\/#\\\/schema\\\/logo\\\/image\\\/\",\"url\":\"https:\\\/\\\/lospoliticosveracruz.com\\\/wp-content\\\/uploads\\\/2025\\\/12\\\/Logo-Nuevo-LOS-POLITICOS-1.jpg\",\"contentUrl\":\"https:\\\/\\\/lospoliticosveracruz.com\\\/wp-content\\\/uploads\\\/2025\\\/12\\\/Logo-Nuevo-LOS-POLITICOS-1.jpg\",\"width\":260,\"height\":70,\"caption\":\"Los pol\u00edticos Veracruz\"},\"image\":{\"@id\":\"https:\\\/\\\/lospoliticosveracruz.com\\\/#\\\/schema\\\/logo\\\/image\\\/\"},\"sameAs\":[\"https:\\\/\\\/www.facebook.com\\\/people\\\/Notimemes-de-los-Polticos\\\/61565672886568\\\/\",\"https:\\\/\\\/x.com\\\/LosPoliticosVer\"]},{\"@type\":\"Person\",\"@id\":\"https:\\\/\\\/lospoliticosveracruz.com\\\/#\\\/schema\\\/person\\\/b8702bb0e538456e6efd07080bf2a4a2\",\"name\":\"Lo viste en Los Pol\u00edticos\",\"image\":{\"@type\":\"ImageObject\",\"inLanguage\":\"es\",\"@id\":\"https:\\\/\\\/secure.gravatar.com\\\/avatar\\\/3a8de04a2656d44082be478bd6c086daa447c4651605818287b9532d3d0bd435?s=96&d=mm&r=g\",\"url\":\"https:\\\/\\\/secure.gravatar.com\\\/avatar\\\/3a8de04a2656d44082be478bd6c086daa447c4651605818287b9532d3d0bd435?s=96&d=mm&r=g\",\"contentUrl\":\"https:\\\/\\\/secure.gravatar.com\\\/avatar\\\/3a8de04a2656d44082be478bd6c086daa447c4651605818287b9532d3d0bd435?s=96&d=mm&r=g\",\"caption\":\"Lo viste en Los Pol\u00edticos\"},\"url\":\"https:\\\/\\\/lospoliticosveracruz.com\\\/?author=2\"}]}<\/script>\n<!-- \/ Yoast SEO plugin. -->","yoast_head_json":{"title":"Alianza opositora total! - Los pol\u00edticos Veracruz","robots":{"index":"index","follow":"follow","max-snippet":"max-snippet:-1","max-image-preview":"max-image-preview:large","max-video-preview":"max-video-preview:-1"},"canonical":"https:\/\/lospoliticosveracruz.com\/?p=89437","og_locale":"es_ES","og_type":"article","og_title":"Alianza opositora total! - Los pol\u00edticos Veracruz","og_description":"Ricardo Ch\u00faaSale y Vale Ya no es un \u00absecreto de Estado\u00bb que en el pa\u00eds, todos los partidos de oposici\u00f3n: PRI, PAN, PRD y Movimiento Ciudadano\u2026 Est\u00e1n buscando conformar la PRIMERA GRAN COALICI\u00d3N OPOSITORA de partidos pol\u00edticos rumbo a la elecci\u00f3n Presidencial del 2024\u2026. Para derrotar al fen\u00f3meno MORENA-Andr\u00e9s Manuel L\u00f3pez Obrador\u2026 Unidos de esa [&hellip;]","og_url":"https:\/\/lospoliticosveracruz.com\/?p=89437","og_site_name":"Los pol\u00edticos Veracruz","article_publisher":"https:\/\/www.facebook.com\/people\/Notimemes-de-los-Polticos\/61565672886568\/","article_published_time":"2022-05-04T12:59:25+00:00","article_modified_time":"2022-05-04T12:59:32+00:00","og_image":[{"width":200,"height":200,"url":"https:\/\/lospoliticosveracruz.com\/wp-content\/uploads\/2016\/07\/Logo-Dor.jpg","type":"image\/jpeg"}],"author":"Lo viste en Los Pol\u00edticos","twitter_card":"summary_large_image","twitter_creator":"@LosPoliticosVer","twitter_site":"@LosPoliticosVer","twitter_misc":{"Escrito por":"Lo viste en Los Pol\u00edticos","Tiempo de lectura":"6 minutos"},"schema":{"@context":"https:\/\/schema.org","@graph":[{"@type":"Article","@id":"https:\/\/lospoliticosveracruz.com\/?p=89437#article","isPartOf":{"@id":"https:\/\/lospoliticosveracruz.com\/?p=89437"},"author":{"name":"Lo viste en Los Pol\u00edticos","@id":"https:\/\/lospoliticosveracruz.com\/#\/schema\/person\/b8702bb0e538456e6efd07080bf2a4a2"},"headline":"Alianza opositora total!","datePublished":"2022-05-04T12:59:25+00:00","dateModified":"2022-05-04T12:59:32+00:00","mainEntityOfPage":{"@id":"https:\/\/lospoliticosveracruz.com\/?p=89437"},"wordCount":1158,"publisher":{"@id":"https:\/\/lospoliticosveracruz.com\/#organization"},"keywords":["Alejandro Moreno","Andr\u00e9s Manuel L\u00f3pez Obrador","Dante Delgado","Jes\u00fas Zambrano Grijalva","Juan Manuel D\u00edez Francos","Marko Cort\u00e9s","Morena","Pepe Yunes Zorrilla","PT","Ricardo Ch\u00faa"],"articleSection":["De Opini\u00f3n"],"inLanguage":"es"},{"@type":"WebPage","@id":"https:\/\/lospoliticosveracruz.com\/?p=89437","url":"https:\/\/lospoliticosveracruz.com\/?p=89437","name":"Alianza opositora total! - Los pol\u00edticos Veracruz","isPartOf":{"@id":"https:\/\/lospoliticosveracruz.com\/#website"},"datePublished":"2022-05-04T12:59:25+00:00","dateModified":"2022-05-04T12:59:32+00:00","breadcrumb":{"@id":"https:\/\/lospoliticosveracruz.com\/?p=89437#breadcrumb"},"inLanguage":"es","potentialAction":[{"@type":"ReadAction","target":["https:\/\/lospoliticosveracruz.com\/?p=89437"]}]},{"@type":"BreadcrumbList","@id":"https:\/\/lospoliticosveracruz.com\/?p=89437#breadcrumb","itemListElement":[{"@type":"ListItem","position":1,"name":"Portada","item":"https:\/\/lospoliticosveracruz.com\/"},{"@type":"ListItem","position":2,"name":"Alianza opositora total!"}]},{"@type":"WebSite","@id":"https:\/\/lospoliticosveracruz.com\/#website","url":"https:\/\/lospoliticosveracruz.com\/","name":"Los pol\u00edticos Veracruz","description":"","publisher":{"@id":"https:\/\/lospoliticosveracruz.com\/#organization"},"potentialAction":[{"@type":"SearchAction","target":{"@type":"EntryPoint","urlTemplate":"https:\/\/lospoliticosveracruz.com\/?s={search_term_string}"},"query-input":{"@type":"PropertyValueSpecification","valueRequired":true,"valueName":"search_term_string"}}],"inLanguage":"es"},{"@type":"Organization","@id":"https:\/\/lospoliticosveracruz.com\/#organization","name":"Los pol\u00edticos Veracruz","url":"https:\/\/lospoliticosveracruz.com\/","logo":{"@type":"ImageObject","inLanguage":"es","@id":"https:\/\/lospoliticosveracruz.com\/#\/schema\/logo\/image\/","url":"https:\/\/lospoliticosveracruz.com\/wp-content\/uploads\/2025\/12\/Logo-Nuevo-LOS-POLITICOS-1.jpg","contentUrl":"https:\/\/lospoliticosveracruz.com\/wp-content\/uploads\/2025\/12\/Logo-Nuevo-LOS-POLITICOS-1.jpg","width":260,"height":70,"caption":"Los pol\u00edticos Veracruz"},"image":{"@id":"https:\/\/lospoliticosveracruz.com\/#\/schema\/logo\/image\/"},"sameAs":["https:\/\/www.facebook.com\/people\/Notimemes-de-los-Polticos\/61565672886568\/","https:\/\/x.com\/LosPoliticosVer"]},{"@type":"Person","@id":"https:\/\/lospoliticosveracruz.com\/#\/schema\/person\/b8702bb0e538456e6efd07080bf2a4a2","name":"Lo viste en Los Pol\u00edticos","image":{"@type":"ImageObject","inLanguage":"es","@id":"https:\/\/secure.gravatar.com\/avatar\/3a8de04a2656d44082be478bd6c086daa447c4651605818287b9532d3d0bd435?s=96&d=mm&r=g","url":"https:\/\/secure.gravatar.com\/avatar\/3a8de04a2656d44082be478bd6c086daa447c4651605818287b9532d3d0bd435?s=96&d=mm&r=g","contentUrl":"https:\/\/secure.gravatar.com\/avatar\/3a8de04a2656d44082be478bd6c086daa447c4651605818287b9532d3d0bd435?s=96&d=mm&r=g","caption":"Lo viste en Los Pol\u00edticos"},"url":"https:\/\/lospoliticosveracruz.com\/?author=2"}]}},"_links":{"self":[{"href":"https:\/\/lospoliticosveracruz.com\/index.php?rest_route=\/wp\/v2\/posts\/89437","targetHints":{"allow":["GET"]}}],"collection":[{"href":"https:\/\/lospoliticosveracruz.com\/index.php?rest_route=\/wp\/v2\/posts"}],"about":[{"href":"https:\/\/lospoliticosveracruz.com\/index.php?rest_route=\/wp\/v2\/types\/post"}],"author":[{"embeddable":true,"href":"https:\/\/lospoliticosveracruz.com\/index.php?rest_route=\/wp\/v2\/users\/2"}],"replies":[{"embeddable":true,"href":"https:\/\/lospoliticosveracruz.com\/index.php?rest_route=%2Fwp%2Fv2%2Fcomments&post=89437"}],"version-history":[{"count":1,"href":"https:\/\/lospoliticosveracruz.com\/index.php?rest_route=\/wp\/v2\/posts\/89437\/revisions"}],"predecessor-version":[{"id":89439,"href":"https:\/\/lospoliticosveracruz.com\/index.php?rest_route=\/wp\/v2\/posts\/89437\/revisions\/89439"}],"wp:attachment":[{"href":"https:\/\/lospoliticosveracruz.com\/index.php?rest_route=%2Fwp%2Fv2%2Fmedia&parent=89437"}],"wp:term":[{"taxonomy":"category","embeddable":true,"href":"https:\/\/lospoliticosveracruz.com\/index.php?rest_route=%2Fwp%2Fv2%2Fcategories&post=89437"},{"taxonomy":"post_tag","embeddable":true,"href":"https:\/\/lospoliticosveracruz.com\/index.php?rest_route=%2Fwp%2Fv2%2Ftags&post=89437"}],"curies":[{"name":"wp","href":"https:\/\/api.w.org\/{rel}","templated":true}]}}