{"id":89446,"date":"2022-05-04T10:21:33","date_gmt":"2022-05-04T15:21:33","guid":{"rendered":"https:\/\/lospoliticosveracruz.com.mx\/?p=89446"},"modified":"2022-05-04T10:21:39","modified_gmt":"2022-05-04T15:21:39","slug":"mrd-contra-cab","status":"publish","type":"post","link":"https:\/\/lospoliticosveracruz.com\/?p=89446","title":{"rendered":"MRD contra CAB"},"content":{"rendered":"\n<p><\/p>\n\n\n\n<p><br><strong>Ignacio Alvarez<\/strong><br><em>Pluma Negra<\/em><\/p>\n\n\n\n<p><\/p>\n\n\n\n<p>Al igual que el Grupo MAS en Veracruz, en Boca del R\u00edo, el Grupo CAB Acciona, se ha convertido en un dolor de cabeza para los usuarios en este a\u00f1o aumentaron un 7.7 por ciento el costo del servicio y mantiene una pol\u00edtica de acoso a sus clientes con el monopolio del agua.<\/p>\n\n\n\n<p>Bajo un esquema de terrorismo administrativo, mantienen una serie de citatorios a quienes no pagan a tiempo el agua y de manera arbitraria cortan el servicio provocando da\u00f1os a las baquetas e instalaciones, el costo de la re-conexi\u00f3n es de m\u00e1s de 500 pesos y s\u00f3lo lo puede hacer la empresa.<\/p>\n\n\n\n<p>Por eso, el Movimiento Renovador Democr\u00e1tico que encabeza, Marco Antonio Moncayo Parra lanzar\u00e1 el primer aviso este mi\u00e9rcoles, ante el gran n\u00famero de quejas de las colonias populares de Boca del R\u00edo, toda vez que el mayor impacto econ\u00f3mico lo padecen las clases populares.<\/p>\n\n\n\n<p>El dirigente del MRD ya tom\u00f3 cartas en el asunto y con la ley en la mano dar\u00e1 a conocer la serie de arbitrariedades de la empresa concesionaria del servicio de suministro de agua potable y de continuar los abusos tomar\u00e1n acciones de protesta m\u00e1s dr\u00e1sticas.<\/p>\n\n\n\n<p><strong>Sin justicia, periodistas asesinados<\/strong><\/p>\n\n\n\n<p>En el D\u00eda Internacional de la Libertad de Expresi\u00f3n; familiares, amigos y compa\u00f1eros de los medios de comunicaci\u00f3n elevaron de nueva cuenta el clamor a la sociedad por la falta de justicia de los periodistas asesinados en el estado de Veracruz en los \u00faltimos 12 a\u00f1os y que no recibieron justicia.<\/p>\n\n\n\n<p>Mientras la Fiscal General del Estado; Ver\u00f3nica Hern\u00e1ndez, disfrutaba de una cabalgata en Colipa, en el norte del estado, en la Plaza Lerdo los periodistas gr\u00e1ficos, de medios impresos, radio y digitales, colocaban fotograf\u00edas de los compa\u00f1eros asesinados por su labor de comunicaci\u00f3n; en especial cuatro de ellos del Puerto de Veracruz que, precisamente el 3 de abril de hace 10 a\u00f1os fueron descuartizados y arrojados en bolsas negras en el canal de Zamarona.<\/p>\n\n\n\n<p>En total han sido 31 periodistas y comunicadores asesinados en los \u00faltimos 12 a\u00f1os, sin que exista justicia para sus memorias, en algunos casos existen avances y respuestas poco claras para las familias, pero en la mayor\u00eda, las investigaciones ya son parte de los archivos muertos, los \u201cesclarecimientos\u201d de los cr\u00edmenes no satisfacen a la sociedad ni a las familias.<\/p>\n\n\n\n<p>Con las estad\u00edsticas de periodistas asesinados, el estado de Veracruz se mantiene como una de las entidades del pa\u00eds, m\u00e1s peligrosas para ejercer la libertad de expresan en un medio formal o informal de comunicaci\u00f3n.<\/p>\n","protected":false},"excerpt":{"rendered":"<p>Ignacio AlvarezPluma Negra Al igual que el Grupo MAS en Veracruz, en Boca del R\u00edo, el Grupo CAB Acciona, se ha convertido en un dolor de cabeza para los usuarios en este a\u00f1o aumentaron un 7.7 por ciento el costo del servicio y mantiene una pol\u00edtica de acoso a sus clientes con el monopolio del [&hellip;]<\/p>\n","protected":false},"author":2,"featured_media":0,"comment_status":"closed","ping_status":"closed","sticky":false,"template":"","format":"standard","meta":{"tdm_status":"","tdm_grid_status":"","footnotes":""},"categories":[70],"tags":[601,11614,33152,33150,33149,28674,33151,29830],"class_list":{"0":"post-89446","1":"post","2":"type-post","3":"status-publish","4":"format-standard","6":"category-de-opinion","7":"tag-boca-del-rio","8":"tag-dia-internacional-de-la-libertad-de-expresion","9":"tag-fiscal-general-del-estado-veronica-hernandez","10":"tag-grupo-cab-acciona","11":"tag-grupo-mas-en-veracruz","12":"tag-ignacio-alvarez","13":"tag-marco-antonio-moncayo-parra","14":"tag-movimiento-renovador-democratico"},"yoast_head":"<!-- This site is optimized with the Yoast SEO plugin v27.4 - https:\/\/yoast.com\/product\/yoast-seo-wordpress\/ -->\n<title>MRD contra CAB - Los pol\u00edticos Veracruz<\/title>\n<meta name=\"robots\" content=\"index, follow, max-snippet:-1, max-image-preview:large, max-video-preview:-1\" \/>\n<link rel=\"canonical\" href=\"https:\/\/lospoliticosveracruz.com\/?p=89446\" \/>\n<meta property=\"og:locale\" content=\"es_ES\" \/>\n<meta property=\"og:type\" content=\"article\" \/>\n<meta property=\"og:title\" content=\"MRD contra CAB - Los pol\u00edticos Veracruz\" \/>\n<meta property=\"og:description\" content=\"Ignacio AlvarezPluma Negra Al igual que el Grupo MAS en Veracruz, en Boca del R\u00edo, el Grupo CAB Acciona, se ha convertido en un dolor de cabeza para los usuarios en este a\u00f1o aumentaron un 7.7 por ciento el costo del servicio y mantiene una pol\u00edtica de acoso a sus clientes con el monopolio del [&hellip;]\" \/>\n<meta property=\"og:url\" content=\"https:\/\/lospoliticosveracruz.com\/?p=89446\" \/>\n<meta property=\"og:site_name\" content=\"Los pol\u00edticos Veracruz\" \/>\n<meta property=\"article:publisher\" content=\"https:\/\/www.facebook.com\/people\/Notimemes-de-los-Polticos\/61565672886568\/\" \/>\n<meta property=\"article:published_time\" content=\"2022-05-04T15:21:33+00:00\" \/>\n<meta property=\"article:modified_time\" content=\"2022-05-04T15:21:39+00:00\" \/>\n<meta property=\"og:image\" content=\"https:\/\/lospoliticosveracruz.com\/wp-content\/uploads\/2016\/07\/Logo-Dor.jpg\" \/>\n\t<meta property=\"og:image:width\" content=\"200\" \/>\n\t<meta property=\"og:image:height\" content=\"200\" \/>\n\t<meta property=\"og:image:type\" content=\"image\/jpeg\" \/>\n<meta name=\"author\" content=\"Lo viste en Los Pol\u00edticos\" \/>\n<meta name=\"twitter:card\" content=\"summary_large_image\" \/>\n<meta name=\"twitter:creator\" content=\"@LosPoliticosVer\" \/>\n<meta name=\"twitter:site\" content=\"@LosPoliticosVer\" \/>\n<meta name=\"twitter:label1\" content=\"Escrito por\" \/>\n\t<meta name=\"twitter:data1\" content=\"Lo viste en Los Pol\u00edticos\" \/>\n\t<meta name=\"twitter:label2\" content=\"Tiempo de lectura\" \/>\n\t<meta name=\"twitter:data2\" content=\"2 minutos\" \/>\n<script type=\"application\/ld+json\" class=\"yoast-schema-graph\">{\"@context\":\"https:\\\/\\\/schema.org\",\"@graph\":[{\"@type\":\"Article\",\"@id\":\"https:\\\/\\\/lospoliticosveracruz.com\\\/?p=89446#article\",\"isPartOf\":{\"@id\":\"https:\\\/\\\/lospoliticosveracruz.com\\\/?p=89446\"},\"author\":{\"name\":\"Lo viste en Los Pol\u00edticos\",\"@id\":\"https:\\\/\\\/lospoliticosveracruz.com\\\/#\\\/schema\\\/person\\\/b8702bb0e538456e6efd07080bf2a4a2\"},\"headline\":\"MRD contra CAB\",\"datePublished\":\"2022-05-04T15:21:33+00:00\",\"dateModified\":\"2022-05-04T15:21:39+00:00\",\"mainEntityOfPage\":{\"@id\":\"https:\\\/\\\/lospoliticosveracruz.com\\\/?p=89446\"},\"wordCount\":452,\"publisher\":{\"@id\":\"https:\\\/\\\/lospoliticosveracruz.com\\\/#organization\"},\"keywords\":[\"Boca del R\u00edo\",\"D\u00eda Internacional de la Libertad de Expresi\u00f3n\",\"Fiscal General del Estado; Ver\u00f3nica Hern\u00e1ndez\",\"Grupo CAB Acciona\",\"Grupo MAS en Veracruz\",\"Ignacio Alvarez\",\"Marco Antonio Moncayo Parra\",\"Movimiento Renovador Democr\u00e1tico\"],\"articleSection\":[\"De Opini\u00f3n\"],\"inLanguage\":\"es\"},{\"@type\":\"WebPage\",\"@id\":\"https:\\\/\\\/lospoliticosveracruz.com\\\/?p=89446\",\"url\":\"https:\\\/\\\/lospoliticosveracruz.com\\\/?p=89446\",\"name\":\"MRD contra CAB - Los pol\u00edticos Veracruz\",\"isPartOf\":{\"@id\":\"https:\\\/\\\/lospoliticosveracruz.com\\\/#website\"},\"datePublished\":\"2022-05-04T15:21:33+00:00\",\"dateModified\":\"2022-05-04T15:21:39+00:00\",\"breadcrumb\":{\"@id\":\"https:\\\/\\\/lospoliticosveracruz.com\\\/?p=89446#breadcrumb\"},\"inLanguage\":\"es\",\"potentialAction\":[{\"@type\":\"ReadAction\",\"target\":[\"https:\\\/\\\/lospoliticosveracruz.com\\\/?p=89446\"]}]},{\"@type\":\"BreadcrumbList\",\"@id\":\"https:\\\/\\\/lospoliticosveracruz.com\\\/?p=89446#breadcrumb\",\"itemListElement\":[{\"@type\":\"ListItem\",\"position\":1,\"name\":\"Portada\",\"item\":\"https:\\\/\\\/lospoliticosveracruz.com\\\/\"},{\"@type\":\"ListItem\",\"position\":2,\"name\":\"MRD contra CAB\"}]},{\"@type\":\"WebSite\",\"@id\":\"https:\\\/\\\/lospoliticosveracruz.com\\\/#website\",\"url\":\"https:\\\/\\\/lospoliticosveracruz.com\\\/\",\"name\":\"Los pol\u00edticos Veracruz\",\"description\":\"\",\"publisher\":{\"@id\":\"https:\\\/\\\/lospoliticosveracruz.com\\\/#organization\"},\"potentialAction\":[{\"@type\":\"SearchAction\",\"target\":{\"@type\":\"EntryPoint\",\"urlTemplate\":\"https:\\\/\\\/lospoliticosveracruz.com\\\/?s={search_term_string}\"},\"query-input\":{\"@type\":\"PropertyValueSpecification\",\"valueRequired\":true,\"valueName\":\"search_term_string\"}}],\"inLanguage\":\"es\"},{\"@type\":\"Organization\",\"@id\":\"https:\\\/\\\/lospoliticosveracruz.com\\\/#organization\",\"name\":\"Los pol\u00edticos Veracruz\",\"url\":\"https:\\\/\\\/lospoliticosveracruz.com\\\/\",\"logo\":{\"@type\":\"ImageObject\",\"inLanguage\":\"es\",\"@id\":\"https:\\\/\\\/lospoliticosveracruz.com\\\/#\\\/schema\\\/logo\\\/image\\\/\",\"url\":\"https:\\\/\\\/lospoliticosveracruz.com\\\/wp-content\\\/uploads\\\/2025\\\/12\\\/Logo-Nuevo-LOS-POLITICOS-1.jpg\",\"contentUrl\":\"https:\\\/\\\/lospoliticosveracruz.com\\\/wp-content\\\/uploads\\\/2025\\\/12\\\/Logo-Nuevo-LOS-POLITICOS-1.jpg\",\"width\":260,\"height\":70,\"caption\":\"Los pol\u00edticos Veracruz\"},\"image\":{\"@id\":\"https:\\\/\\\/lospoliticosveracruz.com\\\/#\\\/schema\\\/logo\\\/image\\\/\"},\"sameAs\":[\"https:\\\/\\\/www.facebook.com\\\/people\\\/Notimemes-de-los-Polticos\\\/61565672886568\\\/\",\"https:\\\/\\\/x.com\\\/LosPoliticosVer\"]},{\"@type\":\"Person\",\"@id\":\"https:\\\/\\\/lospoliticosveracruz.com\\\/#\\\/schema\\\/person\\\/b8702bb0e538456e6efd07080bf2a4a2\",\"name\":\"Lo viste en Los Pol\u00edticos\",\"image\":{\"@type\":\"ImageObject\",\"inLanguage\":\"es\",\"@id\":\"https:\\\/\\\/secure.gravatar.com\\\/avatar\\\/3a8de04a2656d44082be478bd6c086daa447c4651605818287b9532d3d0bd435?s=96&d=mm&r=g\",\"url\":\"https:\\\/\\\/secure.gravatar.com\\\/avatar\\\/3a8de04a2656d44082be478bd6c086daa447c4651605818287b9532d3d0bd435?s=96&d=mm&r=g\",\"contentUrl\":\"https:\\\/\\\/secure.gravatar.com\\\/avatar\\\/3a8de04a2656d44082be478bd6c086daa447c4651605818287b9532d3d0bd435?s=96&d=mm&r=g\",\"caption\":\"Lo viste en Los Pol\u00edticos\"},\"url\":\"https:\\\/\\\/lospoliticosveracruz.com\\\/?author=2\"}]}<\/script>\n<!-- \/ Yoast SEO plugin. -->","yoast_head_json":{"title":"MRD contra CAB - Los pol\u00edticos Veracruz","robots":{"index":"index","follow":"follow","max-snippet":"max-snippet:-1","max-image-preview":"max-image-preview:large","max-video-preview":"max-video-preview:-1"},"canonical":"https:\/\/lospoliticosveracruz.com\/?p=89446","og_locale":"es_ES","og_type":"article","og_title":"MRD contra CAB - Los pol\u00edticos Veracruz","og_description":"Ignacio AlvarezPluma Negra Al igual que el Grupo MAS en Veracruz, en Boca del R\u00edo, el Grupo CAB Acciona, se ha convertido en un dolor de cabeza para los usuarios en este a\u00f1o aumentaron un 7.7 por ciento el costo del servicio y mantiene una pol\u00edtica de acoso a sus clientes con el monopolio del [&hellip;]","og_url":"https:\/\/lospoliticosveracruz.com\/?p=89446","og_site_name":"Los pol\u00edticos Veracruz","article_publisher":"https:\/\/www.facebook.com\/people\/Notimemes-de-los-Polticos\/61565672886568\/","article_published_time":"2022-05-04T15:21:33+00:00","article_modified_time":"2022-05-04T15:21:39+00:00","og_image":[{"width":200,"height":200,"url":"https:\/\/lospoliticosveracruz.com\/wp-content\/uploads\/2016\/07\/Logo-Dor.jpg","type":"image\/jpeg"}],"author":"Lo viste en Los Pol\u00edticos","twitter_card":"summary_large_image","twitter_creator":"@LosPoliticosVer","twitter_site":"@LosPoliticosVer","twitter_misc":{"Escrito por":"Lo viste en Los Pol\u00edticos","Tiempo de lectura":"2 minutos"},"schema":{"@context":"https:\/\/schema.org","@graph":[{"@type":"Article","@id":"https:\/\/lospoliticosveracruz.com\/?p=89446#article","isPartOf":{"@id":"https:\/\/lospoliticosveracruz.com\/?p=89446"},"author":{"name":"Lo viste en Los Pol\u00edticos","@id":"https:\/\/lospoliticosveracruz.com\/#\/schema\/person\/b8702bb0e538456e6efd07080bf2a4a2"},"headline":"MRD contra CAB","datePublished":"2022-05-04T15:21:33+00:00","dateModified":"2022-05-04T15:21:39+00:00","mainEntityOfPage":{"@id":"https:\/\/lospoliticosveracruz.com\/?p=89446"},"wordCount":452,"publisher":{"@id":"https:\/\/lospoliticosveracruz.com\/#organization"},"keywords":["Boca del R\u00edo","D\u00eda Internacional de la Libertad de Expresi\u00f3n","Fiscal General del Estado; Ver\u00f3nica Hern\u00e1ndez","Grupo CAB Acciona","Grupo MAS en Veracruz","Ignacio Alvarez","Marco Antonio Moncayo Parra","Movimiento Renovador Democr\u00e1tico"],"articleSection":["De Opini\u00f3n"],"inLanguage":"es"},{"@type":"WebPage","@id":"https:\/\/lospoliticosveracruz.com\/?p=89446","url":"https:\/\/lospoliticosveracruz.com\/?p=89446","name":"MRD contra CAB - Los pol\u00edticos Veracruz","isPartOf":{"@id":"https:\/\/lospoliticosveracruz.com\/#website"},"datePublished":"2022-05-04T15:21:33+00:00","dateModified":"2022-05-04T15:21:39+00:00","breadcrumb":{"@id":"https:\/\/lospoliticosveracruz.com\/?p=89446#breadcrumb"},"inLanguage":"es","potentialAction":[{"@type":"ReadAction","target":["https:\/\/lospoliticosveracruz.com\/?p=89446"]}]},{"@type":"BreadcrumbList","@id":"https:\/\/lospoliticosveracruz.com\/?p=89446#breadcrumb","itemListElement":[{"@type":"ListItem","position":1,"name":"Portada","item":"https:\/\/lospoliticosveracruz.com\/"},{"@type":"ListItem","position":2,"name":"MRD contra CAB"}]},{"@type":"WebSite","@id":"https:\/\/lospoliticosveracruz.com\/#website","url":"https:\/\/lospoliticosveracruz.com\/","name":"Los pol\u00edticos Veracruz","description":"","publisher":{"@id":"https:\/\/lospoliticosveracruz.com\/#organization"},"potentialAction":[{"@type":"SearchAction","target":{"@type":"EntryPoint","urlTemplate":"https:\/\/lospoliticosveracruz.com\/?s={search_term_string}"},"query-input":{"@type":"PropertyValueSpecification","valueRequired":true,"valueName":"search_term_string"}}],"inLanguage":"es"},{"@type":"Organization","@id":"https:\/\/lospoliticosveracruz.com\/#organization","name":"Los pol\u00edticos Veracruz","url":"https:\/\/lospoliticosveracruz.com\/","logo":{"@type":"ImageObject","inLanguage":"es","@id":"https:\/\/lospoliticosveracruz.com\/#\/schema\/logo\/image\/","url":"https:\/\/lospoliticosveracruz.com\/wp-content\/uploads\/2025\/12\/Logo-Nuevo-LOS-POLITICOS-1.jpg","contentUrl":"https:\/\/lospoliticosveracruz.com\/wp-content\/uploads\/2025\/12\/Logo-Nuevo-LOS-POLITICOS-1.jpg","width":260,"height":70,"caption":"Los pol\u00edticos Veracruz"},"image":{"@id":"https:\/\/lospoliticosveracruz.com\/#\/schema\/logo\/image\/"},"sameAs":["https:\/\/www.facebook.com\/people\/Notimemes-de-los-Polticos\/61565672886568\/","https:\/\/x.com\/LosPoliticosVer"]},{"@type":"Person","@id":"https:\/\/lospoliticosveracruz.com\/#\/schema\/person\/b8702bb0e538456e6efd07080bf2a4a2","name":"Lo viste en Los Pol\u00edticos","image":{"@type":"ImageObject","inLanguage":"es","@id":"https:\/\/secure.gravatar.com\/avatar\/3a8de04a2656d44082be478bd6c086daa447c4651605818287b9532d3d0bd435?s=96&d=mm&r=g","url":"https:\/\/secure.gravatar.com\/avatar\/3a8de04a2656d44082be478bd6c086daa447c4651605818287b9532d3d0bd435?s=96&d=mm&r=g","contentUrl":"https:\/\/secure.gravatar.com\/avatar\/3a8de04a2656d44082be478bd6c086daa447c4651605818287b9532d3d0bd435?s=96&d=mm&r=g","caption":"Lo viste en Los Pol\u00edticos"},"url":"https:\/\/lospoliticosveracruz.com\/?author=2"}]}},"_links":{"self":[{"href":"https:\/\/lospoliticosveracruz.com\/index.php?rest_route=\/wp\/v2\/posts\/89446","targetHints":{"allow":["GET"]}}],"collection":[{"href":"https:\/\/lospoliticosveracruz.com\/index.php?rest_route=\/wp\/v2\/posts"}],"about":[{"href":"https:\/\/lospoliticosveracruz.com\/index.php?rest_route=\/wp\/v2\/types\/post"}],"author":[{"embeddable":true,"href":"https:\/\/lospoliticosveracruz.com\/index.php?rest_route=\/wp\/v2\/users\/2"}],"replies":[{"embeddable":true,"href":"https:\/\/lospoliticosveracruz.com\/index.php?rest_route=%2Fwp%2Fv2%2Fcomments&post=89446"}],"version-history":[{"count":1,"href":"https:\/\/lospoliticosveracruz.com\/index.php?rest_route=\/wp\/v2\/posts\/89446\/revisions"}],"predecessor-version":[{"id":89448,"href":"https:\/\/lospoliticosveracruz.com\/index.php?rest_route=\/wp\/v2\/posts\/89446\/revisions\/89448"}],"wp:attachment":[{"href":"https:\/\/lospoliticosveracruz.com\/index.php?rest_route=%2Fwp%2Fv2%2Fmedia&parent=89446"}],"wp:term":[{"taxonomy":"category","embeddable":true,"href":"https:\/\/lospoliticosveracruz.com\/index.php?rest_route=%2Fwp%2Fv2%2Fcategories&post=89446"},{"taxonomy":"post_tag","embeddable":true,"href":"https:\/\/lospoliticosveracruz.com\/index.php?rest_route=%2Fwp%2Fv2%2Ftags&post=89446"}],"curies":[{"name":"wp","href":"https:\/\/api.w.org\/{rel}","templated":true}]}}