{"id":89595,"date":"2022-05-09T01:24:00","date_gmt":"2022-05-09T06:24:00","guid":{"rendered":"https:\/\/lospoliticosveracruz.com.mx\/?p=89595"},"modified":"2022-05-08T22:28:49","modified_gmt":"2022-05-09T03:28:49","slug":"34","status":"publish","type":"post","link":"https:\/\/lospoliticosveracruz.com\/?p=89595","title":{"rendered":"34"},"content":{"rendered":"\n<p><br><strong>Guadalupe H. Mar<br><\/strong><em>Mira Pol\u00edtica<\/em><\/p>\n\n\n\n<p>PERIODISTAS ASESINADOS \u2026 En la actual administraci\u00f3n federal que preside Andr\u00e9s Manuel L\u00f3pez Obrador, han sido asesinados 34 periodistas, con niveles casi totales de impunidad, el \u00faltimo de ellos, Lu\u00eds Enrique Ram\u00edrez Ramos, en Culiac\u00e1n, Sinaloa, quien se desempe\u00f1aba como columnista en el peri\u00f3dico El Debate y director del portal de noticias Fuentes Fidedignas, medios en los que se aboc\u00f3 a la cobertura de los temas pol\u00edticos del estado.<\/p>\n\n\n\n<div class=\"wp-block-image\"><figure class=\"alignleft size-large is-resized\"><a href=\"https:\/\/lospoliticosveracruz.com.mx\/wp-content\/uploads\/2021\/10\/WhatsApp-Image-2021-10-02-at-15.20.25.jpeg\"><img loading=\"lazy\" decoding=\"async\" src=\"https:\/\/lospoliticosveracruz.com.mx\/wp-content\/uploads\/2021\/10\/WhatsApp-Image-2021-10-02-at-15.20.25-724x1024.jpeg\" alt=\"\" class=\"wp-image-80177\" width=\"300\" height=\"400\"\/><\/a><\/figure><\/div>\n\n\n\n<p><br>Ante el artero crimen del periodista y escritor, Luis Enrique Ram\u00edrez Ramos, sucedido luego de su desaparici\u00f3n forzada, periodistas y acad\u00e9micos de todo el pa\u00eds, firmaron un pronunciamiento exigiendo al gobierno mexicano \u201cno descartar la labor period\u00edstica como una de las l\u00edneas prioritarias de investigaci\u00f3n en este caso y realizar un proceso transparente de cara a la sociedad sinaloense y a los familiares de la v\u00edctima, para llegar a la verdad de estos hechos\u201d.<br>\u201cCon el asesinato de Luis Enrique sumar\u00edan ya nueve periodistas asesinados en lo que va del a\u00f1o en nuestro pa\u00eds y el primero en Sinaloa\u201d.<br>Tan solo en este sexenio, encabezado por el Presidente Andr\u00e9s Manuel L\u00f3pez Obrador, de manera violenta han perdido la vida 34 periodistas y comunicadores con niveles casi totales de impunidad\u201d.<br>Se advierte en este pronunciamiento que se hizo a nivel nacional, que \u201cel reprobable crimen de nuestro compa\u00f1ero se produce justo cuando la iniciativa de Ley de Protecci\u00f3n a Periodistas y Personas Defensoras de Derechos Humanos se mantiene en la congeladora legislativa desde hace casi tres a\u00f1os, a pesar de los constantes reclamos del gremio period\u00edstico y de los activistas del estado al Congreso de Sinaloa\u201d.<br>Se advierte tambi\u00e9n que el asesinato de Luis Enrique Ram\u00edrez Ramos, se sucede a unos d\u00edas del quinto aniversario luctuoso del periodista Javier Valdez C\u00e1rdenas, quien igualmente fue privado de la vida por manos asesinas en Culiac\u00e1n, Sinaloa, los que \u201cnos obligan a revivir el horror y la impotencia, as\u00ed como la demanda de justicia para aquellos que por cumplir con su deber de informar deben entregar la vida\u201d.<br>LA REACCI\u00d3N \u2026 Tambi\u00e9n como parte de la protesta, este lunes nueve de mayo, a partir de las cinco de la tarde en el monumento del \u00c1ngel de la Independencia, all\u00e1 en la Ciudad de M\u00e9xico, se realizar\u00e1 una concentraci\u00f3n protesta por el asesinato del periodista Lu\u00eds Enrique Ram\u00edrez Ramos, as\u00ed como para exigir se esclarezca el crimen.<br>Seguramente en algunas otras ciudades del pa\u00eds se llevar\u00e1n a cabo protestas similares, pues el asesinato de Luis Enrique ha provocado una generalizada indignaci\u00f3n.<br>NO ERAN ARISCOS \u2026 No est\u00e1n ustedes para saberlo amables lectores, pero vecinos de fraccionamientos de la llamada \u201cRiviera Veracruzana\u201d, que va de Boca del R\u00edo a la comunidad de Ant\u00f3n Lizardo en el municipio de Alvarado, se han organizado para adquirir e instalar equipos de videovigilancia en sus domicilios, para inhibir el accionar de ladrones, que poco se ven en esas zonas por la vigilancia que ellos mismos contratan.<br>Los equipos de videovigilancia que est\u00e1n instalando, los cuales incluso transmiten en tiempo real a trav\u00e9s de la internet, est\u00e1n enfocados sobre todo a la parte frontal de sus domicilios, particularmente al \u00e1rea donde se encuentra el medidor de energ\u00eda el\u00e9ctrica que monitorean a la distancia pues as\u00f3mbrense, los cuidan de los empleados de la Comisi\u00f3n Federal de Electricidad que de repente se presentan en los fraccionamientos de la llamada \u201cRiviera Veracruzana\u201d, en horas que no hay nadie en casa levantando actas administrativas, sin testigos, sin dar oportunidad de aclaraci\u00f3n alguna, argumentando que \u201clos equipos fueron manipulados\u201d.<br>Con este video monitoreo, los vecinos se percatan de la subrepticia llegada del personal de la CFE y graban su proceder, pues como mencionamos, los empleados de la paraestatal act\u00faan sin solicitar la presencia de testigos en horas que no hay nadie en casa.<br>NO DAN UNA \u2026 Por cierto, all\u00e1 en la ciudad de Poza Rica, los constantes apagones o inesperadas suspensiones del servicio de energ\u00eda el\u00e9ctrica de la CFE, est\u00e1n afectando a miles de personas, ya que se interrumpe el bombeo de agua potable que hace la CAEV que es quien recibe los reclamos de los desesperados vecinos de muchas colonias por la falta del vital l\u00edquido en estos d\u00edas de intenso calor.<br>D\u00cdGALO SIN MIEDO \u2026 Al correo electr\u00f3nico guadalupehmar@yahoo.com<\/p>\n","protected":false},"excerpt":{"rendered":"<p>Guadalupe H. MarMira Pol\u00edtica PERIODISTAS ASESINADOS \u2026 En la actual administraci\u00f3n federal que preside Andr\u00e9s Manuel L\u00f3pez Obrador, han sido asesinados 34 periodistas, con niveles casi totales de impunidad, el \u00faltimo de ellos, Lu\u00eds Enrique Ram\u00edrez Ramos, en Culiac\u00e1n, Sinaloa, quien se desempe\u00f1aba como columnista en el peri\u00f3dico El Debate y director del portal de [&hellip;]<\/p>\n","protected":false},"author":2,"featured_media":0,"comment_status":"closed","ping_status":"closed","sticky":false,"template":"","format":"standard","meta":{"tdm_status":"","tdm_grid_status":"","footnotes":""},"categories":[70],"tags":[618,3739,4973,15490,1606,8338,33195,33194,1026,1267,6868],"class_list":{"0":"post-89595","1":"post","2":"type-post","3":"status-publish","4":"format-standard","6":"category-de-opinion","7":"tag-andres-manuel-lopez-obrador","8":"tag-caev","9":"tag-cfe","10":"tag-culiacan","11":"tag-guadalupe-h-mar","12":"tag-javier-valdez-cardenas","13":"tag-ley-de-proteccion-a-periodistas","14":"tag-luis-enrique-ramirez-ramos","15":"tag-morena","16":"tag-poza-rica","17":"tag-sinaloa"},"yoast_head":"<!-- This site is optimized with the Yoast SEO plugin v27.4 - https:\/\/yoast.com\/product\/yoast-seo-wordpress\/ -->\n<title>34 - Los pol\u00edticos Veracruz<\/title>\n<meta name=\"robots\" content=\"index, follow, max-snippet:-1, max-image-preview:large, max-video-preview:-1\" \/>\n<link rel=\"canonical\" href=\"https:\/\/lospoliticosveracruz.com\/?p=89595\" \/>\n<meta property=\"og:locale\" content=\"es_ES\" \/>\n<meta property=\"og:type\" content=\"article\" \/>\n<meta property=\"og:title\" content=\"34 - Los pol\u00edticos Veracruz\" \/>\n<meta property=\"og:description\" content=\"Guadalupe H. MarMira Pol\u00edtica PERIODISTAS ASESINADOS \u2026 En la actual administraci\u00f3n federal que preside Andr\u00e9s Manuel L\u00f3pez Obrador, han sido asesinados 34 periodistas, con niveles casi totales de impunidad, el \u00faltimo de ellos, Lu\u00eds Enrique Ram\u00edrez Ramos, en Culiac\u00e1n, Sinaloa, quien se desempe\u00f1aba como columnista en el peri\u00f3dico El Debate y director del portal de [&hellip;]\" \/>\n<meta property=\"og:url\" content=\"https:\/\/lospoliticosveracruz.com\/?p=89595\" \/>\n<meta property=\"og:site_name\" content=\"Los pol\u00edticos Veracruz\" \/>\n<meta property=\"article:publisher\" content=\"https:\/\/www.facebook.com\/people\/Notimemes-de-los-Polticos\/61565672886568\/\" \/>\n<meta property=\"article:published_time\" content=\"2022-05-09T06:24:00+00:00\" \/>\n<meta property=\"og:image\" content=\"https:\/\/lospoliticosveracruz.com.mx\/wp-content\/uploads\/2021\/10\/WhatsApp-Image-2021-10-02-at-15.20.25-724x1024.jpeg\" \/>\n<meta name=\"author\" content=\"Lo viste en Los Pol\u00edticos\" \/>\n<meta name=\"twitter:card\" content=\"summary_large_image\" \/>\n<meta name=\"twitter:creator\" content=\"@LosPoliticosVer\" \/>\n<meta name=\"twitter:site\" content=\"@LosPoliticosVer\" \/>\n<meta name=\"twitter:label1\" content=\"Escrito por\" \/>\n\t<meta name=\"twitter:data1\" content=\"Lo viste en Los Pol\u00edticos\" \/>\n\t<meta name=\"twitter:label2\" content=\"Tiempo de lectura\" \/>\n\t<meta name=\"twitter:data2\" content=\"4 minutos\" \/>\n<script type=\"application\/ld+json\" class=\"yoast-schema-graph\">{\"@context\":\"https:\\\/\\\/schema.org\",\"@graph\":[{\"@type\":\"Article\",\"@id\":\"https:\\\/\\\/lospoliticosveracruz.com\\\/?p=89595#article\",\"isPartOf\":{\"@id\":\"https:\\\/\\\/lospoliticosveracruz.com\\\/?p=89595\"},\"author\":{\"name\":\"Lo viste en Los Pol\u00edticos\",\"@id\":\"https:\\\/\\\/lospoliticosveracruz.com\\\/#\\\/schema\\\/person\\\/b8702bb0e538456e6efd07080bf2a4a2\"},\"headline\":\"34\",\"datePublished\":\"2022-05-09T06:24:00+00:00\",\"mainEntityOfPage\":{\"@id\":\"https:\\\/\\\/lospoliticosveracruz.com\\\/?p=89595\"},\"wordCount\":765,\"publisher\":{\"@id\":\"https:\\\/\\\/lospoliticosveracruz.com\\\/#organization\"},\"image\":{\"@id\":\"https:\\\/\\\/lospoliticosveracruz.com\\\/?p=89595#primaryimage\"},\"thumbnailUrl\":\"https:\\\/\\\/lospoliticosveracruz.com.mx\\\/wp-content\\\/uploads\\\/2021\\\/10\\\/WhatsApp-Image-2021-10-02-at-15.20.25-724x1024.jpeg\",\"keywords\":[\"Andr\u00e9s Manuel L\u00f3pez Obrador\",\"CAEV\",\"CFE\",\"Culiac\u00e1n\",\"Guadalupe H. Mar\",\"Javier Valdez C\u00e1rdenas\",\"Ley de Protecci\u00f3n a Periodistas\",\"Lu\u00eds Enrique Ram\u00edrez Ramos\",\"Morena\",\"Poza Rica\",\"Sinaloa\"],\"articleSection\":[\"De Opini\u00f3n\"],\"inLanguage\":\"es\"},{\"@type\":\"WebPage\",\"@id\":\"https:\\\/\\\/lospoliticosveracruz.com\\\/?p=89595\",\"url\":\"https:\\\/\\\/lospoliticosveracruz.com\\\/?p=89595\",\"name\":\"34 - Los pol\u00edticos Veracruz\",\"isPartOf\":{\"@id\":\"https:\\\/\\\/lospoliticosveracruz.com\\\/#website\"},\"primaryImageOfPage\":{\"@id\":\"https:\\\/\\\/lospoliticosveracruz.com\\\/?p=89595#primaryimage\"},\"image\":{\"@id\":\"https:\\\/\\\/lospoliticosveracruz.com\\\/?p=89595#primaryimage\"},\"thumbnailUrl\":\"https:\\\/\\\/lospoliticosveracruz.com.mx\\\/wp-content\\\/uploads\\\/2021\\\/10\\\/WhatsApp-Image-2021-10-02-at-15.20.25-724x1024.jpeg\",\"datePublished\":\"2022-05-09T06:24:00+00:00\",\"breadcrumb\":{\"@id\":\"https:\\\/\\\/lospoliticosveracruz.com\\\/?p=89595#breadcrumb\"},\"inLanguage\":\"es\",\"potentialAction\":[{\"@type\":\"ReadAction\",\"target\":[\"https:\\\/\\\/lospoliticosveracruz.com\\\/?p=89595\"]}]},{\"@type\":\"ImageObject\",\"inLanguage\":\"es\",\"@id\":\"https:\\\/\\\/lospoliticosveracruz.com\\\/?p=89595#primaryimage\",\"url\":\"https:\\\/\\\/lospoliticosveracruz.com.mx\\\/wp-content\\\/uploads\\\/2021\\\/10\\\/WhatsApp-Image-2021-10-02-at-15.20.25-724x1024.jpeg\",\"contentUrl\":\"https:\\\/\\\/lospoliticosveracruz.com.mx\\\/wp-content\\\/uploads\\\/2021\\\/10\\\/WhatsApp-Image-2021-10-02-at-15.20.25-724x1024.jpeg\"},{\"@type\":\"BreadcrumbList\",\"@id\":\"https:\\\/\\\/lospoliticosveracruz.com\\\/?p=89595#breadcrumb\",\"itemListElement\":[{\"@type\":\"ListItem\",\"position\":1,\"name\":\"Portada\",\"item\":\"https:\\\/\\\/lospoliticosveracruz.com\\\/\"},{\"@type\":\"ListItem\",\"position\":2,\"name\":\"34\"}]},{\"@type\":\"WebSite\",\"@id\":\"https:\\\/\\\/lospoliticosveracruz.com\\\/#website\",\"url\":\"https:\\\/\\\/lospoliticosveracruz.com\\\/\",\"name\":\"Los pol\u00edticos Veracruz\",\"description\":\"\",\"publisher\":{\"@id\":\"https:\\\/\\\/lospoliticosveracruz.com\\\/#organization\"},\"potentialAction\":[{\"@type\":\"SearchAction\",\"target\":{\"@type\":\"EntryPoint\",\"urlTemplate\":\"https:\\\/\\\/lospoliticosveracruz.com\\\/?s={search_term_string}\"},\"query-input\":{\"@type\":\"PropertyValueSpecification\",\"valueRequired\":true,\"valueName\":\"search_term_string\"}}],\"inLanguage\":\"es\"},{\"@type\":\"Organization\",\"@id\":\"https:\\\/\\\/lospoliticosveracruz.com\\\/#organization\",\"name\":\"Los pol\u00edticos Veracruz\",\"url\":\"https:\\\/\\\/lospoliticosveracruz.com\\\/\",\"logo\":{\"@type\":\"ImageObject\",\"inLanguage\":\"es\",\"@id\":\"https:\\\/\\\/lospoliticosveracruz.com\\\/#\\\/schema\\\/logo\\\/image\\\/\",\"url\":\"https:\\\/\\\/lospoliticosveracruz.com\\\/wp-content\\\/uploads\\\/2025\\\/12\\\/Logo-Nuevo-LOS-POLITICOS-1.jpg\",\"contentUrl\":\"https:\\\/\\\/lospoliticosveracruz.com\\\/wp-content\\\/uploads\\\/2025\\\/12\\\/Logo-Nuevo-LOS-POLITICOS-1.jpg\",\"width\":260,\"height\":70,\"caption\":\"Los pol\u00edticos Veracruz\"},\"image\":{\"@id\":\"https:\\\/\\\/lospoliticosveracruz.com\\\/#\\\/schema\\\/logo\\\/image\\\/\"},\"sameAs\":[\"https:\\\/\\\/www.facebook.com\\\/people\\\/Notimemes-de-los-Polticos\\\/61565672886568\\\/\",\"https:\\\/\\\/x.com\\\/LosPoliticosVer\"]},{\"@type\":\"Person\",\"@id\":\"https:\\\/\\\/lospoliticosveracruz.com\\\/#\\\/schema\\\/person\\\/b8702bb0e538456e6efd07080bf2a4a2\",\"name\":\"Lo viste en Los Pol\u00edticos\",\"image\":{\"@type\":\"ImageObject\",\"inLanguage\":\"es\",\"@id\":\"https:\\\/\\\/secure.gravatar.com\\\/avatar\\\/3a8de04a2656d44082be478bd6c086daa447c4651605818287b9532d3d0bd435?s=96&d=mm&r=g\",\"url\":\"https:\\\/\\\/secure.gravatar.com\\\/avatar\\\/3a8de04a2656d44082be478bd6c086daa447c4651605818287b9532d3d0bd435?s=96&d=mm&r=g\",\"contentUrl\":\"https:\\\/\\\/secure.gravatar.com\\\/avatar\\\/3a8de04a2656d44082be478bd6c086daa447c4651605818287b9532d3d0bd435?s=96&d=mm&r=g\",\"caption\":\"Lo viste en Los Pol\u00edticos\"},\"url\":\"https:\\\/\\\/lospoliticosveracruz.com\\\/?author=2\"}]}<\/script>\n<!-- \/ Yoast SEO plugin. -->","yoast_head_json":{"title":"34 - Los pol\u00edticos Veracruz","robots":{"index":"index","follow":"follow","max-snippet":"max-snippet:-1","max-image-preview":"max-image-preview:large","max-video-preview":"max-video-preview:-1"},"canonical":"https:\/\/lospoliticosveracruz.com\/?p=89595","og_locale":"es_ES","og_type":"article","og_title":"34 - Los pol\u00edticos Veracruz","og_description":"Guadalupe H. MarMira Pol\u00edtica PERIODISTAS ASESINADOS \u2026 En la actual administraci\u00f3n federal que preside Andr\u00e9s Manuel L\u00f3pez Obrador, han sido asesinados 34 periodistas, con niveles casi totales de impunidad, el \u00faltimo de ellos, Lu\u00eds Enrique Ram\u00edrez Ramos, en Culiac\u00e1n, Sinaloa, quien se desempe\u00f1aba como columnista en el peri\u00f3dico El Debate y director del portal de [&hellip;]","og_url":"https:\/\/lospoliticosveracruz.com\/?p=89595","og_site_name":"Los pol\u00edticos Veracruz","article_publisher":"https:\/\/www.facebook.com\/people\/Notimemes-de-los-Polticos\/61565672886568\/","article_published_time":"2022-05-09T06:24:00+00:00","og_image":[{"url":"https:\/\/lospoliticosveracruz.com.mx\/wp-content\/uploads\/2021\/10\/WhatsApp-Image-2021-10-02-at-15.20.25-724x1024.jpeg","type":"","width":"","height":""}],"author":"Lo viste en Los Pol\u00edticos","twitter_card":"summary_large_image","twitter_creator":"@LosPoliticosVer","twitter_site":"@LosPoliticosVer","twitter_misc":{"Escrito por":"Lo viste en Los Pol\u00edticos","Tiempo de lectura":"4 minutos"},"schema":{"@context":"https:\/\/schema.org","@graph":[{"@type":"Article","@id":"https:\/\/lospoliticosveracruz.com\/?p=89595#article","isPartOf":{"@id":"https:\/\/lospoliticosveracruz.com\/?p=89595"},"author":{"name":"Lo viste en Los Pol\u00edticos","@id":"https:\/\/lospoliticosveracruz.com\/#\/schema\/person\/b8702bb0e538456e6efd07080bf2a4a2"},"headline":"34","datePublished":"2022-05-09T06:24:00+00:00","mainEntityOfPage":{"@id":"https:\/\/lospoliticosveracruz.com\/?p=89595"},"wordCount":765,"publisher":{"@id":"https:\/\/lospoliticosveracruz.com\/#organization"},"image":{"@id":"https:\/\/lospoliticosveracruz.com\/?p=89595#primaryimage"},"thumbnailUrl":"https:\/\/lospoliticosveracruz.com.mx\/wp-content\/uploads\/2021\/10\/WhatsApp-Image-2021-10-02-at-15.20.25-724x1024.jpeg","keywords":["Andr\u00e9s Manuel L\u00f3pez Obrador","CAEV","CFE","Culiac\u00e1n","Guadalupe H. Mar","Javier Valdez C\u00e1rdenas","Ley de Protecci\u00f3n a Periodistas","Lu\u00eds Enrique Ram\u00edrez Ramos","Morena","Poza Rica","Sinaloa"],"articleSection":["De Opini\u00f3n"],"inLanguage":"es"},{"@type":"WebPage","@id":"https:\/\/lospoliticosveracruz.com\/?p=89595","url":"https:\/\/lospoliticosveracruz.com\/?p=89595","name":"34 - Los pol\u00edticos Veracruz","isPartOf":{"@id":"https:\/\/lospoliticosveracruz.com\/#website"},"primaryImageOfPage":{"@id":"https:\/\/lospoliticosveracruz.com\/?p=89595#primaryimage"},"image":{"@id":"https:\/\/lospoliticosveracruz.com\/?p=89595#primaryimage"},"thumbnailUrl":"https:\/\/lospoliticosveracruz.com.mx\/wp-content\/uploads\/2021\/10\/WhatsApp-Image-2021-10-02-at-15.20.25-724x1024.jpeg","datePublished":"2022-05-09T06:24:00+00:00","breadcrumb":{"@id":"https:\/\/lospoliticosveracruz.com\/?p=89595#breadcrumb"},"inLanguage":"es","potentialAction":[{"@type":"ReadAction","target":["https:\/\/lospoliticosveracruz.com\/?p=89595"]}]},{"@type":"ImageObject","inLanguage":"es","@id":"https:\/\/lospoliticosveracruz.com\/?p=89595#primaryimage","url":"https:\/\/lospoliticosveracruz.com.mx\/wp-content\/uploads\/2021\/10\/WhatsApp-Image-2021-10-02-at-15.20.25-724x1024.jpeg","contentUrl":"https:\/\/lospoliticosveracruz.com.mx\/wp-content\/uploads\/2021\/10\/WhatsApp-Image-2021-10-02-at-15.20.25-724x1024.jpeg"},{"@type":"BreadcrumbList","@id":"https:\/\/lospoliticosveracruz.com\/?p=89595#breadcrumb","itemListElement":[{"@type":"ListItem","position":1,"name":"Portada","item":"https:\/\/lospoliticosveracruz.com\/"},{"@type":"ListItem","position":2,"name":"34"}]},{"@type":"WebSite","@id":"https:\/\/lospoliticosveracruz.com\/#website","url":"https:\/\/lospoliticosveracruz.com\/","name":"Los pol\u00edticos Veracruz","description":"","publisher":{"@id":"https:\/\/lospoliticosveracruz.com\/#organization"},"potentialAction":[{"@type":"SearchAction","target":{"@type":"EntryPoint","urlTemplate":"https:\/\/lospoliticosveracruz.com\/?s={search_term_string}"},"query-input":{"@type":"PropertyValueSpecification","valueRequired":true,"valueName":"search_term_string"}}],"inLanguage":"es"},{"@type":"Organization","@id":"https:\/\/lospoliticosveracruz.com\/#organization","name":"Los pol\u00edticos Veracruz","url":"https:\/\/lospoliticosveracruz.com\/","logo":{"@type":"ImageObject","inLanguage":"es","@id":"https:\/\/lospoliticosveracruz.com\/#\/schema\/logo\/image\/","url":"https:\/\/lospoliticosveracruz.com\/wp-content\/uploads\/2025\/12\/Logo-Nuevo-LOS-POLITICOS-1.jpg","contentUrl":"https:\/\/lospoliticosveracruz.com\/wp-content\/uploads\/2025\/12\/Logo-Nuevo-LOS-POLITICOS-1.jpg","width":260,"height":70,"caption":"Los pol\u00edticos Veracruz"},"image":{"@id":"https:\/\/lospoliticosveracruz.com\/#\/schema\/logo\/image\/"},"sameAs":["https:\/\/www.facebook.com\/people\/Notimemes-de-los-Polticos\/61565672886568\/","https:\/\/x.com\/LosPoliticosVer"]},{"@type":"Person","@id":"https:\/\/lospoliticosveracruz.com\/#\/schema\/person\/b8702bb0e538456e6efd07080bf2a4a2","name":"Lo viste en Los Pol\u00edticos","image":{"@type":"ImageObject","inLanguage":"es","@id":"https:\/\/secure.gravatar.com\/avatar\/3a8de04a2656d44082be478bd6c086daa447c4651605818287b9532d3d0bd435?s=96&d=mm&r=g","url":"https:\/\/secure.gravatar.com\/avatar\/3a8de04a2656d44082be478bd6c086daa447c4651605818287b9532d3d0bd435?s=96&d=mm&r=g","contentUrl":"https:\/\/secure.gravatar.com\/avatar\/3a8de04a2656d44082be478bd6c086daa447c4651605818287b9532d3d0bd435?s=96&d=mm&r=g","caption":"Lo viste en Los Pol\u00edticos"},"url":"https:\/\/lospoliticosveracruz.com\/?author=2"}]}},"_links":{"self":[{"href":"https:\/\/lospoliticosveracruz.com\/index.php?rest_route=\/wp\/v2\/posts\/89595","targetHints":{"allow":["GET"]}}],"collection":[{"href":"https:\/\/lospoliticosveracruz.com\/index.php?rest_route=\/wp\/v2\/posts"}],"about":[{"href":"https:\/\/lospoliticosveracruz.com\/index.php?rest_route=\/wp\/v2\/types\/post"}],"author":[{"embeddable":true,"href":"https:\/\/lospoliticosveracruz.com\/index.php?rest_route=\/wp\/v2\/users\/2"}],"replies":[{"embeddable":true,"href":"https:\/\/lospoliticosveracruz.com\/index.php?rest_route=%2Fwp%2Fv2%2Fcomments&post=89595"}],"version-history":[{"count":1,"href":"https:\/\/lospoliticosveracruz.com\/index.php?rest_route=\/wp\/v2\/posts\/89595\/revisions"}],"predecessor-version":[{"id":89596,"href":"https:\/\/lospoliticosveracruz.com\/index.php?rest_route=\/wp\/v2\/posts\/89595\/revisions\/89596"}],"wp:attachment":[{"href":"https:\/\/lospoliticosveracruz.com\/index.php?rest_route=%2Fwp%2Fv2%2Fmedia&parent=89595"}],"wp:term":[{"taxonomy":"category","embeddable":true,"href":"https:\/\/lospoliticosveracruz.com\/index.php?rest_route=%2Fwp%2Fv2%2Fcategories&post=89595"},{"taxonomy":"post_tag","embeddable":true,"href":"https:\/\/lospoliticosveracruz.com\/index.php?rest_route=%2Fwp%2Fv2%2Ftags&post=89595"}],"curies":[{"name":"wp","href":"https:\/\/api.w.org\/{rel}","templated":true}]}}