{"id":89657,"date":"2022-05-10T08:34:00","date_gmt":"2022-05-10T13:34:00","guid":{"rendered":"https:\/\/lospoliticosveracruz.com.mx\/?p=89657"},"modified":"2022-05-10T08:34:07","modified_gmt":"2022-05-10T13:34:07","slug":"la-proyeccion-latinoamericana-del-presidente","status":"publish","type":"post","link":"https:\/\/lospoliticosveracruz.com\/?p=89657","title":{"rendered":"La proyecci\u00f3n latinoamericana del Presidente"},"content":{"rendered":"\n<p><\/p>\n\n\n\n<p><strong>Yair Ademar Dom\u00ednguez<br><\/strong><em>Punto y Coma<\/em><\/p>\n\n\n\n<p>Me dio gusto escuchar que en este viaje hist\u00f3rico que el presidente Andr\u00e9s Manuel L\u00f3pez Obrador hizo a Cuba, en su discurso ante el presidente Miguel D\u00edaz-Canel Berm\u00fadez, se haya referido a Veracruz y a la cercan\u00eda que nuestro estado ha mantenido con la isla. \u201cLa migraci\u00f3n de Cuba a M\u00e9xico se advierte m\u00e1s en la cuenca del Papaloapan, en el estado de Veracruz. La Habana es como el puerto de Veracruz, y lo m\u00e1s parecido al cubano es el jarocho, el habitante de esa regi\u00f3n del golfo de M\u00e9xico. Por cierto, de all\u00ed es mi familia paterna\u201d, expuso el mandatario mexicano.<\/p>\n\n\n\n<div class=\"wp-block-image\"><figure class=\"alignleft size-large is-resized\"><a href=\"https:\/\/lospoliticosveracruz.com.mx\/wp-content\/uploads\/2021\/10\/WhatsApp-Image-2021-10-02-at-15.20.25.jpeg\"><img loading=\"lazy\" decoding=\"async\" src=\"https:\/\/lospoliticosveracruz.com.mx\/wp-content\/uploads\/2021\/10\/WhatsApp-Image-2021-10-02-at-15.20.25-724x1024.jpeg\" alt=\"\" class=\"wp-image-80177\" width=\"300\" height=\"450\"\/><\/a><\/figure><\/div>\n\n\n\n<p>Visionario, estadista, preocupado por el caminar de todos los pa\u00edses del Continente, el mandatario mexicano tambi\u00e9n se refiri\u00f3 a la situaci\u00f3n que este pa\u00eds vive con la Uni\u00f3n Americana. Por ello, dijo que intervendr\u00e1, en el marco del respeto institucional, para hablar con el mandatario norteamericano sobre esta situaci\u00f3n.<\/p>\n\n\n\n<p>Por otro lado, defini\u00f3 con mucha claridad: \u201cA t\u00edtulo personal, sostengo que yo nunca he apostado, no apuesto ni apostar\u00e9 al fracaso de la Revoluci\u00f3n cubana, a su legado de justicia y a sus lecciones de independencia y dignidad. Yo nunca voy a participar con golpistas que conspiran contra los ideales de igualdad y fraternidad universal\u201d.<\/p>\n\n\n\n<p>Esta gira que lo llev\u00f3 a Cuba, inici\u00f3 el 5 de mayo con un periplo por Centroam\u00e9rica, visitando Guatemala, El Salvador, Honduras y Belice. Esto, como parte de su estrategia \u201cMirar al sur\u201d, con acciones y hechos solidarios, in\u00e9ditos, que nunca antes un mandatario mexicano hab\u00eda tenido. Se trata, ha dicho, de salir adelante, de sacar a estos pa\u00edses del subdesarrollo y de montarlos en la prosperidad. En cada uno de estos pa\u00edses, el mandatario mexicano lanz\u00f3 mensajes al gobierno de Estados Unidos.<\/p>\n\n\n\n<p>En Guatemala recibi\u00f3 la Condecoraci\u00f3n de la Orden del Quetzal en Grado de Gran Collar. Fue una gira muy productiva, que proyect\u00f3, como es natural, el liderazgo del mandatario mexicano en esta regi\u00f3n.<\/p>\n\n\n\n<p><strong>La transformaci\u00f3n avanza<\/strong><\/p>\n\n\n\n<p>En tanto, en Veracruz, la transformaci\u00f3n avanza y se consolida. Es una revoluci\u00f3n de las ideas, de las conciencias, del modus operandi de siempre a un modus vivendi basado en la honestidad, en la integridad, en el trabajo por y para el pueblo.<\/p>\n\n\n\n<p>Hace unos d\u00edas convivimos con la estructura del Distrito de Coatepec, a quienes les reconozco su entrega, compromiso y apoyo para que la Cuarta Transformaci\u00f3n siga su rumbo. Para el movimiento es importante estar cerca de las bases para que este gobierno se consolide y siga su marcha en futuros procesos electorales.<\/p>\n\n\n\n<p>Soy un convencido de que \u201cla suma de voluntades y el intercambio de ideas, son pieza fundamental para continuar con la Transformaci\u00f3n de Veracruz y as\u00ed lo estamos haciendo. En esa misma din\u00e1mica el domingo pasado nos reunimos en Emiliano Zapata con compa\u00f1eros y amigos qu\u00e9 forman parte de la estructura en el Distrito 8. Me siento muy contento con los logros del trabajo que hemos obtenido, haciendo equipo por la transformaci\u00f3n de Veracruz.<\/p>\n\n\n\n<p>Detr\u00e1s de este movimiento est\u00e1 el trabajo, el esfuerzo y las convicciones de muchos ciudadanos que trabajan d\u00eda a d\u00eda para que las cosas cambien. Ya lo hemos dicho de muchas maneras: en la pol\u00edtica no existe la magia; la sociedad se transforma con la voluntad de los gobernantes y con el trabajo de todos. As\u00ed que la consolidaci\u00f3n de la transformaci\u00f3n en Veracruz pasa por el esfuerzo de todos.<\/p>\n\n\n\n<p>Comentarios: Facebook Yair Ademar Dominguez Twitter @YairAdemar<\/p>\n","protected":false},"excerpt":{"rendered":"<p>Yair Ademar Dom\u00ednguezPunto y Coma Me dio gusto escuchar que en este viaje hist\u00f3rico que el presidente Andr\u00e9s Manuel L\u00f3pez Obrador hizo a Cuba, en su discurso ante el presidente Miguel D\u00edaz-Canel Berm\u00fadez, se haya referido a Veracruz y a la cercan\u00eda que nuestro estado ha mantenido con la isla. \u201cLa migraci\u00f3n de Cuba a [&hellip;]<\/p>\n","protected":false},"author":2,"featured_media":0,"comment_status":"closed","ping_status":"closed","sticky":false,"template":"","format":"standard","meta":{"tdm_status":"","tdm_grid_status":"","footnotes":""},"categories":[70],"tags":[618,12744,17081,3308,13056,33223,33222,20652],"class_list":{"0":"post-89657","1":"post","2":"type-post","3":"status-publish","4":"format-standard","6":"category-de-opinion","7":"tag-andres-manuel-lopez-obrador","8":"tag-cuarta-transformacion","9":"tag-el-salvador","10":"tag-guatemala","11":"tag-honduras","12":"tag-migracion-de-cuba","13":"tag-miguel-diaz-canel-bermudez","14":"tag-yair-ademar-dominguez"},"yoast_head":"<!-- This site is optimized with the Yoast SEO plugin v27.4 - https:\/\/yoast.com\/product\/yoast-seo-wordpress\/ -->\n<title>La proyecci\u00f3n latinoamericana del Presidente - Los pol\u00edticos Veracruz<\/title>\n<meta name=\"robots\" content=\"index, follow, max-snippet:-1, max-image-preview:large, max-video-preview:-1\" \/>\n<link rel=\"canonical\" href=\"https:\/\/lospoliticosveracruz.com\/?p=89657\" \/>\n<meta property=\"og:locale\" content=\"es_ES\" \/>\n<meta property=\"og:type\" content=\"article\" \/>\n<meta property=\"og:title\" content=\"La proyecci\u00f3n latinoamericana del Presidente - Los pol\u00edticos Veracruz\" \/>\n<meta property=\"og:description\" content=\"Yair Ademar Dom\u00ednguezPunto y Coma Me dio gusto escuchar que en este viaje hist\u00f3rico que el presidente Andr\u00e9s Manuel L\u00f3pez Obrador hizo a Cuba, en su discurso ante el presidente Miguel D\u00edaz-Canel Berm\u00fadez, se haya referido a Veracruz y a la cercan\u00eda que nuestro estado ha mantenido con la isla. \u201cLa migraci\u00f3n de Cuba a [&hellip;]\" \/>\n<meta property=\"og:url\" content=\"https:\/\/lospoliticosveracruz.com\/?p=89657\" \/>\n<meta property=\"og:site_name\" content=\"Los pol\u00edticos Veracruz\" \/>\n<meta property=\"article:publisher\" content=\"https:\/\/www.facebook.com\/people\/Notimemes-de-los-Polticos\/61565672886568\/\" \/>\n<meta property=\"article:published_time\" content=\"2022-05-10T13:34:00+00:00\" \/>\n<meta property=\"article:modified_time\" content=\"2022-05-10T13:34:07+00:00\" \/>\n<meta property=\"og:image\" content=\"https:\/\/lospoliticosveracruz.com.mx\/wp-content\/uploads\/2021\/10\/WhatsApp-Image-2021-10-02-at-15.20.25-724x1024.jpeg\" \/>\n<meta name=\"author\" content=\"Lo viste en Los Pol\u00edticos\" \/>\n<meta name=\"twitter:card\" content=\"summary_large_image\" \/>\n<meta name=\"twitter:creator\" content=\"@LosPoliticosVer\" \/>\n<meta name=\"twitter:site\" content=\"@LosPoliticosVer\" \/>\n<meta name=\"twitter:label1\" content=\"Escrito por\" \/>\n\t<meta name=\"twitter:data1\" content=\"Lo viste en Los Pol\u00edticos\" \/>\n\t<meta name=\"twitter:label2\" content=\"Tiempo de lectura\" \/>\n\t<meta name=\"twitter:data2\" content=\"3 minutos\" \/>\n<script type=\"application\/ld+json\" class=\"yoast-schema-graph\">{\"@context\":\"https:\\\/\\\/schema.org\",\"@graph\":[{\"@type\":\"Article\",\"@id\":\"https:\\\/\\\/lospoliticosveracruz.com\\\/?p=89657#article\",\"isPartOf\":{\"@id\":\"https:\\\/\\\/lospoliticosveracruz.com\\\/?p=89657\"},\"author\":{\"name\":\"Lo viste en Los Pol\u00edticos\",\"@id\":\"https:\\\/\\\/lospoliticosveracruz.com\\\/#\\\/schema\\\/person\\\/b8702bb0e538456e6efd07080bf2a4a2\"},\"headline\":\"La proyecci\u00f3n latinoamericana del Presidente\",\"datePublished\":\"2022-05-10T13:34:00+00:00\",\"dateModified\":\"2022-05-10T13:34:07+00:00\",\"mainEntityOfPage\":{\"@id\":\"https:\\\/\\\/lospoliticosveracruz.com\\\/?p=89657\"},\"wordCount\":625,\"publisher\":{\"@id\":\"https:\\\/\\\/lospoliticosveracruz.com\\\/#organization\"},\"image\":{\"@id\":\"https:\\\/\\\/lospoliticosveracruz.com\\\/?p=89657#primaryimage\"},\"thumbnailUrl\":\"https:\\\/\\\/lospoliticosveracruz.com.mx\\\/wp-content\\\/uploads\\\/2021\\\/10\\\/WhatsApp-Image-2021-10-02-at-15.20.25-724x1024.jpeg\",\"keywords\":[\"Andr\u00e9s Manuel L\u00f3pez Obrador\",\"Cuarta Transformaci\u00f3n\",\"El Salvador\",\"Guatemala\",\"Honduras\",\"migraci\u00f3n de Cuba\",\"Miguel D\u00edaz-Canel Berm\u00fadez\",\"Yair Ademar Dom\u00ednguez\"],\"articleSection\":[\"De Opini\u00f3n\"],\"inLanguage\":\"es\"},{\"@type\":\"WebPage\",\"@id\":\"https:\\\/\\\/lospoliticosveracruz.com\\\/?p=89657\",\"url\":\"https:\\\/\\\/lospoliticosveracruz.com\\\/?p=89657\",\"name\":\"La proyecci\u00f3n latinoamericana del Presidente - Los pol\u00edticos Veracruz\",\"isPartOf\":{\"@id\":\"https:\\\/\\\/lospoliticosveracruz.com\\\/#website\"},\"primaryImageOfPage\":{\"@id\":\"https:\\\/\\\/lospoliticosveracruz.com\\\/?p=89657#primaryimage\"},\"image\":{\"@id\":\"https:\\\/\\\/lospoliticosveracruz.com\\\/?p=89657#primaryimage\"},\"thumbnailUrl\":\"https:\\\/\\\/lospoliticosveracruz.com.mx\\\/wp-content\\\/uploads\\\/2021\\\/10\\\/WhatsApp-Image-2021-10-02-at-15.20.25-724x1024.jpeg\",\"datePublished\":\"2022-05-10T13:34:00+00:00\",\"dateModified\":\"2022-05-10T13:34:07+00:00\",\"breadcrumb\":{\"@id\":\"https:\\\/\\\/lospoliticosveracruz.com\\\/?p=89657#breadcrumb\"},\"inLanguage\":\"es\",\"potentialAction\":[{\"@type\":\"ReadAction\",\"target\":[\"https:\\\/\\\/lospoliticosveracruz.com\\\/?p=89657\"]}]},{\"@type\":\"ImageObject\",\"inLanguage\":\"es\",\"@id\":\"https:\\\/\\\/lospoliticosveracruz.com\\\/?p=89657#primaryimage\",\"url\":\"https:\\\/\\\/lospoliticosveracruz.com.mx\\\/wp-content\\\/uploads\\\/2021\\\/10\\\/WhatsApp-Image-2021-10-02-at-15.20.25-724x1024.jpeg\",\"contentUrl\":\"https:\\\/\\\/lospoliticosveracruz.com.mx\\\/wp-content\\\/uploads\\\/2021\\\/10\\\/WhatsApp-Image-2021-10-02-at-15.20.25-724x1024.jpeg\"},{\"@type\":\"BreadcrumbList\",\"@id\":\"https:\\\/\\\/lospoliticosveracruz.com\\\/?p=89657#breadcrumb\",\"itemListElement\":[{\"@type\":\"ListItem\",\"position\":1,\"name\":\"Portada\",\"item\":\"https:\\\/\\\/lospoliticosveracruz.com\\\/\"},{\"@type\":\"ListItem\",\"position\":2,\"name\":\"La proyecci\u00f3n latinoamericana del Presidente\"}]},{\"@type\":\"WebSite\",\"@id\":\"https:\\\/\\\/lospoliticosveracruz.com\\\/#website\",\"url\":\"https:\\\/\\\/lospoliticosveracruz.com\\\/\",\"name\":\"Los pol\u00edticos Veracruz\",\"description\":\"\",\"publisher\":{\"@id\":\"https:\\\/\\\/lospoliticosveracruz.com\\\/#organization\"},\"potentialAction\":[{\"@type\":\"SearchAction\",\"target\":{\"@type\":\"EntryPoint\",\"urlTemplate\":\"https:\\\/\\\/lospoliticosveracruz.com\\\/?s={search_term_string}\"},\"query-input\":{\"@type\":\"PropertyValueSpecification\",\"valueRequired\":true,\"valueName\":\"search_term_string\"}}],\"inLanguage\":\"es\"},{\"@type\":\"Organization\",\"@id\":\"https:\\\/\\\/lospoliticosveracruz.com\\\/#organization\",\"name\":\"Los pol\u00edticos Veracruz\",\"url\":\"https:\\\/\\\/lospoliticosveracruz.com\\\/\",\"logo\":{\"@type\":\"ImageObject\",\"inLanguage\":\"es\",\"@id\":\"https:\\\/\\\/lospoliticosveracruz.com\\\/#\\\/schema\\\/logo\\\/image\\\/\",\"url\":\"https:\\\/\\\/lospoliticosveracruz.com\\\/wp-content\\\/uploads\\\/2025\\\/12\\\/Logo-Nuevo-LOS-POLITICOS-1.jpg\",\"contentUrl\":\"https:\\\/\\\/lospoliticosveracruz.com\\\/wp-content\\\/uploads\\\/2025\\\/12\\\/Logo-Nuevo-LOS-POLITICOS-1.jpg\",\"width\":260,\"height\":70,\"caption\":\"Los pol\u00edticos Veracruz\"},\"image\":{\"@id\":\"https:\\\/\\\/lospoliticosveracruz.com\\\/#\\\/schema\\\/logo\\\/image\\\/\"},\"sameAs\":[\"https:\\\/\\\/www.facebook.com\\\/people\\\/Notimemes-de-los-Polticos\\\/61565672886568\\\/\",\"https:\\\/\\\/x.com\\\/LosPoliticosVer\"]},{\"@type\":\"Person\",\"@id\":\"https:\\\/\\\/lospoliticosveracruz.com\\\/#\\\/schema\\\/person\\\/b8702bb0e538456e6efd07080bf2a4a2\",\"name\":\"Lo viste en Los Pol\u00edticos\",\"image\":{\"@type\":\"ImageObject\",\"inLanguage\":\"es\",\"@id\":\"https:\\\/\\\/secure.gravatar.com\\\/avatar\\\/3a8de04a2656d44082be478bd6c086daa447c4651605818287b9532d3d0bd435?s=96&d=mm&r=g\",\"url\":\"https:\\\/\\\/secure.gravatar.com\\\/avatar\\\/3a8de04a2656d44082be478bd6c086daa447c4651605818287b9532d3d0bd435?s=96&d=mm&r=g\",\"contentUrl\":\"https:\\\/\\\/secure.gravatar.com\\\/avatar\\\/3a8de04a2656d44082be478bd6c086daa447c4651605818287b9532d3d0bd435?s=96&d=mm&r=g\",\"caption\":\"Lo viste en Los Pol\u00edticos\"},\"url\":\"https:\\\/\\\/lospoliticosveracruz.com\\\/?author=2\"}]}<\/script>\n<!-- \/ Yoast SEO plugin. -->","yoast_head_json":{"title":"La proyecci\u00f3n latinoamericana del Presidente - Los pol\u00edticos Veracruz","robots":{"index":"index","follow":"follow","max-snippet":"max-snippet:-1","max-image-preview":"max-image-preview:large","max-video-preview":"max-video-preview:-1"},"canonical":"https:\/\/lospoliticosveracruz.com\/?p=89657","og_locale":"es_ES","og_type":"article","og_title":"La proyecci\u00f3n latinoamericana del Presidente - Los pol\u00edticos Veracruz","og_description":"Yair Ademar Dom\u00ednguezPunto y Coma Me dio gusto escuchar que en este viaje hist\u00f3rico que el presidente Andr\u00e9s Manuel L\u00f3pez Obrador hizo a Cuba, en su discurso ante el presidente Miguel D\u00edaz-Canel Berm\u00fadez, se haya referido a Veracruz y a la cercan\u00eda que nuestro estado ha mantenido con la isla. \u201cLa migraci\u00f3n de Cuba a [&hellip;]","og_url":"https:\/\/lospoliticosveracruz.com\/?p=89657","og_site_name":"Los pol\u00edticos Veracruz","article_publisher":"https:\/\/www.facebook.com\/people\/Notimemes-de-los-Polticos\/61565672886568\/","article_published_time":"2022-05-10T13:34:00+00:00","article_modified_time":"2022-05-10T13:34:07+00:00","og_image":[{"url":"https:\/\/lospoliticosveracruz.com.mx\/wp-content\/uploads\/2021\/10\/WhatsApp-Image-2021-10-02-at-15.20.25-724x1024.jpeg","type":"","width":"","height":""}],"author":"Lo viste en Los Pol\u00edticos","twitter_card":"summary_large_image","twitter_creator":"@LosPoliticosVer","twitter_site":"@LosPoliticosVer","twitter_misc":{"Escrito por":"Lo viste en Los Pol\u00edticos","Tiempo de lectura":"3 minutos"},"schema":{"@context":"https:\/\/schema.org","@graph":[{"@type":"Article","@id":"https:\/\/lospoliticosveracruz.com\/?p=89657#article","isPartOf":{"@id":"https:\/\/lospoliticosveracruz.com\/?p=89657"},"author":{"name":"Lo viste en Los Pol\u00edticos","@id":"https:\/\/lospoliticosveracruz.com\/#\/schema\/person\/b8702bb0e538456e6efd07080bf2a4a2"},"headline":"La proyecci\u00f3n latinoamericana del Presidente","datePublished":"2022-05-10T13:34:00+00:00","dateModified":"2022-05-10T13:34:07+00:00","mainEntityOfPage":{"@id":"https:\/\/lospoliticosveracruz.com\/?p=89657"},"wordCount":625,"publisher":{"@id":"https:\/\/lospoliticosveracruz.com\/#organization"},"image":{"@id":"https:\/\/lospoliticosveracruz.com\/?p=89657#primaryimage"},"thumbnailUrl":"https:\/\/lospoliticosveracruz.com.mx\/wp-content\/uploads\/2021\/10\/WhatsApp-Image-2021-10-02-at-15.20.25-724x1024.jpeg","keywords":["Andr\u00e9s Manuel L\u00f3pez Obrador","Cuarta Transformaci\u00f3n","El Salvador","Guatemala","Honduras","migraci\u00f3n de Cuba","Miguel D\u00edaz-Canel Berm\u00fadez","Yair Ademar Dom\u00ednguez"],"articleSection":["De Opini\u00f3n"],"inLanguage":"es"},{"@type":"WebPage","@id":"https:\/\/lospoliticosveracruz.com\/?p=89657","url":"https:\/\/lospoliticosveracruz.com\/?p=89657","name":"La proyecci\u00f3n latinoamericana del Presidente - Los pol\u00edticos Veracruz","isPartOf":{"@id":"https:\/\/lospoliticosveracruz.com\/#website"},"primaryImageOfPage":{"@id":"https:\/\/lospoliticosveracruz.com\/?p=89657#primaryimage"},"image":{"@id":"https:\/\/lospoliticosveracruz.com\/?p=89657#primaryimage"},"thumbnailUrl":"https:\/\/lospoliticosveracruz.com.mx\/wp-content\/uploads\/2021\/10\/WhatsApp-Image-2021-10-02-at-15.20.25-724x1024.jpeg","datePublished":"2022-05-10T13:34:00+00:00","dateModified":"2022-05-10T13:34:07+00:00","breadcrumb":{"@id":"https:\/\/lospoliticosveracruz.com\/?p=89657#breadcrumb"},"inLanguage":"es","potentialAction":[{"@type":"ReadAction","target":["https:\/\/lospoliticosveracruz.com\/?p=89657"]}]},{"@type":"ImageObject","inLanguage":"es","@id":"https:\/\/lospoliticosveracruz.com\/?p=89657#primaryimage","url":"https:\/\/lospoliticosveracruz.com.mx\/wp-content\/uploads\/2021\/10\/WhatsApp-Image-2021-10-02-at-15.20.25-724x1024.jpeg","contentUrl":"https:\/\/lospoliticosveracruz.com.mx\/wp-content\/uploads\/2021\/10\/WhatsApp-Image-2021-10-02-at-15.20.25-724x1024.jpeg"},{"@type":"BreadcrumbList","@id":"https:\/\/lospoliticosveracruz.com\/?p=89657#breadcrumb","itemListElement":[{"@type":"ListItem","position":1,"name":"Portada","item":"https:\/\/lospoliticosveracruz.com\/"},{"@type":"ListItem","position":2,"name":"La proyecci\u00f3n latinoamericana del Presidente"}]},{"@type":"WebSite","@id":"https:\/\/lospoliticosveracruz.com\/#website","url":"https:\/\/lospoliticosveracruz.com\/","name":"Los pol\u00edticos Veracruz","description":"","publisher":{"@id":"https:\/\/lospoliticosveracruz.com\/#organization"},"potentialAction":[{"@type":"SearchAction","target":{"@type":"EntryPoint","urlTemplate":"https:\/\/lospoliticosveracruz.com\/?s={search_term_string}"},"query-input":{"@type":"PropertyValueSpecification","valueRequired":true,"valueName":"search_term_string"}}],"inLanguage":"es"},{"@type":"Organization","@id":"https:\/\/lospoliticosveracruz.com\/#organization","name":"Los pol\u00edticos Veracruz","url":"https:\/\/lospoliticosveracruz.com\/","logo":{"@type":"ImageObject","inLanguage":"es","@id":"https:\/\/lospoliticosveracruz.com\/#\/schema\/logo\/image\/","url":"https:\/\/lospoliticosveracruz.com\/wp-content\/uploads\/2025\/12\/Logo-Nuevo-LOS-POLITICOS-1.jpg","contentUrl":"https:\/\/lospoliticosveracruz.com\/wp-content\/uploads\/2025\/12\/Logo-Nuevo-LOS-POLITICOS-1.jpg","width":260,"height":70,"caption":"Los pol\u00edticos Veracruz"},"image":{"@id":"https:\/\/lospoliticosveracruz.com\/#\/schema\/logo\/image\/"},"sameAs":["https:\/\/www.facebook.com\/people\/Notimemes-de-los-Polticos\/61565672886568\/","https:\/\/x.com\/LosPoliticosVer"]},{"@type":"Person","@id":"https:\/\/lospoliticosveracruz.com\/#\/schema\/person\/b8702bb0e538456e6efd07080bf2a4a2","name":"Lo viste en Los Pol\u00edticos","image":{"@type":"ImageObject","inLanguage":"es","@id":"https:\/\/secure.gravatar.com\/avatar\/3a8de04a2656d44082be478bd6c086daa447c4651605818287b9532d3d0bd435?s=96&d=mm&r=g","url":"https:\/\/secure.gravatar.com\/avatar\/3a8de04a2656d44082be478bd6c086daa447c4651605818287b9532d3d0bd435?s=96&d=mm&r=g","contentUrl":"https:\/\/secure.gravatar.com\/avatar\/3a8de04a2656d44082be478bd6c086daa447c4651605818287b9532d3d0bd435?s=96&d=mm&r=g","caption":"Lo viste en Los Pol\u00edticos"},"url":"https:\/\/lospoliticosveracruz.com\/?author=2"}]}},"_links":{"self":[{"href":"https:\/\/lospoliticosveracruz.com\/index.php?rest_route=\/wp\/v2\/posts\/89657","targetHints":{"allow":["GET"]}}],"collection":[{"href":"https:\/\/lospoliticosveracruz.com\/index.php?rest_route=\/wp\/v2\/posts"}],"about":[{"href":"https:\/\/lospoliticosveracruz.com\/index.php?rest_route=\/wp\/v2\/types\/post"}],"author":[{"embeddable":true,"href":"https:\/\/lospoliticosveracruz.com\/index.php?rest_route=\/wp\/v2\/users\/2"}],"replies":[{"embeddable":true,"href":"https:\/\/lospoliticosveracruz.com\/index.php?rest_route=%2Fwp%2Fv2%2Fcomments&post=89657"}],"version-history":[{"count":1,"href":"https:\/\/lospoliticosveracruz.com\/index.php?rest_route=\/wp\/v2\/posts\/89657\/revisions"}],"predecessor-version":[{"id":89658,"href":"https:\/\/lospoliticosveracruz.com\/index.php?rest_route=\/wp\/v2\/posts\/89657\/revisions\/89658"}],"wp:attachment":[{"href":"https:\/\/lospoliticosveracruz.com\/index.php?rest_route=%2Fwp%2Fv2%2Fmedia&parent=89657"}],"wp:term":[{"taxonomy":"category","embeddable":true,"href":"https:\/\/lospoliticosveracruz.com\/index.php?rest_route=%2Fwp%2Fv2%2Fcategories&post=89657"},{"taxonomy":"post_tag","embeddable":true,"href":"https:\/\/lospoliticosveracruz.com\/index.php?rest_route=%2Fwp%2Fv2%2Ftags&post=89657"}],"curies":[{"name":"wp","href":"https:\/\/api.w.org\/{rel}","templated":true}]}}