{"id":89823,"date":"2022-05-13T01:14:00","date_gmt":"2022-05-13T06:14:00","guid":{"rendered":"https:\/\/lospoliticosveracruz.com.mx\/?p=89823"},"modified":"2022-05-12T22:29:55","modified_gmt":"2022-05-13T03:29:55","slug":"una-gira-con-dos-objetivos-la-charlataneria-y-la-perversidad","status":"publish","type":"post","link":"https:\/\/lospoliticosveracruz.com\/?p=89823","title":{"rendered":"Una gira con dos objetivos: la charlataner\u00eda y la perversidad"},"content":{"rendered":"\n<p><strong>Felipe de Jes\u00fas Fern\u00e1ndez Basilio<br><\/strong><em>Desde a Janela<br><\/em><\/p>\n\n\n\n<p>El presidente L\u00f3pez O. realiz\u00f3 una visita a algunos pa\u00edses centroamericanos, lo cual no estuvo tan mal salvo por dos aspectos, en primer lugar, porque fue a presentarse como el gran benefactor prometiendo cosas que ni en su pa\u00eds puede cumplir y en segundo, porque esas visitas fueron meramente teloneras para culminar con la estelar, la cual consisti\u00f3 en ir a rendir pleites\u00eda y a regalar dinero a la madre de todas las dictaduras de la actual Latinoam\u00e9rica: Cuba.<\/p>\n\n\n\n<div class=\"wp-block-image\"><figure class=\"alignleft size-large is-resized\"><a href=\"https:\/\/lospoliticosveracruz.com.mx\/wp-content\/uploads\/2021\/10\/WhatsApp-Image-2021-10-02-at-15.20.25.jpeg\"><img loading=\"lazy\" decoding=\"async\" src=\"https:\/\/lospoliticosveracruz.com.mx\/wp-content\/uploads\/2021\/10\/WhatsApp-Image-2021-10-02-at-15.20.25-724x1024.jpeg\" alt=\"\" class=\"wp-image-80177\" width=\"300\" height=\"450\"\/><\/a><\/figure><\/div>\n\n\n\n<p><br>En efecto, a Centroam\u00e9rica fue a ofrecer un Seguro Social que en M\u00e9xico est\u00e1 desmantelado por tanto recorte presupuestal y sin explicar en qu\u00e9 van a consistir las afiliaciones ofrecidas a los migrantes y lo m\u00e1s importante, sin explicar qui\u00e9n las va a costear, no hay que olvidar que la seguridad social en M\u00e9xico no es nada gratuita y se paga a trav\u00e9s de las cuotas obrero-patronales con una m\u00ednima aportaci\u00f3n del Estado.<br>Reitero, la idea no es mala ya que muchos migrantes trabajan en el pa\u00eds y por elemental justicia deben de tener los beneficios que cualquier trabajador recibe en M\u00e9xico mas no est\u00e1 explicado c\u00f3mo se va a implementar esa afiliaci\u00f3n ni c\u00f3mo se va a cubrir, espero que no sean simples palabras huecas que el tiempo se lleve.<br>Tambi\u00e9n fue a esos pa\u00edses a ofrecer su programa de sembrar arbolitos, mismo que ni siquiera aqu\u00ed se sabe si ha funcionado y los comentarios que se oyen de la gente que vive en el campo, casi siempre van en el sentido de que los apoyos no llegan debido a la alta corrupci\u00f3n de la burocracia encargada de distribuirlos y que para colmo de males lo \u00fanico que han logrado es deforestar m\u00e1s las zonas que supuestamente est\u00e1n beneficiadas por ese programa; opiniones que son reforzadas por la total opacidad con la que se maneja el gobierno actual de M\u00e9xico, ya que no existe una rendici\u00f3n de cuentas por medio de la cual se pueda saber el progreso de se programa.<br>Para concluir con los centroamericanos, espero que en esta ocasi\u00f3n el presidente de M\u00e9xico realmente cumpla con lo que ha prometido a esos pa\u00edses, porque realmente en esos lares M\u00e9xico es visto como el hermano mayor hablador que promete mucho y a la hora de la hora no da nada; un buen ejemplo de ello es el famoso plan Puebla-Panam\u00e1 de tiempos de Fox, quien al igual que L\u00f3pez prometi\u00f3 el cielo y las estrellas a los centroamericanos y nunca se lleg\u00f3 a nada.<br>Ahora bien, dicha gira sac\u00f3 el cobre cuando en su \u00faltima etapa lleg\u00f3 a La Habana y ah\u00ed s\u00ed que se arruin\u00f3 por completo, porque a diferencia de la realizada por Centroam\u00e9rica, la cual era rutinaria y de ir a prometer cosas, en esta s\u00ed que fue a rendirle homenaje al Castro viviente y a regalar el dinero de los mexicanos; sin obviar la parte m\u00e1s oscura de la visita que fue la presencia de los altos mandos militares mexicanos, cosa que nunca antes se hab\u00eda visto en una gira presidencial, y la compra de productos (vacunas) y servicios (m\u00e9dicos) que, como en toda corrupci\u00f3n en nada van a beneficiar al adquirente, o sea M\u00e9xico, pero s\u00ed le va a dar nuestro dinero a la peor dictadura que ha conocido el continente.<br>Porque m\u00e1s all\u00e1 de los actos protocolarios y la recepci\u00f3n del lat\u00f3n que la dictadura cubana ha otorgado a personajes como Sadam Hussein, Hugo Ch\u00e1vez, Kim Il Sung, Vladimir Putin, Nicolae Ceausescu, entre otros distinguidos dictadores de la historia mundial reciente, el meollo del asunto se encuentra en todo el dinero que se va a regalar a la dictadura isle\u00f1a para que sobreviva y sobre todo en las adquisiciones que se hicieron y que son profundamente nocivas para nuestro pa\u00eds.<br>Nada m\u00e1s piensen Ustedes, \u00bfCu\u00e1nta perversidad se requiere tener para a cambio de quedar bien con la peor dictadura de Am\u00e9rica, se pretenda inocular a los ni\u00f1os mexicanos con una vacuna que nadie fuera de Cuba ha aprobado?<br>Realmente es escalofriante el nivel de demencia al que ha llegado el presidente de la rep\u00fablica en este caso, ya que, para agradar y beneficiar econ\u00f3micamente a los cubanos, pone en riesgo a lo m\u00e1s preciado que tiene un pa\u00eds, sus ni\u00f1os.<br>De los m\u00e9dicos cubanos, los cuales aparte de ser una forma legalizada por dictadores de trata de personas en pleno siglo XXI, son un gran fraude, ya que ni son expertos en el tema ni tampoco el servicio m\u00e9dico cubano tiene la excelencia que sus apologistas dicen que tiene, ya que es il\u00f3gico que, si no tienen dinero en la isla para obtener tecnolog\u00eda moderna, puedan tener m\u00e9dicos de excelencia, tan es as\u00ed que hasta los familiares de L\u00f3pez Obrador prefieren atenderse m\u00e9dicamente en Houston a en La Habana o Santiago.<br>En realidad, esos personajes vienen con dos fines, el primero, cobrar caro por sus servicios, dinero que desde luego se queda el gobierno cubano, y segundo: que sus servicios en realidad consisten en ense\u00f1ar a cuadros como los \u201cservidores de la naci\u00f3n\u201d o los bots humanos de las redes sociales para introducirse como un c\u00e1ncer que desestabilice y de ser posible mate cualquier forma de democracia existente.<br>Y si a ello le sumamos el que fueron los altos mandos militares a aprender de sus pares cubanos acerca de la funci\u00f3n de las fuerzas armadas en la dictadura, bien nos podemos dar una idea de c\u00f3mo se va a plantear por parte del gobierno la contienda electoral de 2024; ya que no hay que olvidar que a\u00fan m\u00e1s que tabaco y ron, los cubanos exportan inestabilidad social y cooptaci\u00f3n de las fuerzas armadas.<br>El balance de la reciente gira presidencial por Centroam\u00e9rica y Cuba es rutinario en la primera y muy peligroso en la segunda, ya que prometer por prometer como lo hizo en Centroam\u00e9rica a lo m\u00e1s abona a la charlataner\u00eda con que siempre se han conducido los mandatarios mexicanos por esas tierras pero lo hecho en Cuba realmente es perverso.<\/p>\n\n\n\n<p>felfebas@gmail.com<br>Twitter: @FelipeFBasilio<\/p>\n","protected":false},"excerpt":{"rendered":"<p>Felipe de Jes\u00fas Fern\u00e1ndez BasilioDesde a Janela El presidente L\u00f3pez O. realiz\u00f3 una visita a algunos pa\u00edses centroamericanos, lo cual no estuvo tan mal salvo por dos aspectos, en primer lugar, porque fue a presentarse como el gran benefactor prometiendo cosas que ni en su pa\u00eds puede cumplir y en segundo, porque esas visitas fueron [&hellip;]<\/p>\n","protected":false},"author":2,"featured_media":0,"comment_status":"closed","ping_status":"closed","sticky":false,"template":"","format":"standard","meta":{"tdm_status":"","tdm_grid_status":"","footnotes":""},"categories":[70],"tags":[879,12710,3453,29456,33222,6167],"class_list":{"0":"post-89823","1":"post","2":"type-post","3":"status-publish","4":"format-standard","6":"category-de-opinion","7":"tag-cuba","8":"tag-felipe-de-jesus-fernandez-basilio","9":"tag-migrantes","10":"tag-miguel-diaz-canel","11":"tag-miguel-diaz-canel-bermudez","12":"tag-seguro-social"},"yoast_head":"<!-- This site is optimized with the Yoast SEO plugin v27.4 - https:\/\/yoast.com\/product\/yoast-seo-wordpress\/ -->\n<title>Una gira con dos objetivos: la charlataner\u00eda y la perversidad - Los pol\u00edticos Veracruz<\/title>\n<meta name=\"robots\" content=\"index, follow, max-snippet:-1, max-image-preview:large, max-video-preview:-1\" \/>\n<link rel=\"canonical\" href=\"https:\/\/lospoliticosveracruz.com\/?p=89823\" \/>\n<meta property=\"og:locale\" content=\"es_ES\" \/>\n<meta property=\"og:type\" content=\"article\" \/>\n<meta property=\"og:title\" content=\"Una gira con dos objetivos: la charlataner\u00eda y la perversidad - Los pol\u00edticos Veracruz\" \/>\n<meta property=\"og:description\" content=\"Felipe de Jes\u00fas Fern\u00e1ndez BasilioDesde a Janela El presidente L\u00f3pez O. realiz\u00f3 una visita a algunos pa\u00edses centroamericanos, lo cual no estuvo tan mal salvo por dos aspectos, en primer lugar, porque fue a presentarse como el gran benefactor prometiendo cosas que ni en su pa\u00eds puede cumplir y en segundo, porque esas visitas fueron [&hellip;]\" \/>\n<meta property=\"og:url\" content=\"https:\/\/lospoliticosveracruz.com\/?p=89823\" \/>\n<meta property=\"og:site_name\" content=\"Los pol\u00edticos Veracruz\" \/>\n<meta property=\"article:publisher\" content=\"https:\/\/www.facebook.com\/people\/Notimemes-de-los-Polticos\/61565672886568\/\" \/>\n<meta property=\"article:published_time\" content=\"2022-05-13T06:14:00+00:00\" \/>\n<meta property=\"og:image\" content=\"https:\/\/lospoliticosveracruz.com.mx\/wp-content\/uploads\/2021\/10\/WhatsApp-Image-2021-10-02-at-15.20.25-724x1024.jpeg\" \/>\n<meta name=\"author\" content=\"Lo viste en Los Pol\u00edticos\" \/>\n<meta name=\"twitter:card\" content=\"summary_large_image\" \/>\n<meta name=\"twitter:creator\" content=\"@LosPoliticosVer\" \/>\n<meta name=\"twitter:site\" content=\"@LosPoliticosVer\" \/>\n<meta name=\"twitter:label1\" content=\"Escrito por\" \/>\n\t<meta name=\"twitter:data1\" content=\"Lo viste en Los Pol\u00edticos\" \/>\n\t<meta name=\"twitter:label2\" content=\"Tiempo de lectura\" \/>\n\t<meta name=\"twitter:data2\" content=\"5 minutos\" \/>\n<script type=\"application\/ld+json\" class=\"yoast-schema-graph\">{\"@context\":\"https:\\\/\\\/schema.org\",\"@graph\":[{\"@type\":\"Article\",\"@id\":\"https:\\\/\\\/lospoliticosveracruz.com\\\/?p=89823#article\",\"isPartOf\":{\"@id\":\"https:\\\/\\\/lospoliticosveracruz.com\\\/?p=89823\"},\"author\":{\"name\":\"Lo viste en Los Pol\u00edticos\",\"@id\":\"https:\\\/\\\/lospoliticosveracruz.com\\\/#\\\/schema\\\/person\\\/b8702bb0e538456e6efd07080bf2a4a2\"},\"headline\":\"Una gira con dos objetivos: la charlataner\u00eda y la perversidad\",\"datePublished\":\"2022-05-13T06:14:00+00:00\",\"mainEntityOfPage\":{\"@id\":\"https:\\\/\\\/lospoliticosveracruz.com\\\/?p=89823\"},\"wordCount\":1093,\"publisher\":{\"@id\":\"https:\\\/\\\/lospoliticosveracruz.com\\\/#organization\"},\"image\":{\"@id\":\"https:\\\/\\\/lospoliticosveracruz.com\\\/?p=89823#primaryimage\"},\"thumbnailUrl\":\"https:\\\/\\\/lospoliticosveracruz.com.mx\\\/wp-content\\\/uploads\\\/2021\\\/10\\\/WhatsApp-Image-2021-10-02-at-15.20.25-724x1024.jpeg\",\"keywords\":[\"Cuba\",\"Felipe de Jes\u00fas Fern\u00e1ndez Basilio\",\"migrantes\",\"Miguel D\u00edaz-Canel\",\"Miguel D\u00edaz-Canel Berm\u00fadez\",\"Seguro Social\"],\"articleSection\":[\"De Opini\u00f3n\"],\"inLanguage\":\"es\"},{\"@type\":\"WebPage\",\"@id\":\"https:\\\/\\\/lospoliticosveracruz.com\\\/?p=89823\",\"url\":\"https:\\\/\\\/lospoliticosveracruz.com\\\/?p=89823\",\"name\":\"Una gira con dos objetivos: la charlataner\u00eda y la perversidad - Los pol\u00edticos Veracruz\",\"isPartOf\":{\"@id\":\"https:\\\/\\\/lospoliticosveracruz.com\\\/#website\"},\"primaryImageOfPage\":{\"@id\":\"https:\\\/\\\/lospoliticosveracruz.com\\\/?p=89823#primaryimage\"},\"image\":{\"@id\":\"https:\\\/\\\/lospoliticosveracruz.com\\\/?p=89823#primaryimage\"},\"thumbnailUrl\":\"https:\\\/\\\/lospoliticosveracruz.com.mx\\\/wp-content\\\/uploads\\\/2021\\\/10\\\/WhatsApp-Image-2021-10-02-at-15.20.25-724x1024.jpeg\",\"datePublished\":\"2022-05-13T06:14:00+00:00\",\"breadcrumb\":{\"@id\":\"https:\\\/\\\/lospoliticosveracruz.com\\\/?p=89823#breadcrumb\"},\"inLanguage\":\"es\",\"potentialAction\":[{\"@type\":\"ReadAction\",\"target\":[\"https:\\\/\\\/lospoliticosveracruz.com\\\/?p=89823\"]}]},{\"@type\":\"ImageObject\",\"inLanguage\":\"es\",\"@id\":\"https:\\\/\\\/lospoliticosveracruz.com\\\/?p=89823#primaryimage\",\"url\":\"https:\\\/\\\/lospoliticosveracruz.com.mx\\\/wp-content\\\/uploads\\\/2021\\\/10\\\/WhatsApp-Image-2021-10-02-at-15.20.25-724x1024.jpeg\",\"contentUrl\":\"https:\\\/\\\/lospoliticosveracruz.com.mx\\\/wp-content\\\/uploads\\\/2021\\\/10\\\/WhatsApp-Image-2021-10-02-at-15.20.25-724x1024.jpeg\"},{\"@type\":\"BreadcrumbList\",\"@id\":\"https:\\\/\\\/lospoliticosveracruz.com\\\/?p=89823#breadcrumb\",\"itemListElement\":[{\"@type\":\"ListItem\",\"position\":1,\"name\":\"Portada\",\"item\":\"https:\\\/\\\/lospoliticosveracruz.com\\\/\"},{\"@type\":\"ListItem\",\"position\":2,\"name\":\"Una gira con dos objetivos: la charlataner\u00eda y la perversidad\"}]},{\"@type\":\"WebSite\",\"@id\":\"https:\\\/\\\/lospoliticosveracruz.com\\\/#website\",\"url\":\"https:\\\/\\\/lospoliticosveracruz.com\\\/\",\"name\":\"Los pol\u00edticos Veracruz\",\"description\":\"\",\"publisher\":{\"@id\":\"https:\\\/\\\/lospoliticosveracruz.com\\\/#organization\"},\"potentialAction\":[{\"@type\":\"SearchAction\",\"target\":{\"@type\":\"EntryPoint\",\"urlTemplate\":\"https:\\\/\\\/lospoliticosveracruz.com\\\/?s={search_term_string}\"},\"query-input\":{\"@type\":\"PropertyValueSpecification\",\"valueRequired\":true,\"valueName\":\"search_term_string\"}}],\"inLanguage\":\"es\"},{\"@type\":\"Organization\",\"@id\":\"https:\\\/\\\/lospoliticosveracruz.com\\\/#organization\",\"name\":\"Los pol\u00edticos Veracruz\",\"url\":\"https:\\\/\\\/lospoliticosveracruz.com\\\/\",\"logo\":{\"@type\":\"ImageObject\",\"inLanguage\":\"es\",\"@id\":\"https:\\\/\\\/lospoliticosveracruz.com\\\/#\\\/schema\\\/logo\\\/image\\\/\",\"url\":\"https:\\\/\\\/lospoliticosveracruz.com\\\/wp-content\\\/uploads\\\/2025\\\/12\\\/Logo-Nuevo-LOS-POLITICOS-1.jpg\",\"contentUrl\":\"https:\\\/\\\/lospoliticosveracruz.com\\\/wp-content\\\/uploads\\\/2025\\\/12\\\/Logo-Nuevo-LOS-POLITICOS-1.jpg\",\"width\":260,\"height\":70,\"caption\":\"Los pol\u00edticos Veracruz\"},\"image\":{\"@id\":\"https:\\\/\\\/lospoliticosveracruz.com\\\/#\\\/schema\\\/logo\\\/image\\\/\"},\"sameAs\":[\"https:\\\/\\\/www.facebook.com\\\/people\\\/Notimemes-de-los-Polticos\\\/61565672886568\\\/\",\"https:\\\/\\\/x.com\\\/LosPoliticosVer\"]},{\"@type\":\"Person\",\"@id\":\"https:\\\/\\\/lospoliticosveracruz.com\\\/#\\\/schema\\\/person\\\/b8702bb0e538456e6efd07080bf2a4a2\",\"name\":\"Lo viste en Los Pol\u00edticos\",\"image\":{\"@type\":\"ImageObject\",\"inLanguage\":\"es\",\"@id\":\"https:\\\/\\\/secure.gravatar.com\\\/avatar\\\/3a8de04a2656d44082be478bd6c086daa447c4651605818287b9532d3d0bd435?s=96&d=mm&r=g\",\"url\":\"https:\\\/\\\/secure.gravatar.com\\\/avatar\\\/3a8de04a2656d44082be478bd6c086daa447c4651605818287b9532d3d0bd435?s=96&d=mm&r=g\",\"contentUrl\":\"https:\\\/\\\/secure.gravatar.com\\\/avatar\\\/3a8de04a2656d44082be478bd6c086daa447c4651605818287b9532d3d0bd435?s=96&d=mm&r=g\",\"caption\":\"Lo viste en Los Pol\u00edticos\"},\"url\":\"https:\\\/\\\/lospoliticosveracruz.com\\\/?author=2\"}]}<\/script>\n<!-- \/ Yoast SEO plugin. -->","yoast_head_json":{"title":"Una gira con dos objetivos: la charlataner\u00eda y la perversidad - Los pol\u00edticos Veracruz","robots":{"index":"index","follow":"follow","max-snippet":"max-snippet:-1","max-image-preview":"max-image-preview:large","max-video-preview":"max-video-preview:-1"},"canonical":"https:\/\/lospoliticosveracruz.com\/?p=89823","og_locale":"es_ES","og_type":"article","og_title":"Una gira con dos objetivos: la charlataner\u00eda y la perversidad - Los pol\u00edticos Veracruz","og_description":"Felipe de Jes\u00fas Fern\u00e1ndez BasilioDesde a Janela El presidente L\u00f3pez O. realiz\u00f3 una visita a algunos pa\u00edses centroamericanos, lo cual no estuvo tan mal salvo por dos aspectos, en primer lugar, porque fue a presentarse como el gran benefactor prometiendo cosas que ni en su pa\u00eds puede cumplir y en segundo, porque esas visitas fueron [&hellip;]","og_url":"https:\/\/lospoliticosveracruz.com\/?p=89823","og_site_name":"Los pol\u00edticos Veracruz","article_publisher":"https:\/\/www.facebook.com\/people\/Notimemes-de-los-Polticos\/61565672886568\/","article_published_time":"2022-05-13T06:14:00+00:00","og_image":[{"url":"https:\/\/lospoliticosveracruz.com.mx\/wp-content\/uploads\/2021\/10\/WhatsApp-Image-2021-10-02-at-15.20.25-724x1024.jpeg","type":"","width":"","height":""}],"author":"Lo viste en Los Pol\u00edticos","twitter_card":"summary_large_image","twitter_creator":"@LosPoliticosVer","twitter_site":"@LosPoliticosVer","twitter_misc":{"Escrito por":"Lo viste en Los Pol\u00edticos","Tiempo de lectura":"5 minutos"},"schema":{"@context":"https:\/\/schema.org","@graph":[{"@type":"Article","@id":"https:\/\/lospoliticosveracruz.com\/?p=89823#article","isPartOf":{"@id":"https:\/\/lospoliticosveracruz.com\/?p=89823"},"author":{"name":"Lo viste en Los Pol\u00edticos","@id":"https:\/\/lospoliticosveracruz.com\/#\/schema\/person\/b8702bb0e538456e6efd07080bf2a4a2"},"headline":"Una gira con dos objetivos: la charlataner\u00eda y la perversidad","datePublished":"2022-05-13T06:14:00+00:00","mainEntityOfPage":{"@id":"https:\/\/lospoliticosveracruz.com\/?p=89823"},"wordCount":1093,"publisher":{"@id":"https:\/\/lospoliticosveracruz.com\/#organization"},"image":{"@id":"https:\/\/lospoliticosveracruz.com\/?p=89823#primaryimage"},"thumbnailUrl":"https:\/\/lospoliticosveracruz.com.mx\/wp-content\/uploads\/2021\/10\/WhatsApp-Image-2021-10-02-at-15.20.25-724x1024.jpeg","keywords":["Cuba","Felipe de Jes\u00fas Fern\u00e1ndez Basilio","migrantes","Miguel D\u00edaz-Canel","Miguel D\u00edaz-Canel Berm\u00fadez","Seguro Social"],"articleSection":["De Opini\u00f3n"],"inLanguage":"es"},{"@type":"WebPage","@id":"https:\/\/lospoliticosveracruz.com\/?p=89823","url":"https:\/\/lospoliticosveracruz.com\/?p=89823","name":"Una gira con dos objetivos: la charlataner\u00eda y la perversidad - Los pol\u00edticos Veracruz","isPartOf":{"@id":"https:\/\/lospoliticosveracruz.com\/#website"},"primaryImageOfPage":{"@id":"https:\/\/lospoliticosveracruz.com\/?p=89823#primaryimage"},"image":{"@id":"https:\/\/lospoliticosveracruz.com\/?p=89823#primaryimage"},"thumbnailUrl":"https:\/\/lospoliticosveracruz.com.mx\/wp-content\/uploads\/2021\/10\/WhatsApp-Image-2021-10-02-at-15.20.25-724x1024.jpeg","datePublished":"2022-05-13T06:14:00+00:00","breadcrumb":{"@id":"https:\/\/lospoliticosveracruz.com\/?p=89823#breadcrumb"},"inLanguage":"es","potentialAction":[{"@type":"ReadAction","target":["https:\/\/lospoliticosveracruz.com\/?p=89823"]}]},{"@type":"ImageObject","inLanguage":"es","@id":"https:\/\/lospoliticosveracruz.com\/?p=89823#primaryimage","url":"https:\/\/lospoliticosveracruz.com.mx\/wp-content\/uploads\/2021\/10\/WhatsApp-Image-2021-10-02-at-15.20.25-724x1024.jpeg","contentUrl":"https:\/\/lospoliticosveracruz.com.mx\/wp-content\/uploads\/2021\/10\/WhatsApp-Image-2021-10-02-at-15.20.25-724x1024.jpeg"},{"@type":"BreadcrumbList","@id":"https:\/\/lospoliticosveracruz.com\/?p=89823#breadcrumb","itemListElement":[{"@type":"ListItem","position":1,"name":"Portada","item":"https:\/\/lospoliticosveracruz.com\/"},{"@type":"ListItem","position":2,"name":"Una gira con dos objetivos: la charlataner\u00eda y la perversidad"}]},{"@type":"WebSite","@id":"https:\/\/lospoliticosveracruz.com\/#website","url":"https:\/\/lospoliticosveracruz.com\/","name":"Los pol\u00edticos Veracruz","description":"","publisher":{"@id":"https:\/\/lospoliticosveracruz.com\/#organization"},"potentialAction":[{"@type":"SearchAction","target":{"@type":"EntryPoint","urlTemplate":"https:\/\/lospoliticosveracruz.com\/?s={search_term_string}"},"query-input":{"@type":"PropertyValueSpecification","valueRequired":true,"valueName":"search_term_string"}}],"inLanguage":"es"},{"@type":"Organization","@id":"https:\/\/lospoliticosveracruz.com\/#organization","name":"Los pol\u00edticos Veracruz","url":"https:\/\/lospoliticosveracruz.com\/","logo":{"@type":"ImageObject","inLanguage":"es","@id":"https:\/\/lospoliticosveracruz.com\/#\/schema\/logo\/image\/","url":"https:\/\/lospoliticosveracruz.com\/wp-content\/uploads\/2025\/12\/Logo-Nuevo-LOS-POLITICOS-1.jpg","contentUrl":"https:\/\/lospoliticosveracruz.com\/wp-content\/uploads\/2025\/12\/Logo-Nuevo-LOS-POLITICOS-1.jpg","width":260,"height":70,"caption":"Los pol\u00edticos Veracruz"},"image":{"@id":"https:\/\/lospoliticosveracruz.com\/#\/schema\/logo\/image\/"},"sameAs":["https:\/\/www.facebook.com\/people\/Notimemes-de-los-Polticos\/61565672886568\/","https:\/\/x.com\/LosPoliticosVer"]},{"@type":"Person","@id":"https:\/\/lospoliticosveracruz.com\/#\/schema\/person\/b8702bb0e538456e6efd07080bf2a4a2","name":"Lo viste en Los Pol\u00edticos","image":{"@type":"ImageObject","inLanguage":"es","@id":"https:\/\/secure.gravatar.com\/avatar\/3a8de04a2656d44082be478bd6c086daa447c4651605818287b9532d3d0bd435?s=96&d=mm&r=g","url":"https:\/\/secure.gravatar.com\/avatar\/3a8de04a2656d44082be478bd6c086daa447c4651605818287b9532d3d0bd435?s=96&d=mm&r=g","contentUrl":"https:\/\/secure.gravatar.com\/avatar\/3a8de04a2656d44082be478bd6c086daa447c4651605818287b9532d3d0bd435?s=96&d=mm&r=g","caption":"Lo viste en Los Pol\u00edticos"},"url":"https:\/\/lospoliticosveracruz.com\/?author=2"}]}},"_links":{"self":[{"href":"https:\/\/lospoliticosveracruz.com\/index.php?rest_route=\/wp\/v2\/posts\/89823","targetHints":{"allow":["GET"]}}],"collection":[{"href":"https:\/\/lospoliticosveracruz.com\/index.php?rest_route=\/wp\/v2\/posts"}],"about":[{"href":"https:\/\/lospoliticosveracruz.com\/index.php?rest_route=\/wp\/v2\/types\/post"}],"author":[{"embeddable":true,"href":"https:\/\/lospoliticosveracruz.com\/index.php?rest_route=\/wp\/v2\/users\/2"}],"replies":[{"embeddable":true,"href":"https:\/\/lospoliticosveracruz.com\/index.php?rest_route=%2Fwp%2Fv2%2Fcomments&post=89823"}],"version-history":[{"count":1,"href":"https:\/\/lospoliticosveracruz.com\/index.php?rest_route=\/wp\/v2\/posts\/89823\/revisions"}],"predecessor-version":[{"id":89825,"href":"https:\/\/lospoliticosveracruz.com\/index.php?rest_route=\/wp\/v2\/posts\/89823\/revisions\/89825"}],"wp:attachment":[{"href":"https:\/\/lospoliticosveracruz.com\/index.php?rest_route=%2Fwp%2Fv2%2Fmedia&parent=89823"}],"wp:term":[{"taxonomy":"category","embeddable":true,"href":"https:\/\/lospoliticosveracruz.com\/index.php?rest_route=%2Fwp%2Fv2%2Fcategories&post=89823"},{"taxonomy":"post_tag","embeddable":true,"href":"https:\/\/lospoliticosveracruz.com\/index.php?rest_route=%2Fwp%2Fv2%2Ftags&post=89823"}],"curies":[{"name":"wp","href":"https:\/\/api.w.org\/{rel}","templated":true}]}}