{"id":89830,"date":"2022-05-13T08:30:45","date_gmt":"2022-05-13T13:30:45","guid":{"rendered":"https:\/\/lospoliticosveracruz.com.mx\/?p=89830"},"modified":"2022-05-13T10:35:41","modified_gmt":"2022-05-13T15:35:41","slug":"apertura-en-la-uv","status":"publish","type":"post","link":"https:\/\/lospoliticosveracruz.com\/?p=89830","title":{"rendered":"Apertura en la UV"},"content":{"rendered":"\n<p><\/p>\n\n\n\n<p><strong>Omar Z\u00fa\u00f1iga<\/strong><br><em>De Primera Mano Taj\u00edn<\/em><\/p>\n\n\n\n<p>Ayer estuvo en tierras xalape\u00f1as, la diputada federal de Oaxaca de origen zapoteco Eufrosina Cruz, cuyo nombre seguramente no le dir\u00e1 mayor cosa a usted que me favorece con su lectura.<br>Pues bien, Eufrosina fue diputada local por su natal estado y adem\u00e1s presidenta de la Mesa Directiva, intent\u00f3 ser presidenta municipal de su pueblo, Santa Mar\u00eda Quiegolani, uno de los 418 municipios que se rigen por el m\u00e9todo de Usos y Costumbres (en total hay 570) y no lo logr\u00f3, pero sembr\u00f3 la semilla para la emancipaci\u00f3n de Quiegolani, para que hombres y mujeres pudieran tener igualdad de condiciones, de derechos, que hace apenas 15 a\u00f1os no exist\u00edan.<br>Ella tambi\u00e9n es autora de \u201cLos sue\u00f1os de la ni\u00f1a de la Monta\u00f1a\u201d, cuya obra fue presentada con un \u00e9xito rotundo\u2026, el escenario: el Aula Magna de la Facultad de Derecho de la Universidad Veracruzana<\/p>\n\n\n\n<div class=\"wp-block-image\"><figure class=\"alignleft size-full is-resized\"><a href=\"https:\/\/lospoliticosveracruz.com.mx\/wp-content\/uploads\/2021\/10\/Zacauilt.jpg\"><img loading=\"lazy\" decoding=\"async\" src=\"https:\/\/lospoliticosveracruz.com.mx\/wp-content\/uploads\/2021\/10\/Zacauilt.jpg\" alt=\"\" class=\"wp-image-80558\" width=\"300\" height=\"500\"\/><\/a><\/figure><\/div>\n\n\n\n<p>.<br>Independientemente del \u00e9xito del evento (que lo fue), llama poderosamente la atenci\u00f3n y para bien, la apertura que muestra la Universidad Veracruzana, pues se tuvo el respaldo irrestricto de una gran mujer, acad\u00e9mica, en la persona de Bertha Alicia Ram\u00edrez Arce, coordinadora del Seminario de Derechos Ind\u00edgenas de la Facultad de Derecho.<br>Esposa de Jos\u00e9 Luis Cuevas Gayosso, quien adem\u00e1s de haber sido candidato del exgobernador Miguel Angel Yunes Linares a magistrado del TSJEV tambi\u00e9n aspir\u00f3 a la Rector\u00eda de la UV impulsado por el mismo grupo, Bertha Alicia tuvo una convocatoria extraordinaria.<br>Alumnos, invitados especiales, entre ellos una de las presentadoras Monserrat Ortega (exdiputada local, esposa de Pepe Mancha expresidente del PAN Veracruz), destacados acad\u00e9micos se dieron cita en el Aula Magna, que (comentario al calce, la Facultad, cerrada por la pandemia, fue abierta exprofeso para este evento) dan una muestra de la apertura y la pluralidad de la M\u00e1xima Casa de Estudios, cm tan destacados panistas presentes y apoyando. \u00a1Bien por la maestra Bertha Alicia!<\/p>\n\n\n\n<hr class=\"wp-block-separator\"\/>\n\n\n\n<p>Luego de este breve pre\u00e1mbulo, Lorena Pi\u00f1\u00f3n, compa\u00f1era de Eufrosina Cruz, y quien coordin\u00f3 la gira veracruzana (antes estuvo en Orizaba), destac\u00f3 el papel de Eufro, como cari\u00f1osamente le llama, en la defensa de los derechos de los pueblos ind\u00edgenas, de los derechos de la infancia, del derecho a la educaci\u00f3n, de una ni\u00f1a que los 12 a\u00f1os se rebel\u00f3 para salir de su entorno. Bien por Lorena que sigue dando de qu\u00e9 hablar a pesar de los pesares.<br>De vuelta a la presentaci\u00f3n, Eufrosina Cruz recalca, con dedo flam\u00edgero, que la \u201ceducaci\u00f3n es el elemento m\u00e1s poderoso en la vida, pero que esa misma educaci\u00f3n tuvo que arrebat\u00e1rsela a la vida, por derecho propio\u201d.<br>La legisladora, \u00e1gil, de sangre ligera, biling\u00fce, orgullosa de sus ra\u00edces zapotecas, pero al mismo tiempo convencida, recia, segura y con gran facilidad de palabra, de repente se confunde con una alvarade\u00f1a que suelta madres a diestra y siniestra, sin caer en lo vulgar, pero justificada porque as\u00ed aprendi\u00f3\u2026 \u201chay que chingar para que no te chinguen\u201d, sostiene convencida, quien a los 12 a\u00f1os llor\u00f3 en su cama, bajo las cobijas, porque \u201cpap\u00e1 ya hab\u00eda encontrado con quien casarla, para que a los 13 tuviera su primer hijo\u201d o, como su hermana, tuviera nueve chamacos a sus 31 a\u00f1os.<br>Ella misma que a esa tierna edad se rebel\u00f3 y crey\u00f3 en su maestro Joaqu\u00edn, quien le sembr\u00f3 la semilla de los sue\u00f1os, un hombre que ven\u00eda de otra parte, de una ciudad lejos, \u201cque ol\u00eda bonito\u201d, de un entorno diferente.<br>Esa semilla que dio frutos a punta de madrazos, que tuvo que salir de su entorno, de su pueblo, de estudiar y trabajar al mismo tiempo, que, como muchos, miles de estudiantes, pasan hambres y deben decidir entre comer o ir a la escuela y ella decidi\u00f3, \u201cporque el hambre pasa, pero los sue\u00f1os perduran\u201d.<br>Egresada de la licenciatura en Contadur\u00eda por la Universidad Aut\u00f3noma Benito Ju\u00e1rez de Oaxaca, Eufrosina conecta con al gente, emp\u00e1tica llega a las fibras m\u00e1s sensibles de su auditorio con su charla amena, que parece sacada de un libro\u2026, de su libro\u2026, de sus vivencias.<br>De ella que en un momento se cuestion\u00f3 el \u201cporqu\u00e9 deb\u00eda ella, como su madre y hermana, levantarse primero, a las 3:00 de la ma\u00f1ana y ser la \u00faltima en dormirse, s\u00f3lo para atender a los hermanos, a pap\u00e1, a los hombres de la casa\u201d, y sali\u00f3 a mostrar su orgullo de ser mujer y ser ind\u00edgena, que lucha por las lenguas originales de nuestro pa\u00eds, que impuls\u00f3 la iniciativa que hoy penaliza el matrimonio infantil como delito grave y que se castiga con c\u00e1rcel.<br>Mujer que cree en la corresponsabilidad, no en los subsidios que fomentan la huevoner\u00eda. \u201cHay que dar para recibir\u201d.<br>Que cree en la libre decisi\u00f3n, en el libre albedr\u00edo, que es feminista 100 por ciento, pero nunca de esos feminismos malentendidos, que agreden, que violentan.<br>Que naci\u00f3 y creci\u00f3 en un pueblo de la Monta\u00f1a oaxaque\u00f1a que se rige por usos y costumbres, pero \u201cque vulneran derechos humanos y que no deben seguir\u201d.<br>Eufrosina Cruz, la diputada federal, la mujer que lucha por los derechos infantiles, de las mujeres, por los derechos humanos, la activista\u2026la ni\u00f1a de la monta\u00f1a que so\u00f1\u00f3 con salir de su pueblo y que hoy su historia podr\u00eda ser contada en el cine a trav\u00e9s de streaming, para seguir so\u00f1ando\u2026<\/p>\n\n\n\n<p>\u00a1Qu\u00e9 barbaridad!<br>deprimera.mano2020@gmail.com<\/p>\n","protected":false},"excerpt":{"rendered":"<p>Omar Z\u00fa\u00f1igaDe Primera Mano Taj\u00edn Ayer estuvo en tierras xalape\u00f1as, la diputada federal de Oaxaca de origen zapoteco Eufrosina Cruz, cuyo nombre seguramente no le dir\u00e1 mayor cosa a usted que me favorece con su lectura.Pues bien, Eufrosina fue diputada local por su natal estado y adem\u00e1s presidenta de la Mesa Directiva, intent\u00f3 ser presidenta [&hellip;]<\/p>\n","protected":false},"author":2,"featured_media":0,"comment_status":"closed","ping_status":"closed","sticky":false,"template":"","format":"standard","meta":{"tdm_status":"","tdm_grid_status":"","footnotes":""},"categories":[70],"tags":[32872,4770,28705,172],"class_list":{"0":"post-89830","1":"post","2":"type-post","3":"status-publish","4":"format-standard","6":"category-de-opinion","7":"tag-eufrosina-cruz-mendoza","8":"tag-lorena-pinon-rivera","9":"tag-omar-zuniga","10":"tag-uv"},"yoast_head":"<!-- This site is optimized with the Yoast SEO plugin v27.4 - https:\/\/yoast.com\/product\/yoast-seo-wordpress\/ -->\n<title>Apertura en la UV - Los pol\u00edticos Veracruz<\/title>\n<meta name=\"robots\" content=\"index, follow, max-snippet:-1, max-image-preview:large, max-video-preview:-1\" \/>\n<link rel=\"canonical\" href=\"https:\/\/lospoliticosveracruz.com\/?p=89830\" \/>\n<meta property=\"og:locale\" content=\"es_ES\" \/>\n<meta property=\"og:type\" content=\"article\" \/>\n<meta property=\"og:title\" content=\"Apertura en la UV - Los pol\u00edticos Veracruz\" \/>\n<meta property=\"og:description\" content=\"Omar Z\u00fa\u00f1igaDe Primera Mano Taj\u00edn Ayer estuvo en tierras xalape\u00f1as, la diputada federal de Oaxaca de origen zapoteco Eufrosina Cruz, cuyo nombre seguramente no le dir\u00e1 mayor cosa a usted que me favorece con su lectura.Pues bien, Eufrosina fue diputada local por su natal estado y adem\u00e1s presidenta de la Mesa Directiva, intent\u00f3 ser presidenta [&hellip;]\" \/>\n<meta property=\"og:url\" content=\"https:\/\/lospoliticosveracruz.com\/?p=89830\" \/>\n<meta property=\"og:site_name\" content=\"Los pol\u00edticos Veracruz\" \/>\n<meta property=\"article:publisher\" content=\"https:\/\/www.facebook.com\/people\/Notimemes-de-los-Polticos\/61565672886568\/\" \/>\n<meta property=\"article:published_time\" content=\"2022-05-13T13:30:45+00:00\" \/>\n<meta property=\"article:modified_time\" content=\"2022-05-13T15:35:41+00:00\" \/>\n<meta property=\"og:image\" content=\"https:\/\/lospoliticosveracruz.com.mx\/wp-content\/uploads\/2021\/10\/Zacauilt.jpg\" \/>\n<meta name=\"author\" content=\"Lo viste en Los Pol\u00edticos\" \/>\n<meta name=\"twitter:card\" content=\"summary_large_image\" \/>\n<meta name=\"twitter:creator\" content=\"@LosPoliticosVer\" \/>\n<meta name=\"twitter:site\" content=\"@LosPoliticosVer\" \/>\n<meta name=\"twitter:label1\" content=\"Escrito por\" \/>\n\t<meta name=\"twitter:data1\" content=\"Lo viste en Los Pol\u00edticos\" \/>\n\t<meta name=\"twitter:label2\" content=\"Tiempo de lectura\" \/>\n\t<meta name=\"twitter:data2\" content=\"5 minutos\" \/>\n<script type=\"application\/ld+json\" class=\"yoast-schema-graph\">{\"@context\":\"https:\\\/\\\/schema.org\",\"@graph\":[{\"@type\":\"Article\",\"@id\":\"https:\\\/\\\/lospoliticosveracruz.com\\\/?p=89830#article\",\"isPartOf\":{\"@id\":\"https:\\\/\\\/lospoliticosveracruz.com\\\/?p=89830\"},\"author\":{\"name\":\"Lo viste en Los Pol\u00edticos\",\"@id\":\"https:\\\/\\\/lospoliticosveracruz.com\\\/#\\\/schema\\\/person\\\/b8702bb0e538456e6efd07080bf2a4a2\"},\"headline\":\"Apertura en la UV\",\"datePublished\":\"2022-05-13T13:30:45+00:00\",\"dateModified\":\"2022-05-13T15:35:41+00:00\",\"mainEntityOfPage\":{\"@id\":\"https:\\\/\\\/lospoliticosveracruz.com\\\/?p=89830\"},\"wordCount\":951,\"publisher\":{\"@id\":\"https:\\\/\\\/lospoliticosveracruz.com\\\/#organization\"},\"image\":{\"@id\":\"https:\\\/\\\/lospoliticosveracruz.com\\\/?p=89830#primaryimage\"},\"thumbnailUrl\":\"https:\\\/\\\/lospoliticosveracruz.com.mx\\\/wp-content\\\/uploads\\\/2021\\\/10\\\/Zacauilt.jpg\",\"keywords\":[\"Eufrosina Cruz Mendoza\",\"Lorena Pi\u00f1\u00f3n Rivera\",\"Omar Z\u00fa\u00f1iga\",\"UV\"],\"articleSection\":[\"De Opini\u00f3n\"],\"inLanguage\":\"es\"},{\"@type\":\"WebPage\",\"@id\":\"https:\\\/\\\/lospoliticosveracruz.com\\\/?p=89830\",\"url\":\"https:\\\/\\\/lospoliticosveracruz.com\\\/?p=89830\",\"name\":\"Apertura en la UV - Los pol\u00edticos Veracruz\",\"isPartOf\":{\"@id\":\"https:\\\/\\\/lospoliticosveracruz.com\\\/#website\"},\"primaryImageOfPage\":{\"@id\":\"https:\\\/\\\/lospoliticosveracruz.com\\\/?p=89830#primaryimage\"},\"image\":{\"@id\":\"https:\\\/\\\/lospoliticosveracruz.com\\\/?p=89830#primaryimage\"},\"thumbnailUrl\":\"https:\\\/\\\/lospoliticosveracruz.com.mx\\\/wp-content\\\/uploads\\\/2021\\\/10\\\/Zacauilt.jpg\",\"datePublished\":\"2022-05-13T13:30:45+00:00\",\"dateModified\":\"2022-05-13T15:35:41+00:00\",\"breadcrumb\":{\"@id\":\"https:\\\/\\\/lospoliticosveracruz.com\\\/?p=89830#breadcrumb\"},\"inLanguage\":\"es\",\"potentialAction\":[{\"@type\":\"ReadAction\",\"target\":[\"https:\\\/\\\/lospoliticosveracruz.com\\\/?p=89830\"]}]},{\"@type\":\"ImageObject\",\"inLanguage\":\"es\",\"@id\":\"https:\\\/\\\/lospoliticosveracruz.com\\\/?p=89830#primaryimage\",\"url\":\"https:\\\/\\\/lospoliticosveracruz.com.mx\\\/wp-content\\\/uploads\\\/2021\\\/10\\\/Zacauilt.jpg\",\"contentUrl\":\"https:\\\/\\\/lospoliticosveracruz.com.mx\\\/wp-content\\\/uploads\\\/2021\\\/10\\\/Zacauilt.jpg\"},{\"@type\":\"BreadcrumbList\",\"@id\":\"https:\\\/\\\/lospoliticosveracruz.com\\\/?p=89830#breadcrumb\",\"itemListElement\":[{\"@type\":\"ListItem\",\"position\":1,\"name\":\"Portada\",\"item\":\"https:\\\/\\\/lospoliticosveracruz.com\\\/\"},{\"@type\":\"ListItem\",\"position\":2,\"name\":\"Apertura en la UV\"}]},{\"@type\":\"WebSite\",\"@id\":\"https:\\\/\\\/lospoliticosveracruz.com\\\/#website\",\"url\":\"https:\\\/\\\/lospoliticosveracruz.com\\\/\",\"name\":\"Los pol\u00edticos Veracruz\",\"description\":\"\",\"publisher\":{\"@id\":\"https:\\\/\\\/lospoliticosveracruz.com\\\/#organization\"},\"potentialAction\":[{\"@type\":\"SearchAction\",\"target\":{\"@type\":\"EntryPoint\",\"urlTemplate\":\"https:\\\/\\\/lospoliticosveracruz.com\\\/?s={search_term_string}\"},\"query-input\":{\"@type\":\"PropertyValueSpecification\",\"valueRequired\":true,\"valueName\":\"search_term_string\"}}],\"inLanguage\":\"es\"},{\"@type\":\"Organization\",\"@id\":\"https:\\\/\\\/lospoliticosveracruz.com\\\/#organization\",\"name\":\"Los pol\u00edticos Veracruz\",\"url\":\"https:\\\/\\\/lospoliticosveracruz.com\\\/\",\"logo\":{\"@type\":\"ImageObject\",\"inLanguage\":\"es\",\"@id\":\"https:\\\/\\\/lospoliticosveracruz.com\\\/#\\\/schema\\\/logo\\\/image\\\/\",\"url\":\"https:\\\/\\\/lospoliticosveracruz.com\\\/wp-content\\\/uploads\\\/2025\\\/12\\\/Logo-Nuevo-LOS-POLITICOS-1.jpg\",\"contentUrl\":\"https:\\\/\\\/lospoliticosveracruz.com\\\/wp-content\\\/uploads\\\/2025\\\/12\\\/Logo-Nuevo-LOS-POLITICOS-1.jpg\",\"width\":260,\"height\":70,\"caption\":\"Los pol\u00edticos Veracruz\"},\"image\":{\"@id\":\"https:\\\/\\\/lospoliticosveracruz.com\\\/#\\\/schema\\\/logo\\\/image\\\/\"},\"sameAs\":[\"https:\\\/\\\/www.facebook.com\\\/people\\\/Notimemes-de-los-Polticos\\\/61565672886568\\\/\",\"https:\\\/\\\/x.com\\\/LosPoliticosVer\"]},{\"@type\":\"Person\",\"@id\":\"https:\\\/\\\/lospoliticosveracruz.com\\\/#\\\/schema\\\/person\\\/b8702bb0e538456e6efd07080bf2a4a2\",\"name\":\"Lo viste en Los Pol\u00edticos\",\"image\":{\"@type\":\"ImageObject\",\"inLanguage\":\"es\",\"@id\":\"https:\\\/\\\/secure.gravatar.com\\\/avatar\\\/3a8de04a2656d44082be478bd6c086daa447c4651605818287b9532d3d0bd435?s=96&d=mm&r=g\",\"url\":\"https:\\\/\\\/secure.gravatar.com\\\/avatar\\\/3a8de04a2656d44082be478bd6c086daa447c4651605818287b9532d3d0bd435?s=96&d=mm&r=g\",\"contentUrl\":\"https:\\\/\\\/secure.gravatar.com\\\/avatar\\\/3a8de04a2656d44082be478bd6c086daa447c4651605818287b9532d3d0bd435?s=96&d=mm&r=g\",\"caption\":\"Lo viste en Los Pol\u00edticos\"},\"url\":\"https:\\\/\\\/lospoliticosveracruz.com\\\/?author=2\"}]}<\/script>\n<!-- \/ Yoast SEO plugin. -->","yoast_head_json":{"title":"Apertura en la UV - Los pol\u00edticos Veracruz","robots":{"index":"index","follow":"follow","max-snippet":"max-snippet:-1","max-image-preview":"max-image-preview:large","max-video-preview":"max-video-preview:-1"},"canonical":"https:\/\/lospoliticosveracruz.com\/?p=89830","og_locale":"es_ES","og_type":"article","og_title":"Apertura en la UV - Los pol\u00edticos Veracruz","og_description":"Omar Z\u00fa\u00f1igaDe Primera Mano Taj\u00edn Ayer estuvo en tierras xalape\u00f1as, la diputada federal de Oaxaca de origen zapoteco Eufrosina Cruz, cuyo nombre seguramente no le dir\u00e1 mayor cosa a usted que me favorece con su lectura.Pues bien, Eufrosina fue diputada local por su natal estado y adem\u00e1s presidenta de la Mesa Directiva, intent\u00f3 ser presidenta [&hellip;]","og_url":"https:\/\/lospoliticosveracruz.com\/?p=89830","og_site_name":"Los pol\u00edticos Veracruz","article_publisher":"https:\/\/www.facebook.com\/people\/Notimemes-de-los-Polticos\/61565672886568\/","article_published_time":"2022-05-13T13:30:45+00:00","article_modified_time":"2022-05-13T15:35:41+00:00","og_image":[{"url":"https:\/\/lospoliticosveracruz.com.mx\/wp-content\/uploads\/2021\/10\/Zacauilt.jpg","type":"","width":"","height":""}],"author":"Lo viste en Los Pol\u00edticos","twitter_card":"summary_large_image","twitter_creator":"@LosPoliticosVer","twitter_site":"@LosPoliticosVer","twitter_misc":{"Escrito por":"Lo viste en Los Pol\u00edticos","Tiempo de lectura":"5 minutos"},"schema":{"@context":"https:\/\/schema.org","@graph":[{"@type":"Article","@id":"https:\/\/lospoliticosveracruz.com\/?p=89830#article","isPartOf":{"@id":"https:\/\/lospoliticosveracruz.com\/?p=89830"},"author":{"name":"Lo viste en Los Pol\u00edticos","@id":"https:\/\/lospoliticosveracruz.com\/#\/schema\/person\/b8702bb0e538456e6efd07080bf2a4a2"},"headline":"Apertura en la UV","datePublished":"2022-05-13T13:30:45+00:00","dateModified":"2022-05-13T15:35:41+00:00","mainEntityOfPage":{"@id":"https:\/\/lospoliticosveracruz.com\/?p=89830"},"wordCount":951,"publisher":{"@id":"https:\/\/lospoliticosveracruz.com\/#organization"},"image":{"@id":"https:\/\/lospoliticosveracruz.com\/?p=89830#primaryimage"},"thumbnailUrl":"https:\/\/lospoliticosveracruz.com.mx\/wp-content\/uploads\/2021\/10\/Zacauilt.jpg","keywords":["Eufrosina Cruz Mendoza","Lorena Pi\u00f1\u00f3n Rivera","Omar Z\u00fa\u00f1iga","UV"],"articleSection":["De Opini\u00f3n"],"inLanguage":"es"},{"@type":"WebPage","@id":"https:\/\/lospoliticosveracruz.com\/?p=89830","url":"https:\/\/lospoliticosveracruz.com\/?p=89830","name":"Apertura en la UV - Los pol\u00edticos Veracruz","isPartOf":{"@id":"https:\/\/lospoliticosveracruz.com\/#website"},"primaryImageOfPage":{"@id":"https:\/\/lospoliticosveracruz.com\/?p=89830#primaryimage"},"image":{"@id":"https:\/\/lospoliticosveracruz.com\/?p=89830#primaryimage"},"thumbnailUrl":"https:\/\/lospoliticosveracruz.com.mx\/wp-content\/uploads\/2021\/10\/Zacauilt.jpg","datePublished":"2022-05-13T13:30:45+00:00","dateModified":"2022-05-13T15:35:41+00:00","breadcrumb":{"@id":"https:\/\/lospoliticosveracruz.com\/?p=89830#breadcrumb"},"inLanguage":"es","potentialAction":[{"@type":"ReadAction","target":["https:\/\/lospoliticosveracruz.com\/?p=89830"]}]},{"@type":"ImageObject","inLanguage":"es","@id":"https:\/\/lospoliticosveracruz.com\/?p=89830#primaryimage","url":"https:\/\/lospoliticosveracruz.com.mx\/wp-content\/uploads\/2021\/10\/Zacauilt.jpg","contentUrl":"https:\/\/lospoliticosveracruz.com.mx\/wp-content\/uploads\/2021\/10\/Zacauilt.jpg"},{"@type":"BreadcrumbList","@id":"https:\/\/lospoliticosveracruz.com\/?p=89830#breadcrumb","itemListElement":[{"@type":"ListItem","position":1,"name":"Portada","item":"https:\/\/lospoliticosveracruz.com\/"},{"@type":"ListItem","position":2,"name":"Apertura en la UV"}]},{"@type":"WebSite","@id":"https:\/\/lospoliticosveracruz.com\/#website","url":"https:\/\/lospoliticosveracruz.com\/","name":"Los pol\u00edticos Veracruz","description":"","publisher":{"@id":"https:\/\/lospoliticosveracruz.com\/#organization"},"potentialAction":[{"@type":"SearchAction","target":{"@type":"EntryPoint","urlTemplate":"https:\/\/lospoliticosveracruz.com\/?s={search_term_string}"},"query-input":{"@type":"PropertyValueSpecification","valueRequired":true,"valueName":"search_term_string"}}],"inLanguage":"es"},{"@type":"Organization","@id":"https:\/\/lospoliticosveracruz.com\/#organization","name":"Los pol\u00edticos Veracruz","url":"https:\/\/lospoliticosveracruz.com\/","logo":{"@type":"ImageObject","inLanguage":"es","@id":"https:\/\/lospoliticosveracruz.com\/#\/schema\/logo\/image\/","url":"https:\/\/lospoliticosveracruz.com\/wp-content\/uploads\/2025\/12\/Logo-Nuevo-LOS-POLITICOS-1.jpg","contentUrl":"https:\/\/lospoliticosveracruz.com\/wp-content\/uploads\/2025\/12\/Logo-Nuevo-LOS-POLITICOS-1.jpg","width":260,"height":70,"caption":"Los pol\u00edticos Veracruz"},"image":{"@id":"https:\/\/lospoliticosveracruz.com\/#\/schema\/logo\/image\/"},"sameAs":["https:\/\/www.facebook.com\/people\/Notimemes-de-los-Polticos\/61565672886568\/","https:\/\/x.com\/LosPoliticosVer"]},{"@type":"Person","@id":"https:\/\/lospoliticosveracruz.com\/#\/schema\/person\/b8702bb0e538456e6efd07080bf2a4a2","name":"Lo viste en Los Pol\u00edticos","image":{"@type":"ImageObject","inLanguage":"es","@id":"https:\/\/secure.gravatar.com\/avatar\/3a8de04a2656d44082be478bd6c086daa447c4651605818287b9532d3d0bd435?s=96&d=mm&r=g","url":"https:\/\/secure.gravatar.com\/avatar\/3a8de04a2656d44082be478bd6c086daa447c4651605818287b9532d3d0bd435?s=96&d=mm&r=g","contentUrl":"https:\/\/secure.gravatar.com\/avatar\/3a8de04a2656d44082be478bd6c086daa447c4651605818287b9532d3d0bd435?s=96&d=mm&r=g","caption":"Lo viste en Los Pol\u00edticos"},"url":"https:\/\/lospoliticosveracruz.com\/?author=2"}]}},"_links":{"self":[{"href":"https:\/\/lospoliticosveracruz.com\/index.php?rest_route=\/wp\/v2\/posts\/89830","targetHints":{"allow":["GET"]}}],"collection":[{"href":"https:\/\/lospoliticosveracruz.com\/index.php?rest_route=\/wp\/v2\/posts"}],"about":[{"href":"https:\/\/lospoliticosveracruz.com\/index.php?rest_route=\/wp\/v2\/types\/post"}],"author":[{"embeddable":true,"href":"https:\/\/lospoliticosveracruz.com\/index.php?rest_route=\/wp\/v2\/users\/2"}],"replies":[{"embeddable":true,"href":"https:\/\/lospoliticosveracruz.com\/index.php?rest_route=%2Fwp%2Fv2%2Fcomments&post=89830"}],"version-history":[{"count":2,"href":"https:\/\/lospoliticosveracruz.com\/index.php?rest_route=\/wp\/v2\/posts\/89830\/revisions"}],"predecessor-version":[{"id":89846,"href":"https:\/\/lospoliticosveracruz.com\/index.php?rest_route=\/wp\/v2\/posts\/89830\/revisions\/89846"}],"wp:attachment":[{"href":"https:\/\/lospoliticosveracruz.com\/index.php?rest_route=%2Fwp%2Fv2%2Fmedia&parent=89830"}],"wp:term":[{"taxonomy":"category","embeddable":true,"href":"https:\/\/lospoliticosveracruz.com\/index.php?rest_route=%2Fwp%2Fv2%2Fcategories&post=89830"},{"taxonomy":"post_tag","embeddable":true,"href":"https:\/\/lospoliticosveracruz.com\/index.php?rest_route=%2Fwp%2Fv2%2Ftags&post=89830"}],"curies":[{"name":"wp","href":"https:\/\/api.w.org\/{rel}","templated":true}]}}