{"id":89834,"date":"2022-05-13T10:10:22","date_gmt":"2022-05-13T15:10:22","guid":{"rendered":"https:\/\/lospoliticosveracruz.com.mx\/?p=89834"},"modified":"2022-05-13T10:34:46","modified_gmt":"2022-05-13T15:34:46","slug":"la-reo","status":"publish","type":"post","link":"https:\/\/lospoliticosveracruz.com\/?p=89834","title":{"rendered":"La Reo"},"content":{"rendered":"\n<p>Teresa Carbajal<\/p>\n\n\n\n<p>Debo, no niego; pago, lo justo<\/p>\n\n\n\n<p>El diez de mayo es un d\u00eda dedicado a rendir homenaje a las Mam\u00e1s, en el ambiente se percibe el \u00e1nimo festivo de la fecha; pero Inocencia nombre usado para proteger su verdadera identidad, ha olvidado qu\u00e9 d\u00eda es, pues va de aqu\u00ed a all\u00e1 en busca de un abogado que le tramite un amparo urgente contra desalojos.<br>En sus manos, inseparable, la acompa\u00f1a un documento; se trata de una notificaci\u00f3n judicial en donde el juez se refiere a ella como la \u00abreo\u00bb y le concede 5 d\u00edas para desalojar su casa o ser\u00e1 lanzada con el auxilio de la fuerza p\u00fablica pues su vivienda fue embargada, rematada y adjudicada a la financiera automotriz con la que su hija contrat\u00f3 un cr\u00e9dito para la compra de un auto nuevo de la que ella, Inocencia, qued\u00f3 como Aval y por tanto responsable de pagar la deuda, so pena de responder con sus bienes, como en el caso sucedi\u00f3.<\/p>\n\n\n\n<div class=\"wp-block-image\"><figure class=\"alignleft size-large is-resized\"><a href=\"https:\/\/lospoliticosveracruz.com.mx\/wp-content\/uploads\/2021\/10\/WhatsApp-Image-2021-10-02-at-15.20.25.jpeg\"><img loading=\"lazy\" decoding=\"async\" src=\"https:\/\/lospoliticosveracruz.com.mx\/wp-content\/uploads\/2021\/10\/WhatsApp-Image-2021-10-02-at-15.20.25-724x1024.jpeg\" alt=\"\" class=\"wp-image-80177\" width=\"250\" height=\"450\"\/><\/a><\/figure><\/div>\n\n\n\n<p><br>Dicha financiera es quien ahora reclama se le desocupe y entregue inmediatamente la vivienda que ya se adjudic\u00f3, mediante un proceso judicial en donde al parecer, y a dicho de Inocencia los deudores principales estaban enterados, no as\u00ed ella.<br>Todo comenz\u00f3 hace casi diez a\u00f1os cuando su hija le pidi\u00f3 el favor de ser su aval, para poder \u00absacar\u00bb un auto nuevo que usar\u00eda como taxi, seg\u00fan sus planes de la cuenta diaria del servicio de transporte saldr\u00eda para hacer los pagos, y cubrir otras necesidades, como requisito la financiera de giro cr\u00e9dito automotriz pidi\u00f3 un aval.<br>\u00a1Pero no cualquier aval!, sino alguien que tuviera bienes a su nombre y con escritura; dado el pedimento la \u00fanica persona que reun\u00eda las calidades era Inocencia, quien adem\u00e1s es soltera y por tanto no ten\u00eda que pedir permiso a nadie m\u00e1s para poder dar en \u00abgarant\u00eda\u00bb su casa la cual estaba libre de cualquier tipo de gravamen, pues ella nunca hab\u00eda pedido prestado y menos quedado a deber.<br>El amor de Madre, no tiene l\u00edmites y desde luego tampoco precio, \u00bfqu\u00e9 no estar\u00eda dispuesta a hacer una Madre por sus hijos para ayudarlos? o \u00bfCu\u00e1l es el l\u00edmite de su amor hacia ellos? sobre todo si se tiene la seguridad de que la deuda saldr\u00eda adelante y que su casa no correr\u00eda peligro.<br>Quiz\u00e1 el \u00fanico reproche que cabe, fue el exceso de confianza para pedir documentos que le demostraran que diez a\u00f1os despu\u00e9s la cuenta hab\u00eda sido pagada y pedir la liberaci\u00f3n de los pagar\u00e9s y dem\u00e1s documentos firmados como aval.<br>Tan solo la notificaci\u00f3n muestra que el juicio comenz\u00f3 hace nueve a\u00f1os, en los que bien se tuvo la oportunidad de resolver el problema. \u00bfPor qu\u00e9 esperar hasta este momento?<br>Las dudas, reproches y hubieras, salen sobrando en este momento en donde el aviso final de que ser\u00e1 desalojada resume todo. No cabe mas que actuar y hacerlo r\u00e1pido pues mientras se tiene la posesi\u00f3n siempre habr\u00e1 esperanza.<br>Sirva el caso para reflexionar sobre todos aquellos pagar\u00e9 y firmas que hemos dejado perdidos en el tiempo y en el espacio, toda deuda pagada debe ser liberada. Todo pagar\u00e9 firmado debe ser devuelto al suscriptor una vez satisfecha la deuda o nos atenemos a las consecuencias del descuido.<br>Tambi\u00e9n para voltear a ver a las mujeres y a esa modalidad de violencia que no es f\u00edsica, no es sexual; sino econ\u00f3mica y financiera, y que tiene como consecuencia mediante la privaci\u00f3n de sus bienes o de su dinero coartar su derecho a una vida digna y con libertad. Y que no se infringe solo por el g\u00e9nero opuesto, y que no se da solo en relaciones sentimentales de pareja o conyugales, sino que tambi\u00e9n se puede dar de hijos a padres, y as\u00ed tenemos que reconocerlo y visibilizarlo para remediarlo. \u00a1Qu\u00e9 dif\u00edcil tema!<br>Si el asunto de hablar de una deuda, no es sencillo, pues nos da pena, nos sentimos culpables, se\u00f1alados, juzgados, fracasados, impotentes, rebasados \u00a1imag\u00ednese resolverla! a quien se le encomienda la tarea, requiere de mucha experiencia, paciencia, tenacidad y alto sentido de honestidad y responsabilidad. Por eso buscar y encontrar la ayuda correcta en el momento oportuno hace siempre la diferencia.<br>\u00c1nimo, y \u00a1Feliz D\u00eda de las Madres!<\/p>\n\n\n\n<p>Llama al 2281148502 visite www.elbarzonrc.org Contacte elbarzonrc@yahoo.com.mx, O s\u00edgame en @terecarbajal<\/p>\n","protected":false},"excerpt":{"rendered":"<p>Teresa Carbajal Debo, no niego; pago, lo justo El diez de mayo es un d\u00eda dedicado a rendir homenaje a las Mam\u00e1s, en el ambiente se percibe el \u00e1nimo festivo de la fecha; pero Inocencia nombre usado para proteger su verdadera identidad, ha olvidado qu\u00e9 d\u00eda es, pues va de aqu\u00ed a all\u00e1 en busca [&hellip;]<\/p>\n","protected":false},"author":2,"featured_media":0,"comment_status":"closed","ping_status":"closed","sticky":false,"template":"","format":"standard","meta":{"tdm_status":"","tdm_grid_status":"","footnotes":""},"categories":[70],"tags":[17146,9806,15570],"class_list":{"0":"post-89834","1":"post","2":"type-post","3":"status-publish","4":"format-standard","6":"category-de-opinion","7":"tag-credito-automotriz","8":"tag-desalojo","9":"tag-teresa-carbajal"},"yoast_head":"<!-- This site is optimized with the Yoast SEO plugin v27.4 - https:\/\/yoast.com\/product\/yoast-seo-wordpress\/ -->\n<title>La Reo - Los pol\u00edticos Veracruz<\/title>\n<meta name=\"robots\" content=\"index, follow, max-snippet:-1, max-image-preview:large, max-video-preview:-1\" \/>\n<link rel=\"canonical\" href=\"https:\/\/lospoliticosveracruz.com\/?p=89834\" \/>\n<meta property=\"og:locale\" content=\"es_ES\" \/>\n<meta property=\"og:type\" content=\"article\" \/>\n<meta property=\"og:title\" content=\"La Reo - Los pol\u00edticos Veracruz\" \/>\n<meta property=\"og:description\" content=\"Teresa Carbajal Debo, no niego; pago, lo justo El diez de mayo es un d\u00eda dedicado a rendir homenaje a las Mam\u00e1s, en el ambiente se percibe el \u00e1nimo festivo de la fecha; pero Inocencia nombre usado para proteger su verdadera identidad, ha olvidado qu\u00e9 d\u00eda es, pues va de aqu\u00ed a all\u00e1 en busca [&hellip;]\" \/>\n<meta property=\"og:url\" content=\"https:\/\/lospoliticosveracruz.com\/?p=89834\" \/>\n<meta property=\"og:site_name\" content=\"Los pol\u00edticos Veracruz\" \/>\n<meta property=\"article:publisher\" content=\"https:\/\/www.facebook.com\/people\/Notimemes-de-los-Polticos\/61565672886568\/\" \/>\n<meta property=\"article:published_time\" content=\"2022-05-13T15:10:22+00:00\" \/>\n<meta property=\"article:modified_time\" content=\"2022-05-13T15:34:46+00:00\" \/>\n<meta property=\"og:image\" content=\"https:\/\/lospoliticosveracruz.com.mx\/wp-content\/uploads\/2021\/10\/WhatsApp-Image-2021-10-02-at-15.20.25-724x1024.jpeg\" \/>\n<meta name=\"author\" content=\"Lo viste en Los Pol\u00edticos\" \/>\n<meta name=\"twitter:card\" content=\"summary_large_image\" \/>\n<meta name=\"twitter:creator\" content=\"@LosPoliticosVer\" \/>\n<meta name=\"twitter:site\" content=\"@LosPoliticosVer\" \/>\n<meta name=\"twitter:label1\" content=\"Escrito por\" \/>\n\t<meta name=\"twitter:data1\" content=\"Lo viste en Los Pol\u00edticos\" \/>\n\t<meta name=\"twitter:label2\" content=\"Tiempo de lectura\" \/>\n\t<meta name=\"twitter:data2\" content=\"4 minutos\" \/>\n<script type=\"application\/ld+json\" class=\"yoast-schema-graph\">{\"@context\":\"https:\\\/\\\/schema.org\",\"@graph\":[{\"@type\":\"Article\",\"@id\":\"https:\\\/\\\/lospoliticosveracruz.com\\\/?p=89834#article\",\"isPartOf\":{\"@id\":\"https:\\\/\\\/lospoliticosveracruz.com\\\/?p=89834\"},\"author\":{\"name\":\"Lo viste en Los Pol\u00edticos\",\"@id\":\"https:\\\/\\\/lospoliticosveracruz.com\\\/#\\\/schema\\\/person\\\/b8702bb0e538456e6efd07080bf2a4a2\"},\"headline\":\"La Reo\",\"datePublished\":\"2022-05-13T15:10:22+00:00\",\"dateModified\":\"2022-05-13T15:34:46+00:00\",\"mainEntityOfPage\":{\"@id\":\"https:\\\/\\\/lospoliticosveracruz.com\\\/?p=89834\"},\"wordCount\":767,\"publisher\":{\"@id\":\"https:\\\/\\\/lospoliticosveracruz.com\\\/#organization\"},\"image\":{\"@id\":\"https:\\\/\\\/lospoliticosveracruz.com\\\/?p=89834#primaryimage\"},\"thumbnailUrl\":\"https:\\\/\\\/lospoliticosveracruz.com.mx\\\/wp-content\\\/uploads\\\/2021\\\/10\\\/WhatsApp-Image-2021-10-02-at-15.20.25-724x1024.jpeg\",\"keywords\":[\"Cr\u00e9dito Automotriz\",\"desalojo\",\"Teresa Carbajal\"],\"articleSection\":[\"De Opini\u00f3n\"],\"inLanguage\":\"es\"},{\"@type\":\"WebPage\",\"@id\":\"https:\\\/\\\/lospoliticosveracruz.com\\\/?p=89834\",\"url\":\"https:\\\/\\\/lospoliticosveracruz.com\\\/?p=89834\",\"name\":\"La Reo - Los pol\u00edticos Veracruz\",\"isPartOf\":{\"@id\":\"https:\\\/\\\/lospoliticosveracruz.com\\\/#website\"},\"primaryImageOfPage\":{\"@id\":\"https:\\\/\\\/lospoliticosveracruz.com\\\/?p=89834#primaryimage\"},\"image\":{\"@id\":\"https:\\\/\\\/lospoliticosveracruz.com\\\/?p=89834#primaryimage\"},\"thumbnailUrl\":\"https:\\\/\\\/lospoliticosveracruz.com.mx\\\/wp-content\\\/uploads\\\/2021\\\/10\\\/WhatsApp-Image-2021-10-02-at-15.20.25-724x1024.jpeg\",\"datePublished\":\"2022-05-13T15:10:22+00:00\",\"dateModified\":\"2022-05-13T15:34:46+00:00\",\"breadcrumb\":{\"@id\":\"https:\\\/\\\/lospoliticosveracruz.com\\\/?p=89834#breadcrumb\"},\"inLanguage\":\"es\",\"potentialAction\":[{\"@type\":\"ReadAction\",\"target\":[\"https:\\\/\\\/lospoliticosveracruz.com\\\/?p=89834\"]}]},{\"@type\":\"ImageObject\",\"inLanguage\":\"es\",\"@id\":\"https:\\\/\\\/lospoliticosveracruz.com\\\/?p=89834#primaryimage\",\"url\":\"https:\\\/\\\/lospoliticosveracruz.com.mx\\\/wp-content\\\/uploads\\\/2021\\\/10\\\/WhatsApp-Image-2021-10-02-at-15.20.25-724x1024.jpeg\",\"contentUrl\":\"https:\\\/\\\/lospoliticosveracruz.com.mx\\\/wp-content\\\/uploads\\\/2021\\\/10\\\/WhatsApp-Image-2021-10-02-at-15.20.25-724x1024.jpeg\"},{\"@type\":\"BreadcrumbList\",\"@id\":\"https:\\\/\\\/lospoliticosveracruz.com\\\/?p=89834#breadcrumb\",\"itemListElement\":[{\"@type\":\"ListItem\",\"position\":1,\"name\":\"Portada\",\"item\":\"https:\\\/\\\/lospoliticosveracruz.com\\\/\"},{\"@type\":\"ListItem\",\"position\":2,\"name\":\"La Reo\"}]},{\"@type\":\"WebSite\",\"@id\":\"https:\\\/\\\/lospoliticosveracruz.com\\\/#website\",\"url\":\"https:\\\/\\\/lospoliticosveracruz.com\\\/\",\"name\":\"Los pol\u00edticos Veracruz\",\"description\":\"\",\"publisher\":{\"@id\":\"https:\\\/\\\/lospoliticosveracruz.com\\\/#organization\"},\"potentialAction\":[{\"@type\":\"SearchAction\",\"target\":{\"@type\":\"EntryPoint\",\"urlTemplate\":\"https:\\\/\\\/lospoliticosveracruz.com\\\/?s={search_term_string}\"},\"query-input\":{\"@type\":\"PropertyValueSpecification\",\"valueRequired\":true,\"valueName\":\"search_term_string\"}}],\"inLanguage\":\"es\"},{\"@type\":\"Organization\",\"@id\":\"https:\\\/\\\/lospoliticosveracruz.com\\\/#organization\",\"name\":\"Los pol\u00edticos Veracruz\",\"url\":\"https:\\\/\\\/lospoliticosveracruz.com\\\/\",\"logo\":{\"@type\":\"ImageObject\",\"inLanguage\":\"es\",\"@id\":\"https:\\\/\\\/lospoliticosveracruz.com\\\/#\\\/schema\\\/logo\\\/image\\\/\",\"url\":\"https:\\\/\\\/lospoliticosveracruz.com\\\/wp-content\\\/uploads\\\/2025\\\/12\\\/Logo-Nuevo-LOS-POLITICOS-1.jpg\",\"contentUrl\":\"https:\\\/\\\/lospoliticosveracruz.com\\\/wp-content\\\/uploads\\\/2025\\\/12\\\/Logo-Nuevo-LOS-POLITICOS-1.jpg\",\"width\":260,\"height\":70,\"caption\":\"Los pol\u00edticos Veracruz\"},\"image\":{\"@id\":\"https:\\\/\\\/lospoliticosveracruz.com\\\/#\\\/schema\\\/logo\\\/image\\\/\"},\"sameAs\":[\"https:\\\/\\\/www.facebook.com\\\/people\\\/Notimemes-de-los-Polticos\\\/61565672886568\\\/\",\"https:\\\/\\\/x.com\\\/LosPoliticosVer\"]},{\"@type\":\"Person\",\"@id\":\"https:\\\/\\\/lospoliticosveracruz.com\\\/#\\\/schema\\\/person\\\/b8702bb0e538456e6efd07080bf2a4a2\",\"name\":\"Lo viste en Los Pol\u00edticos\",\"image\":{\"@type\":\"ImageObject\",\"inLanguage\":\"es\",\"@id\":\"https:\\\/\\\/secure.gravatar.com\\\/avatar\\\/3a8de04a2656d44082be478bd6c086daa447c4651605818287b9532d3d0bd435?s=96&d=mm&r=g\",\"url\":\"https:\\\/\\\/secure.gravatar.com\\\/avatar\\\/3a8de04a2656d44082be478bd6c086daa447c4651605818287b9532d3d0bd435?s=96&d=mm&r=g\",\"contentUrl\":\"https:\\\/\\\/secure.gravatar.com\\\/avatar\\\/3a8de04a2656d44082be478bd6c086daa447c4651605818287b9532d3d0bd435?s=96&d=mm&r=g\",\"caption\":\"Lo viste en Los Pol\u00edticos\"},\"url\":\"https:\\\/\\\/lospoliticosveracruz.com\\\/?author=2\"}]}<\/script>\n<!-- \/ Yoast SEO plugin. -->","yoast_head_json":{"title":"La Reo - Los pol\u00edticos Veracruz","robots":{"index":"index","follow":"follow","max-snippet":"max-snippet:-1","max-image-preview":"max-image-preview:large","max-video-preview":"max-video-preview:-1"},"canonical":"https:\/\/lospoliticosveracruz.com\/?p=89834","og_locale":"es_ES","og_type":"article","og_title":"La Reo - Los pol\u00edticos Veracruz","og_description":"Teresa Carbajal Debo, no niego; pago, lo justo El diez de mayo es un d\u00eda dedicado a rendir homenaje a las Mam\u00e1s, en el ambiente se percibe el \u00e1nimo festivo de la fecha; pero Inocencia nombre usado para proteger su verdadera identidad, ha olvidado qu\u00e9 d\u00eda es, pues va de aqu\u00ed a all\u00e1 en busca [&hellip;]","og_url":"https:\/\/lospoliticosveracruz.com\/?p=89834","og_site_name":"Los pol\u00edticos Veracruz","article_publisher":"https:\/\/www.facebook.com\/people\/Notimemes-de-los-Polticos\/61565672886568\/","article_published_time":"2022-05-13T15:10:22+00:00","article_modified_time":"2022-05-13T15:34:46+00:00","og_image":[{"url":"https:\/\/lospoliticosveracruz.com.mx\/wp-content\/uploads\/2021\/10\/WhatsApp-Image-2021-10-02-at-15.20.25-724x1024.jpeg","type":"","width":"","height":""}],"author":"Lo viste en Los Pol\u00edticos","twitter_card":"summary_large_image","twitter_creator":"@LosPoliticosVer","twitter_site":"@LosPoliticosVer","twitter_misc":{"Escrito por":"Lo viste en Los Pol\u00edticos","Tiempo de lectura":"4 minutos"},"schema":{"@context":"https:\/\/schema.org","@graph":[{"@type":"Article","@id":"https:\/\/lospoliticosveracruz.com\/?p=89834#article","isPartOf":{"@id":"https:\/\/lospoliticosveracruz.com\/?p=89834"},"author":{"name":"Lo viste en Los Pol\u00edticos","@id":"https:\/\/lospoliticosveracruz.com\/#\/schema\/person\/b8702bb0e538456e6efd07080bf2a4a2"},"headline":"La Reo","datePublished":"2022-05-13T15:10:22+00:00","dateModified":"2022-05-13T15:34:46+00:00","mainEntityOfPage":{"@id":"https:\/\/lospoliticosveracruz.com\/?p=89834"},"wordCount":767,"publisher":{"@id":"https:\/\/lospoliticosveracruz.com\/#organization"},"image":{"@id":"https:\/\/lospoliticosveracruz.com\/?p=89834#primaryimage"},"thumbnailUrl":"https:\/\/lospoliticosveracruz.com.mx\/wp-content\/uploads\/2021\/10\/WhatsApp-Image-2021-10-02-at-15.20.25-724x1024.jpeg","keywords":["Cr\u00e9dito Automotriz","desalojo","Teresa Carbajal"],"articleSection":["De Opini\u00f3n"],"inLanguage":"es"},{"@type":"WebPage","@id":"https:\/\/lospoliticosveracruz.com\/?p=89834","url":"https:\/\/lospoliticosveracruz.com\/?p=89834","name":"La Reo - Los pol\u00edticos Veracruz","isPartOf":{"@id":"https:\/\/lospoliticosveracruz.com\/#website"},"primaryImageOfPage":{"@id":"https:\/\/lospoliticosveracruz.com\/?p=89834#primaryimage"},"image":{"@id":"https:\/\/lospoliticosveracruz.com\/?p=89834#primaryimage"},"thumbnailUrl":"https:\/\/lospoliticosveracruz.com.mx\/wp-content\/uploads\/2021\/10\/WhatsApp-Image-2021-10-02-at-15.20.25-724x1024.jpeg","datePublished":"2022-05-13T15:10:22+00:00","dateModified":"2022-05-13T15:34:46+00:00","breadcrumb":{"@id":"https:\/\/lospoliticosveracruz.com\/?p=89834#breadcrumb"},"inLanguage":"es","potentialAction":[{"@type":"ReadAction","target":["https:\/\/lospoliticosveracruz.com\/?p=89834"]}]},{"@type":"ImageObject","inLanguage":"es","@id":"https:\/\/lospoliticosveracruz.com\/?p=89834#primaryimage","url":"https:\/\/lospoliticosveracruz.com.mx\/wp-content\/uploads\/2021\/10\/WhatsApp-Image-2021-10-02-at-15.20.25-724x1024.jpeg","contentUrl":"https:\/\/lospoliticosveracruz.com.mx\/wp-content\/uploads\/2021\/10\/WhatsApp-Image-2021-10-02-at-15.20.25-724x1024.jpeg"},{"@type":"BreadcrumbList","@id":"https:\/\/lospoliticosveracruz.com\/?p=89834#breadcrumb","itemListElement":[{"@type":"ListItem","position":1,"name":"Portada","item":"https:\/\/lospoliticosveracruz.com\/"},{"@type":"ListItem","position":2,"name":"La Reo"}]},{"@type":"WebSite","@id":"https:\/\/lospoliticosveracruz.com\/#website","url":"https:\/\/lospoliticosveracruz.com\/","name":"Los pol\u00edticos Veracruz","description":"","publisher":{"@id":"https:\/\/lospoliticosveracruz.com\/#organization"},"potentialAction":[{"@type":"SearchAction","target":{"@type":"EntryPoint","urlTemplate":"https:\/\/lospoliticosveracruz.com\/?s={search_term_string}"},"query-input":{"@type":"PropertyValueSpecification","valueRequired":true,"valueName":"search_term_string"}}],"inLanguage":"es"},{"@type":"Organization","@id":"https:\/\/lospoliticosveracruz.com\/#organization","name":"Los pol\u00edticos Veracruz","url":"https:\/\/lospoliticosveracruz.com\/","logo":{"@type":"ImageObject","inLanguage":"es","@id":"https:\/\/lospoliticosveracruz.com\/#\/schema\/logo\/image\/","url":"https:\/\/lospoliticosveracruz.com\/wp-content\/uploads\/2025\/12\/Logo-Nuevo-LOS-POLITICOS-1.jpg","contentUrl":"https:\/\/lospoliticosveracruz.com\/wp-content\/uploads\/2025\/12\/Logo-Nuevo-LOS-POLITICOS-1.jpg","width":260,"height":70,"caption":"Los pol\u00edticos Veracruz"},"image":{"@id":"https:\/\/lospoliticosveracruz.com\/#\/schema\/logo\/image\/"},"sameAs":["https:\/\/www.facebook.com\/people\/Notimemes-de-los-Polticos\/61565672886568\/","https:\/\/x.com\/LosPoliticosVer"]},{"@type":"Person","@id":"https:\/\/lospoliticosveracruz.com\/#\/schema\/person\/b8702bb0e538456e6efd07080bf2a4a2","name":"Lo viste en Los Pol\u00edticos","image":{"@type":"ImageObject","inLanguage":"es","@id":"https:\/\/secure.gravatar.com\/avatar\/3a8de04a2656d44082be478bd6c086daa447c4651605818287b9532d3d0bd435?s=96&d=mm&r=g","url":"https:\/\/secure.gravatar.com\/avatar\/3a8de04a2656d44082be478bd6c086daa447c4651605818287b9532d3d0bd435?s=96&d=mm&r=g","contentUrl":"https:\/\/secure.gravatar.com\/avatar\/3a8de04a2656d44082be478bd6c086daa447c4651605818287b9532d3d0bd435?s=96&d=mm&r=g","caption":"Lo viste en Los Pol\u00edticos"},"url":"https:\/\/lospoliticosveracruz.com\/?author=2"}]}},"_links":{"self":[{"href":"https:\/\/lospoliticosveracruz.com\/index.php?rest_route=\/wp\/v2\/posts\/89834","targetHints":{"allow":["GET"]}}],"collection":[{"href":"https:\/\/lospoliticosveracruz.com\/index.php?rest_route=\/wp\/v2\/posts"}],"about":[{"href":"https:\/\/lospoliticosveracruz.com\/index.php?rest_route=\/wp\/v2\/types\/post"}],"author":[{"embeddable":true,"href":"https:\/\/lospoliticosveracruz.com\/index.php?rest_route=\/wp\/v2\/users\/2"}],"replies":[{"embeddable":true,"href":"https:\/\/lospoliticosveracruz.com\/index.php?rest_route=%2Fwp%2Fv2%2Fcomments&post=89834"}],"version-history":[{"count":2,"href":"https:\/\/lospoliticosveracruz.com\/index.php?rest_route=\/wp\/v2\/posts\/89834\/revisions"}],"predecessor-version":[{"id":89845,"href":"https:\/\/lospoliticosveracruz.com\/index.php?rest_route=\/wp\/v2\/posts\/89834\/revisions\/89845"}],"wp:attachment":[{"href":"https:\/\/lospoliticosveracruz.com\/index.php?rest_route=%2Fwp%2Fv2%2Fmedia&parent=89834"}],"wp:term":[{"taxonomy":"category","embeddable":true,"href":"https:\/\/lospoliticosveracruz.com\/index.php?rest_route=%2Fwp%2Fv2%2Fcategories&post=89834"},{"taxonomy":"post_tag","embeddable":true,"href":"https:\/\/lospoliticosveracruz.com\/index.php?rest_route=%2Fwp%2Fv2%2Ftags&post=89834"}],"curies":[{"name":"wp","href":"https:\/\/api.w.org\/{rel}","templated":true}]}}