{"id":89841,"date":"2022-05-13T10:27:49","date_gmt":"2022-05-13T15:27:49","guid":{"rendered":"https:\/\/lospoliticosveracruz.com.mx\/?p=89841"},"modified":"2022-05-13T10:33:40","modified_gmt":"2022-05-13T15:33:40","slug":"acuario-de-veracruz","status":"publish","type":"post","link":"https:\/\/lospoliticosveracruz.com\/?p=89841","title":{"rendered":"Acuario de Veracruz"},"content":{"rendered":"\n<p><strong>Ignacio Alvarez<br><\/strong><em>Pluma Negra<\/em><\/p>\n\n\n\n<p>La clausura del Acuario de Veracruz que en el momento de la colocaci\u00f3n de los sellos no estaba clara ni para el Procurador del Medio Ambiente, Sergio Rodr\u00edguez, se ha complicado por varios factores ajenos al argumento de el cuidado del medio ambiente y las especies en resguardo y exhibici\u00f3n dentro de ese recinto; para no variar, el tema se politiz\u00f3 en horas.<\/p>\n\n\n\n<div class=\"wp-block-image\"><figure class=\"alignleft size-full is-resized\"><a href=\"https:\/\/lospoliticosveracruz.com.mx\/wp-content\/uploads\/2021\/10\/Zacauilt.jpg\"><img decoding=\"async\" src=\"https:\/\/lospoliticosveracruz.com.mx\/wp-content\/uploads\/2021\/10\/Zacauilt.jpg\" alt=\"\" class=\"wp-image-80558\" height=\"500\"\/><\/a><\/figure><\/div>\n\n\n\n<p>Es cierto que de acuerdo a la ley, no corresponde a la PMA la clausura, ya que en el fondo el atractivo tur\u00edstico m\u00e1s importante de la ciudad de Veracruz, es un centro de investigaci\u00f3n cient\u00edfica de la vida marina en el Golfo de M\u00e9xico y una Unidad de Manejo Ambiental<\/p>\n\n\n\n<p>La Ley General de Vida Silvestre expresa de manera clara que las \u00fanicas autoridades autoridades para resguardar, proteger, vigilar y en su caso sancionar, son la Secretar\u00eda de Medio Ambiente y la Procuradur\u00eda Federal de Protecci\u00f3n al Ambiente.<\/p>\n\n\n\n<p>En el caso de los estados, el Articulo 10 &nbsp;de la presente ley marca como concurrencia las facultades de la entidad federativa<br>&nbsp;<br>I.- La formulaci\u00f3n y conducci\u00f3n de la pol\u00edtica estatal sobre la conservaci\u00f3n y aprovechamiento sustentable de la vida silvestre la que, en todo caso, deber\u00e1 ser congruente con los lineamientos de la pol\u00edtica nacional en la materia.<br>&nbsp;<br>Para el funcionamiento, operaci\u00f3n, supervisi\u00f3n y vigilancia la misma ley en cuesti\u00f3n maneja dos cap\u00edtulos<\/p>\n\n\n\n<p><strong>CAP\u00cdTULO VIII SISTEMA DE UNIDADES DE MANEJO PARA LA CONSERVACI\u00d3N DE LA VIDA SILVESTRE<br><\/strong>&nbsp;<br>Dicta una serie de acciones que deber\u00e1n observar los propietarios o leg\u00edtimos poseedores de los predios o instalaciones en los que se realicen actividades de conservaci\u00f3n de Vida Silvestre y cuyas autoridades UNICAS en la materia son la SEMARNAT y la PROFEPA.<br>&nbsp;<br>En cuanto a los relativo al marco jur\u00eddico del estado tenemos a LEY DE VIDA SILVESTRE PARA EL ESTADO DE VERACRUZ DE IGNACIO DE LA LLAVE; que en su siguiente art\u00edculo se\u00f1ala:<br>&nbsp;<br>Art\u00edculo 6.- Corresponde al Ejecutivo del Estado, al trav\u00e9s de la Secretar\u00eda y la Coordinaci\u00f3n, de conformidad con lo dispuesto en la Ley General, esta Ley y en las dem\u00e1s disposiciones aplicables, ejercer las siguientes atribuciones:<br>&nbsp;<br>VIII. La emisi\u00f3n de recomendaciones a las autoridades competentes en materia de vida silvestre, con el prop\u00f3sito de promover el cumplimiento de la legislaci\u00f3n en cuanto a conservaci\u00f3n y aprovechamiento sustentable;<br>&nbsp;<br>Ahora bien hablemos de la violaciones o faltas que realiz\u00f3 la PMA durante la diligencia de clausura, este se desarrolla de la siguiente:<br>&nbsp;<br>ART\u00cdCULO 171 de la LGEEPA Las violaciones a los preceptos de esta Ley, sus reglamentos y las disposiciones que de ella emanen ser\u00e1n sancionadas administrativamente por la Secretar\u00eda, con una o m\u00e1s de las siguientes sanciones:<br>&nbsp;<br>II.- Clausura temporal o definitiva, total o parcial, cuando:<br>&nbsp;<br>ART\u00cdCULO 173.- Para la imposici\u00f3n de las sanciones por infracciones a esta Ley, se tomar\u00e1 en cuenta: I. La gravedad de la infracci\u00f3n, considerando principalmente los siguientes criterios: los da\u00f1os que se hubieran producido o puedan producirse en la salud p\u00fablica; la generaci\u00f3n de desequilibrios ecol\u00f3gicos; la afectaci\u00f3n de recursos naturales o de la biodiversidad y, en su caso, los niveles en que se hubieran rebasado los l\u00edmites establecidos en la norma oficial mexicana aplicable;<br>&nbsp;<br>&nbsp;<br><strong>ES DECIR QUE EXISTA UN RIESGO O DA\u00d1O EMINENTE QUE PUEDA PONER EN RIESGO LA BIEN JURIDICO PROTEGIDO EN ESTE CASO LAS ESPECIES ACUATICAS.<br><\/strong>&nbsp;<br>Acci\u00f3n contraria con los que observamos en la realidad pues se hablar de procesos abierto una del a\u00f1o 2020 y otra del 18 de enero de 2022) por lo cual el principio de inmediatez no aplica.<br>&nbsp;<br>Otra acciones que me surge es la entrevista del procurado pues manifiesta que el objeto de las visita de inspecci\u00f3n al acuario son muy ambiguas como la preocupaci\u00f3n del bienestar animal, intercambio de especies, manejo de residuos entre otras.<br>&nbsp;<br>Este punto es fundamental, pues la tendencia de algunas autoridades ambientales sin experiencia generan grandes errores, se\u00f1alando como objeto de sus Ordenes de Inspecci\u00f3n con argumentos ambiguos y generales, puesto que bajo el argumento la Autoridad requiere que el particular demuestre el cumplimiento de todos los requerimientos ambientales, convirtiendo la visita en un proceso inquisitorial donde literalmente est\u00e1n buscando cualquier cosa que se encuentre mal para proceder a la sanci\u00f3n.<br>&nbsp;<br>Un ejemplo de lo anterior es \u201c la verificaci\u00f3n para constatar el cumplimiento a la Ley General del Equilibrio Ecol\u00f3gico y la Protecci\u00f3n al Ambiente\u00bb<\/p>\n\n\n\n<p>Actualmente existen criterios de Jurisprudencia de los Tribunales Federales donde se\u00f1ala que el objeto de la Orden de Inspecci\u00f3n debe entenderse no s\u00f3lo como un prop\u00f3sito o un fin&nbsp;que da lugar a la facultad verificadora de la autoridad correspondiente, sino&nbsp;tambi\u00e9n como una cosa, elemento, tema o materia; es decir,&nbsp;el objeto&nbsp;de una orden de verificaci\u00f3n&nbsp;constituye la delimitaci\u00f3n del actuar de la autoridad, a fin de determinar d\u00f3nde empezar\u00e1n y d\u00f3nde terminar\u00e1n las actividades que ha de realizar durante la verificaci\u00f3n&nbsp;correspondiente.<\/p>\n\n\n\n<p>En este caso, el objeto de la Orden de Inspecci\u00f3n es ambiguo o muy generalizado; en este sentido tendremos que esperar a que la Autoridad emita su resolutivo y solo as\u00ed podr\u00eda ser combatido a trav\u00e9s de un Juicio de Nulidad ante los tribunales competentes.<\/p>\n\n\n\n<p>El tema de la fiesta y la ignorancia al Gobierno del Estado como ntegrante del Consejo de Administraci\u00f3n del Patronato del Acuario de Veracruz, son argumentos v\u00e1lidos en lo moral, pero no corresponden a la ley.<\/p>\n","protected":false},"excerpt":{"rendered":"<p>Ignacio AlvarezPluma Negra La clausura del Acuario de Veracruz que en el momento de la colocaci\u00f3n de los sellos no estaba clara ni para el Procurador del Medio Ambiente, Sergio Rodr\u00edguez, se ha complicado por varios factores ajenos al argumento de el cuidado del medio ambiente y las especies en resguardo y exhibici\u00f3n dentro de [&hellip;]<\/p>\n","protected":false},"author":2,"featured_media":0,"comment_status":"closed","ping_status":"closed","sticky":false,"template":"","format":"standard","meta":{"tdm_status":"","tdm_grid_status":"","footnotes":""},"categories":[70],"tags":[33263,28674,8109,11592,19285,4907,4908,1232],"class_list":{"0":"post-89841","1":"post","2":"type-post","3":"status-publish","4":"format-standard","6":"category-de-opinion","7":"tag-especies-acuaticas","8":"tag-ignacio-alvarez","9":"tag-ley-general-de-vida-silvestre","10":"tag-pma","11":"tag-procurador-del-medio-ambiente","12":"tag-profepa","13":"tag-semarnat","14":"tag-sergio-rodriguez"},"yoast_head":"<!-- This site is optimized with the Yoast SEO plugin v27.4 - https:\/\/yoast.com\/product\/yoast-seo-wordpress\/ -->\n<title>Acuario de Veracruz - Los pol\u00edticos Veracruz<\/title>\n<meta name=\"robots\" content=\"index, follow, max-snippet:-1, max-image-preview:large, max-video-preview:-1\" \/>\n<link rel=\"canonical\" href=\"https:\/\/lospoliticosveracruz.com\/?p=89841\" \/>\n<meta property=\"og:locale\" content=\"es_ES\" \/>\n<meta property=\"og:type\" content=\"article\" \/>\n<meta property=\"og:title\" content=\"Acuario de Veracruz - Los pol\u00edticos Veracruz\" \/>\n<meta property=\"og:description\" content=\"Ignacio AlvarezPluma Negra La clausura del Acuario de Veracruz que en el momento de la colocaci\u00f3n de los sellos no estaba clara ni para el Procurador del Medio Ambiente, Sergio Rodr\u00edguez, se ha complicado por varios factores ajenos al argumento de el cuidado del medio ambiente y las especies en resguardo y exhibici\u00f3n dentro de [&hellip;]\" \/>\n<meta property=\"og:url\" content=\"https:\/\/lospoliticosveracruz.com\/?p=89841\" \/>\n<meta property=\"og:site_name\" content=\"Los pol\u00edticos Veracruz\" \/>\n<meta property=\"article:publisher\" content=\"https:\/\/www.facebook.com\/people\/Notimemes-de-los-Polticos\/61565672886568\/\" \/>\n<meta property=\"article:published_time\" content=\"2022-05-13T15:27:49+00:00\" \/>\n<meta property=\"article:modified_time\" content=\"2022-05-13T15:33:40+00:00\" \/>\n<meta property=\"og:image\" content=\"https:\/\/lospoliticosveracruz.com.mx\/wp-content\/uploads\/2021\/10\/Zacauilt.jpg\" \/>\n<meta name=\"author\" content=\"Lo viste en Los Pol\u00edticos\" \/>\n<meta name=\"twitter:card\" content=\"summary_large_image\" \/>\n<meta name=\"twitter:creator\" content=\"@LosPoliticosVer\" \/>\n<meta name=\"twitter:site\" content=\"@LosPoliticosVer\" \/>\n<meta name=\"twitter:label1\" content=\"Escrito por\" \/>\n\t<meta name=\"twitter:data1\" content=\"Lo viste en Los Pol\u00edticos\" \/>\n\t<meta name=\"twitter:label2\" content=\"Tiempo de lectura\" \/>\n\t<meta name=\"twitter:data2\" content=\"5 minutos\" \/>\n<script type=\"application\/ld+json\" class=\"yoast-schema-graph\">{\"@context\":\"https:\\\/\\\/schema.org\",\"@graph\":[{\"@type\":\"Article\",\"@id\":\"https:\\\/\\\/lospoliticosveracruz.com\\\/?p=89841#article\",\"isPartOf\":{\"@id\":\"https:\\\/\\\/lospoliticosveracruz.com\\\/?p=89841\"},\"author\":{\"name\":\"Lo viste en Los Pol\u00edticos\",\"@id\":\"https:\\\/\\\/lospoliticosveracruz.com\\\/#\\\/schema\\\/person\\\/b8702bb0e538456e6efd07080bf2a4a2\"},\"headline\":\"Acuario de Veracruz\",\"datePublished\":\"2022-05-13T15:27:49+00:00\",\"dateModified\":\"2022-05-13T15:33:40+00:00\",\"mainEntityOfPage\":{\"@id\":\"https:\\\/\\\/lospoliticosveracruz.com\\\/?p=89841\"},\"wordCount\":989,\"publisher\":{\"@id\":\"https:\\\/\\\/lospoliticosveracruz.com\\\/#organization\"},\"image\":{\"@id\":\"https:\\\/\\\/lospoliticosveracruz.com\\\/?p=89841#primaryimage\"},\"thumbnailUrl\":\"https:\\\/\\\/lospoliticosveracruz.com.mx\\\/wp-content\\\/uploads\\\/2021\\\/10\\\/Zacauilt.jpg\",\"keywords\":[\"Especies Acu\u00e1ticas\",\"Ignacio Alvarez\",\"Ley General de Vida Silvestre\",\"PMA\",\"Procurador del Medio Ambiente\",\"Profepa\",\"Semarnat\",\"Sergio Rodr\u00edguez\"],\"articleSection\":[\"De Opini\u00f3n\"],\"inLanguage\":\"es\"},{\"@type\":\"WebPage\",\"@id\":\"https:\\\/\\\/lospoliticosveracruz.com\\\/?p=89841\",\"url\":\"https:\\\/\\\/lospoliticosveracruz.com\\\/?p=89841\",\"name\":\"Acuario de Veracruz - Los pol\u00edticos Veracruz\",\"isPartOf\":{\"@id\":\"https:\\\/\\\/lospoliticosveracruz.com\\\/#website\"},\"primaryImageOfPage\":{\"@id\":\"https:\\\/\\\/lospoliticosveracruz.com\\\/?p=89841#primaryimage\"},\"image\":{\"@id\":\"https:\\\/\\\/lospoliticosveracruz.com\\\/?p=89841#primaryimage\"},\"thumbnailUrl\":\"https:\\\/\\\/lospoliticosveracruz.com.mx\\\/wp-content\\\/uploads\\\/2021\\\/10\\\/Zacauilt.jpg\",\"datePublished\":\"2022-05-13T15:27:49+00:00\",\"dateModified\":\"2022-05-13T15:33:40+00:00\",\"breadcrumb\":{\"@id\":\"https:\\\/\\\/lospoliticosveracruz.com\\\/?p=89841#breadcrumb\"},\"inLanguage\":\"es\",\"potentialAction\":[{\"@type\":\"ReadAction\",\"target\":[\"https:\\\/\\\/lospoliticosveracruz.com\\\/?p=89841\"]}]},{\"@type\":\"ImageObject\",\"inLanguage\":\"es\",\"@id\":\"https:\\\/\\\/lospoliticosveracruz.com\\\/?p=89841#primaryimage\",\"url\":\"https:\\\/\\\/lospoliticosveracruz.com.mx\\\/wp-content\\\/uploads\\\/2021\\\/10\\\/Zacauilt.jpg\",\"contentUrl\":\"https:\\\/\\\/lospoliticosveracruz.com.mx\\\/wp-content\\\/uploads\\\/2021\\\/10\\\/Zacauilt.jpg\"},{\"@type\":\"BreadcrumbList\",\"@id\":\"https:\\\/\\\/lospoliticosveracruz.com\\\/?p=89841#breadcrumb\",\"itemListElement\":[{\"@type\":\"ListItem\",\"position\":1,\"name\":\"Portada\",\"item\":\"https:\\\/\\\/lospoliticosveracruz.com\\\/\"},{\"@type\":\"ListItem\",\"position\":2,\"name\":\"Acuario de Veracruz\"}]},{\"@type\":\"WebSite\",\"@id\":\"https:\\\/\\\/lospoliticosveracruz.com\\\/#website\",\"url\":\"https:\\\/\\\/lospoliticosveracruz.com\\\/\",\"name\":\"Los pol\u00edticos Veracruz\",\"description\":\"\",\"publisher\":{\"@id\":\"https:\\\/\\\/lospoliticosveracruz.com\\\/#organization\"},\"potentialAction\":[{\"@type\":\"SearchAction\",\"target\":{\"@type\":\"EntryPoint\",\"urlTemplate\":\"https:\\\/\\\/lospoliticosveracruz.com\\\/?s={search_term_string}\"},\"query-input\":{\"@type\":\"PropertyValueSpecification\",\"valueRequired\":true,\"valueName\":\"search_term_string\"}}],\"inLanguage\":\"es\"},{\"@type\":\"Organization\",\"@id\":\"https:\\\/\\\/lospoliticosveracruz.com\\\/#organization\",\"name\":\"Los pol\u00edticos Veracruz\",\"url\":\"https:\\\/\\\/lospoliticosveracruz.com\\\/\",\"logo\":{\"@type\":\"ImageObject\",\"inLanguage\":\"es\",\"@id\":\"https:\\\/\\\/lospoliticosveracruz.com\\\/#\\\/schema\\\/logo\\\/image\\\/\",\"url\":\"https:\\\/\\\/lospoliticosveracruz.com\\\/wp-content\\\/uploads\\\/2025\\\/12\\\/Logo-Nuevo-LOS-POLITICOS-1.jpg\",\"contentUrl\":\"https:\\\/\\\/lospoliticosveracruz.com\\\/wp-content\\\/uploads\\\/2025\\\/12\\\/Logo-Nuevo-LOS-POLITICOS-1.jpg\",\"width\":260,\"height\":70,\"caption\":\"Los pol\u00edticos Veracruz\"},\"image\":{\"@id\":\"https:\\\/\\\/lospoliticosveracruz.com\\\/#\\\/schema\\\/logo\\\/image\\\/\"},\"sameAs\":[\"https:\\\/\\\/www.facebook.com\\\/people\\\/Notimemes-de-los-Polticos\\\/61565672886568\\\/\",\"https:\\\/\\\/x.com\\\/LosPoliticosVer\"]},{\"@type\":\"Person\",\"@id\":\"https:\\\/\\\/lospoliticosveracruz.com\\\/#\\\/schema\\\/person\\\/b8702bb0e538456e6efd07080bf2a4a2\",\"name\":\"Lo viste en Los Pol\u00edticos\",\"image\":{\"@type\":\"ImageObject\",\"inLanguage\":\"es\",\"@id\":\"https:\\\/\\\/secure.gravatar.com\\\/avatar\\\/3a8de04a2656d44082be478bd6c086daa447c4651605818287b9532d3d0bd435?s=96&d=mm&r=g\",\"url\":\"https:\\\/\\\/secure.gravatar.com\\\/avatar\\\/3a8de04a2656d44082be478bd6c086daa447c4651605818287b9532d3d0bd435?s=96&d=mm&r=g\",\"contentUrl\":\"https:\\\/\\\/secure.gravatar.com\\\/avatar\\\/3a8de04a2656d44082be478bd6c086daa447c4651605818287b9532d3d0bd435?s=96&d=mm&r=g\",\"caption\":\"Lo viste en Los Pol\u00edticos\"},\"url\":\"https:\\\/\\\/lospoliticosveracruz.com\\\/?author=2\"}]}<\/script>\n<!-- \/ Yoast SEO plugin. -->","yoast_head_json":{"title":"Acuario de Veracruz - Los pol\u00edticos Veracruz","robots":{"index":"index","follow":"follow","max-snippet":"max-snippet:-1","max-image-preview":"max-image-preview:large","max-video-preview":"max-video-preview:-1"},"canonical":"https:\/\/lospoliticosveracruz.com\/?p=89841","og_locale":"es_ES","og_type":"article","og_title":"Acuario de Veracruz - Los pol\u00edticos Veracruz","og_description":"Ignacio AlvarezPluma Negra La clausura del Acuario de Veracruz que en el momento de la colocaci\u00f3n de los sellos no estaba clara ni para el Procurador del Medio Ambiente, Sergio Rodr\u00edguez, se ha complicado por varios factores ajenos al argumento de el cuidado del medio ambiente y las especies en resguardo y exhibici\u00f3n dentro de [&hellip;]","og_url":"https:\/\/lospoliticosveracruz.com\/?p=89841","og_site_name":"Los pol\u00edticos Veracruz","article_publisher":"https:\/\/www.facebook.com\/people\/Notimemes-de-los-Polticos\/61565672886568\/","article_published_time":"2022-05-13T15:27:49+00:00","article_modified_time":"2022-05-13T15:33:40+00:00","og_image":[{"url":"https:\/\/lospoliticosveracruz.com.mx\/wp-content\/uploads\/2021\/10\/Zacauilt.jpg","type":"","width":"","height":""}],"author":"Lo viste en Los Pol\u00edticos","twitter_card":"summary_large_image","twitter_creator":"@LosPoliticosVer","twitter_site":"@LosPoliticosVer","twitter_misc":{"Escrito por":"Lo viste en Los Pol\u00edticos","Tiempo de lectura":"5 minutos"},"schema":{"@context":"https:\/\/schema.org","@graph":[{"@type":"Article","@id":"https:\/\/lospoliticosveracruz.com\/?p=89841#article","isPartOf":{"@id":"https:\/\/lospoliticosveracruz.com\/?p=89841"},"author":{"name":"Lo viste en Los Pol\u00edticos","@id":"https:\/\/lospoliticosveracruz.com\/#\/schema\/person\/b8702bb0e538456e6efd07080bf2a4a2"},"headline":"Acuario de Veracruz","datePublished":"2022-05-13T15:27:49+00:00","dateModified":"2022-05-13T15:33:40+00:00","mainEntityOfPage":{"@id":"https:\/\/lospoliticosveracruz.com\/?p=89841"},"wordCount":989,"publisher":{"@id":"https:\/\/lospoliticosveracruz.com\/#organization"},"image":{"@id":"https:\/\/lospoliticosveracruz.com\/?p=89841#primaryimage"},"thumbnailUrl":"https:\/\/lospoliticosveracruz.com.mx\/wp-content\/uploads\/2021\/10\/Zacauilt.jpg","keywords":["Especies Acu\u00e1ticas","Ignacio Alvarez","Ley General de Vida Silvestre","PMA","Procurador del Medio Ambiente","Profepa","Semarnat","Sergio Rodr\u00edguez"],"articleSection":["De Opini\u00f3n"],"inLanguage":"es"},{"@type":"WebPage","@id":"https:\/\/lospoliticosveracruz.com\/?p=89841","url":"https:\/\/lospoliticosveracruz.com\/?p=89841","name":"Acuario de Veracruz - Los pol\u00edticos Veracruz","isPartOf":{"@id":"https:\/\/lospoliticosveracruz.com\/#website"},"primaryImageOfPage":{"@id":"https:\/\/lospoliticosveracruz.com\/?p=89841#primaryimage"},"image":{"@id":"https:\/\/lospoliticosveracruz.com\/?p=89841#primaryimage"},"thumbnailUrl":"https:\/\/lospoliticosveracruz.com.mx\/wp-content\/uploads\/2021\/10\/Zacauilt.jpg","datePublished":"2022-05-13T15:27:49+00:00","dateModified":"2022-05-13T15:33:40+00:00","breadcrumb":{"@id":"https:\/\/lospoliticosveracruz.com\/?p=89841#breadcrumb"},"inLanguage":"es","potentialAction":[{"@type":"ReadAction","target":["https:\/\/lospoliticosveracruz.com\/?p=89841"]}]},{"@type":"ImageObject","inLanguage":"es","@id":"https:\/\/lospoliticosveracruz.com\/?p=89841#primaryimage","url":"https:\/\/lospoliticosveracruz.com.mx\/wp-content\/uploads\/2021\/10\/Zacauilt.jpg","contentUrl":"https:\/\/lospoliticosveracruz.com.mx\/wp-content\/uploads\/2021\/10\/Zacauilt.jpg"},{"@type":"BreadcrumbList","@id":"https:\/\/lospoliticosveracruz.com\/?p=89841#breadcrumb","itemListElement":[{"@type":"ListItem","position":1,"name":"Portada","item":"https:\/\/lospoliticosveracruz.com\/"},{"@type":"ListItem","position":2,"name":"Acuario de Veracruz"}]},{"@type":"WebSite","@id":"https:\/\/lospoliticosveracruz.com\/#website","url":"https:\/\/lospoliticosveracruz.com\/","name":"Los pol\u00edticos Veracruz","description":"","publisher":{"@id":"https:\/\/lospoliticosveracruz.com\/#organization"},"potentialAction":[{"@type":"SearchAction","target":{"@type":"EntryPoint","urlTemplate":"https:\/\/lospoliticosveracruz.com\/?s={search_term_string}"},"query-input":{"@type":"PropertyValueSpecification","valueRequired":true,"valueName":"search_term_string"}}],"inLanguage":"es"},{"@type":"Organization","@id":"https:\/\/lospoliticosveracruz.com\/#organization","name":"Los pol\u00edticos Veracruz","url":"https:\/\/lospoliticosveracruz.com\/","logo":{"@type":"ImageObject","inLanguage":"es","@id":"https:\/\/lospoliticosveracruz.com\/#\/schema\/logo\/image\/","url":"https:\/\/lospoliticosveracruz.com\/wp-content\/uploads\/2025\/12\/Logo-Nuevo-LOS-POLITICOS-1.jpg","contentUrl":"https:\/\/lospoliticosveracruz.com\/wp-content\/uploads\/2025\/12\/Logo-Nuevo-LOS-POLITICOS-1.jpg","width":260,"height":70,"caption":"Los pol\u00edticos Veracruz"},"image":{"@id":"https:\/\/lospoliticosveracruz.com\/#\/schema\/logo\/image\/"},"sameAs":["https:\/\/www.facebook.com\/people\/Notimemes-de-los-Polticos\/61565672886568\/","https:\/\/x.com\/LosPoliticosVer"]},{"@type":"Person","@id":"https:\/\/lospoliticosveracruz.com\/#\/schema\/person\/b8702bb0e538456e6efd07080bf2a4a2","name":"Lo viste en Los Pol\u00edticos","image":{"@type":"ImageObject","inLanguage":"es","@id":"https:\/\/secure.gravatar.com\/avatar\/3a8de04a2656d44082be478bd6c086daa447c4651605818287b9532d3d0bd435?s=96&d=mm&r=g","url":"https:\/\/secure.gravatar.com\/avatar\/3a8de04a2656d44082be478bd6c086daa447c4651605818287b9532d3d0bd435?s=96&d=mm&r=g","contentUrl":"https:\/\/secure.gravatar.com\/avatar\/3a8de04a2656d44082be478bd6c086daa447c4651605818287b9532d3d0bd435?s=96&d=mm&r=g","caption":"Lo viste en Los Pol\u00edticos"},"url":"https:\/\/lospoliticosveracruz.com\/?author=2"}]}},"_links":{"self":[{"href":"https:\/\/lospoliticosveracruz.com\/index.php?rest_route=\/wp\/v2\/posts\/89841","targetHints":{"allow":["GET"]}}],"collection":[{"href":"https:\/\/lospoliticosveracruz.com\/index.php?rest_route=\/wp\/v2\/posts"}],"about":[{"href":"https:\/\/lospoliticosveracruz.com\/index.php?rest_route=\/wp\/v2\/types\/post"}],"author":[{"embeddable":true,"href":"https:\/\/lospoliticosveracruz.com\/index.php?rest_route=\/wp\/v2\/users\/2"}],"replies":[{"embeddable":true,"href":"https:\/\/lospoliticosveracruz.com\/index.php?rest_route=%2Fwp%2Fv2%2Fcomments&post=89841"}],"version-history":[{"count":2,"href":"https:\/\/lospoliticosveracruz.com\/index.php?rest_route=\/wp\/v2\/posts\/89841\/revisions"}],"predecessor-version":[{"id":89844,"href":"https:\/\/lospoliticosveracruz.com\/index.php?rest_route=\/wp\/v2\/posts\/89841\/revisions\/89844"}],"wp:attachment":[{"href":"https:\/\/lospoliticosveracruz.com\/index.php?rest_route=%2Fwp%2Fv2%2Fmedia&parent=89841"}],"wp:term":[{"taxonomy":"category","embeddable":true,"href":"https:\/\/lospoliticosveracruz.com\/index.php?rest_route=%2Fwp%2Fv2%2Fcategories&post=89841"},{"taxonomy":"post_tag","embeddable":true,"href":"https:\/\/lospoliticosveracruz.com\/index.php?rest_route=%2Fwp%2Fv2%2Ftags&post=89841"}],"curies":[{"name":"wp","href":"https:\/\/api.w.org\/{rel}","templated":true}]}}