{"id":90010,"date":"2022-05-17T08:58:22","date_gmt":"2022-05-17T13:58:22","guid":{"rendered":"https:\/\/lospoliticosveracruz.com.mx\/?p=90010"},"modified":"2022-05-17T08:58:30","modified_gmt":"2022-05-17T13:58:30","slug":"tomar-al-toro-por-los-cuernos","status":"publish","type":"post","link":"https:\/\/lospoliticosveracruz.com\/?p=90010","title":{"rendered":"Tomar al toro por los cuernos"},"content":{"rendered":"\n<p><\/p>\n\n\n\n<p><br><strong>Yair Ademar Dom\u00ednguez<\/strong><br><em>Punto y Coma<\/em><\/p>\n\n\n\n<p>\u201cTomar al toro por los cuernos\u201d, dice la sabidur\u00eda popular, significa enfrentar una situaci\u00f3n sin vacilar, con firmeza, como va. As\u00ed lo ha hecho el gobierno de la 4T con dos situaciones que ha vivido el pa\u00eds en los \u00faltimos a\u00f1os: la pandemia del COVID-19 y la inflaci\u00f3n provocada por el fen\u00f3meno globalizador de la econom\u00eda, tomando acciones concretas. Con la primera, salimos adelante y con la segunda vamos en marcha, con el respaldo de los programas sociales y con estrategias que apuntan a beneficiar a los que menos tienen. Los de arriba, esos ni se preocupan por las crisis de consumo que provoca la inflaci\u00f3n.<\/p>\n\n\n\n<p>As\u00ed lo explic\u00f3 el presidente Andr\u00e9s Manuel L\u00f3pez Obrador el s\u00e1bado pasado al visitar \u00a1una vez m\u00e1s!, el territorio veracruzano: \u201cel que tiene mucho dinero qu\u00e9 le va a importar si aumenta 10, 15, 20 por ciento lo que consume, pero a una gente de escasos ingresos econ\u00f3micos s\u00ed le afecta. Luchar contra la inflaci\u00f3n es enfrentar a la pobreza, es garantizar que el ingreso rinda m\u00e1s, fortalecer el poder de compra de nuestro pueblo, para eso es la lucha contra la inflaci\u00f3n\u201d.<\/p>\n\n\n\n<p>De alguna manera, este gobierno ya estaba preparado para esta situaci\u00f3n, porque desde el inicio le apost\u00f3 a fortalecer a los que menos tienen, a nuestras familias mexicanas que van al d\u00eda, que son los que han cargado con las crisis de siempre, con las malas acciones de los gobiernos corruptos.<\/p>\n\n\n\n<p>Antes, lo dijo el mandatario en Boca del R\u00edo, \u201clos tecn\u00f3cratas corruptos\u201d lo primero que hac\u00edan era pedir cr\u00e9ditos, endeudar al pa\u00eds. Hubo quien incluso se lo plante\u00f3 y el jefe de las instituciones del pa\u00eds fue claro con un rotundo \u00a1no! \u201cEso de pedir cr\u00e9dito, como lo hicieron otros pa\u00edses, pues ahora est\u00e1n padeciendo ellos, nosotros no. Porque no vamos a pedir cr\u00e9dito para darle a los de arriba, como el Fobaproa, que las deudas privadas se convirtieron en deuda p\u00fablica; ahora fue distinto, ahora fue de abajo para arriba. Nada de que hay que darle a los de arriba porque, as\u00ed, si se les da a los de arriba llueve fuerte y gotea a los de abajo. \u00a1Que se vayan al carajo con ese cuento!\u201d, expres\u00f3 contundente.<\/p>\n\n\n\n<p>Gracias a sus programas sociales, gracias a su estrategia de no endeudar m\u00e1s al pa\u00eds, a su apuesta por el consumo interno y por la autosuficiencia energ\u00e9tica, este gobierno va caminando y apostando para salir de esta crisis inflacionaria que nos afectar\u00e1 a todos. Estamos seguros que con esa visi\u00f3n y estrategia saldremos adelante. En la inauguraci\u00f3n de las Jornadas de producci\u00f3n para el autoconsumo de la zona sureste, el presidente mostr\u00f3 nuevamente su cari\u00f1o al pueblo veracruzano y a su gobernador Cuitl\u00e1huac Garc\u00eda Jim\u00e9nez, a quien llam\u00f3 \u201cnuestro amigo, nuestro hermano, nuestro compa\u00f1ero\u201d. No tenemos dudas que, con el apoyo de la federaci\u00f3n, Veracruz saldr\u00e1 victorioso de este nuevo desaf\u00edo.<\/p>\n\n\n\n<p><em><strong>Se fortalece Morena en Veracruz<\/strong><\/em><\/p>\n\n\n\n<p>Las giras que hemos realizado en territorio veracruzano, al lado de nuestro compa\u00f1ero Esteban Ram\u00edrez Zepeta han sido muy fruct\u00edferas. Los encuentros con la militancia buscan consolidar las estructuras para fortalecer la marcha de la transformaci\u00f3n. Hemos visto a veracruzanos convencidos, unidos y decididos a seguir adelante, sin miedo a las campa\u00f1as medi\u00e1ticas de quienes han visto afectados sus intereses pol\u00edticos.<\/p>\n\n\n\n<p>Hemos visitado el puerto jarocho, Manlio Fabio Altamirano, Xalapa, las zonas sur, centro y norte. Nuestro movimiento sigue creciendo gracias al trabajo de hombres y mujeres de buena voluntad, dispuestos a seguir luchando para erradicar, de una vez por todas, la corrupci\u00f3n que imper\u00f3 en otras \u00e9pocas. Nuestro pueblo noble respalda con amor y pasi\u00f3n el proyecto de la transformaci\u00f3n.<\/p>\n\n\n\n<p>Nos corresponde seguir caminando, tocando puertas, animando a nuestra militancia porque a\u00fan falta mucho por hacer y necesitamos seguir unidos y trabajar sin descanso.<\/p>\n\n\n\n<p>Comentarios: Facebook Yair Ademar Dominguez Twitter @YairAdemar<\/p>\n","protected":false},"excerpt":{"rendered":"<p>Yair Ademar Dom\u00ednguezPunto y Coma \u201cTomar al toro por los cuernos\u201d, dice la sabidur\u00eda popular, significa enfrentar una situaci\u00f3n sin vacilar, con firmeza, como va. As\u00ed lo ha hecho el gobierno de la 4T con dos situaciones que ha vivido el pa\u00eds en los \u00faltimos a\u00f1os: la pandemia del COVID-19 y la inflaci\u00f3n provocada por [&hellip;]<\/p>\n","protected":false},"author":2,"featured_media":0,"comment_status":"closed","ping_status":"closed","sticky":false,"template":"","format":"standard","meta":{"tdm_status":"","tdm_grid_status":"","footnotes":""},"categories":[70],"tags":[618,16673,1563,2228,1026,195,20652],"class_list":{"0":"post-90010","1":"post","2":"type-post","3":"status-publish","4":"format-standard","6":"category-de-opinion","7":"tag-andres-manuel-lopez-obrador","8":"tag-covid-19","9":"tag-cuitlahuac-garcia-jimenez","10":"tag-economia","11":"tag-morena","12":"tag-veracruz","13":"tag-yair-ademar-dominguez"},"yoast_head":"<!-- This site is optimized with the Yoast SEO plugin v27.4 - https:\/\/yoast.com\/product\/yoast-seo-wordpress\/ -->\n<title>Tomar al toro por los cuernos - Los pol\u00edticos Veracruz<\/title>\n<meta name=\"robots\" content=\"index, follow, max-snippet:-1, max-image-preview:large, max-video-preview:-1\" \/>\n<link rel=\"canonical\" href=\"https:\/\/lospoliticosveracruz.com\/?p=90010\" \/>\n<meta property=\"og:locale\" content=\"es_ES\" \/>\n<meta property=\"og:type\" content=\"article\" \/>\n<meta property=\"og:title\" content=\"Tomar al toro por los cuernos - Los pol\u00edticos Veracruz\" \/>\n<meta property=\"og:description\" content=\"Yair Ademar Dom\u00ednguezPunto y Coma \u201cTomar al toro por los cuernos\u201d, dice la sabidur\u00eda popular, significa enfrentar una situaci\u00f3n sin vacilar, con firmeza, como va. As\u00ed lo ha hecho el gobierno de la 4T con dos situaciones que ha vivido el pa\u00eds en los \u00faltimos a\u00f1os: la pandemia del COVID-19 y la inflaci\u00f3n provocada por [&hellip;]\" \/>\n<meta property=\"og:url\" content=\"https:\/\/lospoliticosveracruz.com\/?p=90010\" \/>\n<meta property=\"og:site_name\" content=\"Los pol\u00edticos Veracruz\" \/>\n<meta property=\"article:publisher\" content=\"https:\/\/www.facebook.com\/people\/Notimemes-de-los-Polticos\/61565672886568\/\" \/>\n<meta property=\"article:published_time\" content=\"2022-05-17T13:58:22+00:00\" \/>\n<meta property=\"article:modified_time\" content=\"2022-05-17T13:58:30+00:00\" \/>\n<meta property=\"og:image\" content=\"https:\/\/lospoliticosveracruz.com\/wp-content\/uploads\/2016\/07\/Logo-Dor.jpg\" \/>\n\t<meta property=\"og:image:width\" content=\"200\" \/>\n\t<meta property=\"og:image:height\" content=\"200\" \/>\n\t<meta property=\"og:image:type\" content=\"image\/jpeg\" \/>\n<meta name=\"author\" content=\"Lo viste en Los Pol\u00edticos\" \/>\n<meta name=\"twitter:card\" content=\"summary_large_image\" \/>\n<meta name=\"twitter:creator\" content=\"@LosPoliticosVer\" \/>\n<meta name=\"twitter:site\" content=\"@LosPoliticosVer\" \/>\n<meta name=\"twitter:label1\" content=\"Escrito por\" \/>\n\t<meta name=\"twitter:data1\" content=\"Lo viste en Los Pol\u00edticos\" \/>\n\t<meta name=\"twitter:label2\" content=\"Tiempo de lectura\" \/>\n\t<meta name=\"twitter:data2\" content=\"3 minutos\" \/>\n<script type=\"application\/ld+json\" class=\"yoast-schema-graph\">{\"@context\":\"https:\\\/\\\/schema.org\",\"@graph\":[{\"@type\":\"Article\",\"@id\":\"https:\\\/\\\/lospoliticosveracruz.com\\\/?p=90010#article\",\"isPartOf\":{\"@id\":\"https:\\\/\\\/lospoliticosveracruz.com\\\/?p=90010\"},\"author\":{\"name\":\"Lo viste en Los Pol\u00edticos\",\"@id\":\"https:\\\/\\\/lospoliticosveracruz.com\\\/#\\\/schema\\\/person\\\/b8702bb0e538456e6efd07080bf2a4a2\"},\"headline\":\"Tomar al toro por los cuernos\",\"datePublished\":\"2022-05-17T13:58:22+00:00\",\"dateModified\":\"2022-05-17T13:58:30+00:00\",\"mainEntityOfPage\":{\"@id\":\"https:\\\/\\\/lospoliticosveracruz.com\\\/?p=90010\"},\"wordCount\":700,\"publisher\":{\"@id\":\"https:\\\/\\\/lospoliticosveracruz.com\\\/#organization\"},\"keywords\":[\"Andr\u00e9s Manuel L\u00f3pez Obrador\",\"Covid 19\",\"Cuitl\u00e1huac Garc\u00eda Jim\u00e9nez\",\"Econom\u00eda\",\"Morena\",\"Veracruz\",\"Yair Ademar Dom\u00ednguez\"],\"articleSection\":[\"De Opini\u00f3n\"],\"inLanguage\":\"es\"},{\"@type\":\"WebPage\",\"@id\":\"https:\\\/\\\/lospoliticosveracruz.com\\\/?p=90010\",\"url\":\"https:\\\/\\\/lospoliticosveracruz.com\\\/?p=90010\",\"name\":\"Tomar al toro por los cuernos - Los pol\u00edticos Veracruz\",\"isPartOf\":{\"@id\":\"https:\\\/\\\/lospoliticosveracruz.com\\\/#website\"},\"datePublished\":\"2022-05-17T13:58:22+00:00\",\"dateModified\":\"2022-05-17T13:58:30+00:00\",\"breadcrumb\":{\"@id\":\"https:\\\/\\\/lospoliticosveracruz.com\\\/?p=90010#breadcrumb\"},\"inLanguage\":\"es\",\"potentialAction\":[{\"@type\":\"ReadAction\",\"target\":[\"https:\\\/\\\/lospoliticosveracruz.com\\\/?p=90010\"]}]},{\"@type\":\"BreadcrumbList\",\"@id\":\"https:\\\/\\\/lospoliticosveracruz.com\\\/?p=90010#breadcrumb\",\"itemListElement\":[{\"@type\":\"ListItem\",\"position\":1,\"name\":\"Portada\",\"item\":\"https:\\\/\\\/lospoliticosveracruz.com\\\/\"},{\"@type\":\"ListItem\",\"position\":2,\"name\":\"Tomar al toro por los cuernos\"}]},{\"@type\":\"WebSite\",\"@id\":\"https:\\\/\\\/lospoliticosveracruz.com\\\/#website\",\"url\":\"https:\\\/\\\/lospoliticosveracruz.com\\\/\",\"name\":\"Los pol\u00edticos Veracruz\",\"description\":\"\",\"publisher\":{\"@id\":\"https:\\\/\\\/lospoliticosveracruz.com\\\/#organization\"},\"potentialAction\":[{\"@type\":\"SearchAction\",\"target\":{\"@type\":\"EntryPoint\",\"urlTemplate\":\"https:\\\/\\\/lospoliticosveracruz.com\\\/?s={search_term_string}\"},\"query-input\":{\"@type\":\"PropertyValueSpecification\",\"valueRequired\":true,\"valueName\":\"search_term_string\"}}],\"inLanguage\":\"es\"},{\"@type\":\"Organization\",\"@id\":\"https:\\\/\\\/lospoliticosveracruz.com\\\/#organization\",\"name\":\"Los pol\u00edticos Veracruz\",\"url\":\"https:\\\/\\\/lospoliticosveracruz.com\\\/\",\"logo\":{\"@type\":\"ImageObject\",\"inLanguage\":\"es\",\"@id\":\"https:\\\/\\\/lospoliticosveracruz.com\\\/#\\\/schema\\\/logo\\\/image\\\/\",\"url\":\"https:\\\/\\\/lospoliticosveracruz.com\\\/wp-content\\\/uploads\\\/2025\\\/12\\\/Logo-Nuevo-LOS-POLITICOS-1.jpg\",\"contentUrl\":\"https:\\\/\\\/lospoliticosveracruz.com\\\/wp-content\\\/uploads\\\/2025\\\/12\\\/Logo-Nuevo-LOS-POLITICOS-1.jpg\",\"width\":260,\"height\":70,\"caption\":\"Los pol\u00edticos Veracruz\"},\"image\":{\"@id\":\"https:\\\/\\\/lospoliticosveracruz.com\\\/#\\\/schema\\\/logo\\\/image\\\/\"},\"sameAs\":[\"https:\\\/\\\/www.facebook.com\\\/people\\\/Notimemes-de-los-Polticos\\\/61565672886568\\\/\",\"https:\\\/\\\/x.com\\\/LosPoliticosVer\"]},{\"@type\":\"Person\",\"@id\":\"https:\\\/\\\/lospoliticosveracruz.com\\\/#\\\/schema\\\/person\\\/b8702bb0e538456e6efd07080bf2a4a2\",\"name\":\"Lo viste en Los Pol\u00edticos\",\"image\":{\"@type\":\"ImageObject\",\"inLanguage\":\"es\",\"@id\":\"https:\\\/\\\/secure.gravatar.com\\\/avatar\\\/3a8de04a2656d44082be478bd6c086daa447c4651605818287b9532d3d0bd435?s=96&d=mm&r=g\",\"url\":\"https:\\\/\\\/secure.gravatar.com\\\/avatar\\\/3a8de04a2656d44082be478bd6c086daa447c4651605818287b9532d3d0bd435?s=96&d=mm&r=g\",\"contentUrl\":\"https:\\\/\\\/secure.gravatar.com\\\/avatar\\\/3a8de04a2656d44082be478bd6c086daa447c4651605818287b9532d3d0bd435?s=96&d=mm&r=g\",\"caption\":\"Lo viste en Los Pol\u00edticos\"},\"url\":\"https:\\\/\\\/lospoliticosveracruz.com\\\/?author=2\"}]}<\/script>\n<!-- \/ Yoast SEO plugin. -->","yoast_head_json":{"title":"Tomar al toro por los cuernos - Los pol\u00edticos Veracruz","robots":{"index":"index","follow":"follow","max-snippet":"max-snippet:-1","max-image-preview":"max-image-preview:large","max-video-preview":"max-video-preview:-1"},"canonical":"https:\/\/lospoliticosveracruz.com\/?p=90010","og_locale":"es_ES","og_type":"article","og_title":"Tomar al toro por los cuernos - Los pol\u00edticos Veracruz","og_description":"Yair Ademar Dom\u00ednguezPunto y Coma \u201cTomar al toro por los cuernos\u201d, dice la sabidur\u00eda popular, significa enfrentar una situaci\u00f3n sin vacilar, con firmeza, como va. As\u00ed lo ha hecho el gobierno de la 4T con dos situaciones que ha vivido el pa\u00eds en los \u00faltimos a\u00f1os: la pandemia del COVID-19 y la inflaci\u00f3n provocada por [&hellip;]","og_url":"https:\/\/lospoliticosveracruz.com\/?p=90010","og_site_name":"Los pol\u00edticos Veracruz","article_publisher":"https:\/\/www.facebook.com\/people\/Notimemes-de-los-Polticos\/61565672886568\/","article_published_time":"2022-05-17T13:58:22+00:00","article_modified_time":"2022-05-17T13:58:30+00:00","og_image":[{"width":200,"height":200,"url":"https:\/\/lospoliticosveracruz.com\/wp-content\/uploads\/2016\/07\/Logo-Dor.jpg","type":"image\/jpeg"}],"author":"Lo viste en Los Pol\u00edticos","twitter_card":"summary_large_image","twitter_creator":"@LosPoliticosVer","twitter_site":"@LosPoliticosVer","twitter_misc":{"Escrito por":"Lo viste en Los Pol\u00edticos","Tiempo de lectura":"3 minutos"},"schema":{"@context":"https:\/\/schema.org","@graph":[{"@type":"Article","@id":"https:\/\/lospoliticosveracruz.com\/?p=90010#article","isPartOf":{"@id":"https:\/\/lospoliticosveracruz.com\/?p=90010"},"author":{"name":"Lo viste en Los Pol\u00edticos","@id":"https:\/\/lospoliticosveracruz.com\/#\/schema\/person\/b8702bb0e538456e6efd07080bf2a4a2"},"headline":"Tomar al toro por los cuernos","datePublished":"2022-05-17T13:58:22+00:00","dateModified":"2022-05-17T13:58:30+00:00","mainEntityOfPage":{"@id":"https:\/\/lospoliticosveracruz.com\/?p=90010"},"wordCount":700,"publisher":{"@id":"https:\/\/lospoliticosveracruz.com\/#organization"},"keywords":["Andr\u00e9s Manuel L\u00f3pez Obrador","Covid 19","Cuitl\u00e1huac Garc\u00eda Jim\u00e9nez","Econom\u00eda","Morena","Veracruz","Yair Ademar Dom\u00ednguez"],"articleSection":["De Opini\u00f3n"],"inLanguage":"es"},{"@type":"WebPage","@id":"https:\/\/lospoliticosveracruz.com\/?p=90010","url":"https:\/\/lospoliticosveracruz.com\/?p=90010","name":"Tomar al toro por los cuernos - Los pol\u00edticos Veracruz","isPartOf":{"@id":"https:\/\/lospoliticosveracruz.com\/#website"},"datePublished":"2022-05-17T13:58:22+00:00","dateModified":"2022-05-17T13:58:30+00:00","breadcrumb":{"@id":"https:\/\/lospoliticosveracruz.com\/?p=90010#breadcrumb"},"inLanguage":"es","potentialAction":[{"@type":"ReadAction","target":["https:\/\/lospoliticosveracruz.com\/?p=90010"]}]},{"@type":"BreadcrumbList","@id":"https:\/\/lospoliticosveracruz.com\/?p=90010#breadcrumb","itemListElement":[{"@type":"ListItem","position":1,"name":"Portada","item":"https:\/\/lospoliticosveracruz.com\/"},{"@type":"ListItem","position":2,"name":"Tomar al toro por los cuernos"}]},{"@type":"WebSite","@id":"https:\/\/lospoliticosveracruz.com\/#website","url":"https:\/\/lospoliticosveracruz.com\/","name":"Los pol\u00edticos Veracruz","description":"","publisher":{"@id":"https:\/\/lospoliticosveracruz.com\/#organization"},"potentialAction":[{"@type":"SearchAction","target":{"@type":"EntryPoint","urlTemplate":"https:\/\/lospoliticosveracruz.com\/?s={search_term_string}"},"query-input":{"@type":"PropertyValueSpecification","valueRequired":true,"valueName":"search_term_string"}}],"inLanguage":"es"},{"@type":"Organization","@id":"https:\/\/lospoliticosveracruz.com\/#organization","name":"Los pol\u00edticos Veracruz","url":"https:\/\/lospoliticosveracruz.com\/","logo":{"@type":"ImageObject","inLanguage":"es","@id":"https:\/\/lospoliticosveracruz.com\/#\/schema\/logo\/image\/","url":"https:\/\/lospoliticosveracruz.com\/wp-content\/uploads\/2025\/12\/Logo-Nuevo-LOS-POLITICOS-1.jpg","contentUrl":"https:\/\/lospoliticosveracruz.com\/wp-content\/uploads\/2025\/12\/Logo-Nuevo-LOS-POLITICOS-1.jpg","width":260,"height":70,"caption":"Los pol\u00edticos Veracruz"},"image":{"@id":"https:\/\/lospoliticosveracruz.com\/#\/schema\/logo\/image\/"},"sameAs":["https:\/\/www.facebook.com\/people\/Notimemes-de-los-Polticos\/61565672886568\/","https:\/\/x.com\/LosPoliticosVer"]},{"@type":"Person","@id":"https:\/\/lospoliticosveracruz.com\/#\/schema\/person\/b8702bb0e538456e6efd07080bf2a4a2","name":"Lo viste en Los Pol\u00edticos","image":{"@type":"ImageObject","inLanguage":"es","@id":"https:\/\/secure.gravatar.com\/avatar\/3a8de04a2656d44082be478bd6c086daa447c4651605818287b9532d3d0bd435?s=96&d=mm&r=g","url":"https:\/\/secure.gravatar.com\/avatar\/3a8de04a2656d44082be478bd6c086daa447c4651605818287b9532d3d0bd435?s=96&d=mm&r=g","contentUrl":"https:\/\/secure.gravatar.com\/avatar\/3a8de04a2656d44082be478bd6c086daa447c4651605818287b9532d3d0bd435?s=96&d=mm&r=g","caption":"Lo viste en Los Pol\u00edticos"},"url":"https:\/\/lospoliticosveracruz.com\/?author=2"}]}},"_links":{"self":[{"href":"https:\/\/lospoliticosveracruz.com\/index.php?rest_route=\/wp\/v2\/posts\/90010","targetHints":{"allow":["GET"]}}],"collection":[{"href":"https:\/\/lospoliticosveracruz.com\/index.php?rest_route=\/wp\/v2\/posts"}],"about":[{"href":"https:\/\/lospoliticosveracruz.com\/index.php?rest_route=\/wp\/v2\/types\/post"}],"author":[{"embeddable":true,"href":"https:\/\/lospoliticosveracruz.com\/index.php?rest_route=\/wp\/v2\/users\/2"}],"replies":[{"embeddable":true,"href":"https:\/\/lospoliticosveracruz.com\/index.php?rest_route=%2Fwp%2Fv2%2Fcomments&post=90010"}],"version-history":[{"count":1,"href":"https:\/\/lospoliticosveracruz.com\/index.php?rest_route=\/wp\/v2\/posts\/90010\/revisions"}],"predecessor-version":[{"id":90011,"href":"https:\/\/lospoliticosveracruz.com\/index.php?rest_route=\/wp\/v2\/posts\/90010\/revisions\/90011"}],"wp:attachment":[{"href":"https:\/\/lospoliticosveracruz.com\/index.php?rest_route=%2Fwp%2Fv2%2Fmedia&parent=90010"}],"wp:term":[{"taxonomy":"category","embeddable":true,"href":"https:\/\/lospoliticosveracruz.com\/index.php?rest_route=%2Fwp%2Fv2%2Fcategories&post=90010"},{"taxonomy":"post_tag","embeddable":true,"href":"https:\/\/lospoliticosveracruz.com\/index.php?rest_route=%2Fwp%2Fv2%2Ftags&post=90010"}],"curies":[{"name":"wp","href":"https:\/\/api.w.org\/{rel}","templated":true}]}}