{"id":90039,"date":"2022-05-18T01:43:00","date_gmt":"2022-05-18T06:43:00","guid":{"rendered":"https:\/\/lospoliticosveracruz.com.mx\/?p=90039"},"modified":"2022-05-17T22:50:46","modified_gmt":"2022-05-18T03:50:46","slug":"en-manos-de-quien-el-acuario","status":"publish","type":"post","link":"https:\/\/lospoliticosveracruz.com\/?p=90039","title":{"rendered":"En manos de qui\u00e9n el Acuario"},"content":{"rendered":"\n<p><strong>Salvador Mu\u00f1oz<br><\/strong><em>Los Pol\u00edticos<\/em><\/p>\n\n\n\n<p>Hablemos de percepci\u00f3n\u2026<br>\u00bfAlguna vez se ha preguntado qu\u00e9 piensa ese moreno que ve a Manuel Bartlett en un lugar preponderante dentro del grupo de Poder del Presidente?<br>\u00bfPodr\u00e1 darle una explicaci\u00f3n su materia gris para entender qu\u00e9 hace con AMLO el Padre de la Ca\u00edda del Sistema que le dio el triunfo a Carlos Salinas de Gortari?<br>\u00bfO act\u00faa como aquella se\u00f1ora que por temor a perder al marido, cada vez que \u00e9ste violaba a sus hijas, ella volteaba a otro lado para no ver la realidad?<\/p>\n\n\n\n<div class=\"wp-block-image\"><figure class=\"alignleft size-full is-resized\"><a href=\"https:\/\/lospoliticosveracruz.com.mx\/wp-content\/uploads\/2021\/10\/Zacauilt.jpg\"><img loading=\"lazy\" decoding=\"async\" src=\"https:\/\/lospoliticosveracruz.com.mx\/wp-content\/uploads\/2021\/10\/Zacauilt.jpg\" alt=\"\" class=\"wp-image-80558\" width=\"250\" height=\"450\"\/><\/a><\/figure><\/div>\n\n\n\n<p><br>La presencia de sujetos de dudosa reputaci\u00f3n pero cercanos al Poder tienen dos explicaciones sencillas y f\u00e1ciles de responder:<br>1.- Sirven al Poder de manera eficiente; lo mejor, carecen de escr\u00fapulos y aplican la m\u00e1xima de que el fin justifica los medios\u2026<br>2.- Este punto creo que es el m\u00e1s relevante: El sujeto de dudosa reputaci\u00f3n es El Igual a quien sirve\u2026 m\u00e1s f\u00e1cil de entender: entre iguales, se buscan, se protegen, se cobijan.<br>Esto es un caso\u2026 hay otros donde la l\u00f3gica y el sentido com\u00fan son rebasados por una falacia de autoridad que gustosa, la recibe la gente con un \u201cLo dijo el Presidente\u201d, precisamente para evitarse un m\u00e9ndigo Pepe Grillo en su cabeza y pueda simplemente voltear al lado y no ver la realidad\u2026<br>\u00bfSe acuerdan de F\u00e9lix Salgado Macedonio y las acusaciones sexuales en su contra? \u201dProp\u00f3sitos politiqueros\u201d los llam\u00f3 el Presidente porque es m\u00e1s f\u00e1cil resolverlo as\u00ed que creerle a una o varias mujeres. Hasta pidi\u00f3 no hacer Juicios Sumarios ni Linchamientos Pol\u00edticos contra el pobre F\u00e9lix\u2026<br>Parece que el \u00fanico facultado para hacer esos juicios y esos linchamientos es s\u00f3lo el Presidente\u2026 no m\u00e1s\u2026<br>En el caso de F\u00e9lix Salgado Macedonio \u00bfacaso vimos a AMLO personificar a aquella se\u00f1ora que por temor a perder al marido, cada vez que \u00e9ste violaba a sus hijas, volteaba a otro lado para no ver la realidad?<br>Entre iguales se buscan\u2026 conste\u2026 no trato de ubicar a Andr\u00e9s Manuel en el mismo saco que ocupa F\u00e9lix, pero s\u00ed exponer que el Poder puede transformar las Convicciones por las Conveniencias y entonces, \u201cesos defectitos\u201d de gente como Bartlett y F\u00e9lix pasan a ser ubicados en la \u201cpeccata minuta\u201d de la pol\u00edtica\u2026 en el \u201cno pasa nada\u201d o como bien lo dijo AMLO: s\u00f3lo tienen \u201cprop\u00f3sitos politiqueros\u201d.<br>Vamos a Veracruz\u2026 repito: hablemos de percepci\u00f3n:<br>\u00bfUsted pondr\u00eda a sus hijos al cuidado de un pederasta?<br>\u00bfUsted pondr\u00eda a un ebrio al volante para que lo llevara a su casa?<br>\u00bfUsted dar\u00eda las llaves de su casa al ladr\u00f3n?<br>\u00bfUsted dar\u00eda el cuidado del Acuario a Sergio Rodr\u00edguez Cort\u00e9s?<br>Vuelvo a repetir\u2026 hablamos de percepci\u00f3n\u2026<br>Regresando a la \u00faltima pregunta, la respuesta en mi caso ser\u00eda No\u2026 disculpen, pero los antecedentes gr\u00e1ficos y pol\u00edticos, adem\u00e1s de que pudo haber torcido la convicci\u00f3n por la conveniencia, me har\u00edan dudar en darle el cuidado del Acuario\u2026 pero yo no soy el Gobernador\u2026<br>Y si partimos de la tesis que l\u00edneas arriba, al inicio de esta columna dimos, s\u00f3lo hay una manera de entender la acci\u00f3n del Gobernador para con el Procurador del Medio Ambiente: Cuitl\u00e1huac y Sergio son iguales\u2026<\/p>\n\n\n\n<p>smcainito@gmail.com<\/p>\n","protected":false},"excerpt":{"rendered":"<p>Salvador Mu\u00f1ozLos Pol\u00edticos Hablemos de percepci\u00f3n\u2026\u00bfAlguna vez se ha preguntado qu\u00e9 piensa ese moreno que ve a Manuel Bartlett en un lugar preponderante dentro del grupo de Poder del Presidente?\u00bfPodr\u00e1 darle una explicaci\u00f3n su materia gris para entender qu\u00e9 hace con AMLO el Padre de la Ca\u00edda del Sistema que le dio el triunfo a [&hellip;]<\/p>\n","protected":false},"author":2,"featured_media":0,"comment_status":"closed","ping_status":"closed","sticky":false,"template":"","format":"standard","meta":{"tdm_status":"","tdm_grid_status":"","footnotes":""},"categories":[70],"tags":[618,1563,1132,1026,19285,2646,807,195],"class_list":{"0":"post-90039","1":"post","2":"type-post","3":"status-publish","4":"format-standard","6":"category-de-opinion","7":"tag-andres-manuel-lopez-obrador","8":"tag-cuitlahuac-garcia-jimenez","9":"tag-felix-salgado-macedonio","10":"tag-morena","11":"tag-procurador-del-medio-ambiente","12":"tag-salvador-munoz","13":"tag-sergio-rodriguez-cortes","14":"tag-veracruz"},"yoast_head":"<!-- This site is optimized with the Yoast SEO plugin v27.4 - https:\/\/yoast.com\/product\/yoast-seo-wordpress\/ -->\n<title>En manos de qui\u00e9n el Acuario - Los pol\u00edticos Veracruz<\/title>\n<meta name=\"robots\" content=\"index, follow, max-snippet:-1, max-image-preview:large, max-video-preview:-1\" \/>\n<link rel=\"canonical\" href=\"https:\/\/lospoliticosveracruz.com\/?p=90039\" \/>\n<meta property=\"og:locale\" content=\"es_ES\" \/>\n<meta property=\"og:type\" content=\"article\" \/>\n<meta property=\"og:title\" content=\"En manos de qui\u00e9n el Acuario - Los pol\u00edticos Veracruz\" \/>\n<meta property=\"og:description\" content=\"Salvador Mu\u00f1ozLos Pol\u00edticos Hablemos de percepci\u00f3n\u2026\u00bfAlguna vez se ha preguntado qu\u00e9 piensa ese moreno que ve a Manuel Bartlett en un lugar preponderante dentro del grupo de Poder del Presidente?\u00bfPodr\u00e1 darle una explicaci\u00f3n su materia gris para entender qu\u00e9 hace con AMLO el Padre de la Ca\u00edda del Sistema que le dio el triunfo a [&hellip;]\" \/>\n<meta property=\"og:url\" content=\"https:\/\/lospoliticosveracruz.com\/?p=90039\" \/>\n<meta property=\"og:site_name\" content=\"Los pol\u00edticos Veracruz\" \/>\n<meta property=\"article:publisher\" content=\"https:\/\/www.facebook.com\/people\/Notimemes-de-los-Polticos\/61565672886568\/\" \/>\n<meta property=\"article:published_time\" content=\"2022-05-18T06:43:00+00:00\" \/>\n<meta property=\"og:image\" content=\"https:\/\/lospoliticosveracruz.com.mx\/wp-content\/uploads\/2021\/10\/Zacauilt.jpg\" \/>\n<meta name=\"author\" content=\"Lo viste en Los Pol\u00edticos\" \/>\n<meta name=\"twitter:card\" content=\"summary_large_image\" \/>\n<meta name=\"twitter:creator\" content=\"@LosPoliticosVer\" \/>\n<meta name=\"twitter:site\" content=\"@LosPoliticosVer\" \/>\n<meta name=\"twitter:label1\" content=\"Escrito por\" \/>\n\t<meta name=\"twitter:data1\" content=\"Lo viste en Los Pol\u00edticos\" \/>\n\t<meta name=\"twitter:label2\" content=\"Tiempo de lectura\" \/>\n\t<meta name=\"twitter:data2\" content=\"3 minutos\" \/>\n<script type=\"application\/ld+json\" class=\"yoast-schema-graph\">{\"@context\":\"https:\\\/\\\/schema.org\",\"@graph\":[{\"@type\":\"Article\",\"@id\":\"https:\\\/\\\/lospoliticosveracruz.com\\\/?p=90039#article\",\"isPartOf\":{\"@id\":\"https:\\\/\\\/lospoliticosveracruz.com\\\/?p=90039\"},\"author\":{\"name\":\"Lo viste en Los Pol\u00edticos\",\"@id\":\"https:\\\/\\\/lospoliticosveracruz.com\\\/#\\\/schema\\\/person\\\/b8702bb0e538456e6efd07080bf2a4a2\"},\"headline\":\"En manos de qui\u00e9n el Acuario\",\"datePublished\":\"2022-05-18T06:43:00+00:00\",\"mainEntityOfPage\":{\"@id\":\"https:\\\/\\\/lospoliticosveracruz.com\\\/?p=90039\"},\"wordCount\":590,\"publisher\":{\"@id\":\"https:\\\/\\\/lospoliticosveracruz.com\\\/#organization\"},\"image\":{\"@id\":\"https:\\\/\\\/lospoliticosveracruz.com\\\/?p=90039#primaryimage\"},\"thumbnailUrl\":\"https:\\\/\\\/lospoliticosveracruz.com.mx\\\/wp-content\\\/uploads\\\/2021\\\/10\\\/Zacauilt.jpg\",\"keywords\":[\"Andr\u00e9s Manuel L\u00f3pez Obrador\",\"Cuitl\u00e1huac Garc\u00eda Jim\u00e9nez\",\"F\u00e9lix Salgado Macedonio\",\"Morena\",\"Procurador del Medio Ambiente\",\"Salvador Mu\u00f1oz\",\"Sergio Rodr\u00edguez Cort\u00e9s\",\"Veracruz\"],\"articleSection\":[\"De Opini\u00f3n\"],\"inLanguage\":\"es\"},{\"@type\":\"WebPage\",\"@id\":\"https:\\\/\\\/lospoliticosveracruz.com\\\/?p=90039\",\"url\":\"https:\\\/\\\/lospoliticosveracruz.com\\\/?p=90039\",\"name\":\"En manos de qui\u00e9n el Acuario - Los pol\u00edticos Veracruz\",\"isPartOf\":{\"@id\":\"https:\\\/\\\/lospoliticosveracruz.com\\\/#website\"},\"primaryImageOfPage\":{\"@id\":\"https:\\\/\\\/lospoliticosveracruz.com\\\/?p=90039#primaryimage\"},\"image\":{\"@id\":\"https:\\\/\\\/lospoliticosveracruz.com\\\/?p=90039#primaryimage\"},\"thumbnailUrl\":\"https:\\\/\\\/lospoliticosveracruz.com.mx\\\/wp-content\\\/uploads\\\/2021\\\/10\\\/Zacauilt.jpg\",\"datePublished\":\"2022-05-18T06:43:00+00:00\",\"breadcrumb\":{\"@id\":\"https:\\\/\\\/lospoliticosveracruz.com\\\/?p=90039#breadcrumb\"},\"inLanguage\":\"es\",\"potentialAction\":[{\"@type\":\"ReadAction\",\"target\":[\"https:\\\/\\\/lospoliticosveracruz.com\\\/?p=90039\"]}]},{\"@type\":\"ImageObject\",\"inLanguage\":\"es\",\"@id\":\"https:\\\/\\\/lospoliticosveracruz.com\\\/?p=90039#primaryimage\",\"url\":\"https:\\\/\\\/lospoliticosveracruz.com.mx\\\/wp-content\\\/uploads\\\/2021\\\/10\\\/Zacauilt.jpg\",\"contentUrl\":\"https:\\\/\\\/lospoliticosveracruz.com.mx\\\/wp-content\\\/uploads\\\/2021\\\/10\\\/Zacauilt.jpg\"},{\"@type\":\"BreadcrumbList\",\"@id\":\"https:\\\/\\\/lospoliticosveracruz.com\\\/?p=90039#breadcrumb\",\"itemListElement\":[{\"@type\":\"ListItem\",\"position\":1,\"name\":\"Portada\",\"item\":\"https:\\\/\\\/lospoliticosveracruz.com\\\/\"},{\"@type\":\"ListItem\",\"position\":2,\"name\":\"En manos de qui\u00e9n el Acuario\"}]},{\"@type\":\"WebSite\",\"@id\":\"https:\\\/\\\/lospoliticosveracruz.com\\\/#website\",\"url\":\"https:\\\/\\\/lospoliticosveracruz.com\\\/\",\"name\":\"Los pol\u00edticos Veracruz\",\"description\":\"\",\"publisher\":{\"@id\":\"https:\\\/\\\/lospoliticosveracruz.com\\\/#organization\"},\"potentialAction\":[{\"@type\":\"SearchAction\",\"target\":{\"@type\":\"EntryPoint\",\"urlTemplate\":\"https:\\\/\\\/lospoliticosveracruz.com\\\/?s={search_term_string}\"},\"query-input\":{\"@type\":\"PropertyValueSpecification\",\"valueRequired\":true,\"valueName\":\"search_term_string\"}}],\"inLanguage\":\"es\"},{\"@type\":\"Organization\",\"@id\":\"https:\\\/\\\/lospoliticosveracruz.com\\\/#organization\",\"name\":\"Los pol\u00edticos Veracruz\",\"url\":\"https:\\\/\\\/lospoliticosveracruz.com\\\/\",\"logo\":{\"@type\":\"ImageObject\",\"inLanguage\":\"es\",\"@id\":\"https:\\\/\\\/lospoliticosveracruz.com\\\/#\\\/schema\\\/logo\\\/image\\\/\",\"url\":\"https:\\\/\\\/lospoliticosveracruz.com\\\/wp-content\\\/uploads\\\/2025\\\/12\\\/Logo-Nuevo-LOS-POLITICOS-1.jpg\",\"contentUrl\":\"https:\\\/\\\/lospoliticosveracruz.com\\\/wp-content\\\/uploads\\\/2025\\\/12\\\/Logo-Nuevo-LOS-POLITICOS-1.jpg\",\"width\":260,\"height\":70,\"caption\":\"Los pol\u00edticos Veracruz\"},\"image\":{\"@id\":\"https:\\\/\\\/lospoliticosveracruz.com\\\/#\\\/schema\\\/logo\\\/image\\\/\"},\"sameAs\":[\"https:\\\/\\\/www.facebook.com\\\/people\\\/Notimemes-de-los-Polticos\\\/61565672886568\\\/\",\"https:\\\/\\\/x.com\\\/LosPoliticosVer\"]},{\"@type\":\"Person\",\"@id\":\"https:\\\/\\\/lospoliticosveracruz.com\\\/#\\\/schema\\\/person\\\/b8702bb0e538456e6efd07080bf2a4a2\",\"name\":\"Lo viste en Los Pol\u00edticos\",\"image\":{\"@type\":\"ImageObject\",\"inLanguage\":\"es\",\"@id\":\"https:\\\/\\\/secure.gravatar.com\\\/avatar\\\/3a8de04a2656d44082be478bd6c086daa447c4651605818287b9532d3d0bd435?s=96&d=mm&r=g\",\"url\":\"https:\\\/\\\/secure.gravatar.com\\\/avatar\\\/3a8de04a2656d44082be478bd6c086daa447c4651605818287b9532d3d0bd435?s=96&d=mm&r=g\",\"contentUrl\":\"https:\\\/\\\/secure.gravatar.com\\\/avatar\\\/3a8de04a2656d44082be478bd6c086daa447c4651605818287b9532d3d0bd435?s=96&d=mm&r=g\",\"caption\":\"Lo viste en Los Pol\u00edticos\"},\"url\":\"https:\\\/\\\/lospoliticosveracruz.com\\\/?author=2\"}]}<\/script>\n<!-- \/ Yoast SEO plugin. -->","yoast_head_json":{"title":"En manos de qui\u00e9n el Acuario - Los pol\u00edticos Veracruz","robots":{"index":"index","follow":"follow","max-snippet":"max-snippet:-1","max-image-preview":"max-image-preview:large","max-video-preview":"max-video-preview:-1"},"canonical":"https:\/\/lospoliticosveracruz.com\/?p=90039","og_locale":"es_ES","og_type":"article","og_title":"En manos de qui\u00e9n el Acuario - Los pol\u00edticos Veracruz","og_description":"Salvador Mu\u00f1ozLos Pol\u00edticos Hablemos de percepci\u00f3n\u2026\u00bfAlguna vez se ha preguntado qu\u00e9 piensa ese moreno que ve a Manuel Bartlett en un lugar preponderante dentro del grupo de Poder del Presidente?\u00bfPodr\u00e1 darle una explicaci\u00f3n su materia gris para entender qu\u00e9 hace con AMLO el Padre de la Ca\u00edda del Sistema que le dio el triunfo a [&hellip;]","og_url":"https:\/\/lospoliticosveracruz.com\/?p=90039","og_site_name":"Los pol\u00edticos Veracruz","article_publisher":"https:\/\/www.facebook.com\/people\/Notimemes-de-los-Polticos\/61565672886568\/","article_published_time":"2022-05-18T06:43:00+00:00","og_image":[{"url":"https:\/\/lospoliticosveracruz.com.mx\/wp-content\/uploads\/2021\/10\/Zacauilt.jpg","type":"","width":"","height":""}],"author":"Lo viste en Los Pol\u00edticos","twitter_card":"summary_large_image","twitter_creator":"@LosPoliticosVer","twitter_site":"@LosPoliticosVer","twitter_misc":{"Escrito por":"Lo viste en Los Pol\u00edticos","Tiempo de lectura":"3 minutos"},"schema":{"@context":"https:\/\/schema.org","@graph":[{"@type":"Article","@id":"https:\/\/lospoliticosveracruz.com\/?p=90039#article","isPartOf":{"@id":"https:\/\/lospoliticosveracruz.com\/?p=90039"},"author":{"name":"Lo viste en Los Pol\u00edticos","@id":"https:\/\/lospoliticosveracruz.com\/#\/schema\/person\/b8702bb0e538456e6efd07080bf2a4a2"},"headline":"En manos de qui\u00e9n el Acuario","datePublished":"2022-05-18T06:43:00+00:00","mainEntityOfPage":{"@id":"https:\/\/lospoliticosveracruz.com\/?p=90039"},"wordCount":590,"publisher":{"@id":"https:\/\/lospoliticosveracruz.com\/#organization"},"image":{"@id":"https:\/\/lospoliticosveracruz.com\/?p=90039#primaryimage"},"thumbnailUrl":"https:\/\/lospoliticosveracruz.com.mx\/wp-content\/uploads\/2021\/10\/Zacauilt.jpg","keywords":["Andr\u00e9s Manuel L\u00f3pez Obrador","Cuitl\u00e1huac Garc\u00eda Jim\u00e9nez","F\u00e9lix Salgado Macedonio","Morena","Procurador del Medio Ambiente","Salvador Mu\u00f1oz","Sergio Rodr\u00edguez Cort\u00e9s","Veracruz"],"articleSection":["De Opini\u00f3n"],"inLanguage":"es"},{"@type":"WebPage","@id":"https:\/\/lospoliticosveracruz.com\/?p=90039","url":"https:\/\/lospoliticosveracruz.com\/?p=90039","name":"En manos de qui\u00e9n el Acuario - Los pol\u00edticos Veracruz","isPartOf":{"@id":"https:\/\/lospoliticosveracruz.com\/#website"},"primaryImageOfPage":{"@id":"https:\/\/lospoliticosveracruz.com\/?p=90039#primaryimage"},"image":{"@id":"https:\/\/lospoliticosveracruz.com\/?p=90039#primaryimage"},"thumbnailUrl":"https:\/\/lospoliticosveracruz.com.mx\/wp-content\/uploads\/2021\/10\/Zacauilt.jpg","datePublished":"2022-05-18T06:43:00+00:00","breadcrumb":{"@id":"https:\/\/lospoliticosveracruz.com\/?p=90039#breadcrumb"},"inLanguage":"es","potentialAction":[{"@type":"ReadAction","target":["https:\/\/lospoliticosveracruz.com\/?p=90039"]}]},{"@type":"ImageObject","inLanguage":"es","@id":"https:\/\/lospoliticosveracruz.com\/?p=90039#primaryimage","url":"https:\/\/lospoliticosveracruz.com.mx\/wp-content\/uploads\/2021\/10\/Zacauilt.jpg","contentUrl":"https:\/\/lospoliticosveracruz.com.mx\/wp-content\/uploads\/2021\/10\/Zacauilt.jpg"},{"@type":"BreadcrumbList","@id":"https:\/\/lospoliticosveracruz.com\/?p=90039#breadcrumb","itemListElement":[{"@type":"ListItem","position":1,"name":"Portada","item":"https:\/\/lospoliticosveracruz.com\/"},{"@type":"ListItem","position":2,"name":"En manos de qui\u00e9n el Acuario"}]},{"@type":"WebSite","@id":"https:\/\/lospoliticosveracruz.com\/#website","url":"https:\/\/lospoliticosveracruz.com\/","name":"Los pol\u00edticos Veracruz","description":"","publisher":{"@id":"https:\/\/lospoliticosveracruz.com\/#organization"},"potentialAction":[{"@type":"SearchAction","target":{"@type":"EntryPoint","urlTemplate":"https:\/\/lospoliticosveracruz.com\/?s={search_term_string}"},"query-input":{"@type":"PropertyValueSpecification","valueRequired":true,"valueName":"search_term_string"}}],"inLanguage":"es"},{"@type":"Organization","@id":"https:\/\/lospoliticosveracruz.com\/#organization","name":"Los pol\u00edticos Veracruz","url":"https:\/\/lospoliticosveracruz.com\/","logo":{"@type":"ImageObject","inLanguage":"es","@id":"https:\/\/lospoliticosveracruz.com\/#\/schema\/logo\/image\/","url":"https:\/\/lospoliticosveracruz.com\/wp-content\/uploads\/2025\/12\/Logo-Nuevo-LOS-POLITICOS-1.jpg","contentUrl":"https:\/\/lospoliticosveracruz.com\/wp-content\/uploads\/2025\/12\/Logo-Nuevo-LOS-POLITICOS-1.jpg","width":260,"height":70,"caption":"Los pol\u00edticos Veracruz"},"image":{"@id":"https:\/\/lospoliticosveracruz.com\/#\/schema\/logo\/image\/"},"sameAs":["https:\/\/www.facebook.com\/people\/Notimemes-de-los-Polticos\/61565672886568\/","https:\/\/x.com\/LosPoliticosVer"]},{"@type":"Person","@id":"https:\/\/lospoliticosveracruz.com\/#\/schema\/person\/b8702bb0e538456e6efd07080bf2a4a2","name":"Lo viste en Los Pol\u00edticos","image":{"@type":"ImageObject","inLanguage":"es","@id":"https:\/\/secure.gravatar.com\/avatar\/3a8de04a2656d44082be478bd6c086daa447c4651605818287b9532d3d0bd435?s=96&d=mm&r=g","url":"https:\/\/secure.gravatar.com\/avatar\/3a8de04a2656d44082be478bd6c086daa447c4651605818287b9532d3d0bd435?s=96&d=mm&r=g","contentUrl":"https:\/\/secure.gravatar.com\/avatar\/3a8de04a2656d44082be478bd6c086daa447c4651605818287b9532d3d0bd435?s=96&d=mm&r=g","caption":"Lo viste en Los Pol\u00edticos"},"url":"https:\/\/lospoliticosveracruz.com\/?author=2"}]}},"_links":{"self":[{"href":"https:\/\/lospoliticosveracruz.com\/index.php?rest_route=\/wp\/v2\/posts\/90039","targetHints":{"allow":["GET"]}}],"collection":[{"href":"https:\/\/lospoliticosveracruz.com\/index.php?rest_route=\/wp\/v2\/posts"}],"about":[{"href":"https:\/\/lospoliticosveracruz.com\/index.php?rest_route=\/wp\/v2\/types\/post"}],"author":[{"embeddable":true,"href":"https:\/\/lospoliticosveracruz.com\/index.php?rest_route=\/wp\/v2\/users\/2"}],"replies":[{"embeddable":true,"href":"https:\/\/lospoliticosveracruz.com\/index.php?rest_route=%2Fwp%2Fv2%2Fcomments&post=90039"}],"version-history":[{"count":1,"href":"https:\/\/lospoliticosveracruz.com\/index.php?rest_route=\/wp\/v2\/posts\/90039\/revisions"}],"predecessor-version":[{"id":90043,"href":"https:\/\/lospoliticosveracruz.com\/index.php?rest_route=\/wp\/v2\/posts\/90039\/revisions\/90043"}],"wp:attachment":[{"href":"https:\/\/lospoliticosveracruz.com\/index.php?rest_route=%2Fwp%2Fv2%2Fmedia&parent=90039"}],"wp:term":[{"taxonomy":"category","embeddable":true,"href":"https:\/\/lospoliticosveracruz.com\/index.php?rest_route=%2Fwp%2Fv2%2Fcategories&post=90039"},{"taxonomy":"post_tag","embeddable":true,"href":"https:\/\/lospoliticosveracruz.com\/index.php?rest_route=%2Fwp%2Fv2%2Ftags&post=90039"}],"curies":[{"name":"wp","href":"https:\/\/api.w.org\/{rel}","templated":true}]}}