{"id":90115,"date":"2022-05-19T08:35:56","date_gmt":"2022-05-19T13:35:56","guid":{"rendered":"https:\/\/lospoliticosveracruz.com.mx\/?p=90115"},"modified":"2022-05-19T08:36:03","modified_gmt":"2022-05-19T13:36:03","slug":"la-crisis-de-la-procuracion-de-justicia-en-veracruz","status":"publish","type":"post","link":"https:\/\/lospoliticosveracruz.com\/?p=90115","title":{"rendered":"La crisis de la procuraci\u00f3n de justicia en Veracruz"},"content":{"rendered":"\n<p><strong>Emilio C\u00e1rdenas Escobosa<\/strong><\/p>\n\n\n\n<p><em>De Inter\u00e9s P\u00fablico<\/em><br><br><\/p>\n\n\n\n<p>Hace m\u00e1s de cuatro a\u00f1os el Centro de Investigaci\u00f3n y Docencia Econ\u00f3micas, el Instituto de Investigaciones Jur\u00eddicas de la Universidad Nacional Aut\u00f3noma de M\u00e9xico y el Instituto Nacional de Ciencias Penales realizaron un estudio sobre el sistema de justicia en M\u00e9xico cuyas conclusiones fueron demoledoras,<\/p>\n\n\n\n<p>\u201cLos sistemas de seguridad p\u00fablica y procuraci\u00f3n de justicia enfrentan una grave crisis -dijeron en su informe- y la confianza ciudadana hacia las instituciones que operan estos sistemas es baj\u00edsima. La corrupci\u00f3n, la ausencia de imparcialidad, las violaciones de derechos humanos y las enormes deficiencias en la gesti\u00f3n al interior de las procuradur\u00edas son claramente los factores que alimentan a la desconfianza.\u201d<\/p>\n\n\n\n<p>Estas aseveraciones las hac\u00edan antes del presunto cambio de paradigma en el funcionamiento del sistema de justicia en M\u00e9xico con la implementaci\u00f3n del nuevo sistema de justicia penal acusatorio y antes de que se creara como instituci\u00f3n aut\u00f3noma la Fiscal\u00eda General de la Rep\u00fablica. Esto es, antes del inicio del actual gobierno de la Cuarta Transformaci\u00f3n.<\/p>\n\n\n\n<p>Ya en funciones el gobierno de L\u00f3pez Obrador desde la secretar\u00eda de gobernaci\u00f3n se dec\u00eda que el eslab\u00f3n m\u00e1s d\u00e9bil de este pa\u00eds se llama procuraci\u00f3n de justicia, se llama falta de capacitaci\u00f3n de fiscales y de ministerios p\u00fablicos, y se llama tambi\u00e9n corrupci\u00f3n. \u201cSi logramos transformar el sistema de procuraci\u00f3n de justicia del pa\u00eds, habremos transformado al pa\u00eds\u201d, aseguraba la entonces titular del \u00e1rea y hoy senadora Olga S\u00e1nchez Cordero. \u00bfAlgo ha cambiado tres a\u00f1os despu\u00e9s?<\/p>\n\n\n\n<p>Baste ver la zigzagueante investigaci\u00f3n del presunto crimen de la joven neoleonesa Debanhi Escobar y las fallas de las fiscal\u00edas estatales en otros casos que han sido motivo de esc\u00e1ndalos, as\u00ed como los pobr\u00edsimos resultados de la gesti\u00f3n de la FGR, tambi\u00e9n plagada de esc\u00e1ndalos, a cargo de Alejandro Gertz Manero. Nada ha cambiado y seguimos en las mismas.<\/p>\n\n\n\n<p>Y el caso de Veracruz es ya penoso.<\/p>\n\n\n\n<p>La procuraci\u00f3n de justicia en Veracruz est\u00e1 en un bache. Las pifias se han ido acumulando y lo que parece la gota que derram\u00f3 el vaso fue la \u201cdetenci\u00f3n\u201d de un joven repartidor al que la Fiscal\u00eda General del Estado identificaba como \u00c1ngel de Jes\u00fas N, apodado seg\u00fan ellos \u201cEl Mara\u201d, a quien se\u00f1alaban como responsable del asesinato de las comunicadoras Yesenia Mollinedo y Johana Garc\u00eda que fueron ejecutadas el 9 de mayo en el municipio de Cosoleacaque. Y que result\u00f3 ser un hom\u00f3nimo al que debieron dejar en libertad.<\/p>\n\n\n\n<p>Este es el m\u00e1s reciente de los yerros que acumula la instituci\u00f3n que se ha distinguido por su ineficiencia y por el uso faccioso de la justicia para fines de revancha pol\u00edtica, para mantener, con el apoyo de jueces de consigna de un Poder Judicial subordinado a los intereses partidistas y a los afanes del gobierno morenista, en la c\u00e1rcel a cientos de detenidos que fueron acusados del ya derogado delito de ultrajes a la autoridad, luego de que la SCJN declarara la inconstitucionalidad de este tipo penal, y a dar palos de ciego en infinidad de indagatorias que no avanzan.<\/p>\n\n\n\n<p>Baste recordar que en la comparecencia de la fiscal Ver\u00f3nica Hern\u00e1ndez Giad\u00e1ns a finales del 2021 la funcionaria reconoci\u00f3 que se iniciaron 96 mil 186 carpetas de investigaci\u00f3n y solo hab\u00eda 277 sentencias lo que no equivale ni al uno por ciento.<\/p>\n\n\n\n<p>Por ello ahora ante el \u201custed disculpe\u201d que dieron al joven repartidor que acapar\u00f3 el d\u00eda de ayer los titulares de todos los informativos locales y nacionales, al creerse que comenzaba a hacerse justicia en el caso de las periodistas ultimadas, y al que llevaron tras su liberaci\u00f3n a Palacio de Gobierno a \u201cagradecer\u201d a las autoridades su puesta en libertad y que no haya sufrido violencia durante su detenci\u00f3n, resulta ya el colmo.<\/p>\n\n\n\n<p>A quien debe agradecer la familia del joven es a sus amigos repartidores que se movilizaron y salieron a las calles para exhibir el error de la fiscal\u00eda, se\u00f1alando que contaban con videos que confirmaban su presencia en Xalapa, a la hora en que se asesinaba a las dos reporteras en Cosoleacaque.<\/p>\n\n\n\n<p>De ah\u00ed que abogados, activistas, integrantes de colectivos y diputados federales consideraron viable y urgente que se revise el actuar de la Fiscal de Veracruz, Ver\u00f3nica Hern\u00e1ndez Giad\u00e1ns.<\/p>\n\n\n\n<p>Algunos de plano pidieron la renuncia de la fiscal por su actuaci\u00f3n que \u2013dicen- ha fracturado el Estado de Derecho en Veracruz, provocando que no haya seguridad jur\u00eddica para nadie y recordaron el caso del asesinato de la joven Montserrat Bendimes, en el municipio de Veracruz, a quien su novio le quit\u00f3 la vida a golpes, feminicidio que sigue en la impunidad, con el responsable pr\u00f3fugo y mandando videos donde alega su inocencia.<\/p>\n\n\n\n<p>La pelota est\u00e1 en la cancha del gobernador Cuitl\u00e1huac Garc\u00eda Jim\u00e9nez, y al menos formalmente, en la del Congreso del Estado. Y pensar que el mandatario hab\u00eda felicitado incluso a la fiscal por la celeridad de su actuaci\u00f3n y la detenci\u00f3n de un presunto implicado en el crimen de las comunicadoras. Y a\u00fan la defiende argumentando que no hay da\u00f1o alguno que reparar y que el error en la detenci\u00f3n del joven repartidor no fue de la Fiscal\u00eda sino de la Coordinaci\u00f3n Nacional Antisecuestro, instancia federal que suponemos participa en las indagatorias. Pero lo que es un hecho es que la desconfianza en la instituci\u00f3n est\u00e1 instalada y crece d\u00eda a d\u00eda.<\/p>\n\n\n\n<p>Aunque ya sabemos que la fiscal, como todos los funcionarios de este gobierno son inamovibles. As\u00ed que nada pasar\u00e1, pese a este penoso caso y pese a los reclamos de los colectivos de familiares de desaparecidos que cuestionan acremente su gesti\u00f3n.<\/p>\n\n\n\n<p>La autocr\u00edtica no es el fuerte de esta administraci\u00f3n.<\/p>\n\n\n\n<p>jecesco@hotmail.com<\/p>\n\n\n\n<p>www.deinterespublico.com<\/p>\n","protected":false},"excerpt":{"rendered":"<p>Emilio C\u00e1rdenas Escobosa De Inter\u00e9s P\u00fablico Hace m\u00e1s de cuatro a\u00f1os el Centro de Investigaci\u00f3n y Docencia Econ\u00f3micas, el Instituto de Investigaciones Jur\u00eddicas de la Universidad Nacional Aut\u00f3noma de M\u00e9xico y el Instituto Nacional de Ciencias Penales realizaron un estudio sobre el sistema de justicia en M\u00e9xico cuyas conclusiones fueron demoledoras, \u201cLos sistemas de seguridad [&hellip;]<\/p>\n","protected":false},"author":2,"featured_media":0,"comment_status":"closed","ping_status":"closed","sticky":false,"template":"","format":"standard","meta":{"tdm_status":"","tdm_grid_status":"","footnotes":""},"categories":[70],"tags":[618,1563,1432,6870,1026,16249,177,195],"class_list":{"0":"post-90115","1":"post","2":"type-post","3":"status-publish","4":"format-standard","6":"category-de-opinion","7":"tag-andres-manuel-lopez-obrador","8":"tag-cuitlahuac-garcia-jimenez","9":"tag-emilio-cardenas-escobosa","10":"tag-fge","11":"tag-morena","12":"tag-procuracion-de-justicia","13":"tag-seguridad-publica","14":"tag-veracruz"},"yoast_head":"<!-- This site is optimized with the Yoast SEO plugin v27.4 - https:\/\/yoast.com\/product\/yoast-seo-wordpress\/ -->\n<title>La crisis de la procuraci\u00f3n de justicia en Veracruz - Los pol\u00edticos Veracruz<\/title>\n<meta name=\"robots\" content=\"index, follow, max-snippet:-1, max-image-preview:large, max-video-preview:-1\" \/>\n<link rel=\"canonical\" href=\"https:\/\/lospoliticosveracruz.com\/?p=90115\" \/>\n<meta property=\"og:locale\" content=\"es_ES\" \/>\n<meta property=\"og:type\" content=\"article\" \/>\n<meta property=\"og:title\" content=\"La crisis de la procuraci\u00f3n de justicia en Veracruz - Los pol\u00edticos Veracruz\" \/>\n<meta property=\"og:description\" content=\"Emilio C\u00e1rdenas Escobosa De Inter\u00e9s P\u00fablico Hace m\u00e1s de cuatro a\u00f1os el Centro de Investigaci\u00f3n y Docencia Econ\u00f3micas, el Instituto de Investigaciones Jur\u00eddicas de la Universidad Nacional Aut\u00f3noma de M\u00e9xico y el Instituto Nacional de Ciencias Penales realizaron un estudio sobre el sistema de justicia en M\u00e9xico cuyas conclusiones fueron demoledoras, \u201cLos sistemas de seguridad [&hellip;]\" \/>\n<meta property=\"og:url\" content=\"https:\/\/lospoliticosveracruz.com\/?p=90115\" \/>\n<meta property=\"og:site_name\" content=\"Los pol\u00edticos Veracruz\" \/>\n<meta property=\"article:publisher\" content=\"https:\/\/www.facebook.com\/people\/Notimemes-de-los-Polticos\/61565672886568\/\" \/>\n<meta property=\"article:published_time\" content=\"2022-05-19T13:35:56+00:00\" \/>\n<meta property=\"article:modified_time\" content=\"2022-05-19T13:36:03+00:00\" \/>\n<meta property=\"og:image\" content=\"https:\/\/lospoliticosveracruz.com\/wp-content\/uploads\/2016\/07\/Logo-Dor.jpg\" \/>\n\t<meta property=\"og:image:width\" content=\"200\" \/>\n\t<meta property=\"og:image:height\" content=\"200\" \/>\n\t<meta property=\"og:image:type\" content=\"image\/jpeg\" \/>\n<meta name=\"author\" content=\"Lo viste en Los Pol\u00edticos\" \/>\n<meta name=\"twitter:card\" content=\"summary_large_image\" \/>\n<meta name=\"twitter:creator\" content=\"@LosPoliticosVer\" \/>\n<meta name=\"twitter:site\" content=\"@LosPoliticosVer\" \/>\n<meta name=\"twitter:label1\" content=\"Escrito por\" \/>\n\t<meta name=\"twitter:data1\" content=\"Lo viste en Los Pol\u00edticos\" \/>\n\t<meta name=\"twitter:label2\" content=\"Tiempo de lectura\" \/>\n\t<meta name=\"twitter:data2\" content=\"5 minutos\" \/>\n<script type=\"application\/ld+json\" class=\"yoast-schema-graph\">{\"@context\":\"https:\\\/\\\/schema.org\",\"@graph\":[{\"@type\":\"Article\",\"@id\":\"https:\\\/\\\/lospoliticosveracruz.com\\\/?p=90115#article\",\"isPartOf\":{\"@id\":\"https:\\\/\\\/lospoliticosveracruz.com\\\/?p=90115\"},\"author\":{\"name\":\"Lo viste en Los Pol\u00edticos\",\"@id\":\"https:\\\/\\\/lospoliticosveracruz.com\\\/#\\\/schema\\\/person\\\/b8702bb0e538456e6efd07080bf2a4a2\"},\"headline\":\"La crisis de la procuraci\u00f3n de justicia en Veracruz\",\"datePublished\":\"2022-05-19T13:35:56+00:00\",\"dateModified\":\"2022-05-19T13:36:03+00:00\",\"mainEntityOfPage\":{\"@id\":\"https:\\\/\\\/lospoliticosveracruz.com\\\/?p=90115\"},\"wordCount\":1042,\"publisher\":{\"@id\":\"https:\\\/\\\/lospoliticosveracruz.com\\\/#organization\"},\"keywords\":[\"Andr\u00e9s Manuel L\u00f3pez Obrador\",\"Cuitl\u00e1huac Garc\u00eda Jim\u00e9nez\",\"Emilio C\u00e1rdenas Escobosa\",\"FGE\",\"Morena\",\"procuraci\u00f3n de Justicia\",\"Seguridad P\u00fablica\",\"Veracruz\"],\"articleSection\":[\"De Opini\u00f3n\"],\"inLanguage\":\"es\"},{\"@type\":\"WebPage\",\"@id\":\"https:\\\/\\\/lospoliticosveracruz.com\\\/?p=90115\",\"url\":\"https:\\\/\\\/lospoliticosveracruz.com\\\/?p=90115\",\"name\":\"La crisis de la procuraci\u00f3n de justicia en Veracruz - Los pol\u00edticos Veracruz\",\"isPartOf\":{\"@id\":\"https:\\\/\\\/lospoliticosveracruz.com\\\/#website\"},\"datePublished\":\"2022-05-19T13:35:56+00:00\",\"dateModified\":\"2022-05-19T13:36:03+00:00\",\"breadcrumb\":{\"@id\":\"https:\\\/\\\/lospoliticosveracruz.com\\\/?p=90115#breadcrumb\"},\"inLanguage\":\"es\",\"potentialAction\":[{\"@type\":\"ReadAction\",\"target\":[\"https:\\\/\\\/lospoliticosveracruz.com\\\/?p=90115\"]}]},{\"@type\":\"BreadcrumbList\",\"@id\":\"https:\\\/\\\/lospoliticosveracruz.com\\\/?p=90115#breadcrumb\",\"itemListElement\":[{\"@type\":\"ListItem\",\"position\":1,\"name\":\"Portada\",\"item\":\"https:\\\/\\\/lospoliticosveracruz.com\\\/\"},{\"@type\":\"ListItem\",\"position\":2,\"name\":\"La crisis de la procuraci\u00f3n de justicia en Veracruz\"}]},{\"@type\":\"WebSite\",\"@id\":\"https:\\\/\\\/lospoliticosveracruz.com\\\/#website\",\"url\":\"https:\\\/\\\/lospoliticosveracruz.com\\\/\",\"name\":\"Los pol\u00edticos Veracruz\",\"description\":\"\",\"publisher\":{\"@id\":\"https:\\\/\\\/lospoliticosveracruz.com\\\/#organization\"},\"potentialAction\":[{\"@type\":\"SearchAction\",\"target\":{\"@type\":\"EntryPoint\",\"urlTemplate\":\"https:\\\/\\\/lospoliticosveracruz.com\\\/?s={search_term_string}\"},\"query-input\":{\"@type\":\"PropertyValueSpecification\",\"valueRequired\":true,\"valueName\":\"search_term_string\"}}],\"inLanguage\":\"es\"},{\"@type\":\"Organization\",\"@id\":\"https:\\\/\\\/lospoliticosveracruz.com\\\/#organization\",\"name\":\"Los pol\u00edticos Veracruz\",\"url\":\"https:\\\/\\\/lospoliticosveracruz.com\\\/\",\"logo\":{\"@type\":\"ImageObject\",\"inLanguage\":\"es\",\"@id\":\"https:\\\/\\\/lospoliticosveracruz.com\\\/#\\\/schema\\\/logo\\\/image\\\/\",\"url\":\"https:\\\/\\\/lospoliticosveracruz.com\\\/wp-content\\\/uploads\\\/2025\\\/12\\\/Logo-Nuevo-LOS-POLITICOS-1.jpg\",\"contentUrl\":\"https:\\\/\\\/lospoliticosveracruz.com\\\/wp-content\\\/uploads\\\/2025\\\/12\\\/Logo-Nuevo-LOS-POLITICOS-1.jpg\",\"width\":260,\"height\":70,\"caption\":\"Los pol\u00edticos Veracruz\"},\"image\":{\"@id\":\"https:\\\/\\\/lospoliticosveracruz.com\\\/#\\\/schema\\\/logo\\\/image\\\/\"},\"sameAs\":[\"https:\\\/\\\/www.facebook.com\\\/people\\\/Notimemes-de-los-Polticos\\\/61565672886568\\\/\",\"https:\\\/\\\/x.com\\\/LosPoliticosVer\"]},{\"@type\":\"Person\",\"@id\":\"https:\\\/\\\/lospoliticosveracruz.com\\\/#\\\/schema\\\/person\\\/b8702bb0e538456e6efd07080bf2a4a2\",\"name\":\"Lo viste en Los Pol\u00edticos\",\"image\":{\"@type\":\"ImageObject\",\"inLanguage\":\"es\",\"@id\":\"https:\\\/\\\/secure.gravatar.com\\\/avatar\\\/3a8de04a2656d44082be478bd6c086daa447c4651605818287b9532d3d0bd435?s=96&d=mm&r=g\",\"url\":\"https:\\\/\\\/secure.gravatar.com\\\/avatar\\\/3a8de04a2656d44082be478bd6c086daa447c4651605818287b9532d3d0bd435?s=96&d=mm&r=g\",\"contentUrl\":\"https:\\\/\\\/secure.gravatar.com\\\/avatar\\\/3a8de04a2656d44082be478bd6c086daa447c4651605818287b9532d3d0bd435?s=96&d=mm&r=g\",\"caption\":\"Lo viste en Los Pol\u00edticos\"},\"url\":\"https:\\\/\\\/lospoliticosveracruz.com\\\/?author=2\"}]}<\/script>\n<!-- \/ Yoast SEO plugin. -->","yoast_head_json":{"title":"La crisis de la procuraci\u00f3n de justicia en Veracruz - Los pol\u00edticos Veracruz","robots":{"index":"index","follow":"follow","max-snippet":"max-snippet:-1","max-image-preview":"max-image-preview:large","max-video-preview":"max-video-preview:-1"},"canonical":"https:\/\/lospoliticosveracruz.com\/?p=90115","og_locale":"es_ES","og_type":"article","og_title":"La crisis de la procuraci\u00f3n de justicia en Veracruz - Los pol\u00edticos Veracruz","og_description":"Emilio C\u00e1rdenas Escobosa De Inter\u00e9s P\u00fablico Hace m\u00e1s de cuatro a\u00f1os el Centro de Investigaci\u00f3n y Docencia Econ\u00f3micas, el Instituto de Investigaciones Jur\u00eddicas de la Universidad Nacional Aut\u00f3noma de M\u00e9xico y el Instituto Nacional de Ciencias Penales realizaron un estudio sobre el sistema de justicia en M\u00e9xico cuyas conclusiones fueron demoledoras, \u201cLos sistemas de seguridad [&hellip;]","og_url":"https:\/\/lospoliticosveracruz.com\/?p=90115","og_site_name":"Los pol\u00edticos Veracruz","article_publisher":"https:\/\/www.facebook.com\/people\/Notimemes-de-los-Polticos\/61565672886568\/","article_published_time":"2022-05-19T13:35:56+00:00","article_modified_time":"2022-05-19T13:36:03+00:00","og_image":[{"width":200,"height":200,"url":"https:\/\/lospoliticosveracruz.com\/wp-content\/uploads\/2016\/07\/Logo-Dor.jpg","type":"image\/jpeg"}],"author":"Lo viste en Los Pol\u00edticos","twitter_card":"summary_large_image","twitter_creator":"@LosPoliticosVer","twitter_site":"@LosPoliticosVer","twitter_misc":{"Escrito por":"Lo viste en Los Pol\u00edticos","Tiempo de lectura":"5 minutos"},"schema":{"@context":"https:\/\/schema.org","@graph":[{"@type":"Article","@id":"https:\/\/lospoliticosveracruz.com\/?p=90115#article","isPartOf":{"@id":"https:\/\/lospoliticosveracruz.com\/?p=90115"},"author":{"name":"Lo viste en Los Pol\u00edticos","@id":"https:\/\/lospoliticosveracruz.com\/#\/schema\/person\/b8702bb0e538456e6efd07080bf2a4a2"},"headline":"La crisis de la procuraci\u00f3n de justicia en Veracruz","datePublished":"2022-05-19T13:35:56+00:00","dateModified":"2022-05-19T13:36:03+00:00","mainEntityOfPage":{"@id":"https:\/\/lospoliticosveracruz.com\/?p=90115"},"wordCount":1042,"publisher":{"@id":"https:\/\/lospoliticosveracruz.com\/#organization"},"keywords":["Andr\u00e9s Manuel L\u00f3pez Obrador","Cuitl\u00e1huac Garc\u00eda Jim\u00e9nez","Emilio C\u00e1rdenas Escobosa","FGE","Morena","procuraci\u00f3n de Justicia","Seguridad P\u00fablica","Veracruz"],"articleSection":["De Opini\u00f3n"],"inLanguage":"es"},{"@type":"WebPage","@id":"https:\/\/lospoliticosveracruz.com\/?p=90115","url":"https:\/\/lospoliticosveracruz.com\/?p=90115","name":"La crisis de la procuraci\u00f3n de justicia en Veracruz - Los pol\u00edticos Veracruz","isPartOf":{"@id":"https:\/\/lospoliticosveracruz.com\/#website"},"datePublished":"2022-05-19T13:35:56+00:00","dateModified":"2022-05-19T13:36:03+00:00","breadcrumb":{"@id":"https:\/\/lospoliticosveracruz.com\/?p=90115#breadcrumb"},"inLanguage":"es","potentialAction":[{"@type":"ReadAction","target":["https:\/\/lospoliticosveracruz.com\/?p=90115"]}]},{"@type":"BreadcrumbList","@id":"https:\/\/lospoliticosveracruz.com\/?p=90115#breadcrumb","itemListElement":[{"@type":"ListItem","position":1,"name":"Portada","item":"https:\/\/lospoliticosveracruz.com\/"},{"@type":"ListItem","position":2,"name":"La crisis de la procuraci\u00f3n de justicia en Veracruz"}]},{"@type":"WebSite","@id":"https:\/\/lospoliticosveracruz.com\/#website","url":"https:\/\/lospoliticosveracruz.com\/","name":"Los pol\u00edticos Veracruz","description":"","publisher":{"@id":"https:\/\/lospoliticosveracruz.com\/#organization"},"potentialAction":[{"@type":"SearchAction","target":{"@type":"EntryPoint","urlTemplate":"https:\/\/lospoliticosveracruz.com\/?s={search_term_string}"},"query-input":{"@type":"PropertyValueSpecification","valueRequired":true,"valueName":"search_term_string"}}],"inLanguage":"es"},{"@type":"Organization","@id":"https:\/\/lospoliticosveracruz.com\/#organization","name":"Los pol\u00edticos Veracruz","url":"https:\/\/lospoliticosveracruz.com\/","logo":{"@type":"ImageObject","inLanguage":"es","@id":"https:\/\/lospoliticosveracruz.com\/#\/schema\/logo\/image\/","url":"https:\/\/lospoliticosveracruz.com\/wp-content\/uploads\/2025\/12\/Logo-Nuevo-LOS-POLITICOS-1.jpg","contentUrl":"https:\/\/lospoliticosveracruz.com\/wp-content\/uploads\/2025\/12\/Logo-Nuevo-LOS-POLITICOS-1.jpg","width":260,"height":70,"caption":"Los pol\u00edticos Veracruz"},"image":{"@id":"https:\/\/lospoliticosveracruz.com\/#\/schema\/logo\/image\/"},"sameAs":["https:\/\/www.facebook.com\/people\/Notimemes-de-los-Polticos\/61565672886568\/","https:\/\/x.com\/LosPoliticosVer"]},{"@type":"Person","@id":"https:\/\/lospoliticosveracruz.com\/#\/schema\/person\/b8702bb0e538456e6efd07080bf2a4a2","name":"Lo viste en Los Pol\u00edticos","image":{"@type":"ImageObject","inLanguage":"es","@id":"https:\/\/secure.gravatar.com\/avatar\/3a8de04a2656d44082be478bd6c086daa447c4651605818287b9532d3d0bd435?s=96&d=mm&r=g","url":"https:\/\/secure.gravatar.com\/avatar\/3a8de04a2656d44082be478bd6c086daa447c4651605818287b9532d3d0bd435?s=96&d=mm&r=g","contentUrl":"https:\/\/secure.gravatar.com\/avatar\/3a8de04a2656d44082be478bd6c086daa447c4651605818287b9532d3d0bd435?s=96&d=mm&r=g","caption":"Lo viste en Los Pol\u00edticos"},"url":"https:\/\/lospoliticosveracruz.com\/?author=2"}]}},"_links":{"self":[{"href":"https:\/\/lospoliticosveracruz.com\/index.php?rest_route=\/wp\/v2\/posts\/90115","targetHints":{"allow":["GET"]}}],"collection":[{"href":"https:\/\/lospoliticosveracruz.com\/index.php?rest_route=\/wp\/v2\/posts"}],"about":[{"href":"https:\/\/lospoliticosveracruz.com\/index.php?rest_route=\/wp\/v2\/types\/post"}],"author":[{"embeddable":true,"href":"https:\/\/lospoliticosveracruz.com\/index.php?rest_route=\/wp\/v2\/users\/2"}],"replies":[{"embeddable":true,"href":"https:\/\/lospoliticosveracruz.com\/index.php?rest_route=%2Fwp%2Fv2%2Fcomments&post=90115"}],"version-history":[{"count":1,"href":"https:\/\/lospoliticosveracruz.com\/index.php?rest_route=\/wp\/v2\/posts\/90115\/revisions"}],"predecessor-version":[{"id":90117,"href":"https:\/\/lospoliticosveracruz.com\/index.php?rest_route=\/wp\/v2\/posts\/90115\/revisions\/90117"}],"wp:attachment":[{"href":"https:\/\/lospoliticosveracruz.com\/index.php?rest_route=%2Fwp%2Fv2%2Fmedia&parent=90115"}],"wp:term":[{"taxonomy":"category","embeddable":true,"href":"https:\/\/lospoliticosveracruz.com\/index.php?rest_route=%2Fwp%2Fv2%2Fcategories&post=90115"},{"taxonomy":"post_tag","embeddable":true,"href":"https:\/\/lospoliticosveracruz.com\/index.php?rest_route=%2Fwp%2Fv2%2Ftags&post=90115"}],"curies":[{"name":"wp","href":"https:\/\/api.w.org\/{rel}","templated":true}]}}