{"id":90155,"date":"2022-05-20T01:23:00","date_gmt":"2022-05-20T06:23:00","guid":{"rendered":"https:\/\/lospoliticosveracruz.com.mx\/?p=90155"},"modified":"2022-05-19T23:28:27","modified_gmt":"2022-05-20T04:28:27","slug":"oso","status":"publish","type":"post","link":"https:\/\/lospoliticosveracruz.com\/?p=90155","title":{"rendered":"Oso"},"content":{"rendered":"\n<p><br><strong>Guadalupe H. Mar<br><\/strong><em>Mira Pol\u00edtica<\/em><\/p>\n\n\n\n<p><strong><em>COMO NEOLIBERALES\u2026<\/em><\/strong> Con aquella frase conservadora y neoliberal \u00abusted disculpe\u00bb de parte el gobierno del estado de Veracruz, as\u00ed como de la Fiscal\u00eda General del estado, el joven estudiante del Instituto Tecnol\u00f3gico de Xalapa (ITX) Antonio de Jes\u00fas Hern\u00e1ndez Mart\u00ednez, recobr\u00f3 su libertad, luego de que los detectives de la FGE y de la Coordinaci\u00f3n Nacional Antisecuestro del gobierno de M\u00e9xico (Conase), del gobierno federal, hicieron \u00abel oso\u00bb de sus vidas al arrestarlo y exhibirlo en todo el mundo como uno de los responsables del asesinato de las periodistas veracruzanas Yessenia Mollinedo Falconi y Sheila Johana Garc\u00eda Olivera.<\/p>\n\n\n\n<div class=\"wp-block-image\"><figure class=\"alignleft size-large is-resized\"><a href=\"https:\/\/lospoliticosveracruz.com.mx\/wp-content\/uploads\/2021\/10\/WhatsApp-Image-2021-10-02-at-15.20.25.jpeg\"><img loading=\"lazy\" decoding=\"async\" src=\"https:\/\/lospoliticosveracruz.com.mx\/wp-content\/uploads\/2021\/10\/WhatsApp-Image-2021-10-02-at-15.20.25-724x1024.jpeg\" alt=\"\" class=\"wp-image-80177\" width=\"362\" height=\"512\" srcset=\"https:\/\/lospoliticosveracruz.com\/wp-content\/uploads\/2021\/10\/WhatsApp-Image-2021-10-02-at-15.20.25-724x1024.jpeg 724w, https:\/\/lospoliticosveracruz.com\/wp-content\/uploads\/2021\/10\/WhatsApp-Image-2021-10-02-at-15.20.25-212x300.jpeg 212w, https:\/\/lospoliticosveracruz.com\/wp-content\/uploads\/2021\/10\/WhatsApp-Image-2021-10-02-at-15.20.25-768x1086.jpeg 768w, https:\/\/lospoliticosveracruz.com\/wp-content\/uploads\/2021\/10\/WhatsApp-Image-2021-10-02-at-15.20.25.jpeg 905w\" sizes=\"auto, (max-width: 362px) 100vw, 362px\" \/><\/a><\/figure><\/div>\n\n\n\n<p><br>Para convencer al muchacho de 20 a\u00f1os que se dedica al reparto de alimentos en la ciudad de Xalapa y as\u00ed paga sus estudios, funcionarios de primer nivel en el gobierno estatal, lo invitaron a tomar caf\u00e9 a Palacio de Gobierno junto con su familia, donde le convencieron de no hacer ninguna declaraci\u00f3n y as\u00ed al estilo de los conservadores y neoliberales, dejar que el tiempo borrara tremenda pifia.<br>Por cierto. Con un error de este tama\u00f1o, donde se \u00abembarc\u00f3\u00bb a la secretaria de Seguridad Ciudadana del gobierno de la rep\u00fablica, Rosa Icela Rodr\u00edguez, dependencia que tambi\u00e9n boletin\u00f3 tan exitosa y a la vez fallida detenci\u00f3n, en otros tiempos, Veracruz ya estuviera estrenando nuevo o nueva titular en la Fiscal\u00eda General del estado.<br><strong><em>DERECHO AL OLVIDO \u2026<\/em><\/strong> Los \u00abusted perdone\u00bb, el caf\u00e9 en Palacio de Gobierno y quiz\u00e1 hasta el ofrecimiento de una beca, no son suficientes para revertir el da\u00f1o que los gobiernos federal y estatal le hicieron a este muchacho en su imagen y reputaci\u00f3n, pues el ser humano olvida, pero San Google no.<br>Si usted amable lector, googlea, esto es, busca en la internet a trav\u00e9s de cualquier motor de b\u00fasqueda el nombre de Antonio de Jes\u00fas Hern\u00e1ndez Mart\u00ednez, le aparecer\u00e1n entre otras, las im\u00e1genes de este muchacho vistiendo una chamarra amarilla y la leyenda \u00abDodgers\u00bb y \u00e9l de pie entre dos polic\u00edas, en cuyos uniformes se lee: \u00abCoordinaci\u00f3n Nacional Antisecuestro\u00bb.<br>Se encontrar\u00e1 tambi\u00e9n amable lector, con la imagen del muchacho con la misma chamarra amarilla, un cuadrito color caf\u00e9 en su rostro, con el que se supone no ser\u00eda identificado y la leyenda: \u00abDetenido por Homicidio Doloso Calificado en Agravio de Periodistas\u00bb, con letras en may\u00fasculas, para que destaquen.<br>Asimismo, al goglear el nombre de Antonio de Jes\u00fas Hern\u00e1ndez Mart\u00ednez, le aparecer\u00e1n amable lector, decenas de notas informativas con las que m\u00e1s que difundir, se festin\u00f3 la detenci\u00f3n del muchacho a quien luego de supo confundieron con otra persona y tuvieron que liberar.<br>En un a\u00f1o, dos o cinco, esto mismo seguir\u00e1 apareciendo en la Internet con relaci\u00f3n al joven Antonio de Jes\u00fas Hern\u00e1ndez Mart\u00ednez, por lo que viene al caso recordar que existe un derecho ciudadano que se conoce como \u00abDerecho al Olvido\u00bb<br>En Espa\u00f1a, desde el a\u00f1o 2018, entr\u00f3 en vigor la Ley Org\u00e1nica 3\/2018 de Protecci\u00f3n de Datos Personales y Garant\u00edas de los Derechos Digitales, la cual busca proteger el derecho fundamental de las personas f\u00edsicas a la protecci\u00f3n de datos personales, as\u00ed como garantizar los derechos digitales de la ciudadan\u00eda.<br>En el Art\u00edculo 93 de esta Ley, se regula el derecho al olvido en b\u00fasquedas de internet y establece que toda persona tiene derecho a que los motores de b\u00fasqueda en internet eliminen de las listas de resultados que se obtuvieran tras una b\u00fasqueda efectuada a partir de su nombre, los enlaces publicados que contuvieran informaci\u00f3n relativa a esa persona cuando fuesen inadecuados, inexactos, no pertinentes, no actualizados o excesivos o hubieren devenido como tales por el transcurso del tiempo, teniendo en cuenta los fines para los que se recogieron o trataron, el tiempo transcurrido y la naturaleza e inter\u00e9s p\u00fablico de la informaci\u00f3n.<br>Por otra parte, el art\u00edculo 94 se\u00f1ala que toda persona tiene derecho a que sean suprimidos los datos que hubiesen facilitado para su publicaci\u00f3n en los servicios de redes sociales y servicios de la sociedad de la informaci\u00f3n equivalentes. Esto tambi\u00e9n es aplicable, cuando dichos datos personales sean proporcionados por un tercero.<br>Desafortunadamente en M\u00e9xico es otra la situaci\u00f3n y ello le consta al senador por el partido Movimiento de Regeneraci\u00f3n Nacional, mejor conocido como Morena, Ricardo Monreal \u00c1vila, quien desde el a\u00f1o 2019 present\u00f3 una iniciativa con proyecto de decreto que reforma, adiciona y modifica diversas disposiciones de la Ley Federal de Protecci\u00f3n de Datos Personales en Posesi\u00f3n de los Particulares, en materia de Derecho de Olvido.<br>A reserva de que abordemos a detalle lo relativo a esta Ley en Espa\u00f1a e iniciativa en M\u00e9xico, ser\u00eda de estricta justicia que los mismos que hicieron \u00abel oso\u00bb de sus vidas al arrestar al joven estudiante Antonio de Jes\u00fas Hern\u00e1ndez Mart\u00ednez, como presunto asesino de periodistas, promovieran la supresi\u00f3n de todo aquello que ellos difundieron festinando el arresto del muchacho.<br>Al menos eso tendr\u00eda m\u00e1s valor que un \u00abusted disculpe\u00bb y un caf\u00e9 con el gobernador del estado.<br><strong><em>INDICADORES LOCALES \u2026<\/em><\/strong> En la comunidad de \u00abMata Loma\u00bb del municipio de Ignacio de la Llave, aleda\u00f1o al de la ciudad de Veracruz, los vecinos reportan que son m\u00e1s de cinco d\u00edas los que llevan sin agua, lo que afecta todas sus actividades diarias.<br>Asimismo, en la Unidad Habitacional \u00abEl Jobo\u00bb, perteneciente al municipio de Veracruz, sus residentes indican que desde las nueve la noche a las cinco de la ma\u00f1ana, les interrumpen el suministro de agua potable, por lo cual los tinacos de sus viviendas no se llenan y siempre hace falta agua.<br>Con estas carencias de agua, sigue vigente la pregunta de por qu\u00e9 se autoriz\u00f3 la instalaci\u00f3n de la empresa cervecera Constellation Brands, en la antigua hacienda de \u00abSanta Fe\u00bb, del municipio de Veracruz puerto, donde la empresa estadunidense adquiri\u00f3 300 hect\u00e1reas, para en unos a\u00f1os producir aqu\u00ed las cervezas Corona, Modelo Especial, Negra Modelo y Pac\u00edfico, cuya elaboraci\u00f3n requiere mucha, mucha agua, de la que se est\u00e1 careciendo aqu\u00ed.<br>D\u00cdGALO SIN MIEDO \u2026 Al correo electr\u00f3nico guadalupehmar@yahoo.com<\/p>\n","protected":false},"excerpt":{"rendered":"<p>Guadalupe H. MarMira Pol\u00edtica COMO NEOLIBERALES\u2026 Con aquella frase conservadora y neoliberal \u00abusted disculpe\u00bb de parte el gobierno del estado de Veracruz, as\u00ed como de la Fiscal\u00eda General del estado, el joven estudiante del Instituto Tecnol\u00f3gico de Xalapa (ITX) Antonio de Jes\u00fas Hern\u00e1ndez Mart\u00ednez, recobr\u00f3 su libertad, luego de que los detectives de la FGE [&hellip;]<\/p>\n","protected":false},"author":2,"featured_media":0,"comment_status":"closed","ping_status":"closed","sticky":false,"template":"","format":"standard","meta":{"tdm_status":"","tdm_grid_status":"","footnotes":""},"categories":[70],"tags":[33375,17316,1563,6870,1606,1026,2944,19576,33376,33339,195,96],"class_list":{"0":"post-90155","1":"post","2":"type-post","3":"status-publish","4":"format-standard","6":"category-de-opinion","7":"tag-conase","8":"tag-constellation-brands","9":"tag-cuitlahuac-garcia-jimenez","10":"tag-fge","11":"tag-guadalupe-h-mar","12":"tag-morena","13":"tag-ricardo-monreal-avila","14":"tag-rosa-icela-rodriguez","15":"tag-san-google","16":"tag-sheila-johana-garcia-olivera","17":"tag-veracruz","18":"tag-xalapa"},"yoast_head":"<!-- This site is optimized with the Yoast SEO plugin v27.4 - https:\/\/yoast.com\/product\/yoast-seo-wordpress\/ -->\n<title>Oso - Los pol\u00edticos Veracruz<\/title>\n<meta name=\"robots\" content=\"index, follow, max-snippet:-1, max-image-preview:large, max-video-preview:-1\" \/>\n<link rel=\"canonical\" href=\"https:\/\/lospoliticosveracruz.com\/?p=90155\" \/>\n<meta property=\"og:locale\" content=\"es_ES\" \/>\n<meta property=\"og:type\" content=\"article\" \/>\n<meta property=\"og:title\" content=\"Oso - Los pol\u00edticos Veracruz\" \/>\n<meta property=\"og:description\" content=\"Guadalupe H. MarMira Pol\u00edtica COMO NEOLIBERALES\u2026 Con aquella frase conservadora y neoliberal \u00abusted disculpe\u00bb de parte el gobierno del estado de Veracruz, as\u00ed como de la Fiscal\u00eda General del estado, el joven estudiante del Instituto Tecnol\u00f3gico de Xalapa (ITX) Antonio de Jes\u00fas Hern\u00e1ndez Mart\u00ednez, recobr\u00f3 su libertad, luego de que los detectives de la FGE [&hellip;]\" \/>\n<meta property=\"og:url\" content=\"https:\/\/lospoliticosveracruz.com\/?p=90155\" \/>\n<meta property=\"og:site_name\" content=\"Los pol\u00edticos Veracruz\" \/>\n<meta property=\"article:publisher\" content=\"https:\/\/www.facebook.com\/people\/Notimemes-de-los-Polticos\/61565672886568\/\" \/>\n<meta property=\"article:published_time\" content=\"2022-05-20T06:23:00+00:00\" \/>\n<meta property=\"og:image\" content=\"https:\/\/lospoliticosveracruz.com.mx\/wp-content\/uploads\/2021\/10\/WhatsApp-Image-2021-10-02-at-15.20.25-724x1024.jpeg\" \/>\n<meta name=\"author\" content=\"Lo viste en Los Pol\u00edticos\" \/>\n<meta name=\"twitter:card\" content=\"summary_large_image\" \/>\n<meta name=\"twitter:creator\" content=\"@LosPoliticosVer\" \/>\n<meta name=\"twitter:site\" content=\"@LosPoliticosVer\" \/>\n<meta name=\"twitter:label1\" content=\"Escrito por\" \/>\n\t<meta name=\"twitter:data1\" content=\"Lo viste en Los Pol\u00edticos\" \/>\n\t<meta name=\"twitter:label2\" content=\"Tiempo de lectura\" \/>\n\t<meta name=\"twitter:data2\" content=\"5 minutos\" \/>\n<script type=\"application\/ld+json\" class=\"yoast-schema-graph\">{\"@context\":\"https:\\\/\\\/schema.org\",\"@graph\":[{\"@type\":\"Article\",\"@id\":\"https:\\\/\\\/lospoliticosveracruz.com\\\/?p=90155#article\",\"isPartOf\":{\"@id\":\"https:\\\/\\\/lospoliticosveracruz.com\\\/?p=90155\"},\"author\":{\"name\":\"Lo viste en Los Pol\u00edticos\",\"@id\":\"https:\\\/\\\/lospoliticosveracruz.com\\\/#\\\/schema\\\/person\\\/b8702bb0e538456e6efd07080bf2a4a2\"},\"headline\":\"Oso\",\"datePublished\":\"2022-05-20T06:23:00+00:00\",\"mainEntityOfPage\":{\"@id\":\"https:\\\/\\\/lospoliticosveracruz.com\\\/?p=90155\"},\"wordCount\":1075,\"publisher\":{\"@id\":\"https:\\\/\\\/lospoliticosveracruz.com\\\/#organization\"},\"image\":{\"@id\":\"https:\\\/\\\/lospoliticosveracruz.com\\\/?p=90155#primaryimage\"},\"thumbnailUrl\":\"https:\\\/\\\/lospoliticosveracruz.com.mx\\\/wp-content\\\/uploads\\\/2021\\\/10\\\/WhatsApp-Image-2021-10-02-at-15.20.25-724x1024.jpeg\",\"keywords\":[\"Conase\",\"Constellation Brands\",\"Cuitl\u00e1huac Garc\u00eda Jim\u00e9nez\",\"FGE\",\"Guadalupe H. Mar\",\"Morena\",\"Ricardo Monreal \u00c1vila\",\"Rosa Icela Rodr\u00edguez\",\"San Google\",\"Sheila Johana Garc\u00eda Olivera\",\"Veracruz\",\"Xalapa\"],\"articleSection\":[\"De Opini\u00f3n\"],\"inLanguage\":\"es\"},{\"@type\":\"WebPage\",\"@id\":\"https:\\\/\\\/lospoliticosveracruz.com\\\/?p=90155\",\"url\":\"https:\\\/\\\/lospoliticosveracruz.com\\\/?p=90155\",\"name\":\"Oso - Los pol\u00edticos Veracruz\",\"isPartOf\":{\"@id\":\"https:\\\/\\\/lospoliticosveracruz.com\\\/#website\"},\"primaryImageOfPage\":{\"@id\":\"https:\\\/\\\/lospoliticosveracruz.com\\\/?p=90155#primaryimage\"},\"image\":{\"@id\":\"https:\\\/\\\/lospoliticosveracruz.com\\\/?p=90155#primaryimage\"},\"thumbnailUrl\":\"https:\\\/\\\/lospoliticosveracruz.com.mx\\\/wp-content\\\/uploads\\\/2021\\\/10\\\/WhatsApp-Image-2021-10-02-at-15.20.25-724x1024.jpeg\",\"datePublished\":\"2022-05-20T06:23:00+00:00\",\"breadcrumb\":{\"@id\":\"https:\\\/\\\/lospoliticosveracruz.com\\\/?p=90155#breadcrumb\"},\"inLanguage\":\"es\",\"potentialAction\":[{\"@type\":\"ReadAction\",\"target\":[\"https:\\\/\\\/lospoliticosveracruz.com\\\/?p=90155\"]}]},{\"@type\":\"ImageObject\",\"inLanguage\":\"es\",\"@id\":\"https:\\\/\\\/lospoliticosveracruz.com\\\/?p=90155#primaryimage\",\"url\":\"https:\\\/\\\/lospoliticosveracruz.com.mx\\\/wp-content\\\/uploads\\\/2021\\\/10\\\/WhatsApp-Image-2021-10-02-at-15.20.25-724x1024.jpeg\",\"contentUrl\":\"https:\\\/\\\/lospoliticosveracruz.com.mx\\\/wp-content\\\/uploads\\\/2021\\\/10\\\/WhatsApp-Image-2021-10-02-at-15.20.25-724x1024.jpeg\"},{\"@type\":\"BreadcrumbList\",\"@id\":\"https:\\\/\\\/lospoliticosveracruz.com\\\/?p=90155#breadcrumb\",\"itemListElement\":[{\"@type\":\"ListItem\",\"position\":1,\"name\":\"Portada\",\"item\":\"https:\\\/\\\/lospoliticosveracruz.com\\\/\"},{\"@type\":\"ListItem\",\"position\":2,\"name\":\"Oso\"}]},{\"@type\":\"WebSite\",\"@id\":\"https:\\\/\\\/lospoliticosveracruz.com\\\/#website\",\"url\":\"https:\\\/\\\/lospoliticosveracruz.com\\\/\",\"name\":\"Los pol\u00edticos Veracruz\",\"description\":\"\",\"publisher\":{\"@id\":\"https:\\\/\\\/lospoliticosveracruz.com\\\/#organization\"},\"potentialAction\":[{\"@type\":\"SearchAction\",\"target\":{\"@type\":\"EntryPoint\",\"urlTemplate\":\"https:\\\/\\\/lospoliticosveracruz.com\\\/?s={search_term_string}\"},\"query-input\":{\"@type\":\"PropertyValueSpecification\",\"valueRequired\":true,\"valueName\":\"search_term_string\"}}],\"inLanguage\":\"es\"},{\"@type\":\"Organization\",\"@id\":\"https:\\\/\\\/lospoliticosveracruz.com\\\/#organization\",\"name\":\"Los pol\u00edticos Veracruz\",\"url\":\"https:\\\/\\\/lospoliticosveracruz.com\\\/\",\"logo\":{\"@type\":\"ImageObject\",\"inLanguage\":\"es\",\"@id\":\"https:\\\/\\\/lospoliticosveracruz.com\\\/#\\\/schema\\\/logo\\\/image\\\/\",\"url\":\"https:\\\/\\\/lospoliticosveracruz.com\\\/wp-content\\\/uploads\\\/2025\\\/12\\\/Logo-Nuevo-LOS-POLITICOS-1.jpg\",\"contentUrl\":\"https:\\\/\\\/lospoliticosveracruz.com\\\/wp-content\\\/uploads\\\/2025\\\/12\\\/Logo-Nuevo-LOS-POLITICOS-1.jpg\",\"width\":260,\"height\":70,\"caption\":\"Los pol\u00edticos Veracruz\"},\"image\":{\"@id\":\"https:\\\/\\\/lospoliticosveracruz.com\\\/#\\\/schema\\\/logo\\\/image\\\/\"},\"sameAs\":[\"https:\\\/\\\/www.facebook.com\\\/people\\\/Notimemes-de-los-Polticos\\\/61565672886568\\\/\",\"https:\\\/\\\/x.com\\\/LosPoliticosVer\"]},{\"@type\":\"Person\",\"@id\":\"https:\\\/\\\/lospoliticosveracruz.com\\\/#\\\/schema\\\/person\\\/b8702bb0e538456e6efd07080bf2a4a2\",\"name\":\"Lo viste en Los Pol\u00edticos\",\"image\":{\"@type\":\"ImageObject\",\"inLanguage\":\"es\",\"@id\":\"https:\\\/\\\/secure.gravatar.com\\\/avatar\\\/3a8de04a2656d44082be478bd6c086daa447c4651605818287b9532d3d0bd435?s=96&d=mm&r=g\",\"url\":\"https:\\\/\\\/secure.gravatar.com\\\/avatar\\\/3a8de04a2656d44082be478bd6c086daa447c4651605818287b9532d3d0bd435?s=96&d=mm&r=g\",\"contentUrl\":\"https:\\\/\\\/secure.gravatar.com\\\/avatar\\\/3a8de04a2656d44082be478bd6c086daa447c4651605818287b9532d3d0bd435?s=96&d=mm&r=g\",\"caption\":\"Lo viste en Los Pol\u00edticos\"},\"url\":\"https:\\\/\\\/lospoliticosveracruz.com\\\/?author=2\"}]}<\/script>\n<!-- \/ Yoast SEO plugin. -->","yoast_head_json":{"title":"Oso - Los pol\u00edticos Veracruz","robots":{"index":"index","follow":"follow","max-snippet":"max-snippet:-1","max-image-preview":"max-image-preview:large","max-video-preview":"max-video-preview:-1"},"canonical":"https:\/\/lospoliticosveracruz.com\/?p=90155","og_locale":"es_ES","og_type":"article","og_title":"Oso - Los pol\u00edticos Veracruz","og_description":"Guadalupe H. MarMira Pol\u00edtica COMO NEOLIBERALES\u2026 Con aquella frase conservadora y neoliberal \u00abusted disculpe\u00bb de parte el gobierno del estado de Veracruz, as\u00ed como de la Fiscal\u00eda General del estado, el joven estudiante del Instituto Tecnol\u00f3gico de Xalapa (ITX) Antonio de Jes\u00fas Hern\u00e1ndez Mart\u00ednez, recobr\u00f3 su libertad, luego de que los detectives de la FGE [&hellip;]","og_url":"https:\/\/lospoliticosveracruz.com\/?p=90155","og_site_name":"Los pol\u00edticos Veracruz","article_publisher":"https:\/\/www.facebook.com\/people\/Notimemes-de-los-Polticos\/61565672886568\/","article_published_time":"2022-05-20T06:23:00+00:00","og_image":[{"url":"https:\/\/lospoliticosveracruz.com.mx\/wp-content\/uploads\/2021\/10\/WhatsApp-Image-2021-10-02-at-15.20.25-724x1024.jpeg","type":"","width":"","height":""}],"author":"Lo viste en Los Pol\u00edticos","twitter_card":"summary_large_image","twitter_creator":"@LosPoliticosVer","twitter_site":"@LosPoliticosVer","twitter_misc":{"Escrito por":"Lo viste en Los Pol\u00edticos","Tiempo de lectura":"5 minutos"},"schema":{"@context":"https:\/\/schema.org","@graph":[{"@type":"Article","@id":"https:\/\/lospoliticosveracruz.com\/?p=90155#article","isPartOf":{"@id":"https:\/\/lospoliticosveracruz.com\/?p=90155"},"author":{"name":"Lo viste en Los Pol\u00edticos","@id":"https:\/\/lospoliticosveracruz.com\/#\/schema\/person\/b8702bb0e538456e6efd07080bf2a4a2"},"headline":"Oso","datePublished":"2022-05-20T06:23:00+00:00","mainEntityOfPage":{"@id":"https:\/\/lospoliticosveracruz.com\/?p=90155"},"wordCount":1075,"publisher":{"@id":"https:\/\/lospoliticosveracruz.com\/#organization"},"image":{"@id":"https:\/\/lospoliticosveracruz.com\/?p=90155#primaryimage"},"thumbnailUrl":"https:\/\/lospoliticosveracruz.com.mx\/wp-content\/uploads\/2021\/10\/WhatsApp-Image-2021-10-02-at-15.20.25-724x1024.jpeg","keywords":["Conase","Constellation Brands","Cuitl\u00e1huac Garc\u00eda Jim\u00e9nez","FGE","Guadalupe H. Mar","Morena","Ricardo Monreal \u00c1vila","Rosa Icela Rodr\u00edguez","San Google","Sheila Johana Garc\u00eda Olivera","Veracruz","Xalapa"],"articleSection":["De Opini\u00f3n"],"inLanguage":"es"},{"@type":"WebPage","@id":"https:\/\/lospoliticosveracruz.com\/?p=90155","url":"https:\/\/lospoliticosveracruz.com\/?p=90155","name":"Oso - Los pol\u00edticos Veracruz","isPartOf":{"@id":"https:\/\/lospoliticosveracruz.com\/#website"},"primaryImageOfPage":{"@id":"https:\/\/lospoliticosveracruz.com\/?p=90155#primaryimage"},"image":{"@id":"https:\/\/lospoliticosveracruz.com\/?p=90155#primaryimage"},"thumbnailUrl":"https:\/\/lospoliticosveracruz.com.mx\/wp-content\/uploads\/2021\/10\/WhatsApp-Image-2021-10-02-at-15.20.25-724x1024.jpeg","datePublished":"2022-05-20T06:23:00+00:00","breadcrumb":{"@id":"https:\/\/lospoliticosveracruz.com\/?p=90155#breadcrumb"},"inLanguage":"es","potentialAction":[{"@type":"ReadAction","target":["https:\/\/lospoliticosveracruz.com\/?p=90155"]}]},{"@type":"ImageObject","inLanguage":"es","@id":"https:\/\/lospoliticosveracruz.com\/?p=90155#primaryimage","url":"https:\/\/lospoliticosveracruz.com.mx\/wp-content\/uploads\/2021\/10\/WhatsApp-Image-2021-10-02-at-15.20.25-724x1024.jpeg","contentUrl":"https:\/\/lospoliticosveracruz.com.mx\/wp-content\/uploads\/2021\/10\/WhatsApp-Image-2021-10-02-at-15.20.25-724x1024.jpeg"},{"@type":"BreadcrumbList","@id":"https:\/\/lospoliticosveracruz.com\/?p=90155#breadcrumb","itemListElement":[{"@type":"ListItem","position":1,"name":"Portada","item":"https:\/\/lospoliticosveracruz.com\/"},{"@type":"ListItem","position":2,"name":"Oso"}]},{"@type":"WebSite","@id":"https:\/\/lospoliticosveracruz.com\/#website","url":"https:\/\/lospoliticosveracruz.com\/","name":"Los pol\u00edticos Veracruz","description":"","publisher":{"@id":"https:\/\/lospoliticosveracruz.com\/#organization"},"potentialAction":[{"@type":"SearchAction","target":{"@type":"EntryPoint","urlTemplate":"https:\/\/lospoliticosveracruz.com\/?s={search_term_string}"},"query-input":{"@type":"PropertyValueSpecification","valueRequired":true,"valueName":"search_term_string"}}],"inLanguage":"es"},{"@type":"Organization","@id":"https:\/\/lospoliticosveracruz.com\/#organization","name":"Los pol\u00edticos Veracruz","url":"https:\/\/lospoliticosveracruz.com\/","logo":{"@type":"ImageObject","inLanguage":"es","@id":"https:\/\/lospoliticosveracruz.com\/#\/schema\/logo\/image\/","url":"https:\/\/lospoliticosveracruz.com\/wp-content\/uploads\/2025\/12\/Logo-Nuevo-LOS-POLITICOS-1.jpg","contentUrl":"https:\/\/lospoliticosveracruz.com\/wp-content\/uploads\/2025\/12\/Logo-Nuevo-LOS-POLITICOS-1.jpg","width":260,"height":70,"caption":"Los pol\u00edticos Veracruz"},"image":{"@id":"https:\/\/lospoliticosveracruz.com\/#\/schema\/logo\/image\/"},"sameAs":["https:\/\/www.facebook.com\/people\/Notimemes-de-los-Polticos\/61565672886568\/","https:\/\/x.com\/LosPoliticosVer"]},{"@type":"Person","@id":"https:\/\/lospoliticosveracruz.com\/#\/schema\/person\/b8702bb0e538456e6efd07080bf2a4a2","name":"Lo viste en Los Pol\u00edticos","image":{"@type":"ImageObject","inLanguage":"es","@id":"https:\/\/secure.gravatar.com\/avatar\/3a8de04a2656d44082be478bd6c086daa447c4651605818287b9532d3d0bd435?s=96&d=mm&r=g","url":"https:\/\/secure.gravatar.com\/avatar\/3a8de04a2656d44082be478bd6c086daa447c4651605818287b9532d3d0bd435?s=96&d=mm&r=g","contentUrl":"https:\/\/secure.gravatar.com\/avatar\/3a8de04a2656d44082be478bd6c086daa447c4651605818287b9532d3d0bd435?s=96&d=mm&r=g","caption":"Lo viste en Los Pol\u00edticos"},"url":"https:\/\/lospoliticosveracruz.com\/?author=2"}]}},"_links":{"self":[{"href":"https:\/\/lospoliticosveracruz.com\/index.php?rest_route=\/wp\/v2\/posts\/90155","targetHints":{"allow":["GET"]}}],"collection":[{"href":"https:\/\/lospoliticosveracruz.com\/index.php?rest_route=\/wp\/v2\/posts"}],"about":[{"href":"https:\/\/lospoliticosveracruz.com\/index.php?rest_route=\/wp\/v2\/types\/post"}],"author":[{"embeddable":true,"href":"https:\/\/lospoliticosveracruz.com\/index.php?rest_route=\/wp\/v2\/users\/2"}],"replies":[{"embeddable":true,"href":"https:\/\/lospoliticosveracruz.com\/index.php?rest_route=%2Fwp%2Fv2%2Fcomments&post=90155"}],"version-history":[{"count":2,"href":"https:\/\/lospoliticosveracruz.com\/index.php?rest_route=\/wp\/v2\/posts\/90155\/revisions"}],"predecessor-version":[{"id":90157,"href":"https:\/\/lospoliticosveracruz.com\/index.php?rest_route=\/wp\/v2\/posts\/90155\/revisions\/90157"}],"wp:attachment":[{"href":"https:\/\/lospoliticosveracruz.com\/index.php?rest_route=%2Fwp%2Fv2%2Fmedia&parent=90155"}],"wp:term":[{"taxonomy":"category","embeddable":true,"href":"https:\/\/lospoliticosveracruz.com\/index.php?rest_route=%2Fwp%2Fv2%2Fcategories&post=90155"},{"taxonomy":"post_tag","embeddable":true,"href":"https:\/\/lospoliticosveracruz.com\/index.php?rest_route=%2Fwp%2Fv2%2Ftags&post=90155"}],"curies":[{"name":"wp","href":"https:\/\/api.w.org\/{rel}","templated":true}]}}