{"id":90160,"date":"2022-05-20T07:33:14","date_gmt":"2022-05-20T12:33:14","guid":{"rendered":"https:\/\/lospoliticosveracruz.com.mx\/?p=90160"},"modified":"2022-05-20T07:33:22","modified_gmt":"2022-05-20T12:33:22","slug":"tres-atracos-de-la-auto-mal-llamada-4t-jarocha","status":"publish","type":"post","link":"https:\/\/lospoliticosveracruz.com\/?p=90160","title":{"rendered":"Tres atracos de la auto mal llamada 4t jarocha"},"content":{"rendered":"\n<p><\/p>\n\n\n\n<p><strong>Felipe de Jes\u00fas Fern\u00e1ndez Basilio<\/strong><br><em>Desde A Janela<\/em><\/p>\n\n\n\n<p><\/p>\n\n\n\n<p>Es de todos sabido que en Veracruz (des)gobierna una de las m\u00e1s burdas versiones que existen de la muy malamente autonombrada \u201cCuarta Transformaci\u00f3n\u201d, la cual violando todo tipo de leyes se ha apropiado de pr\u00e1cticamente todo el estado, torciendo para cumplir con sus corruptelas todo lo que se encuentra a su paso.<br>En esta ocasi\u00f3n les voy a comentar tres atracos que han conmocionado a varios sectores de la poblaci\u00f3n veracruzana y que a la vez muestran el burdo e ilegal actuar de las autoridades estatales pertenecientes al partido-movimiento de L\u00f3pez Obrador.<br><strong><em>1.- Se roban el Acuario<\/em><\/strong>.<br>Como el subt\u00edtulo lo dice, el Acuario del Puerto de Veracruz literalmente fue robado por la administraci\u00f3n estatal y es que esa atracci\u00f3n tur\u00edstica se encontraba administrada por una asociaci\u00f3n civil, de esas que son tan odiadas por la 4t, misma que en coordinaci\u00f3n con un fideicomiso constituido para su mantenimiento, se encargaban del mantenimiento de instalaciones, de la preservaci\u00f3n de especies e incluso de la expansi\u00f3n el mismo centro acu\u00e1tico.<br>Bajo esa administraci\u00f3n, el Acuario de Veracruz lleg\u00f3 a ser el m\u00e1s grande de Am\u00e9rica Latina y muy posiblemente la principal atracci\u00f3n tur\u00edstica del Puerto de Veracruz.<br>Pero l\u00f3gicamente, tanto \u00e9xito atrae a toda clase de bandidos y si esos bandidos est\u00e1n empoderados, como en el caso acontece, el resultado es que abusando del poder utilizan el mismo m\u00e9todo que los morenistas jarochos han usado siempre que se quieren apropiar de un \u00f3rgano aut\u00f3nomo o de un fideicomiso, como ahora sucede, y ese m\u00e9todo consiste en que realizan una burda celada primero y luego se adue\u00f1an de su objetivo.<br>La celada consisti\u00f3 en que, sin elementos probatorios ni mucho menos un proceso legal de por medio, inventaron que se realizaban fiestas en las instalaciones violando la normativa y tambi\u00e9n que muri\u00f3 un manat\u00ed en condiciones misteriosas y que la administraci\u00f3n ocult\u00f3 los restos del animal sin informar a las autoridades; siendo esa la raz\u00f3n para clausurar la atracci\u00f3n tur\u00edstica.<br>Posteriormente el gobernador de estado emite un decreto para que la procuradur\u00eda del medio ambiente estatal se haga cargo del Acuario, con cambio de nombre incluido, y de repente como por arte de magia, desaparece la sanci\u00f3n y el Acuario vuelve a funcionar con normalidad, como si nada hubiese ocurrido.<br>Ahora vuelven a abrirlo al p\u00fablico ofreciendo toda clase de descuentos, pero sin decir a d\u00f3nde se va a ir todo el dinero que tiene en su haber el Acuario y c\u00f3mo lo van a administrar de aqu\u00ed en adelante; cabe se\u00f1alar que la manera en que ven\u00eda funcionando consiste en toda una serie de recursos privados nacionales e internacionales que se aportan bajo una rendici\u00f3n de cuentas muy estricta y que la verdad, dudo que el gobierno estatal pueda cumplir.<br>Por \u00faltimo, es necesario comentar que todo lo que funciona en cuanto a atracciones tur\u00edsticas y conservaci\u00f3n de determinado patrimonio, se debe a que el gobierno se encuentra alejado de su administraci\u00f3n y cuando la asume, todo es saqueado y queda en mal estado, lo vimos con el PRI (Quinta de la Rosas, Museo de Ciencia y Tecnolog\u00eda de Jalapa, entre otros) y lo veremos ahora con MRN en el acuario, ya que dudo que, en unos meses, se encuentre en las mismas condiciones en las que est\u00e1 ahora.<br><strong><em>2.- \u201cUsted disculpe\u201d<\/em><\/strong><br>Esta es la cl\u00e1sica frase que el Estado mexicano pronuncia cuando detiene injustamente a una persona, a quien libera solo pronunciando esa frase y sin ning\u00fan otro tipo de compensaci\u00f3n.<br>Pues les comento que uno de los \u00f3rganos aut\u00f3nomos que el gobierno del estado secuestr\u00f3, la fiscal\u00eda estatal, al precipitadamente querer resolver el muy justamente mediatizado asesinato de dos periodistas en el sureste de la entidad, inculp\u00f3 a una persona a qui\u00e9n detuvieron y muy probablemente torturaron para que se inculpase del crimen.<br>Dicha detenci\u00f3n produjo la inmediata felicitaci\u00f3n por parte del gobernador a qui\u00e9n espuriamente ocupa la oficina del fiscal general del estado; sin embargo, la familia del detenido inmediatamente se moviliz\u00f3 y logr\u00f3 demostrar p\u00fablica y legalmente que el sujeto incriminado se encontraba en un lugar muy lejano al en el que ocurrieron los hechos delictivos y consiguieron que un juez de control lo liberara.<br>Lo anterior hizo que la fiscal\u00eda literalmente se tragara el sapo de su incompetencia y emitiera un bolet\u00edn en el que, dizque reconoc\u00eda su error atribuy\u00e9ndole a un caso de homonimia, m\u00e1s esa versi\u00f3n genera algunas dudas debido al desenlace que tuvo este atraco a la vida personal de un joven estudiante, ya que fue llevado por la misma polic\u00eda ministerial al Palacio de Gobierno sin que el afectado pronunciase palabra alguna respecto de los hechos en los que fue v\u00edctima de la fiscal\u00eda, ni mucho menos hablara de una demanda civil por da\u00f1os y perjuicios en contra de la fiscal\u00eda.<br><strong><em>3.- La \u201causteridad\u201d del poder judicial.<\/em><\/strong><br>Un poder que verdaderamente se encuentra atracado por parte del gobierno del estado, lo es el judicial, el cual se encuentra reducido a su m\u00ednima expresi\u00f3n, desarrollando sus labores en condiciones cada vez m\u00e1s precarias, con instalaciones muy deterioradas e incluso en varios casos ni siquiera aptas para el trabajo y adem\u00e1s con menos personal, el cual tiene que trabajar m\u00e1s tiempo, debido al recorte presupuestal que se le impuso y a los malos manejos que su administradora realiza con la pasividad de la persona, que por medio de una doble ilegalidad ocupa la presidencia del tribunal, ya que es espuria en su origen al ser designada por un pleno sin facultades para hacerlo y ahora se mantiene en el cargo pese a que constitucionalmente ya debe de estar en situaci\u00f3n de retiro.<br>El poder judicial trabaja mal, la justicia a los gobernados es impartida con mucha lentitud, mientras los mandos literalmente se despachan con la cuchara m\u00e1s grande posible los recursos de la judicatura.<br>Imag\u00ednense como est\u00e1n las cosas al interior de ese poder, que hasta sus mismos trabajadores se manifestaron pidiendo la rendici\u00f3n de cuentas, ya que recursos debiera de haber, pero simplemente se los niegan aduciendo las pol\u00edticas de austeridad que tanto pregonan, pero sin justificar razonablemente los recortes implementados; ya que, en realidad, la judicatura veracruzana es otra v\u00edctima m\u00e1s de los atracos del gobierno estatal.<br>felfebas@gmail.com<br>Twitter: @FelipeFBasilio<\/p>\n","protected":false},"excerpt":{"rendered":"<p>Felipe de Jes\u00fas Fern\u00e1ndez BasilioDesde A Janela Es de todos sabido que en Veracruz (des)gobierna una de las m\u00e1s burdas versiones que existen de la muy malamente autonombrada \u201cCuarta Transformaci\u00f3n\u201d, la cual violando todo tipo de leyes se ha apropiado de pr\u00e1cticamente todo el estado, torciendo para cumplir con sus corruptelas todo lo que se [&hellip;]<\/p>\n","protected":false},"author":2,"featured_media":0,"comment_status":"closed","ping_status":"closed","sticky":false,"template":"","format":"standard","meta":{"tdm_status":"","tdm_grid_status":"","footnotes":""},"categories":[70],"tags":[1563,6870,4116,15620,1026,19497,195,15165],"class_list":{"0":"post-90160","1":"post","2":"type-post","3":"status-publish","4":"format-standard","6":"category-de-opinion","7":"tag-cuitlahuac-garcia-jimenez","8":"tag-fge","9":"tag-fiscalia-general-del-estado","10":"tag-isabel-ines-romero-cruz","11":"tag-morena","12":"tag-poder-judicial-del-estado-de-veracruz","13":"tag-veracruz","14":"tag-veronica-hernandez-giadans"},"yoast_head":"<!-- This site is optimized with the Yoast SEO plugin v27.4 - https:\/\/yoast.com\/product\/yoast-seo-wordpress\/ -->\n<title>Tres atracos de la auto mal llamada 4t jarocha - Los pol\u00edticos Veracruz<\/title>\n<meta name=\"robots\" content=\"index, follow, max-snippet:-1, max-image-preview:large, max-video-preview:-1\" \/>\n<link rel=\"canonical\" href=\"https:\/\/lospoliticosveracruz.com\/?p=90160\" \/>\n<meta property=\"og:locale\" content=\"es_ES\" \/>\n<meta property=\"og:type\" content=\"article\" \/>\n<meta property=\"og:title\" content=\"Tres atracos de la auto mal llamada 4t jarocha - Los pol\u00edticos Veracruz\" \/>\n<meta property=\"og:description\" content=\"Felipe de Jes\u00fas Fern\u00e1ndez BasilioDesde A Janela Es de todos sabido que en Veracruz (des)gobierna una de las m\u00e1s burdas versiones que existen de la muy malamente autonombrada \u201cCuarta Transformaci\u00f3n\u201d, la cual violando todo tipo de leyes se ha apropiado de pr\u00e1cticamente todo el estado, torciendo para cumplir con sus corruptelas todo lo que se [&hellip;]\" \/>\n<meta property=\"og:url\" content=\"https:\/\/lospoliticosveracruz.com\/?p=90160\" \/>\n<meta property=\"og:site_name\" content=\"Los pol\u00edticos Veracruz\" \/>\n<meta property=\"article:publisher\" content=\"https:\/\/www.facebook.com\/people\/Notimemes-de-los-Polticos\/61565672886568\/\" \/>\n<meta property=\"article:published_time\" content=\"2022-05-20T12:33:14+00:00\" \/>\n<meta property=\"article:modified_time\" content=\"2022-05-20T12:33:22+00:00\" \/>\n<meta property=\"og:image\" content=\"https:\/\/lospoliticosveracruz.com\/wp-content\/uploads\/2016\/07\/Logo-Dor.jpg\" \/>\n\t<meta property=\"og:image:width\" content=\"200\" \/>\n\t<meta property=\"og:image:height\" content=\"200\" \/>\n\t<meta property=\"og:image:type\" content=\"image\/jpeg\" \/>\n<meta name=\"author\" content=\"Lo viste en Los Pol\u00edticos\" \/>\n<meta name=\"twitter:card\" content=\"summary_large_image\" \/>\n<meta name=\"twitter:creator\" content=\"@LosPoliticosVer\" \/>\n<meta name=\"twitter:site\" content=\"@LosPoliticosVer\" \/>\n<meta name=\"twitter:label1\" content=\"Escrito por\" \/>\n\t<meta name=\"twitter:data1\" content=\"Lo viste en Los Pol\u00edticos\" \/>\n\t<meta name=\"twitter:label2\" content=\"Tiempo de lectura\" \/>\n\t<meta name=\"twitter:data2\" content=\"6 minutos\" \/>\n<script type=\"application\/ld+json\" class=\"yoast-schema-graph\">{\"@context\":\"https:\\\/\\\/schema.org\",\"@graph\":[{\"@type\":\"Article\",\"@id\":\"https:\\\/\\\/lospoliticosveracruz.com\\\/?p=90160#article\",\"isPartOf\":{\"@id\":\"https:\\\/\\\/lospoliticosveracruz.com\\\/?p=90160\"},\"author\":{\"name\":\"Lo viste en Los Pol\u00edticos\",\"@id\":\"https:\\\/\\\/lospoliticosveracruz.com\\\/#\\\/schema\\\/person\\\/b8702bb0e538456e6efd07080bf2a4a2\"},\"headline\":\"Tres atracos de la auto mal llamada 4t jarocha\",\"datePublished\":\"2022-05-20T12:33:14+00:00\",\"dateModified\":\"2022-05-20T12:33:22+00:00\",\"mainEntityOfPage\":{\"@id\":\"https:\\\/\\\/lospoliticosveracruz.com\\\/?p=90160\"},\"wordCount\":1135,\"publisher\":{\"@id\":\"https:\\\/\\\/lospoliticosveracruz.com\\\/#organization\"},\"keywords\":[\"Cuitl\u00e1huac Garc\u00eda Jim\u00e9nez\",\"FGE\",\"Fiscal\u00eda General del Estado\",\"Isabel In\u00e9s Romero Cruz\",\"Morena\",\"Poder Judicial del Estado de Veracruz\",\"Veracruz\",\"Ver\u00f3nica Hern\u00e1ndez Giad\u00e1ns\"],\"articleSection\":[\"De Opini\u00f3n\"],\"inLanguage\":\"es\"},{\"@type\":\"WebPage\",\"@id\":\"https:\\\/\\\/lospoliticosveracruz.com\\\/?p=90160\",\"url\":\"https:\\\/\\\/lospoliticosveracruz.com\\\/?p=90160\",\"name\":\"Tres atracos de la auto mal llamada 4t jarocha - Los pol\u00edticos Veracruz\",\"isPartOf\":{\"@id\":\"https:\\\/\\\/lospoliticosveracruz.com\\\/#website\"},\"datePublished\":\"2022-05-20T12:33:14+00:00\",\"dateModified\":\"2022-05-20T12:33:22+00:00\",\"breadcrumb\":{\"@id\":\"https:\\\/\\\/lospoliticosveracruz.com\\\/?p=90160#breadcrumb\"},\"inLanguage\":\"es\",\"potentialAction\":[{\"@type\":\"ReadAction\",\"target\":[\"https:\\\/\\\/lospoliticosveracruz.com\\\/?p=90160\"]}]},{\"@type\":\"BreadcrumbList\",\"@id\":\"https:\\\/\\\/lospoliticosveracruz.com\\\/?p=90160#breadcrumb\",\"itemListElement\":[{\"@type\":\"ListItem\",\"position\":1,\"name\":\"Portada\",\"item\":\"https:\\\/\\\/lospoliticosveracruz.com\\\/\"},{\"@type\":\"ListItem\",\"position\":2,\"name\":\"Tres atracos de la auto mal llamada 4t jarocha\"}]},{\"@type\":\"WebSite\",\"@id\":\"https:\\\/\\\/lospoliticosveracruz.com\\\/#website\",\"url\":\"https:\\\/\\\/lospoliticosveracruz.com\\\/\",\"name\":\"Los pol\u00edticos Veracruz\",\"description\":\"\",\"publisher\":{\"@id\":\"https:\\\/\\\/lospoliticosveracruz.com\\\/#organization\"},\"potentialAction\":[{\"@type\":\"SearchAction\",\"target\":{\"@type\":\"EntryPoint\",\"urlTemplate\":\"https:\\\/\\\/lospoliticosveracruz.com\\\/?s={search_term_string}\"},\"query-input\":{\"@type\":\"PropertyValueSpecification\",\"valueRequired\":true,\"valueName\":\"search_term_string\"}}],\"inLanguage\":\"es\"},{\"@type\":\"Organization\",\"@id\":\"https:\\\/\\\/lospoliticosveracruz.com\\\/#organization\",\"name\":\"Los pol\u00edticos Veracruz\",\"url\":\"https:\\\/\\\/lospoliticosveracruz.com\\\/\",\"logo\":{\"@type\":\"ImageObject\",\"inLanguage\":\"es\",\"@id\":\"https:\\\/\\\/lospoliticosveracruz.com\\\/#\\\/schema\\\/logo\\\/image\\\/\",\"url\":\"https:\\\/\\\/lospoliticosveracruz.com\\\/wp-content\\\/uploads\\\/2025\\\/12\\\/Logo-Nuevo-LOS-POLITICOS-1.jpg\",\"contentUrl\":\"https:\\\/\\\/lospoliticosveracruz.com\\\/wp-content\\\/uploads\\\/2025\\\/12\\\/Logo-Nuevo-LOS-POLITICOS-1.jpg\",\"width\":260,\"height\":70,\"caption\":\"Los pol\u00edticos Veracruz\"},\"image\":{\"@id\":\"https:\\\/\\\/lospoliticosveracruz.com\\\/#\\\/schema\\\/logo\\\/image\\\/\"},\"sameAs\":[\"https:\\\/\\\/www.facebook.com\\\/people\\\/Notimemes-de-los-Polticos\\\/61565672886568\\\/\",\"https:\\\/\\\/x.com\\\/LosPoliticosVer\"]},{\"@type\":\"Person\",\"@id\":\"https:\\\/\\\/lospoliticosveracruz.com\\\/#\\\/schema\\\/person\\\/b8702bb0e538456e6efd07080bf2a4a2\",\"name\":\"Lo viste en Los Pol\u00edticos\",\"image\":{\"@type\":\"ImageObject\",\"inLanguage\":\"es\",\"@id\":\"https:\\\/\\\/secure.gravatar.com\\\/avatar\\\/3a8de04a2656d44082be478bd6c086daa447c4651605818287b9532d3d0bd435?s=96&d=mm&r=g\",\"url\":\"https:\\\/\\\/secure.gravatar.com\\\/avatar\\\/3a8de04a2656d44082be478bd6c086daa447c4651605818287b9532d3d0bd435?s=96&d=mm&r=g\",\"contentUrl\":\"https:\\\/\\\/secure.gravatar.com\\\/avatar\\\/3a8de04a2656d44082be478bd6c086daa447c4651605818287b9532d3d0bd435?s=96&d=mm&r=g\",\"caption\":\"Lo viste en Los Pol\u00edticos\"},\"url\":\"https:\\\/\\\/lospoliticosveracruz.com\\\/?author=2\"}]}<\/script>\n<!-- \/ Yoast SEO plugin. -->","yoast_head_json":{"title":"Tres atracos de la auto mal llamada 4t jarocha - Los pol\u00edticos Veracruz","robots":{"index":"index","follow":"follow","max-snippet":"max-snippet:-1","max-image-preview":"max-image-preview:large","max-video-preview":"max-video-preview:-1"},"canonical":"https:\/\/lospoliticosveracruz.com\/?p=90160","og_locale":"es_ES","og_type":"article","og_title":"Tres atracos de la auto mal llamada 4t jarocha - Los pol\u00edticos Veracruz","og_description":"Felipe de Jes\u00fas Fern\u00e1ndez BasilioDesde A Janela Es de todos sabido que en Veracruz (des)gobierna una de las m\u00e1s burdas versiones que existen de la muy malamente autonombrada \u201cCuarta Transformaci\u00f3n\u201d, la cual violando todo tipo de leyes se ha apropiado de pr\u00e1cticamente todo el estado, torciendo para cumplir con sus corruptelas todo lo que se [&hellip;]","og_url":"https:\/\/lospoliticosveracruz.com\/?p=90160","og_site_name":"Los pol\u00edticos Veracruz","article_publisher":"https:\/\/www.facebook.com\/people\/Notimemes-de-los-Polticos\/61565672886568\/","article_published_time":"2022-05-20T12:33:14+00:00","article_modified_time":"2022-05-20T12:33:22+00:00","og_image":[{"width":200,"height":200,"url":"https:\/\/lospoliticosveracruz.com\/wp-content\/uploads\/2016\/07\/Logo-Dor.jpg","type":"image\/jpeg"}],"author":"Lo viste en Los Pol\u00edticos","twitter_card":"summary_large_image","twitter_creator":"@LosPoliticosVer","twitter_site":"@LosPoliticosVer","twitter_misc":{"Escrito por":"Lo viste en Los Pol\u00edticos","Tiempo de lectura":"6 minutos"},"schema":{"@context":"https:\/\/schema.org","@graph":[{"@type":"Article","@id":"https:\/\/lospoliticosveracruz.com\/?p=90160#article","isPartOf":{"@id":"https:\/\/lospoliticosveracruz.com\/?p=90160"},"author":{"name":"Lo viste en Los Pol\u00edticos","@id":"https:\/\/lospoliticosveracruz.com\/#\/schema\/person\/b8702bb0e538456e6efd07080bf2a4a2"},"headline":"Tres atracos de la auto mal llamada 4t jarocha","datePublished":"2022-05-20T12:33:14+00:00","dateModified":"2022-05-20T12:33:22+00:00","mainEntityOfPage":{"@id":"https:\/\/lospoliticosveracruz.com\/?p=90160"},"wordCount":1135,"publisher":{"@id":"https:\/\/lospoliticosveracruz.com\/#organization"},"keywords":["Cuitl\u00e1huac Garc\u00eda Jim\u00e9nez","FGE","Fiscal\u00eda General del Estado","Isabel In\u00e9s Romero Cruz","Morena","Poder Judicial del Estado de Veracruz","Veracruz","Ver\u00f3nica Hern\u00e1ndez Giad\u00e1ns"],"articleSection":["De Opini\u00f3n"],"inLanguage":"es"},{"@type":"WebPage","@id":"https:\/\/lospoliticosveracruz.com\/?p=90160","url":"https:\/\/lospoliticosveracruz.com\/?p=90160","name":"Tres atracos de la auto mal llamada 4t jarocha - Los pol\u00edticos Veracruz","isPartOf":{"@id":"https:\/\/lospoliticosveracruz.com\/#website"},"datePublished":"2022-05-20T12:33:14+00:00","dateModified":"2022-05-20T12:33:22+00:00","breadcrumb":{"@id":"https:\/\/lospoliticosveracruz.com\/?p=90160#breadcrumb"},"inLanguage":"es","potentialAction":[{"@type":"ReadAction","target":["https:\/\/lospoliticosveracruz.com\/?p=90160"]}]},{"@type":"BreadcrumbList","@id":"https:\/\/lospoliticosveracruz.com\/?p=90160#breadcrumb","itemListElement":[{"@type":"ListItem","position":1,"name":"Portada","item":"https:\/\/lospoliticosveracruz.com\/"},{"@type":"ListItem","position":2,"name":"Tres atracos de la auto mal llamada 4t jarocha"}]},{"@type":"WebSite","@id":"https:\/\/lospoliticosveracruz.com\/#website","url":"https:\/\/lospoliticosveracruz.com\/","name":"Los pol\u00edticos Veracruz","description":"","publisher":{"@id":"https:\/\/lospoliticosveracruz.com\/#organization"},"potentialAction":[{"@type":"SearchAction","target":{"@type":"EntryPoint","urlTemplate":"https:\/\/lospoliticosveracruz.com\/?s={search_term_string}"},"query-input":{"@type":"PropertyValueSpecification","valueRequired":true,"valueName":"search_term_string"}}],"inLanguage":"es"},{"@type":"Organization","@id":"https:\/\/lospoliticosveracruz.com\/#organization","name":"Los pol\u00edticos Veracruz","url":"https:\/\/lospoliticosveracruz.com\/","logo":{"@type":"ImageObject","inLanguage":"es","@id":"https:\/\/lospoliticosveracruz.com\/#\/schema\/logo\/image\/","url":"https:\/\/lospoliticosveracruz.com\/wp-content\/uploads\/2025\/12\/Logo-Nuevo-LOS-POLITICOS-1.jpg","contentUrl":"https:\/\/lospoliticosveracruz.com\/wp-content\/uploads\/2025\/12\/Logo-Nuevo-LOS-POLITICOS-1.jpg","width":260,"height":70,"caption":"Los pol\u00edticos Veracruz"},"image":{"@id":"https:\/\/lospoliticosveracruz.com\/#\/schema\/logo\/image\/"},"sameAs":["https:\/\/www.facebook.com\/people\/Notimemes-de-los-Polticos\/61565672886568\/","https:\/\/x.com\/LosPoliticosVer"]},{"@type":"Person","@id":"https:\/\/lospoliticosveracruz.com\/#\/schema\/person\/b8702bb0e538456e6efd07080bf2a4a2","name":"Lo viste en Los Pol\u00edticos","image":{"@type":"ImageObject","inLanguage":"es","@id":"https:\/\/secure.gravatar.com\/avatar\/3a8de04a2656d44082be478bd6c086daa447c4651605818287b9532d3d0bd435?s=96&d=mm&r=g","url":"https:\/\/secure.gravatar.com\/avatar\/3a8de04a2656d44082be478bd6c086daa447c4651605818287b9532d3d0bd435?s=96&d=mm&r=g","contentUrl":"https:\/\/secure.gravatar.com\/avatar\/3a8de04a2656d44082be478bd6c086daa447c4651605818287b9532d3d0bd435?s=96&d=mm&r=g","caption":"Lo viste en Los Pol\u00edticos"},"url":"https:\/\/lospoliticosveracruz.com\/?author=2"}]}},"_links":{"self":[{"href":"https:\/\/lospoliticosveracruz.com\/index.php?rest_route=\/wp\/v2\/posts\/90160","targetHints":{"allow":["GET"]}}],"collection":[{"href":"https:\/\/lospoliticosveracruz.com\/index.php?rest_route=\/wp\/v2\/posts"}],"about":[{"href":"https:\/\/lospoliticosveracruz.com\/index.php?rest_route=\/wp\/v2\/types\/post"}],"author":[{"embeddable":true,"href":"https:\/\/lospoliticosveracruz.com\/index.php?rest_route=\/wp\/v2\/users\/2"}],"replies":[{"embeddable":true,"href":"https:\/\/lospoliticosveracruz.com\/index.php?rest_route=%2Fwp%2Fv2%2Fcomments&post=90160"}],"version-history":[{"count":1,"href":"https:\/\/lospoliticosveracruz.com\/index.php?rest_route=\/wp\/v2\/posts\/90160\/revisions"}],"predecessor-version":[{"id":90162,"href":"https:\/\/lospoliticosveracruz.com\/index.php?rest_route=\/wp\/v2\/posts\/90160\/revisions\/90162"}],"wp:attachment":[{"href":"https:\/\/lospoliticosveracruz.com\/index.php?rest_route=%2Fwp%2Fv2%2Fmedia&parent=90160"}],"wp:term":[{"taxonomy":"category","embeddable":true,"href":"https:\/\/lospoliticosveracruz.com\/index.php?rest_route=%2Fwp%2Fv2%2Fcategories&post=90160"},{"taxonomy":"post_tag","embeddable":true,"href":"https:\/\/lospoliticosveracruz.com\/index.php?rest_route=%2Fwp%2Fv2%2Ftags&post=90160"}],"curies":[{"name":"wp","href":"https:\/\/api.w.org\/{rel}","templated":true}]}}