{"id":90178,"date":"2022-05-20T11:34:34","date_gmt":"2022-05-20T16:34:34","guid":{"rendered":"https:\/\/lospoliticosveracruz.com.mx\/?p=90178"},"modified":"2022-05-20T11:34:41","modified_gmt":"2022-05-20T16:34:41","slug":"cae-el-amigo-y-correligionario","status":"publish","type":"post","link":"https:\/\/lospoliticosveracruz.com\/?p=90178","title":{"rendered":"Cae el amigo y correligionario"},"content":{"rendered":"\n<p><\/p>\n\n\n\n<p><br><strong>Ignacio Alvarez<\/strong><br><em>Pluma Negra<\/em><\/p>\n\n\n\n<p>Larga es la lista de irregularidades y abusos cometidos por el pesado, ex titular de la Secretar\u00eda de Salud del gobierno de Veracruz, Roberto Ramos Alor, pero sin duda alguna, la que m\u00e1s pes\u00f3 fue la de acoso sexual de algunos funcionarios que no fueron sancionados como lo establece la ley. Si se aplica la ley, deber\u00edan caer otros secretarios y varios funcionarios de distintos niveles que han sido denunciados de manera formal.<\/p>\n\n\n\n<p>El propio gobernador acept\u00f3 la renuncia de su amigo y correligionario partidista, quien ya era insostenible por la constancia de sus irregularidades; otra de las graves fue la inexplicable suspensi\u00f3n de medicamentos a ni\u00f1os con c\u00e1ncer, a pesar de que las bodegas est\u00e1n al tope, mientras los padres protestaban.<\/p>\n\n\n\n<p>Y es que apenas hace unos d\u00edas, la subdirectora de Planeaci\u00f3n de Suministro de Medicamentos y Material de Curaci\u00f3n del instituto, Sandra Paola Arellano Cruz confirm\u00f3 que en una visita de supervisi\u00f3n al almac\u00e9n central de abasto en Xalapa y al Hospital de Alta Especialidad de Veracruz, realizada el pasado mi\u00e9rcoles 4 de mayo, se detect\u00f3 que el almac\u00e9n central se encuentra rebasado en su capacidad y tiene gran volumen de medicamentos oncol\u00f3gicos y de alto costo.<\/p>\n\n\n\n<p>Ramos Alor deb\u00eda irse hace mucho tiempo del cargo, nunca tuvo el tama\u00f1o y la capacidad para ocupar un espacio que exige algo m\u00e1s, que ser amigo y correligionario del gobernador.<\/p>\n\n\n\n<p><strong>Expo Ganadera Cotaxtla<\/strong><\/p>\n\n\n\n<p>Despu\u00e9s de mas de dos a\u00f1os de pandemia del COVID y tras la suspensi\u00f3n de Ganadera de Ylang Ylang de Boca del R\u00edo, este viernes inicia la Expo Ganadera de Cotaxtla en su primera edici\u00f3n y que se realiza dentro de las Fiestas de Cotax-tl\u00e1n que organiza el alcalde, Jos\u00e9 Saturnino Beltr\u00e1n V\u00e1squez.<\/p>\n\n\n\n<p>El evento, se convierte en primera exposici\u00f3n de ganado, comercial, tianguis agropecuario, espect\u00e1culos de jaripeo y cabalgata a cargo de la Asociaci\u00f3n Ganadera Local que dirige Jacobo Mu\u00f1iz Renteral pero que cuenta con el apoyo de la Uni\u00f3n Nacional Ganadera a trav\u00e9s de la Uni\u00f3n Regional Ganadera Zona Centro que preside Ren\u00e9 Loyo Garc\u00eda.<\/p>\n\n\n\n<p>La Expo Ganadera que se inaugura este viernes en la ribera del R\u00edo Cotaxtla, en la cabecera municipal, contar\u00e1 con ejemplares de ganado Criollo Tropical y Romosinuano, do Brasil, Guzerat, Brahm\u00e1n, Gyr, Sardo Negro , Brangus, Zuisbull y Suizo de los hatos ganaderos de la regi\u00f3n centro del estado de Veracruz, adem\u00e1s de ganado bovino.<\/p>\n\n\n\n<p>El dirigente ganadero asegur\u00f3 que la iniciativa del Presidente Municipal, Jos\u00e9 Saturnino Beltr\u00e1n V\u00e1squez se cristaliz\u00f3 el proyecto de la Fiesta de Cotax tl\u00e1n que incluye, la Feria Gastron\u00f3mica, Coronaci\u00f3n de la Reina Paola I, la Gran Carrera 6.5 K, partido de f\u00fatbol entre el equipo Leyenda del Tibur\u00f3n con ex jugadores de Los Tiburones Rojos de Veracruz y un equipo local, beisbol de ella Liga veracruzana de Beisbol con el encuentro de Arrieros de Acayucan contra Los Alacranes de Cotaxtla; adem\u00e1s de una serie de eventos art\u00edsticos, culturales y bailes con grupos de reconocido prestigio en M\u00e9xico.<\/p>\n\n\n\n<p><strong>Quejas en Migraci\u00f3n<\/strong><\/p>\n\n\n\n<p>Esta vez no son los migrantes que por su condici\u00f3n propia de indocumentados, poco se quejan de los abusos de autoridades o cualquier otro mexicano; Ahora son los extranjeros residentes y de paso por la entidad quienes denuncian malos tratos que reciben de parte del personal del Instituto Nacional de Migraci\u00f3n (INM) de la Ciudad de Veracruz, a donde acuden para diversos tr\u00e1mites de migraci\u00f3n.<\/p>\n\n\n\n<p>la titular de la Unidad de Tr\u00e1mites Migratorios de la Delegaci\u00f3n en Veracruz del INM, la Oficial Roc\u00edo Ar\u00e9valo se ha extralimitado en sus atribuciones haci\u00e9ndoles esperar a puerta cerrada fuera de las oficinas y bajo los candentes rayos del sol, a pesar de llevar cita programada.<\/p>\n\n\n\n<p>Los extranjeros denuncias actitudes de prepotencia y extra limitadas en las funciones que intimidan con cuestionamientos fuera de los tr\u00e1mites que acuden a realizar, con la presunta intenci\u00f3n de generar condiciones para la corrupci\u00f3n.<\/p>\n","protected":false},"excerpt":{"rendered":"<p>Ignacio AlvarezPluma Negra Larga es la lista de irregularidades y abusos cometidos por el pesado, ex titular de la Secretar\u00eda de Salud del gobierno de Veracruz, Roberto Ramos Alor, pero sin duda alguna, la que m\u00e1s pes\u00f3 fue la de acoso sexual de algunos funcionarios que no fueron sancionados como lo establece la ley. Si [&hellip;]<\/p>\n","protected":false},"author":2,"featured_media":0,"comment_status":"closed","ping_status":"closed","sticky":false,"template":"","format":"standard","meta":{"tdm_status":"","tdm_grid_status":"","footnotes":""},"categories":[70],"tags":[33385,32209,22117,1026,12606,33384,195],"class_list":{"0":"post-90178","1":"post","2":"type-post","3":"status-publish","4":"format-standard","6":"category-de-opinion","7":"tag-ganadera-de-ylang-ylang","8":"tag-jose-saturnino-beltran-vasquez","9":"tag-medicamentos-oncologicos","10":"tag-morena","11":"tag-roberto-ramos-alor","12":"tag-sandra-paola-arellano-cruz","13":"tag-veracruz"},"yoast_head":"<!-- This site is optimized with the Yoast SEO plugin v27.4 - https:\/\/yoast.com\/product\/yoast-seo-wordpress\/ -->\n<title>Cae el amigo y correligionario - Los pol\u00edticos Veracruz<\/title>\n<meta name=\"robots\" content=\"index, follow, max-snippet:-1, max-image-preview:large, max-video-preview:-1\" \/>\n<link rel=\"canonical\" href=\"https:\/\/lospoliticosveracruz.com\/?p=90178\" \/>\n<meta property=\"og:locale\" content=\"es_ES\" \/>\n<meta property=\"og:type\" content=\"article\" \/>\n<meta property=\"og:title\" content=\"Cae el amigo y correligionario - Los pol\u00edticos Veracruz\" \/>\n<meta property=\"og:description\" content=\"Ignacio AlvarezPluma Negra Larga es la lista de irregularidades y abusos cometidos por el pesado, ex titular de la Secretar\u00eda de Salud del gobierno de Veracruz, Roberto Ramos Alor, pero sin duda alguna, la que m\u00e1s pes\u00f3 fue la de acoso sexual de algunos funcionarios que no fueron sancionados como lo establece la ley. Si [&hellip;]\" \/>\n<meta property=\"og:url\" content=\"https:\/\/lospoliticosveracruz.com\/?p=90178\" \/>\n<meta property=\"og:site_name\" content=\"Los pol\u00edticos Veracruz\" \/>\n<meta property=\"article:publisher\" content=\"https:\/\/www.facebook.com\/people\/Notimemes-de-los-Polticos\/61565672886568\/\" \/>\n<meta property=\"article:published_time\" content=\"2022-05-20T16:34:34+00:00\" \/>\n<meta property=\"article:modified_time\" content=\"2022-05-20T16:34:41+00:00\" \/>\n<meta property=\"og:image\" content=\"https:\/\/lospoliticosveracruz.com\/wp-content\/uploads\/2016\/07\/Logo-Dor.jpg\" \/>\n\t<meta property=\"og:image:width\" content=\"200\" \/>\n\t<meta property=\"og:image:height\" content=\"200\" \/>\n\t<meta property=\"og:image:type\" content=\"image\/jpeg\" \/>\n<meta name=\"author\" content=\"Lo viste en Los Pol\u00edticos\" \/>\n<meta name=\"twitter:card\" content=\"summary_large_image\" \/>\n<meta name=\"twitter:creator\" content=\"@LosPoliticosVer\" \/>\n<meta name=\"twitter:site\" content=\"@LosPoliticosVer\" \/>\n<meta name=\"twitter:label1\" content=\"Escrito por\" \/>\n\t<meta name=\"twitter:data1\" content=\"Lo viste en Los Pol\u00edticos\" \/>\n\t<meta name=\"twitter:label2\" content=\"Tiempo de lectura\" \/>\n\t<meta name=\"twitter:data2\" content=\"4 minutos\" \/>\n<script type=\"application\/ld+json\" class=\"yoast-schema-graph\">{\"@context\":\"https:\\\/\\\/schema.org\",\"@graph\":[{\"@type\":\"Article\",\"@id\":\"https:\\\/\\\/lospoliticosveracruz.com\\\/?p=90178#article\",\"isPartOf\":{\"@id\":\"https:\\\/\\\/lospoliticosveracruz.com\\\/?p=90178\"},\"author\":{\"name\":\"Lo viste en Los Pol\u00edticos\",\"@id\":\"https:\\\/\\\/lospoliticosveracruz.com\\\/#\\\/schema\\\/person\\\/b8702bb0e538456e6efd07080bf2a4a2\"},\"headline\":\"Cae el amigo y correligionario\",\"datePublished\":\"2022-05-20T16:34:34+00:00\",\"dateModified\":\"2022-05-20T16:34:41+00:00\",\"mainEntityOfPage\":{\"@id\":\"https:\\\/\\\/lospoliticosveracruz.com\\\/?p=90178\"},\"wordCount\":709,\"publisher\":{\"@id\":\"https:\\\/\\\/lospoliticosveracruz.com\\\/#organization\"},\"keywords\":[\"Ganadera de Ylang Ylang\",\"Jos\u00e9 Saturnino Beltr\u00e1n V\u00e1squez\",\"Medicamentos oncol\u00f3gicos.\",\"Morena\",\"Roberto Ramos Alor\",\"Sandra Paola Arellano Cruz\",\"Veracruz\"],\"articleSection\":[\"De Opini\u00f3n\"],\"inLanguage\":\"es\"},{\"@type\":\"WebPage\",\"@id\":\"https:\\\/\\\/lospoliticosveracruz.com\\\/?p=90178\",\"url\":\"https:\\\/\\\/lospoliticosveracruz.com\\\/?p=90178\",\"name\":\"Cae el amigo y correligionario - Los pol\u00edticos Veracruz\",\"isPartOf\":{\"@id\":\"https:\\\/\\\/lospoliticosveracruz.com\\\/#website\"},\"datePublished\":\"2022-05-20T16:34:34+00:00\",\"dateModified\":\"2022-05-20T16:34:41+00:00\",\"breadcrumb\":{\"@id\":\"https:\\\/\\\/lospoliticosveracruz.com\\\/?p=90178#breadcrumb\"},\"inLanguage\":\"es\",\"potentialAction\":[{\"@type\":\"ReadAction\",\"target\":[\"https:\\\/\\\/lospoliticosveracruz.com\\\/?p=90178\"]}]},{\"@type\":\"BreadcrumbList\",\"@id\":\"https:\\\/\\\/lospoliticosveracruz.com\\\/?p=90178#breadcrumb\",\"itemListElement\":[{\"@type\":\"ListItem\",\"position\":1,\"name\":\"Portada\",\"item\":\"https:\\\/\\\/lospoliticosveracruz.com\\\/\"},{\"@type\":\"ListItem\",\"position\":2,\"name\":\"Cae el amigo y correligionario\"}]},{\"@type\":\"WebSite\",\"@id\":\"https:\\\/\\\/lospoliticosveracruz.com\\\/#website\",\"url\":\"https:\\\/\\\/lospoliticosveracruz.com\\\/\",\"name\":\"Los pol\u00edticos Veracruz\",\"description\":\"\",\"publisher\":{\"@id\":\"https:\\\/\\\/lospoliticosveracruz.com\\\/#organization\"},\"potentialAction\":[{\"@type\":\"SearchAction\",\"target\":{\"@type\":\"EntryPoint\",\"urlTemplate\":\"https:\\\/\\\/lospoliticosveracruz.com\\\/?s={search_term_string}\"},\"query-input\":{\"@type\":\"PropertyValueSpecification\",\"valueRequired\":true,\"valueName\":\"search_term_string\"}}],\"inLanguage\":\"es\"},{\"@type\":\"Organization\",\"@id\":\"https:\\\/\\\/lospoliticosveracruz.com\\\/#organization\",\"name\":\"Los pol\u00edticos Veracruz\",\"url\":\"https:\\\/\\\/lospoliticosveracruz.com\\\/\",\"logo\":{\"@type\":\"ImageObject\",\"inLanguage\":\"es\",\"@id\":\"https:\\\/\\\/lospoliticosveracruz.com\\\/#\\\/schema\\\/logo\\\/image\\\/\",\"url\":\"https:\\\/\\\/lospoliticosveracruz.com\\\/wp-content\\\/uploads\\\/2025\\\/12\\\/Logo-Nuevo-LOS-POLITICOS-1.jpg\",\"contentUrl\":\"https:\\\/\\\/lospoliticosveracruz.com\\\/wp-content\\\/uploads\\\/2025\\\/12\\\/Logo-Nuevo-LOS-POLITICOS-1.jpg\",\"width\":260,\"height\":70,\"caption\":\"Los pol\u00edticos Veracruz\"},\"image\":{\"@id\":\"https:\\\/\\\/lospoliticosveracruz.com\\\/#\\\/schema\\\/logo\\\/image\\\/\"},\"sameAs\":[\"https:\\\/\\\/www.facebook.com\\\/people\\\/Notimemes-de-los-Polticos\\\/61565672886568\\\/\",\"https:\\\/\\\/x.com\\\/LosPoliticosVer\"]},{\"@type\":\"Person\",\"@id\":\"https:\\\/\\\/lospoliticosveracruz.com\\\/#\\\/schema\\\/person\\\/b8702bb0e538456e6efd07080bf2a4a2\",\"name\":\"Lo viste en Los Pol\u00edticos\",\"image\":{\"@type\":\"ImageObject\",\"inLanguage\":\"es\",\"@id\":\"https:\\\/\\\/secure.gravatar.com\\\/avatar\\\/3a8de04a2656d44082be478bd6c086daa447c4651605818287b9532d3d0bd435?s=96&d=mm&r=g\",\"url\":\"https:\\\/\\\/secure.gravatar.com\\\/avatar\\\/3a8de04a2656d44082be478bd6c086daa447c4651605818287b9532d3d0bd435?s=96&d=mm&r=g\",\"contentUrl\":\"https:\\\/\\\/secure.gravatar.com\\\/avatar\\\/3a8de04a2656d44082be478bd6c086daa447c4651605818287b9532d3d0bd435?s=96&d=mm&r=g\",\"caption\":\"Lo viste en Los Pol\u00edticos\"},\"url\":\"https:\\\/\\\/lospoliticosveracruz.com\\\/?author=2\"}]}<\/script>\n<!-- \/ Yoast SEO plugin. -->","yoast_head_json":{"title":"Cae el amigo y correligionario - Los pol\u00edticos Veracruz","robots":{"index":"index","follow":"follow","max-snippet":"max-snippet:-1","max-image-preview":"max-image-preview:large","max-video-preview":"max-video-preview:-1"},"canonical":"https:\/\/lospoliticosveracruz.com\/?p=90178","og_locale":"es_ES","og_type":"article","og_title":"Cae el amigo y correligionario - Los pol\u00edticos Veracruz","og_description":"Ignacio AlvarezPluma Negra Larga es la lista de irregularidades y abusos cometidos por el pesado, ex titular de la Secretar\u00eda de Salud del gobierno de Veracruz, Roberto Ramos Alor, pero sin duda alguna, la que m\u00e1s pes\u00f3 fue la de acoso sexual de algunos funcionarios que no fueron sancionados como lo establece la ley. Si [&hellip;]","og_url":"https:\/\/lospoliticosveracruz.com\/?p=90178","og_site_name":"Los pol\u00edticos Veracruz","article_publisher":"https:\/\/www.facebook.com\/people\/Notimemes-de-los-Polticos\/61565672886568\/","article_published_time":"2022-05-20T16:34:34+00:00","article_modified_time":"2022-05-20T16:34:41+00:00","og_image":[{"width":200,"height":200,"url":"https:\/\/lospoliticosveracruz.com\/wp-content\/uploads\/2016\/07\/Logo-Dor.jpg","type":"image\/jpeg"}],"author":"Lo viste en Los Pol\u00edticos","twitter_card":"summary_large_image","twitter_creator":"@LosPoliticosVer","twitter_site":"@LosPoliticosVer","twitter_misc":{"Escrito por":"Lo viste en Los Pol\u00edticos","Tiempo de lectura":"4 minutos"},"schema":{"@context":"https:\/\/schema.org","@graph":[{"@type":"Article","@id":"https:\/\/lospoliticosveracruz.com\/?p=90178#article","isPartOf":{"@id":"https:\/\/lospoliticosveracruz.com\/?p=90178"},"author":{"name":"Lo viste en Los Pol\u00edticos","@id":"https:\/\/lospoliticosveracruz.com\/#\/schema\/person\/b8702bb0e538456e6efd07080bf2a4a2"},"headline":"Cae el amigo y correligionario","datePublished":"2022-05-20T16:34:34+00:00","dateModified":"2022-05-20T16:34:41+00:00","mainEntityOfPage":{"@id":"https:\/\/lospoliticosveracruz.com\/?p=90178"},"wordCount":709,"publisher":{"@id":"https:\/\/lospoliticosveracruz.com\/#organization"},"keywords":["Ganadera de Ylang Ylang","Jos\u00e9 Saturnino Beltr\u00e1n V\u00e1squez","Medicamentos oncol\u00f3gicos.","Morena","Roberto Ramos Alor","Sandra Paola Arellano Cruz","Veracruz"],"articleSection":["De Opini\u00f3n"],"inLanguage":"es"},{"@type":"WebPage","@id":"https:\/\/lospoliticosveracruz.com\/?p=90178","url":"https:\/\/lospoliticosveracruz.com\/?p=90178","name":"Cae el amigo y correligionario - Los pol\u00edticos Veracruz","isPartOf":{"@id":"https:\/\/lospoliticosveracruz.com\/#website"},"datePublished":"2022-05-20T16:34:34+00:00","dateModified":"2022-05-20T16:34:41+00:00","breadcrumb":{"@id":"https:\/\/lospoliticosveracruz.com\/?p=90178#breadcrumb"},"inLanguage":"es","potentialAction":[{"@type":"ReadAction","target":["https:\/\/lospoliticosveracruz.com\/?p=90178"]}]},{"@type":"BreadcrumbList","@id":"https:\/\/lospoliticosveracruz.com\/?p=90178#breadcrumb","itemListElement":[{"@type":"ListItem","position":1,"name":"Portada","item":"https:\/\/lospoliticosveracruz.com\/"},{"@type":"ListItem","position":2,"name":"Cae el amigo y correligionario"}]},{"@type":"WebSite","@id":"https:\/\/lospoliticosveracruz.com\/#website","url":"https:\/\/lospoliticosveracruz.com\/","name":"Los pol\u00edticos Veracruz","description":"","publisher":{"@id":"https:\/\/lospoliticosveracruz.com\/#organization"},"potentialAction":[{"@type":"SearchAction","target":{"@type":"EntryPoint","urlTemplate":"https:\/\/lospoliticosveracruz.com\/?s={search_term_string}"},"query-input":{"@type":"PropertyValueSpecification","valueRequired":true,"valueName":"search_term_string"}}],"inLanguage":"es"},{"@type":"Organization","@id":"https:\/\/lospoliticosveracruz.com\/#organization","name":"Los pol\u00edticos Veracruz","url":"https:\/\/lospoliticosveracruz.com\/","logo":{"@type":"ImageObject","inLanguage":"es","@id":"https:\/\/lospoliticosveracruz.com\/#\/schema\/logo\/image\/","url":"https:\/\/lospoliticosveracruz.com\/wp-content\/uploads\/2025\/12\/Logo-Nuevo-LOS-POLITICOS-1.jpg","contentUrl":"https:\/\/lospoliticosveracruz.com\/wp-content\/uploads\/2025\/12\/Logo-Nuevo-LOS-POLITICOS-1.jpg","width":260,"height":70,"caption":"Los pol\u00edticos Veracruz"},"image":{"@id":"https:\/\/lospoliticosveracruz.com\/#\/schema\/logo\/image\/"},"sameAs":["https:\/\/www.facebook.com\/people\/Notimemes-de-los-Polticos\/61565672886568\/","https:\/\/x.com\/LosPoliticosVer"]},{"@type":"Person","@id":"https:\/\/lospoliticosveracruz.com\/#\/schema\/person\/b8702bb0e538456e6efd07080bf2a4a2","name":"Lo viste en Los Pol\u00edticos","image":{"@type":"ImageObject","inLanguage":"es","@id":"https:\/\/secure.gravatar.com\/avatar\/3a8de04a2656d44082be478bd6c086daa447c4651605818287b9532d3d0bd435?s=96&d=mm&r=g","url":"https:\/\/secure.gravatar.com\/avatar\/3a8de04a2656d44082be478bd6c086daa447c4651605818287b9532d3d0bd435?s=96&d=mm&r=g","contentUrl":"https:\/\/secure.gravatar.com\/avatar\/3a8de04a2656d44082be478bd6c086daa447c4651605818287b9532d3d0bd435?s=96&d=mm&r=g","caption":"Lo viste en Los Pol\u00edticos"},"url":"https:\/\/lospoliticosveracruz.com\/?author=2"}]}},"_links":{"self":[{"href":"https:\/\/lospoliticosveracruz.com\/index.php?rest_route=\/wp\/v2\/posts\/90178","targetHints":{"allow":["GET"]}}],"collection":[{"href":"https:\/\/lospoliticosveracruz.com\/index.php?rest_route=\/wp\/v2\/posts"}],"about":[{"href":"https:\/\/lospoliticosveracruz.com\/index.php?rest_route=\/wp\/v2\/types\/post"}],"author":[{"embeddable":true,"href":"https:\/\/lospoliticosveracruz.com\/index.php?rest_route=\/wp\/v2\/users\/2"}],"replies":[{"embeddable":true,"href":"https:\/\/lospoliticosveracruz.com\/index.php?rest_route=%2Fwp%2Fv2%2Fcomments&post=90178"}],"version-history":[{"count":1,"href":"https:\/\/lospoliticosveracruz.com\/index.php?rest_route=\/wp\/v2\/posts\/90178\/revisions"}],"predecessor-version":[{"id":90179,"href":"https:\/\/lospoliticosveracruz.com\/index.php?rest_route=\/wp\/v2\/posts\/90178\/revisions\/90179"}],"wp:attachment":[{"href":"https:\/\/lospoliticosveracruz.com\/index.php?rest_route=%2Fwp%2Fv2%2Fmedia&parent=90178"}],"wp:term":[{"taxonomy":"category","embeddable":true,"href":"https:\/\/lospoliticosveracruz.com\/index.php?rest_route=%2Fwp%2Fv2%2Fcategories&post=90178"},{"taxonomy":"post_tag","embeddable":true,"href":"https:\/\/lospoliticosveracruz.com\/index.php?rest_route=%2Fwp%2Fv2%2Ftags&post=90178"}],"curies":[{"name":"wp","href":"https:\/\/api.w.org\/{rel}","templated":true}]}}