{"id":90254,"date":"2022-05-23T08:33:42","date_gmt":"2022-05-23T13:33:42","guid":{"rendered":"https:\/\/lospoliticosveracruz.com.mx\/?p=90254"},"modified":"2022-05-23T08:33:48","modified_gmt":"2022-05-23T13:33:48","slug":"hacen-de-alamo-talamo","status":"publish","type":"post","link":"https:\/\/lospoliticosveracruz.com\/?p=90254","title":{"rendered":"Hacen de \u00c1lamo, T\u00e1lamo!"},"content":{"rendered":"\n<p><\/p>\n\n\n\n<p><strong>Santiago Mart\u00ednez Garc\u00eda<br><\/strong><em>\u00c1lamo<\/em><br>Y, sigue la mata dando\u2026 En \u00c1lamo, no hay para cuando, la alcaldesa cada d\u00eda est\u00e1 m\u00e1s \u00abtrepada\u00bb en el ladrillo, es lo que dicen sus \u00abgobernados\u00bb, a los que trata con desd\u00e9n e indiferencia, al grado que hombres y mujeres, que eran sus compa\u00f1eros de escuela y de juegos, dicen desconocerla totalmente, que \u00abya no es la misma Lilia\u2026hoy es otra persona, muy altiva, orgullosas, muy soberbia\u00bb.<br>Hoy, comentaremos lo que escuchamos entre algunos taxistas\u2026 \u00absimplemente, no nos cumpli\u00f3\u00bb. Se refieren a que en campa\u00f1a se comprometi\u00f3 con los representantes del gremio a darles la Direcci\u00f3n de Tr\u00e1nsito Municipal y, al final de cuentas, trajo a un personaje de origen tuxpe\u00f1o.<br>La cosa no para ah\u00ed. El problema de seguridad p\u00fablica se ha incrementado y lo preocupante de esto es que nombr\u00f3 a una mujer, originaria de Matamoros Tamaulipas y que, antes de ocupar este puesto, es lo que se sabe, en el lugar en donde resid\u00eda, se desempe\u00f1aba como estilista.<br>Uyyyyyyy, nanita, en manos de quien confi\u00f3 la seguridad de sus paisanos\u2026 Por ello, los \u00abalamo temapachences\u00bb, como ella se refiere a quienes somos sus paisanos, saben -sabemos- que no contamos con la jefa del gobierno municipal.<br>Es conocido que constantemente anda de viaje, o, al menos eso informan en sus oficinas y su ausencia ha originado un ambiente raro, dif\u00edcil, hasta hostil, podr\u00eda decir, entre los Ediles.<br>En fechas recientes, oficializ\u00f3 el arranque de obras municipales y program\u00f3 varios actos para dar el cl\u00e1sico \u00abbanderazo\u00bb en algunas comunidades y colonias, hasta que en un ejido le preguntaron por qu\u00e9 en la lona que anunciaba la obra, no dec\u00eda el monto de la inversi\u00f3n o el costo de la misma.<br>Despu\u00e9s de ese evento, pareciera que el echaron un balde de agua fr\u00eda, pues se suspendieron los \u00abbanderazos\u00bb, hasta nuevo aviso\u2026 As\u00ed las cosas en nuestro municipio.<br>Lo \u00faltimo, dicen que al presidente del DIF municipal, le ha ido quitando funciones y le ha retirado apoyos y recursos para poder operar, al grado que ya lo dej\u00f3 sin camioneta y sin facultades para para el bien ejercer su cargo, lo que se ha vuelto la \u00abcomidilla\u00bb del d\u00eda a d\u00eda, por algo dicen que \u00abpueblo chico, infierno grande\u00bb.<br>As\u00ed las cosas en propia casa.<\/p>\n","protected":false},"excerpt":{"rendered":"<p>Santiago Mart\u00ednez Garc\u00eda\u00c1lamoY, sigue la mata dando\u2026 En \u00c1lamo, no hay para cuando, la alcaldesa cada d\u00eda est\u00e1 m\u00e1s \u00abtrepada\u00bb en el ladrillo, es lo que dicen sus \u00abgobernados\u00bb, a los que trata con desd\u00e9n e indiferencia, al grado que hombres y mujeres, que eran sus compa\u00f1eros de escuela y de juegos, dicen desconocerla totalmente, [&hellip;]<\/p>\n","protected":false},"author":2,"featured_media":0,"comment_status":"closed","ping_status":"closed","sticky":false,"template":"","format":"standard","meta":{"tdm_status":"","tdm_grid_status":"","footnotes":""},"categories":[74],"tags":[28461,33406,33407,33405,177],"class_list":{"0":"post-90254","1":"post","2":"type-post","3":"status-publish","4":"format-standard","6":"category-lavadero","7":"tag-alamo-2","8":"tag-direccion-de-transito-municipal","9":"tag-lilia","10":"tag-santiago-martinez-garcia","11":"tag-seguridad-publica"},"yoast_head":"<!-- This site is optimized with the Yoast SEO plugin v27.4 - https:\/\/yoast.com\/product\/yoast-seo-wordpress\/ -->\n<title>Hacen de \u00c1lamo, T\u00e1lamo! - Los pol\u00edticos Veracruz<\/title>\n<meta name=\"robots\" content=\"index, follow, max-snippet:-1, max-image-preview:large, max-video-preview:-1\" \/>\n<link rel=\"canonical\" href=\"https:\/\/lospoliticosveracruz.com\/?p=90254\" \/>\n<meta property=\"og:locale\" content=\"es_ES\" \/>\n<meta property=\"og:type\" content=\"article\" \/>\n<meta property=\"og:title\" content=\"Hacen de \u00c1lamo, T\u00e1lamo! - Los pol\u00edticos Veracruz\" \/>\n<meta property=\"og:description\" content=\"Santiago Mart\u00ednez Garc\u00eda\u00c1lamoY, sigue la mata dando\u2026 En \u00c1lamo, no hay para cuando, la alcaldesa cada d\u00eda est\u00e1 m\u00e1s \u00abtrepada\u00bb en el ladrillo, es lo que dicen sus \u00abgobernados\u00bb, a los que trata con desd\u00e9n e indiferencia, al grado que hombres y mujeres, que eran sus compa\u00f1eros de escuela y de juegos, dicen desconocerla totalmente, [&hellip;]\" \/>\n<meta property=\"og:url\" content=\"https:\/\/lospoliticosveracruz.com\/?p=90254\" \/>\n<meta property=\"og:site_name\" content=\"Los pol\u00edticos Veracruz\" \/>\n<meta property=\"article:publisher\" content=\"https:\/\/www.facebook.com\/people\/Notimemes-de-los-Polticos\/61565672886568\/\" \/>\n<meta property=\"article:published_time\" content=\"2022-05-23T13:33:42+00:00\" \/>\n<meta property=\"article:modified_time\" content=\"2022-05-23T13:33:48+00:00\" \/>\n<meta property=\"og:image\" content=\"https:\/\/lospoliticosveracruz.com\/wp-content\/uploads\/2016\/07\/Logo-Dor.jpg\" \/>\n\t<meta property=\"og:image:width\" content=\"200\" \/>\n\t<meta property=\"og:image:height\" content=\"200\" \/>\n\t<meta property=\"og:image:type\" content=\"image\/jpeg\" \/>\n<meta name=\"author\" content=\"Lo viste en Los Pol\u00edticos\" \/>\n<meta name=\"twitter:card\" content=\"summary_large_image\" \/>\n<meta name=\"twitter:creator\" content=\"@LosPoliticosVer\" \/>\n<meta name=\"twitter:site\" content=\"@LosPoliticosVer\" \/>\n<meta name=\"twitter:label1\" content=\"Escrito por\" \/>\n\t<meta name=\"twitter:data1\" content=\"Lo viste en Los Pol\u00edticos\" \/>\n\t<meta name=\"twitter:label2\" content=\"Tiempo de lectura\" \/>\n\t<meta name=\"twitter:data2\" content=\"2 minutos\" \/>\n<script type=\"application\/ld+json\" class=\"yoast-schema-graph\">{\"@context\":\"https:\\\/\\\/schema.org\",\"@graph\":[{\"@type\":\"Article\",\"@id\":\"https:\\\/\\\/lospoliticosveracruz.com\\\/?p=90254#article\",\"isPartOf\":{\"@id\":\"https:\\\/\\\/lospoliticosveracruz.com\\\/?p=90254\"},\"author\":{\"name\":\"Lo viste en Los Pol\u00edticos\",\"@id\":\"https:\\\/\\\/lospoliticosveracruz.com\\\/#\\\/schema\\\/person\\\/b8702bb0e538456e6efd07080bf2a4a2\"},\"headline\":\"Hacen de \u00c1lamo, T\u00e1lamo!\",\"datePublished\":\"2022-05-23T13:33:42+00:00\",\"dateModified\":\"2022-05-23T13:33:48+00:00\",\"mainEntityOfPage\":{\"@id\":\"https:\\\/\\\/lospoliticosveracruz.com\\\/?p=90254\"},\"wordCount\":408,\"publisher\":{\"@id\":\"https:\\\/\\\/lospoliticosveracruz.com\\\/#organization\"},\"keywords\":[\"\u00c1lamo\",\"Direcci\u00f3n de Tr\u00e1nsito Municipal\",\"Lilia\",\"Santiago Mart\u00ednez Garc\u00eda\",\"Seguridad P\u00fablica\"],\"articleSection\":[\"Lavadero\"],\"inLanguage\":\"es\"},{\"@type\":\"WebPage\",\"@id\":\"https:\\\/\\\/lospoliticosveracruz.com\\\/?p=90254\",\"url\":\"https:\\\/\\\/lospoliticosveracruz.com\\\/?p=90254\",\"name\":\"Hacen de \u00c1lamo, T\u00e1lamo! - Los pol\u00edticos Veracruz\",\"isPartOf\":{\"@id\":\"https:\\\/\\\/lospoliticosveracruz.com\\\/#website\"},\"datePublished\":\"2022-05-23T13:33:42+00:00\",\"dateModified\":\"2022-05-23T13:33:48+00:00\",\"breadcrumb\":{\"@id\":\"https:\\\/\\\/lospoliticosveracruz.com\\\/?p=90254#breadcrumb\"},\"inLanguage\":\"es\",\"potentialAction\":[{\"@type\":\"ReadAction\",\"target\":[\"https:\\\/\\\/lospoliticosveracruz.com\\\/?p=90254\"]}]},{\"@type\":\"BreadcrumbList\",\"@id\":\"https:\\\/\\\/lospoliticosveracruz.com\\\/?p=90254#breadcrumb\",\"itemListElement\":[{\"@type\":\"ListItem\",\"position\":1,\"name\":\"Portada\",\"item\":\"https:\\\/\\\/lospoliticosveracruz.com\\\/\"},{\"@type\":\"ListItem\",\"position\":2,\"name\":\"Hacen de \u00c1lamo, T\u00e1lamo!\"}]},{\"@type\":\"WebSite\",\"@id\":\"https:\\\/\\\/lospoliticosveracruz.com\\\/#website\",\"url\":\"https:\\\/\\\/lospoliticosveracruz.com\\\/\",\"name\":\"Los pol\u00edticos Veracruz\",\"description\":\"\",\"publisher\":{\"@id\":\"https:\\\/\\\/lospoliticosveracruz.com\\\/#organization\"},\"potentialAction\":[{\"@type\":\"SearchAction\",\"target\":{\"@type\":\"EntryPoint\",\"urlTemplate\":\"https:\\\/\\\/lospoliticosveracruz.com\\\/?s={search_term_string}\"},\"query-input\":{\"@type\":\"PropertyValueSpecification\",\"valueRequired\":true,\"valueName\":\"search_term_string\"}}],\"inLanguage\":\"es\"},{\"@type\":\"Organization\",\"@id\":\"https:\\\/\\\/lospoliticosveracruz.com\\\/#organization\",\"name\":\"Los pol\u00edticos Veracruz\",\"url\":\"https:\\\/\\\/lospoliticosveracruz.com\\\/\",\"logo\":{\"@type\":\"ImageObject\",\"inLanguage\":\"es\",\"@id\":\"https:\\\/\\\/lospoliticosveracruz.com\\\/#\\\/schema\\\/logo\\\/image\\\/\",\"url\":\"https:\\\/\\\/lospoliticosveracruz.com\\\/wp-content\\\/uploads\\\/2025\\\/12\\\/Logo-Nuevo-LOS-POLITICOS-1.jpg\",\"contentUrl\":\"https:\\\/\\\/lospoliticosveracruz.com\\\/wp-content\\\/uploads\\\/2025\\\/12\\\/Logo-Nuevo-LOS-POLITICOS-1.jpg\",\"width\":260,\"height\":70,\"caption\":\"Los pol\u00edticos Veracruz\"},\"image\":{\"@id\":\"https:\\\/\\\/lospoliticosveracruz.com\\\/#\\\/schema\\\/logo\\\/image\\\/\"},\"sameAs\":[\"https:\\\/\\\/www.facebook.com\\\/people\\\/Notimemes-de-los-Polticos\\\/61565672886568\\\/\",\"https:\\\/\\\/x.com\\\/LosPoliticosVer\"]},{\"@type\":\"Person\",\"@id\":\"https:\\\/\\\/lospoliticosveracruz.com\\\/#\\\/schema\\\/person\\\/b8702bb0e538456e6efd07080bf2a4a2\",\"name\":\"Lo viste en Los Pol\u00edticos\",\"image\":{\"@type\":\"ImageObject\",\"inLanguage\":\"es\",\"@id\":\"https:\\\/\\\/secure.gravatar.com\\\/avatar\\\/3a8de04a2656d44082be478bd6c086daa447c4651605818287b9532d3d0bd435?s=96&d=mm&r=g\",\"url\":\"https:\\\/\\\/secure.gravatar.com\\\/avatar\\\/3a8de04a2656d44082be478bd6c086daa447c4651605818287b9532d3d0bd435?s=96&d=mm&r=g\",\"contentUrl\":\"https:\\\/\\\/secure.gravatar.com\\\/avatar\\\/3a8de04a2656d44082be478bd6c086daa447c4651605818287b9532d3d0bd435?s=96&d=mm&r=g\",\"caption\":\"Lo viste en Los Pol\u00edticos\"},\"url\":\"https:\\\/\\\/lospoliticosveracruz.com\\\/?author=2\"}]}<\/script>\n<!-- \/ Yoast SEO plugin. -->","yoast_head_json":{"title":"Hacen de \u00c1lamo, T\u00e1lamo! - Los pol\u00edticos Veracruz","robots":{"index":"index","follow":"follow","max-snippet":"max-snippet:-1","max-image-preview":"max-image-preview:large","max-video-preview":"max-video-preview:-1"},"canonical":"https:\/\/lospoliticosveracruz.com\/?p=90254","og_locale":"es_ES","og_type":"article","og_title":"Hacen de \u00c1lamo, T\u00e1lamo! - Los pol\u00edticos Veracruz","og_description":"Santiago Mart\u00ednez Garc\u00eda\u00c1lamoY, sigue la mata dando\u2026 En \u00c1lamo, no hay para cuando, la alcaldesa cada d\u00eda est\u00e1 m\u00e1s \u00abtrepada\u00bb en el ladrillo, es lo que dicen sus \u00abgobernados\u00bb, a los que trata con desd\u00e9n e indiferencia, al grado que hombres y mujeres, que eran sus compa\u00f1eros de escuela y de juegos, dicen desconocerla totalmente, [&hellip;]","og_url":"https:\/\/lospoliticosveracruz.com\/?p=90254","og_site_name":"Los pol\u00edticos Veracruz","article_publisher":"https:\/\/www.facebook.com\/people\/Notimemes-de-los-Polticos\/61565672886568\/","article_published_time":"2022-05-23T13:33:42+00:00","article_modified_time":"2022-05-23T13:33:48+00:00","og_image":[{"width":200,"height":200,"url":"https:\/\/lospoliticosveracruz.com\/wp-content\/uploads\/2016\/07\/Logo-Dor.jpg","type":"image\/jpeg"}],"author":"Lo viste en Los Pol\u00edticos","twitter_card":"summary_large_image","twitter_creator":"@LosPoliticosVer","twitter_site":"@LosPoliticosVer","twitter_misc":{"Escrito por":"Lo viste en Los Pol\u00edticos","Tiempo de lectura":"2 minutos"},"schema":{"@context":"https:\/\/schema.org","@graph":[{"@type":"Article","@id":"https:\/\/lospoliticosveracruz.com\/?p=90254#article","isPartOf":{"@id":"https:\/\/lospoliticosveracruz.com\/?p=90254"},"author":{"name":"Lo viste en Los Pol\u00edticos","@id":"https:\/\/lospoliticosveracruz.com\/#\/schema\/person\/b8702bb0e538456e6efd07080bf2a4a2"},"headline":"Hacen de \u00c1lamo, T\u00e1lamo!","datePublished":"2022-05-23T13:33:42+00:00","dateModified":"2022-05-23T13:33:48+00:00","mainEntityOfPage":{"@id":"https:\/\/lospoliticosveracruz.com\/?p=90254"},"wordCount":408,"publisher":{"@id":"https:\/\/lospoliticosveracruz.com\/#organization"},"keywords":["\u00c1lamo","Direcci\u00f3n de Tr\u00e1nsito Municipal","Lilia","Santiago Mart\u00ednez Garc\u00eda","Seguridad P\u00fablica"],"articleSection":["Lavadero"],"inLanguage":"es"},{"@type":"WebPage","@id":"https:\/\/lospoliticosveracruz.com\/?p=90254","url":"https:\/\/lospoliticosveracruz.com\/?p=90254","name":"Hacen de \u00c1lamo, T\u00e1lamo! - Los pol\u00edticos Veracruz","isPartOf":{"@id":"https:\/\/lospoliticosveracruz.com\/#website"},"datePublished":"2022-05-23T13:33:42+00:00","dateModified":"2022-05-23T13:33:48+00:00","breadcrumb":{"@id":"https:\/\/lospoliticosveracruz.com\/?p=90254#breadcrumb"},"inLanguage":"es","potentialAction":[{"@type":"ReadAction","target":["https:\/\/lospoliticosveracruz.com\/?p=90254"]}]},{"@type":"BreadcrumbList","@id":"https:\/\/lospoliticosveracruz.com\/?p=90254#breadcrumb","itemListElement":[{"@type":"ListItem","position":1,"name":"Portada","item":"https:\/\/lospoliticosveracruz.com\/"},{"@type":"ListItem","position":2,"name":"Hacen de \u00c1lamo, T\u00e1lamo!"}]},{"@type":"WebSite","@id":"https:\/\/lospoliticosveracruz.com\/#website","url":"https:\/\/lospoliticosveracruz.com\/","name":"Los pol\u00edticos Veracruz","description":"","publisher":{"@id":"https:\/\/lospoliticosveracruz.com\/#organization"},"potentialAction":[{"@type":"SearchAction","target":{"@type":"EntryPoint","urlTemplate":"https:\/\/lospoliticosveracruz.com\/?s={search_term_string}"},"query-input":{"@type":"PropertyValueSpecification","valueRequired":true,"valueName":"search_term_string"}}],"inLanguage":"es"},{"@type":"Organization","@id":"https:\/\/lospoliticosveracruz.com\/#organization","name":"Los pol\u00edticos Veracruz","url":"https:\/\/lospoliticosveracruz.com\/","logo":{"@type":"ImageObject","inLanguage":"es","@id":"https:\/\/lospoliticosveracruz.com\/#\/schema\/logo\/image\/","url":"https:\/\/lospoliticosveracruz.com\/wp-content\/uploads\/2025\/12\/Logo-Nuevo-LOS-POLITICOS-1.jpg","contentUrl":"https:\/\/lospoliticosveracruz.com\/wp-content\/uploads\/2025\/12\/Logo-Nuevo-LOS-POLITICOS-1.jpg","width":260,"height":70,"caption":"Los pol\u00edticos Veracruz"},"image":{"@id":"https:\/\/lospoliticosveracruz.com\/#\/schema\/logo\/image\/"},"sameAs":["https:\/\/www.facebook.com\/people\/Notimemes-de-los-Polticos\/61565672886568\/","https:\/\/x.com\/LosPoliticosVer"]},{"@type":"Person","@id":"https:\/\/lospoliticosveracruz.com\/#\/schema\/person\/b8702bb0e538456e6efd07080bf2a4a2","name":"Lo viste en Los Pol\u00edticos","image":{"@type":"ImageObject","inLanguage":"es","@id":"https:\/\/secure.gravatar.com\/avatar\/3a8de04a2656d44082be478bd6c086daa447c4651605818287b9532d3d0bd435?s=96&d=mm&r=g","url":"https:\/\/secure.gravatar.com\/avatar\/3a8de04a2656d44082be478bd6c086daa447c4651605818287b9532d3d0bd435?s=96&d=mm&r=g","contentUrl":"https:\/\/secure.gravatar.com\/avatar\/3a8de04a2656d44082be478bd6c086daa447c4651605818287b9532d3d0bd435?s=96&d=mm&r=g","caption":"Lo viste en Los Pol\u00edticos"},"url":"https:\/\/lospoliticosveracruz.com\/?author=2"}]}},"_links":{"self":[{"href":"https:\/\/lospoliticosveracruz.com\/index.php?rest_route=\/wp\/v2\/posts\/90254","targetHints":{"allow":["GET"]}}],"collection":[{"href":"https:\/\/lospoliticosveracruz.com\/index.php?rest_route=\/wp\/v2\/posts"}],"about":[{"href":"https:\/\/lospoliticosveracruz.com\/index.php?rest_route=\/wp\/v2\/types\/post"}],"author":[{"embeddable":true,"href":"https:\/\/lospoliticosveracruz.com\/index.php?rest_route=\/wp\/v2\/users\/2"}],"replies":[{"embeddable":true,"href":"https:\/\/lospoliticosveracruz.com\/index.php?rest_route=%2Fwp%2Fv2%2Fcomments&post=90254"}],"version-history":[{"count":1,"href":"https:\/\/lospoliticosveracruz.com\/index.php?rest_route=\/wp\/v2\/posts\/90254\/revisions"}],"predecessor-version":[{"id":90256,"href":"https:\/\/lospoliticosveracruz.com\/index.php?rest_route=\/wp\/v2\/posts\/90254\/revisions\/90256"}],"wp:attachment":[{"href":"https:\/\/lospoliticosveracruz.com\/index.php?rest_route=%2Fwp%2Fv2%2Fmedia&parent=90254"}],"wp:term":[{"taxonomy":"category","embeddable":true,"href":"https:\/\/lospoliticosveracruz.com\/index.php?rest_route=%2Fwp%2Fv2%2Fcategories&post=90254"},{"taxonomy":"post_tag","embeddable":true,"href":"https:\/\/lospoliticosveracruz.com\/index.php?rest_route=%2Fwp%2Fv2%2Ftags&post=90254"}],"curies":[{"name":"wp","href":"https:\/\/api.w.org\/{rel}","templated":true}]}}