{"id":90257,"date":"2022-05-23T08:41:18","date_gmt":"2022-05-23T13:41:18","guid":{"rendered":"https:\/\/lospoliticosveracruz.com.mx\/?p=90257"},"modified":"2022-05-23T08:43:24","modified_gmt":"2022-05-23T13:43:24","slug":"cuitlahuac-es-el-bueno","status":"publish","type":"post","link":"https:\/\/lospoliticosveracruz.com\/?p=90257","title":{"rendered":"Cuitl\u00e1huac es el bueno\u2026"},"content":{"rendered":"\n<p><\/p>\n\n\n\n<p><strong>Omar Z\u00fa\u00f1iga<br><\/strong><em>De Primera Mano Taj\u00edn<\/em><\/p>\n\n\n\n<p>Por m\u00e1s que uno quiera evitar comentar las pifias (por ser ben\u00e9volo) y tratar de evitar ser monotem\u00e1tico, es imposible abstraerse de comentar los graves errores del gobernador de Veracruz, Cuitl\u00e1huac Garc\u00eda Jim\u00e9nez.<br>M\u00e1s all\u00e1 de que se pueda simpatizar o no con un proyecto de gobierno, nuestro trabajo como profesionales del periodismo es informar, as\u00ed de simple, no debemos por \u00e9tica period\u00edstica, emitir juicios de valor, pues de inmediato se pierde la objetividad, valor supremo de un periodista.<\/p>\n\n\n\n<div class=\"wp-block-image\"><figure class=\"alignleft size-large is-resized\"><a href=\"https:\/\/lospoliticosveracruz.com.mx\/wp-content\/uploads\/2021\/10\/WhatsApp-Image-2021-10-02-at-15.20.25.jpeg\"><img loading=\"lazy\" decoding=\"async\" src=\"https:\/\/lospoliticosveracruz.com.mx\/wp-content\/uploads\/2021\/10\/WhatsApp-Image-2021-10-02-at-15.20.25-724x1024.jpeg\" alt=\"\" class=\"wp-image-80177\" width=\"362\" height=\"512\" srcset=\"https:\/\/lospoliticosveracruz.com\/wp-content\/uploads\/2021\/10\/WhatsApp-Image-2021-10-02-at-15.20.25-724x1024.jpeg 724w, https:\/\/lospoliticosveracruz.com\/wp-content\/uploads\/2021\/10\/WhatsApp-Image-2021-10-02-at-15.20.25-212x300.jpeg 212w, https:\/\/lospoliticosveracruz.com\/wp-content\/uploads\/2021\/10\/WhatsApp-Image-2021-10-02-at-15.20.25-768x1086.jpeg 768w, https:\/\/lospoliticosveracruz.com\/wp-content\/uploads\/2021\/10\/WhatsApp-Image-2021-10-02-at-15.20.25.jpeg 905w\" sizes=\"auto, (max-width: 362px) 100vw, 362px\" \/><\/a><\/figure><\/div>\n\n\n\n<p><br>Sin embargo nuestro trabajo, nuestro deber, es dar a conocer los errores y tener -en este caso- un gobierno en que el mandatario de cualquier nivel escuche, valore y pueda, en su caso, corregir el camino para que su pueblo pueda ser bien gobernado.<br>Lo mandata la Constituci\u00f3n en su Art\u00edculo 87 cuando se toma protesta al cargo (\u2026) \u201cProtesto guardar y hacer guardar la Constituci\u00f3n Pol\u00edtica de los Estados Unidos Mexicanos y las leyes que de ella emanen, y desempe\u00f1ar leal y patri\u00f3ticamente el cargo de Presidente de la Rep\u00fablica (aqu\u00ed se tropicaliza a cada constituci\u00f3n local seg\u00fan sea el caso del gobernador) que el pueblo me ha conferido, mirando en todo por el bien y prosperidad de la Uni\u00f3n; y si as\u00ed no lo hiciere que la Naci\u00f3n me lo demande.\u00bb<br>Pues bien, ahora el pueblo veracruzano lo demanda y no se falta a la objetividad period\u00edstica. Es realmente inconcebible el grado que muestra y demuestra quien gobierna Veracruz, su ignorancia, falta de sensibilidad, falta de oficio y sentido de la pol\u00edtica, soberbia, altaner\u00eda y varios etc\u00e9teras.<br>M\u00e1s all\u00e1 de los famosos \u201cinfiernos\u201d que le toca vivir a cada gobierno y su capacidad de resolverlos, est\u00e1, reitero, la soberbia y altaner\u00eda de Cuitl\u00e1huac Garc\u00eda Jim\u00e9nez.<br>Esta semana, ha sido quiz\u00e1 su semana de infierno, propiciada en buena manera por \u00e9l mismo.<br>En orden cronol\u00f3gico, la clausura del Acuario de Veracruz por autoridades de la Procuradur\u00eda del Medio Ambiente de Veracruz, que despu\u00e9s de hacerse bolas por los motivos que motivaron la clausura, y de que el mismo gobernador Cuitl\u00e1huac Garc\u00eda se encargara de decir que el cierre no obedec\u00eda a que el gobierno quisiera administrar y apenas dos d\u00edas despu\u00e9s, emite un decreto donde extingue el Fideicomiso respectivo para darlo en administraci\u00f3n al Gobierno de Veracruz a trav\u00e9s de la PMA, cuyo titular Sergio Rodr\u00edguez Cort\u00e9s conocido como el matamojarras, no sabe la \u201co\u201d por lo redondo, d\u00e1ndole fin a un exitoso proyecto de 30 a\u00f1os que ha generado recursos millonarios para investigaci\u00f3n, que ha sido reconocido internacionalmente y que es un icono del puerto jarocho.<br>En segunda instancia, est\u00e1 la felicitaci\u00f3n que hizo a voz en cuello el mismo Cuit a la fiscal general Ver\u00f3nica Hern\u00e1ndez Gi\u00e1dans, luego de que el martes pasado 17 de mayo, fuera detenido a quien la Fiscal\u00eda General del Estado ubic\u00f3, se\u00f1al\u00f3 y present\u00f3 p\u00fablicamente como el probable responsable del asesinato de las periodistas de Cosoleacaque Yesenia Mollinedo y Sheila Johana Garc\u00eda.<br>El gusto les dur\u00f3 lo mismo que un pedo en una hamaca, pues por la noche a trav\u00e9s de un escueto comunicado, la FGE informaba que \u201csiempre no\u201d, que el joven detenido no era quien pensaban que era, que fue confundido \u00a1en un caso de homonimia! La ma\u00f1ana del mi\u00e9rcoles fue liberado sin siquiera un \u201custed disculpe\u201d.<br>En este caso vale la pena resaltar que Cuitl\u00e1huac Garc\u00eda, en su conferencia de prensa ma\u00f1anera Regi\u00f3n 4, queriendo desacreditar y minimizar el homicidio de las compa\u00f1eras reporteras, se avent\u00f3 la puntada de decir que no le correspond\u00eda al estado garantizar la seguridad de los ciudadanos, de ese tama\u00f1o es la ignorancia de quien tiene las riendas de Veracruz.<br>Por si fuera poco, la pifia fue (es) noticia de nivel internacional, al ubicarse M\u00e9xico y Veracruz como el pa\u00eds m\u00e1s peligroso para ejercer el periodismo y la entidad con m\u00e1s riesgo, respectivamente; y adem\u00e1s culp\u00f3 directamente a los elementos de la Coordinaci\u00f3n Nacional Antisecuestro (Conase) del error, cosa que cay\u00f3 muuuuuuy mal en el altiplano y seguro habr\u00e1 consecuencias.<br>Y la \u00faltima de la semana fue la -nuevamente- desafortunada, por calificarla de manera generosa, declaraci\u00f3n, tambiiii\u00e9n, de Cuitl\u00e1huac Garc\u00eda Jim\u00e9nez, sobre la desaparici\u00f3n de la joven Viridiana Moreno V\u00e1zquez en Ciudad Cardel el 18 de mayo, de quien asegur\u00f3 Cuit el viernes 20 de mayo que \u201cya hab\u00eda atendido dicho asunto\u201d y que la mujer de 30 a\u00f1os \u201cno est\u00e1 desaparecida, est\u00e1 resguardada (sic), es que es un asunto que no se puede decir en p\u00fablico\u00bb, mencion\u00f3 p\u00fablicamente el titular del Ejecutivo estatal en la misma Ciudad Cardel.<br>Un d\u00eda despu\u00e9s, es decir apenas el s\u00e1bado pasado y para variar, queriendo otra vez eludir su responsabilidad, trat\u00f3 de culpar a los medios de informaci\u00f3n (estrategia que ha usado su mentor) de \u201ctergiversar sus declaraciones\u201d y confirm\u00f3 lo que lamentablemente sigue siendo una realidad: Viridiana sigue desaparecida.<br>Y tampoco el asunto cerca de terminar. Al gobernador le siguen creciendo los enanos. Anoche mismo a las 21:00 horas, la caseta de peaje de La Antigua segu\u00eda tomada por pobladores de Cardel, precisamente reclamando la aparici\u00f3n con vida de Viridiana<br>Esto fue s\u00f3lo esta semana.<br>\u00bfCu\u00e1l de estas tres situaciones le parece m\u00e1s grave que otra?<br>\u00bfSer\u00e1 cierto que los pueblos tienen los gobernantes que merecen?, \u00bfrealmente el gran pueblo veracruzano merece un gobernador como Cuitl\u00e1huac?<br>Ni el m\u00e1s ruin de los gobernantes antes de Cuitl\u00e1huac se hab\u00eda atrevido a tanto.<br>En resumen, el gobernador Cuitl\u00e1huac es el bueno\u2026 \u00a1para nada!<\/p>\n\n\n\n<p>\u00a1Qu\u00e9 barbaridad!<br>deprimera.mano2020@gmail.com<\/p>\n","protected":false},"excerpt":{"rendered":"<p>Omar Z\u00fa\u00f1igaDe Primera Mano Taj\u00edn Por m\u00e1s que uno quiera evitar comentar las pifias (por ser ben\u00e9volo) y tratar de evitar ser monotem\u00e1tico, es imposible abstraerse de comentar los graves errores del gobernador de Veracruz, Cuitl\u00e1huac Garc\u00eda Jim\u00e9nez.M\u00e1s all\u00e1 de que se pueda simpatizar o no con un proyecto de gobierno, nuestro trabajo como profesionales [&hellip;]<\/p>\n","protected":false},"author":2,"featured_media":0,"comment_status":"closed","ping_status":"closed","sticky":false,"template":"","format":"standard","meta":{"tdm_status":"","tdm_grid_status":"","footnotes":""},"categories":[70],"tags":[618,33375,1563,1026,28705,11592,21452,33408,195],"class_list":{"0":"post-90257","1":"post","2":"type-post","3":"status-publish","4":"format-standard","6":"category-de-opinion","7":"tag-andres-manuel-lopez-obrador","8":"tag-conase","9":"tag-cuitlahuac-garcia-jimenez","10":"tag-morena","11":"tag-omar-zuniga","12":"tag-pma","13":"tag-procuraduria-del-medio-ambiente-de-veracruz","14":"tag-sheila-johana-garcia","15":"tag-veracruz"},"yoast_head":"<!-- This site is optimized with the Yoast SEO plugin v27.4 - https:\/\/yoast.com\/product\/yoast-seo-wordpress\/ -->\n<title>Cuitl\u00e1huac es el bueno\u2026 - Los pol\u00edticos Veracruz<\/title>\n<meta name=\"robots\" content=\"index, follow, max-snippet:-1, max-image-preview:large, max-video-preview:-1\" \/>\n<link rel=\"canonical\" href=\"https:\/\/lospoliticosveracruz.com\/?p=90257\" \/>\n<meta property=\"og:locale\" content=\"es_ES\" \/>\n<meta property=\"og:type\" content=\"article\" \/>\n<meta property=\"og:title\" content=\"Cuitl\u00e1huac es el bueno\u2026 - Los pol\u00edticos Veracruz\" \/>\n<meta property=\"og:description\" content=\"Omar Z\u00fa\u00f1igaDe Primera Mano Taj\u00edn Por m\u00e1s que uno quiera evitar comentar las pifias (por ser ben\u00e9volo) y tratar de evitar ser monotem\u00e1tico, es imposible abstraerse de comentar los graves errores del gobernador de Veracruz, Cuitl\u00e1huac Garc\u00eda Jim\u00e9nez.M\u00e1s all\u00e1 de que se pueda simpatizar o no con un proyecto de gobierno, nuestro trabajo como profesionales [&hellip;]\" \/>\n<meta property=\"og:url\" content=\"https:\/\/lospoliticosveracruz.com\/?p=90257\" \/>\n<meta property=\"og:site_name\" content=\"Los pol\u00edticos Veracruz\" \/>\n<meta property=\"article:publisher\" content=\"https:\/\/www.facebook.com\/people\/Notimemes-de-los-Polticos\/61565672886568\/\" \/>\n<meta property=\"article:published_time\" content=\"2022-05-23T13:41:18+00:00\" \/>\n<meta property=\"article:modified_time\" content=\"2022-05-23T13:43:24+00:00\" \/>\n<meta property=\"og:image\" content=\"https:\/\/lospoliticosveracruz.com.mx\/wp-content\/uploads\/2021\/10\/WhatsApp-Image-2021-10-02-at-15.20.25-724x1024.jpeg\" \/>\n<meta name=\"author\" content=\"Lo viste en Los Pol\u00edticos\" \/>\n<meta name=\"twitter:card\" content=\"summary_large_image\" \/>\n<meta name=\"twitter:creator\" content=\"@LosPoliticosVer\" \/>\n<meta name=\"twitter:site\" content=\"@LosPoliticosVer\" \/>\n<meta name=\"twitter:label1\" content=\"Escrito por\" \/>\n\t<meta name=\"twitter:data1\" content=\"Lo viste en Los Pol\u00edticos\" \/>\n\t<meta name=\"twitter:label2\" content=\"Tiempo de lectura\" \/>\n\t<meta name=\"twitter:data2\" content=\"5 minutos\" \/>\n<script type=\"application\/ld+json\" class=\"yoast-schema-graph\">{\"@context\":\"https:\\\/\\\/schema.org\",\"@graph\":[{\"@type\":\"Article\",\"@id\":\"https:\\\/\\\/lospoliticosveracruz.com\\\/?p=90257#article\",\"isPartOf\":{\"@id\":\"https:\\\/\\\/lospoliticosveracruz.com\\\/?p=90257\"},\"author\":{\"name\":\"Lo viste en Los Pol\u00edticos\",\"@id\":\"https:\\\/\\\/lospoliticosveracruz.com\\\/#\\\/schema\\\/person\\\/b8702bb0e538456e6efd07080bf2a4a2\"},\"headline\":\"Cuitl\u00e1huac es el bueno\u2026\",\"datePublished\":\"2022-05-23T13:41:18+00:00\",\"dateModified\":\"2022-05-23T13:43:24+00:00\",\"mainEntityOfPage\":{\"@id\":\"https:\\\/\\\/lospoliticosveracruz.com\\\/?p=90257\"},\"wordCount\":1005,\"publisher\":{\"@id\":\"https:\\\/\\\/lospoliticosveracruz.com\\\/#organization\"},\"image\":{\"@id\":\"https:\\\/\\\/lospoliticosveracruz.com\\\/?p=90257#primaryimage\"},\"thumbnailUrl\":\"https:\\\/\\\/lospoliticosveracruz.com.mx\\\/wp-content\\\/uploads\\\/2021\\\/10\\\/WhatsApp-Image-2021-10-02-at-15.20.25-724x1024.jpeg\",\"keywords\":[\"Andr\u00e9s Manuel L\u00f3pez Obrador\",\"Conase\",\"Cuitl\u00e1huac Garc\u00eda Jim\u00e9nez\",\"Morena\",\"Omar Z\u00fa\u00f1iga\",\"PMA\",\"Procuradur\u00eda del Medio Ambiente de Veracruz\",\"Sheila Johana Garc\u00eda\",\"Veracruz\"],\"articleSection\":[\"De Opini\u00f3n\"],\"inLanguage\":\"es\"},{\"@type\":\"WebPage\",\"@id\":\"https:\\\/\\\/lospoliticosveracruz.com\\\/?p=90257\",\"url\":\"https:\\\/\\\/lospoliticosveracruz.com\\\/?p=90257\",\"name\":\"Cuitl\u00e1huac es el bueno\u2026 - Los pol\u00edticos Veracruz\",\"isPartOf\":{\"@id\":\"https:\\\/\\\/lospoliticosveracruz.com\\\/#website\"},\"primaryImageOfPage\":{\"@id\":\"https:\\\/\\\/lospoliticosveracruz.com\\\/?p=90257#primaryimage\"},\"image\":{\"@id\":\"https:\\\/\\\/lospoliticosveracruz.com\\\/?p=90257#primaryimage\"},\"thumbnailUrl\":\"https:\\\/\\\/lospoliticosveracruz.com.mx\\\/wp-content\\\/uploads\\\/2021\\\/10\\\/WhatsApp-Image-2021-10-02-at-15.20.25-724x1024.jpeg\",\"datePublished\":\"2022-05-23T13:41:18+00:00\",\"dateModified\":\"2022-05-23T13:43:24+00:00\",\"breadcrumb\":{\"@id\":\"https:\\\/\\\/lospoliticosveracruz.com\\\/?p=90257#breadcrumb\"},\"inLanguage\":\"es\",\"potentialAction\":[{\"@type\":\"ReadAction\",\"target\":[\"https:\\\/\\\/lospoliticosveracruz.com\\\/?p=90257\"]}]},{\"@type\":\"ImageObject\",\"inLanguage\":\"es\",\"@id\":\"https:\\\/\\\/lospoliticosveracruz.com\\\/?p=90257#primaryimage\",\"url\":\"https:\\\/\\\/lospoliticosveracruz.com.mx\\\/wp-content\\\/uploads\\\/2021\\\/10\\\/WhatsApp-Image-2021-10-02-at-15.20.25-724x1024.jpeg\",\"contentUrl\":\"https:\\\/\\\/lospoliticosveracruz.com.mx\\\/wp-content\\\/uploads\\\/2021\\\/10\\\/WhatsApp-Image-2021-10-02-at-15.20.25-724x1024.jpeg\"},{\"@type\":\"BreadcrumbList\",\"@id\":\"https:\\\/\\\/lospoliticosveracruz.com\\\/?p=90257#breadcrumb\",\"itemListElement\":[{\"@type\":\"ListItem\",\"position\":1,\"name\":\"Portada\",\"item\":\"https:\\\/\\\/lospoliticosveracruz.com\\\/\"},{\"@type\":\"ListItem\",\"position\":2,\"name\":\"Cuitl\u00e1huac es el bueno\u2026\"}]},{\"@type\":\"WebSite\",\"@id\":\"https:\\\/\\\/lospoliticosveracruz.com\\\/#website\",\"url\":\"https:\\\/\\\/lospoliticosveracruz.com\\\/\",\"name\":\"Los pol\u00edticos Veracruz\",\"description\":\"\",\"publisher\":{\"@id\":\"https:\\\/\\\/lospoliticosveracruz.com\\\/#organization\"},\"potentialAction\":[{\"@type\":\"SearchAction\",\"target\":{\"@type\":\"EntryPoint\",\"urlTemplate\":\"https:\\\/\\\/lospoliticosveracruz.com\\\/?s={search_term_string}\"},\"query-input\":{\"@type\":\"PropertyValueSpecification\",\"valueRequired\":true,\"valueName\":\"search_term_string\"}}],\"inLanguage\":\"es\"},{\"@type\":\"Organization\",\"@id\":\"https:\\\/\\\/lospoliticosveracruz.com\\\/#organization\",\"name\":\"Los pol\u00edticos Veracruz\",\"url\":\"https:\\\/\\\/lospoliticosveracruz.com\\\/\",\"logo\":{\"@type\":\"ImageObject\",\"inLanguage\":\"es\",\"@id\":\"https:\\\/\\\/lospoliticosveracruz.com\\\/#\\\/schema\\\/logo\\\/image\\\/\",\"url\":\"https:\\\/\\\/lospoliticosveracruz.com\\\/wp-content\\\/uploads\\\/2025\\\/12\\\/Logo-Nuevo-LOS-POLITICOS-1.jpg\",\"contentUrl\":\"https:\\\/\\\/lospoliticosveracruz.com\\\/wp-content\\\/uploads\\\/2025\\\/12\\\/Logo-Nuevo-LOS-POLITICOS-1.jpg\",\"width\":260,\"height\":70,\"caption\":\"Los pol\u00edticos Veracruz\"},\"image\":{\"@id\":\"https:\\\/\\\/lospoliticosveracruz.com\\\/#\\\/schema\\\/logo\\\/image\\\/\"},\"sameAs\":[\"https:\\\/\\\/www.facebook.com\\\/people\\\/Notimemes-de-los-Polticos\\\/61565672886568\\\/\",\"https:\\\/\\\/x.com\\\/LosPoliticosVer\"]},{\"@type\":\"Person\",\"@id\":\"https:\\\/\\\/lospoliticosveracruz.com\\\/#\\\/schema\\\/person\\\/b8702bb0e538456e6efd07080bf2a4a2\",\"name\":\"Lo viste en Los Pol\u00edticos\",\"image\":{\"@type\":\"ImageObject\",\"inLanguage\":\"es\",\"@id\":\"https:\\\/\\\/secure.gravatar.com\\\/avatar\\\/3a8de04a2656d44082be478bd6c086daa447c4651605818287b9532d3d0bd435?s=96&d=mm&r=g\",\"url\":\"https:\\\/\\\/secure.gravatar.com\\\/avatar\\\/3a8de04a2656d44082be478bd6c086daa447c4651605818287b9532d3d0bd435?s=96&d=mm&r=g\",\"contentUrl\":\"https:\\\/\\\/secure.gravatar.com\\\/avatar\\\/3a8de04a2656d44082be478bd6c086daa447c4651605818287b9532d3d0bd435?s=96&d=mm&r=g\",\"caption\":\"Lo viste en Los Pol\u00edticos\"},\"url\":\"https:\\\/\\\/lospoliticosveracruz.com\\\/?author=2\"}]}<\/script>\n<!-- \/ Yoast SEO plugin. -->","yoast_head_json":{"title":"Cuitl\u00e1huac es el bueno\u2026 - Los pol\u00edticos Veracruz","robots":{"index":"index","follow":"follow","max-snippet":"max-snippet:-1","max-image-preview":"max-image-preview:large","max-video-preview":"max-video-preview:-1"},"canonical":"https:\/\/lospoliticosveracruz.com\/?p=90257","og_locale":"es_ES","og_type":"article","og_title":"Cuitl\u00e1huac es el bueno\u2026 - Los pol\u00edticos Veracruz","og_description":"Omar Z\u00fa\u00f1igaDe Primera Mano Taj\u00edn Por m\u00e1s que uno quiera evitar comentar las pifias (por ser ben\u00e9volo) y tratar de evitar ser monotem\u00e1tico, es imposible abstraerse de comentar los graves errores del gobernador de Veracruz, Cuitl\u00e1huac Garc\u00eda Jim\u00e9nez.M\u00e1s all\u00e1 de que se pueda simpatizar o no con un proyecto de gobierno, nuestro trabajo como profesionales [&hellip;]","og_url":"https:\/\/lospoliticosveracruz.com\/?p=90257","og_site_name":"Los pol\u00edticos Veracruz","article_publisher":"https:\/\/www.facebook.com\/people\/Notimemes-de-los-Polticos\/61565672886568\/","article_published_time":"2022-05-23T13:41:18+00:00","article_modified_time":"2022-05-23T13:43:24+00:00","og_image":[{"url":"https:\/\/lospoliticosveracruz.com.mx\/wp-content\/uploads\/2021\/10\/WhatsApp-Image-2021-10-02-at-15.20.25-724x1024.jpeg","type":"","width":"","height":""}],"author":"Lo viste en Los Pol\u00edticos","twitter_card":"summary_large_image","twitter_creator":"@LosPoliticosVer","twitter_site":"@LosPoliticosVer","twitter_misc":{"Escrito por":"Lo viste en Los Pol\u00edticos","Tiempo de lectura":"5 minutos"},"schema":{"@context":"https:\/\/schema.org","@graph":[{"@type":"Article","@id":"https:\/\/lospoliticosveracruz.com\/?p=90257#article","isPartOf":{"@id":"https:\/\/lospoliticosveracruz.com\/?p=90257"},"author":{"name":"Lo viste en Los Pol\u00edticos","@id":"https:\/\/lospoliticosveracruz.com\/#\/schema\/person\/b8702bb0e538456e6efd07080bf2a4a2"},"headline":"Cuitl\u00e1huac es el bueno\u2026","datePublished":"2022-05-23T13:41:18+00:00","dateModified":"2022-05-23T13:43:24+00:00","mainEntityOfPage":{"@id":"https:\/\/lospoliticosveracruz.com\/?p=90257"},"wordCount":1005,"publisher":{"@id":"https:\/\/lospoliticosveracruz.com\/#organization"},"image":{"@id":"https:\/\/lospoliticosveracruz.com\/?p=90257#primaryimage"},"thumbnailUrl":"https:\/\/lospoliticosveracruz.com.mx\/wp-content\/uploads\/2021\/10\/WhatsApp-Image-2021-10-02-at-15.20.25-724x1024.jpeg","keywords":["Andr\u00e9s Manuel L\u00f3pez Obrador","Conase","Cuitl\u00e1huac Garc\u00eda Jim\u00e9nez","Morena","Omar Z\u00fa\u00f1iga","PMA","Procuradur\u00eda del Medio Ambiente de Veracruz","Sheila Johana Garc\u00eda","Veracruz"],"articleSection":["De Opini\u00f3n"],"inLanguage":"es"},{"@type":"WebPage","@id":"https:\/\/lospoliticosveracruz.com\/?p=90257","url":"https:\/\/lospoliticosveracruz.com\/?p=90257","name":"Cuitl\u00e1huac es el bueno\u2026 - Los pol\u00edticos Veracruz","isPartOf":{"@id":"https:\/\/lospoliticosveracruz.com\/#website"},"primaryImageOfPage":{"@id":"https:\/\/lospoliticosveracruz.com\/?p=90257#primaryimage"},"image":{"@id":"https:\/\/lospoliticosveracruz.com\/?p=90257#primaryimage"},"thumbnailUrl":"https:\/\/lospoliticosveracruz.com.mx\/wp-content\/uploads\/2021\/10\/WhatsApp-Image-2021-10-02-at-15.20.25-724x1024.jpeg","datePublished":"2022-05-23T13:41:18+00:00","dateModified":"2022-05-23T13:43:24+00:00","breadcrumb":{"@id":"https:\/\/lospoliticosveracruz.com\/?p=90257#breadcrumb"},"inLanguage":"es","potentialAction":[{"@type":"ReadAction","target":["https:\/\/lospoliticosveracruz.com\/?p=90257"]}]},{"@type":"ImageObject","inLanguage":"es","@id":"https:\/\/lospoliticosveracruz.com\/?p=90257#primaryimage","url":"https:\/\/lospoliticosveracruz.com.mx\/wp-content\/uploads\/2021\/10\/WhatsApp-Image-2021-10-02-at-15.20.25-724x1024.jpeg","contentUrl":"https:\/\/lospoliticosveracruz.com.mx\/wp-content\/uploads\/2021\/10\/WhatsApp-Image-2021-10-02-at-15.20.25-724x1024.jpeg"},{"@type":"BreadcrumbList","@id":"https:\/\/lospoliticosveracruz.com\/?p=90257#breadcrumb","itemListElement":[{"@type":"ListItem","position":1,"name":"Portada","item":"https:\/\/lospoliticosveracruz.com\/"},{"@type":"ListItem","position":2,"name":"Cuitl\u00e1huac es el bueno\u2026"}]},{"@type":"WebSite","@id":"https:\/\/lospoliticosveracruz.com\/#website","url":"https:\/\/lospoliticosveracruz.com\/","name":"Los pol\u00edticos Veracruz","description":"","publisher":{"@id":"https:\/\/lospoliticosveracruz.com\/#organization"},"potentialAction":[{"@type":"SearchAction","target":{"@type":"EntryPoint","urlTemplate":"https:\/\/lospoliticosveracruz.com\/?s={search_term_string}"},"query-input":{"@type":"PropertyValueSpecification","valueRequired":true,"valueName":"search_term_string"}}],"inLanguage":"es"},{"@type":"Organization","@id":"https:\/\/lospoliticosveracruz.com\/#organization","name":"Los pol\u00edticos Veracruz","url":"https:\/\/lospoliticosveracruz.com\/","logo":{"@type":"ImageObject","inLanguage":"es","@id":"https:\/\/lospoliticosveracruz.com\/#\/schema\/logo\/image\/","url":"https:\/\/lospoliticosveracruz.com\/wp-content\/uploads\/2025\/12\/Logo-Nuevo-LOS-POLITICOS-1.jpg","contentUrl":"https:\/\/lospoliticosveracruz.com\/wp-content\/uploads\/2025\/12\/Logo-Nuevo-LOS-POLITICOS-1.jpg","width":260,"height":70,"caption":"Los pol\u00edticos Veracruz"},"image":{"@id":"https:\/\/lospoliticosveracruz.com\/#\/schema\/logo\/image\/"},"sameAs":["https:\/\/www.facebook.com\/people\/Notimemes-de-los-Polticos\/61565672886568\/","https:\/\/x.com\/LosPoliticosVer"]},{"@type":"Person","@id":"https:\/\/lospoliticosveracruz.com\/#\/schema\/person\/b8702bb0e538456e6efd07080bf2a4a2","name":"Lo viste en Los Pol\u00edticos","image":{"@type":"ImageObject","inLanguage":"es","@id":"https:\/\/secure.gravatar.com\/avatar\/3a8de04a2656d44082be478bd6c086daa447c4651605818287b9532d3d0bd435?s=96&d=mm&r=g","url":"https:\/\/secure.gravatar.com\/avatar\/3a8de04a2656d44082be478bd6c086daa447c4651605818287b9532d3d0bd435?s=96&d=mm&r=g","contentUrl":"https:\/\/secure.gravatar.com\/avatar\/3a8de04a2656d44082be478bd6c086daa447c4651605818287b9532d3d0bd435?s=96&d=mm&r=g","caption":"Lo viste en Los Pol\u00edticos"},"url":"https:\/\/lospoliticosveracruz.com\/?author=2"}]}},"_links":{"self":[{"href":"https:\/\/lospoliticosveracruz.com\/index.php?rest_route=\/wp\/v2\/posts\/90257","targetHints":{"allow":["GET"]}}],"collection":[{"href":"https:\/\/lospoliticosveracruz.com\/index.php?rest_route=\/wp\/v2\/posts"}],"about":[{"href":"https:\/\/lospoliticosveracruz.com\/index.php?rest_route=\/wp\/v2\/types\/post"}],"author":[{"embeddable":true,"href":"https:\/\/lospoliticosveracruz.com\/index.php?rest_route=\/wp\/v2\/users\/2"}],"replies":[{"embeddable":true,"href":"https:\/\/lospoliticosveracruz.com\/index.php?rest_route=%2Fwp%2Fv2%2Fcomments&post=90257"}],"version-history":[{"count":2,"href":"https:\/\/lospoliticosveracruz.com\/index.php?rest_route=\/wp\/v2\/posts\/90257\/revisions"}],"predecessor-version":[{"id":90260,"href":"https:\/\/lospoliticosveracruz.com\/index.php?rest_route=\/wp\/v2\/posts\/90257\/revisions\/90260"}],"wp:attachment":[{"href":"https:\/\/lospoliticosveracruz.com\/index.php?rest_route=%2Fwp%2Fv2%2Fmedia&parent=90257"}],"wp:term":[{"taxonomy":"category","embeddable":true,"href":"https:\/\/lospoliticosveracruz.com\/index.php?rest_route=%2Fwp%2Fv2%2Fcategories&post=90257"},{"taxonomy":"post_tag","embeddable":true,"href":"https:\/\/lospoliticosveracruz.com\/index.php?rest_route=%2Fwp%2Fv2%2Ftags&post=90257"}],"curies":[{"name":"wp","href":"https:\/\/api.w.org\/{rel}","templated":true}]}}