{"id":90301,"date":"2022-05-24T07:57:53","date_gmt":"2022-05-24T12:57:53","guid":{"rendered":"https:\/\/lospoliticosveracruz.com.mx\/?p=90301"},"modified":"2022-05-24T07:57:59","modified_gmt":"2022-05-24T12:57:59","slug":"don-adolfo-amlo-y-cuic","status":"publish","type":"post","link":"https:\/\/lospoliticosveracruz.com\/?p=90301","title":{"rendered":"Don Adolfo, AMLO y Cuic"},"content":{"rendered":"\n<p><\/p>\n\n\n\n<p><br><strong>Ricardo Ch\u00faa<\/strong><br><em>Sale y Vale<\/em><\/p>\n\n\n\n<p><\/p>\n\n\n\n<p>FIDEL KURI Y LOS TIBURONES ROJOS\u2026 Se lo comentamos en este espacio la semana pasada\u2026 Que mientras no se resolviera el tema legal en el que est\u00e1 inmerso en tribunales federales de justicia, el equipo de f\u00fatbol, \u00abLos Tiburones Rojos\u00bb del Veracruz\u2026 No hab\u00eda la m\u00ednima probabilidad de un equipo de primera divisi\u00f3n del balompi\u00e9 profesional en la entidad\u2026 Y dicho y hecho\u2026 Salieron del gobierno estatal de Cuitl\u00e1huac Garc\u00eda a decir que regresaba el f\u00fatbol al \u00abPirata\u00bb Fuentes\u2026 Y PUM\u2026 Que Fidel Kuri les empieza a ganar amparos con su promotora\u2026<\/p>\n\n\n\n<p>De nuevo el ex diputado federal priista le vuelve a \u00abamargar\u00bb en este inicio de semana\u2026 La noticia \u00abbomba\u00bb que ten\u00edan en SEFIPLAN para poder echar andar el asunto de los Tiburones Rojos del Veracruz\u2026 Que seguimos insistiendo es completamente ELECTORERO y con el af\u00e1n de congraciarse con la sociedad civil, dado los conflictos en su gobierno en las \u00faltimas semanas, con el af\u00e1n de seguir \u00ababriendo\u00bb camino a MORENA en 2024\u2026 Ojal\u00e1 fuera cierto que los Tiburones regresan, pero s\u00f3lo est\u00e1n jugando con la afici\u00f3n veracruzana\u2026<\/p>\n\n\n\n<p>Lo que es un hecho que MIENTRAS no se resuelva el tema legal entre la Federaci\u00f3n Mexicana de Futbol y la Promotora \u00abDel Valle de Orizaba\u00bb\u2026 Propiedad de Fidel Kuri y esta le sigue ganando amparos y desde el penal de \u00abAlmoloyita\u00bb el orizabe\u00f1o, le sigue dando por todos lados, tanto a la Femexfut como al gobierno estatal de Veracruz\u2026 No habr\u00e1 manera que haya equipo de primera divisi\u00f3n\u2026 Dif\u00edcilmente Kuri Grajales va a \u00abaflojar\u00bb el caso\u2026 Va con todo\u2026 Ya nada m\u00e1s falta que salga con la \u00absorpresa\u00bb que pronto queda libre\u2026 TAN\u2026 TAN\u2026 Y AM\u00c9N\u2026<\/p>\n\n\n\n<p>DON ADOLFO, AMLO Y CUITL\u00c1HUAC\u2026 Tanto quiere Andr\u00e9s Manuel L\u00f3pez Obrador a Veracruz, que por \u00absalvar\u00bb a su \u00abhijo\u00bb pol\u00edtico, le da con todo al pueblo veracruzano\u2026. Su \u00absegunda\u00bb tierra\u2026 Para poder sostenerlo y por estar en el \u00faltimo sitio en las encuestas, que lo califican como uno de los peores gobernadores del pa\u00eds a Cuitl\u00e1huac Garc\u00eda, lo respalda por en\u00e9sima vez y hasta lo compara con un ex gobernador como fue Don Adolfo Ruiz Cort\u00ednez\u2026 Para muchos fue una ofensa\u2026 El otro es Don Adolfo, el actual s\u00f3lo es Cuitl\u00e1huac\u2026<\/p>\n\n\n\n<p>Pero lo hizo en doble sentido\u2026 Uno para meterle un \u00abandamio\u00bb y rescatarlo\u2026 Pero la otra, AMLO le puso una \u00abvara muy alta\u00bb al compararlo con la honestidad del ex Presidente veracruzano\u2026 S\u00f3lo hay que recordar que Ruiz Cortines fue gobernador de Veracruz\u2026 Contando ya con una basta experiencia pol\u00edtica\u2026 Cuitl\u00e1huac s\u00f3lo fue diputado federal y de ah\u00ed salt\u00f3 a la gubernatura por el efecto \u00abL\u00f3pez Obrador\u00bb\u2026 El mill\u00f3n 600 mil votos conseguidos en 2018, respaldan esta situaci\u00f3n\u2026<\/p>\n\n\n\n<p>Por eso, los que saben de estos temas, lo ven como un \u00abandamio\u00bb para contener el \u00ab\u00faltimo piso\u00bb de la ca\u00edda en la popularidad de Cuitl\u00e1huac Garc\u00eda, donde en Veracruz s\u00f3lo 13 personas de cada 100 aprueban su gobierno\u2026 As\u00ed fue evaluado por la empresa encuestadora \u00abAr\u00edas Consultores\u00bb \u2026Ya que para estar por debajo de David Monreal, gobernador de Zacatecas, que desde que lleg\u00f3 al gobierno est\u00e1 bajo el embate de la delincuencia organizada, que todos los d\u00edas, le deja cuerpos regados por esa entidad\u2026 Esta canijo\u2026<\/p>\n\n\n\n<p>Lo cual quiere decir que si est\u00e1 mal Veracruz con Cuitl\u00e1huac Garc\u00eda como gobernador, ya para que David Monreal haya salido del \u00abs\u00f3tano\u00bb de la aprobaci\u00f3n ciudadana y el xalape\u00f1o le ganar\u00e1 el \u00faltimo lugar al zacatecano\u2026 Si est\u00e1 muy ca\u00f1\u00f3n\u2026 Pero todo esto va con \u00abcargo\u00bb a la aprobaci\u00f3n y popularidad del Presidente de M\u00e9xico\u2026 Que poco a poco le va quitando espacios tambi\u00e9n en la aceptaci\u00f3n de la ciudadan\u00eda\u2026<\/p>\n\n\n\n<p>Pero bueno, los \u00abaplaudidores\u00bb de Cuitl\u00e1huac, le siguen comentando con enga\u00f1os que esta situaci\u00f3n es un \u00abhalago\u00bb por su \u00abcapacidad\u00bb, que el propio L\u00f3pez Obrador, se lo reconoci\u00f3 y sobre todo que lo haya comparado con Ruiz Cortines\u2026 PERO NO\u2026 Es s\u00f3lo un respaldo para no \u00abenterrar\u00bb el proyecto de MORENA en Veracruz\u2026 El cual despu\u00e9s de ver todos los conflictos en los que est\u00e1 metido el gobierno estatal, lo ponen en peligro\u2026 Y el Presidente, lo sabe\u2026<\/p>\n\n\n\n<p>Esto debido a que el propio L\u00f3pez Obrador sabe que su gobernador de Veracruz es como un \u00abpapalote en la playa\u00bb, ya que se mueve a donde le lleve el viento, sin medir o mediar consecuencias\u2026 As\u00ed que seguramente el Presidente seguir\u00e1 cada vez que sea necesario dando un RESPALDO PRESIDENCIAL para seguir manteni\u00e9ndolo en el poder hasta el 2024 cuando le pueda entregar el poder a alguien emanado de MORENA\u2026 No hay de otra en Veracruz\u2026 Sino RESPALDA el gobierno estatal se le viene a \u00abpique\u00bb\u2026 TAN\u2026 TAN\u2026.<\/p>\n\n\n\n<p>OJO\u2026 Con este respaldo a Cuitl\u00e1huac Garc\u00eda por parte de Andr\u00e9s Manuel L\u00f3pez Obrador\u2026 Cada d\u00eda queda m\u00e1s claro pol\u00edticamente que el xalape\u00f1o no terminar\u00e1 su mandato en Palacio de Gobierno hasta noviembre del 2024\u2026 Es casi un hecho, que Cuitl\u00e1huac ser\u00e1 candidato al Senado por MORENA v\u00eda plurinominal\u2026 Con fuero, se puede proteger de \u00abtodo mal\u00bb, que le quieran hacer afuera o adentro de MORENA despu\u00e9s de entregar el gobierno\u2026 Y Cuitl\u00e1huac lo sabe\u2026 All\u00e1 por febrero del 2024 estar\u00e1 diciendo BYE al gobierno de Veracruz\u2026<\/p>\n","protected":false},"excerpt":{"rendered":"<p>Ricardo Ch\u00faaSale y Vale FIDEL KURI Y LOS TIBURONES ROJOS\u2026 Se lo comentamos en este espacio la semana pasada\u2026 Que mientras no se resolviera el tema legal en el que est\u00e1 inmerso en tribunales federales de justicia, el equipo de f\u00fatbol, \u00abLos Tiburones Rojos\u00bb del Veracruz\u2026 No hab\u00eda la m\u00ednima probabilidad de un equipo de [&hellip;]<\/p>\n","protected":false},"author":2,"featured_media":0,"comment_status":"closed","ping_status":"closed","sticky":false,"template":"","format":"standard","meta":{"tdm_status":"","tdm_grid_status":"","footnotes":""},"categories":[70],"tags":[618,1563,258,1026,195],"class_list":{"0":"post-90301","1":"post","2":"type-post","3":"status-publish","4":"format-standard","6":"category-de-opinion","7":"tag-andres-manuel-lopez-obrador","8":"tag-cuitlahuac-garcia-jimenez","9":"tag-fidel-kuri","10":"tag-morena","11":"tag-veracruz"},"yoast_head":"<!-- This site is optimized with the Yoast SEO plugin v27.4 - https:\/\/yoast.com\/product\/yoast-seo-wordpress\/ -->\n<title>Don Adolfo, AMLO y Cuic - Los pol\u00edticos Veracruz<\/title>\n<meta name=\"robots\" content=\"index, follow, max-snippet:-1, max-image-preview:large, max-video-preview:-1\" \/>\n<link rel=\"canonical\" href=\"https:\/\/lospoliticosveracruz.com\/?p=90301\" \/>\n<meta property=\"og:locale\" content=\"es_ES\" \/>\n<meta property=\"og:type\" content=\"article\" \/>\n<meta property=\"og:title\" content=\"Don Adolfo, AMLO y Cuic - Los pol\u00edticos Veracruz\" \/>\n<meta property=\"og:description\" content=\"Ricardo Ch\u00faaSale y Vale FIDEL KURI Y LOS TIBURONES ROJOS\u2026 Se lo comentamos en este espacio la semana pasada\u2026 Que mientras no se resolviera el tema legal en el que est\u00e1 inmerso en tribunales federales de justicia, el equipo de f\u00fatbol, \u00abLos Tiburones Rojos\u00bb del Veracruz\u2026 No hab\u00eda la m\u00ednima probabilidad de un equipo de [&hellip;]\" \/>\n<meta property=\"og:url\" content=\"https:\/\/lospoliticosveracruz.com\/?p=90301\" \/>\n<meta property=\"og:site_name\" content=\"Los pol\u00edticos Veracruz\" \/>\n<meta property=\"article:publisher\" content=\"https:\/\/www.facebook.com\/people\/Notimemes-de-los-Polticos\/61565672886568\/\" \/>\n<meta property=\"article:published_time\" content=\"2022-05-24T12:57:53+00:00\" \/>\n<meta property=\"article:modified_time\" content=\"2022-05-24T12:57:59+00:00\" \/>\n<meta property=\"og:image\" content=\"https:\/\/lospoliticosveracruz.com\/wp-content\/uploads\/2016\/07\/Logo-Dor.jpg\" \/>\n\t<meta property=\"og:image:width\" content=\"200\" \/>\n\t<meta property=\"og:image:height\" content=\"200\" \/>\n\t<meta property=\"og:image:type\" content=\"image\/jpeg\" \/>\n<meta name=\"author\" content=\"Lo viste en Los Pol\u00edticos\" \/>\n<meta name=\"twitter:card\" content=\"summary_large_image\" \/>\n<meta name=\"twitter:creator\" content=\"@LosPoliticosVer\" \/>\n<meta name=\"twitter:site\" content=\"@LosPoliticosVer\" \/>\n<meta name=\"twitter:label1\" content=\"Escrito por\" \/>\n\t<meta name=\"twitter:data1\" content=\"Lo viste en Los Pol\u00edticos\" \/>\n\t<meta name=\"twitter:label2\" content=\"Tiempo de lectura\" \/>\n\t<meta name=\"twitter:data2\" content=\"5 minutos\" \/>\n<script type=\"application\/ld+json\" class=\"yoast-schema-graph\">{\"@context\":\"https:\\\/\\\/schema.org\",\"@graph\":[{\"@type\":\"Article\",\"@id\":\"https:\\\/\\\/lospoliticosveracruz.com\\\/?p=90301#article\",\"isPartOf\":{\"@id\":\"https:\\\/\\\/lospoliticosveracruz.com\\\/?p=90301\"},\"author\":{\"name\":\"Lo viste en Los Pol\u00edticos\",\"@id\":\"https:\\\/\\\/lospoliticosveracruz.com\\\/#\\\/schema\\\/person\\\/b8702bb0e538456e6efd07080bf2a4a2\"},\"headline\":\"Don Adolfo, AMLO y Cuic\",\"datePublished\":\"2022-05-24T12:57:53+00:00\",\"dateModified\":\"2022-05-24T12:57:59+00:00\",\"mainEntityOfPage\":{\"@id\":\"https:\\\/\\\/lospoliticosveracruz.com\\\/?p=90301\"},\"wordCount\":934,\"publisher\":{\"@id\":\"https:\\\/\\\/lospoliticosveracruz.com\\\/#organization\"},\"keywords\":[\"Andr\u00e9s Manuel L\u00f3pez Obrador\",\"Cuitl\u00e1huac Garc\u00eda Jim\u00e9nez\",\"Fidel Kuri\",\"Morena\",\"Veracruz\"],\"articleSection\":[\"De Opini\u00f3n\"],\"inLanguage\":\"es\"},{\"@type\":\"WebPage\",\"@id\":\"https:\\\/\\\/lospoliticosveracruz.com\\\/?p=90301\",\"url\":\"https:\\\/\\\/lospoliticosveracruz.com\\\/?p=90301\",\"name\":\"Don Adolfo, AMLO y Cuic - Los pol\u00edticos Veracruz\",\"isPartOf\":{\"@id\":\"https:\\\/\\\/lospoliticosveracruz.com\\\/#website\"},\"datePublished\":\"2022-05-24T12:57:53+00:00\",\"dateModified\":\"2022-05-24T12:57:59+00:00\",\"breadcrumb\":{\"@id\":\"https:\\\/\\\/lospoliticosveracruz.com\\\/?p=90301#breadcrumb\"},\"inLanguage\":\"es\",\"potentialAction\":[{\"@type\":\"ReadAction\",\"target\":[\"https:\\\/\\\/lospoliticosveracruz.com\\\/?p=90301\"]}]},{\"@type\":\"BreadcrumbList\",\"@id\":\"https:\\\/\\\/lospoliticosveracruz.com\\\/?p=90301#breadcrumb\",\"itemListElement\":[{\"@type\":\"ListItem\",\"position\":1,\"name\":\"Portada\",\"item\":\"https:\\\/\\\/lospoliticosveracruz.com\\\/\"},{\"@type\":\"ListItem\",\"position\":2,\"name\":\"Don Adolfo, AMLO y Cuic\"}]},{\"@type\":\"WebSite\",\"@id\":\"https:\\\/\\\/lospoliticosveracruz.com\\\/#website\",\"url\":\"https:\\\/\\\/lospoliticosveracruz.com\\\/\",\"name\":\"Los pol\u00edticos Veracruz\",\"description\":\"\",\"publisher\":{\"@id\":\"https:\\\/\\\/lospoliticosveracruz.com\\\/#organization\"},\"potentialAction\":[{\"@type\":\"SearchAction\",\"target\":{\"@type\":\"EntryPoint\",\"urlTemplate\":\"https:\\\/\\\/lospoliticosveracruz.com\\\/?s={search_term_string}\"},\"query-input\":{\"@type\":\"PropertyValueSpecification\",\"valueRequired\":true,\"valueName\":\"search_term_string\"}}],\"inLanguage\":\"es\"},{\"@type\":\"Organization\",\"@id\":\"https:\\\/\\\/lospoliticosveracruz.com\\\/#organization\",\"name\":\"Los pol\u00edticos Veracruz\",\"url\":\"https:\\\/\\\/lospoliticosveracruz.com\\\/\",\"logo\":{\"@type\":\"ImageObject\",\"inLanguage\":\"es\",\"@id\":\"https:\\\/\\\/lospoliticosveracruz.com\\\/#\\\/schema\\\/logo\\\/image\\\/\",\"url\":\"https:\\\/\\\/lospoliticosveracruz.com\\\/wp-content\\\/uploads\\\/2025\\\/12\\\/Logo-Nuevo-LOS-POLITICOS-1.jpg\",\"contentUrl\":\"https:\\\/\\\/lospoliticosveracruz.com\\\/wp-content\\\/uploads\\\/2025\\\/12\\\/Logo-Nuevo-LOS-POLITICOS-1.jpg\",\"width\":260,\"height\":70,\"caption\":\"Los pol\u00edticos Veracruz\"},\"image\":{\"@id\":\"https:\\\/\\\/lospoliticosveracruz.com\\\/#\\\/schema\\\/logo\\\/image\\\/\"},\"sameAs\":[\"https:\\\/\\\/www.facebook.com\\\/people\\\/Notimemes-de-los-Polticos\\\/61565672886568\\\/\",\"https:\\\/\\\/x.com\\\/LosPoliticosVer\"]},{\"@type\":\"Person\",\"@id\":\"https:\\\/\\\/lospoliticosveracruz.com\\\/#\\\/schema\\\/person\\\/b8702bb0e538456e6efd07080bf2a4a2\",\"name\":\"Lo viste en Los Pol\u00edticos\",\"image\":{\"@type\":\"ImageObject\",\"inLanguage\":\"es\",\"@id\":\"https:\\\/\\\/secure.gravatar.com\\\/avatar\\\/3a8de04a2656d44082be478bd6c086daa447c4651605818287b9532d3d0bd435?s=96&d=mm&r=g\",\"url\":\"https:\\\/\\\/secure.gravatar.com\\\/avatar\\\/3a8de04a2656d44082be478bd6c086daa447c4651605818287b9532d3d0bd435?s=96&d=mm&r=g\",\"contentUrl\":\"https:\\\/\\\/secure.gravatar.com\\\/avatar\\\/3a8de04a2656d44082be478bd6c086daa447c4651605818287b9532d3d0bd435?s=96&d=mm&r=g\",\"caption\":\"Lo viste en Los Pol\u00edticos\"},\"url\":\"https:\\\/\\\/lospoliticosveracruz.com\\\/?author=2\"}]}<\/script>\n<!-- \/ Yoast SEO plugin. -->","yoast_head_json":{"title":"Don Adolfo, AMLO y Cuic - Los pol\u00edticos Veracruz","robots":{"index":"index","follow":"follow","max-snippet":"max-snippet:-1","max-image-preview":"max-image-preview:large","max-video-preview":"max-video-preview:-1"},"canonical":"https:\/\/lospoliticosveracruz.com\/?p=90301","og_locale":"es_ES","og_type":"article","og_title":"Don Adolfo, AMLO y Cuic - Los pol\u00edticos Veracruz","og_description":"Ricardo Ch\u00faaSale y Vale FIDEL KURI Y LOS TIBURONES ROJOS\u2026 Se lo comentamos en este espacio la semana pasada\u2026 Que mientras no se resolviera el tema legal en el que est\u00e1 inmerso en tribunales federales de justicia, el equipo de f\u00fatbol, \u00abLos Tiburones Rojos\u00bb del Veracruz\u2026 No hab\u00eda la m\u00ednima probabilidad de un equipo de [&hellip;]","og_url":"https:\/\/lospoliticosveracruz.com\/?p=90301","og_site_name":"Los pol\u00edticos Veracruz","article_publisher":"https:\/\/www.facebook.com\/people\/Notimemes-de-los-Polticos\/61565672886568\/","article_published_time":"2022-05-24T12:57:53+00:00","article_modified_time":"2022-05-24T12:57:59+00:00","og_image":[{"width":200,"height":200,"url":"https:\/\/lospoliticosveracruz.com\/wp-content\/uploads\/2016\/07\/Logo-Dor.jpg","type":"image\/jpeg"}],"author":"Lo viste en Los Pol\u00edticos","twitter_card":"summary_large_image","twitter_creator":"@LosPoliticosVer","twitter_site":"@LosPoliticosVer","twitter_misc":{"Escrito por":"Lo viste en Los Pol\u00edticos","Tiempo de lectura":"5 minutos"},"schema":{"@context":"https:\/\/schema.org","@graph":[{"@type":"Article","@id":"https:\/\/lospoliticosveracruz.com\/?p=90301#article","isPartOf":{"@id":"https:\/\/lospoliticosveracruz.com\/?p=90301"},"author":{"name":"Lo viste en Los Pol\u00edticos","@id":"https:\/\/lospoliticosveracruz.com\/#\/schema\/person\/b8702bb0e538456e6efd07080bf2a4a2"},"headline":"Don Adolfo, AMLO y Cuic","datePublished":"2022-05-24T12:57:53+00:00","dateModified":"2022-05-24T12:57:59+00:00","mainEntityOfPage":{"@id":"https:\/\/lospoliticosveracruz.com\/?p=90301"},"wordCount":934,"publisher":{"@id":"https:\/\/lospoliticosveracruz.com\/#organization"},"keywords":["Andr\u00e9s Manuel L\u00f3pez Obrador","Cuitl\u00e1huac Garc\u00eda Jim\u00e9nez","Fidel Kuri","Morena","Veracruz"],"articleSection":["De Opini\u00f3n"],"inLanguage":"es"},{"@type":"WebPage","@id":"https:\/\/lospoliticosveracruz.com\/?p=90301","url":"https:\/\/lospoliticosveracruz.com\/?p=90301","name":"Don Adolfo, AMLO y Cuic - Los pol\u00edticos Veracruz","isPartOf":{"@id":"https:\/\/lospoliticosveracruz.com\/#website"},"datePublished":"2022-05-24T12:57:53+00:00","dateModified":"2022-05-24T12:57:59+00:00","breadcrumb":{"@id":"https:\/\/lospoliticosveracruz.com\/?p=90301#breadcrumb"},"inLanguage":"es","potentialAction":[{"@type":"ReadAction","target":["https:\/\/lospoliticosveracruz.com\/?p=90301"]}]},{"@type":"BreadcrumbList","@id":"https:\/\/lospoliticosveracruz.com\/?p=90301#breadcrumb","itemListElement":[{"@type":"ListItem","position":1,"name":"Portada","item":"https:\/\/lospoliticosveracruz.com\/"},{"@type":"ListItem","position":2,"name":"Don Adolfo, AMLO y Cuic"}]},{"@type":"WebSite","@id":"https:\/\/lospoliticosveracruz.com\/#website","url":"https:\/\/lospoliticosveracruz.com\/","name":"Los pol\u00edticos Veracruz","description":"","publisher":{"@id":"https:\/\/lospoliticosveracruz.com\/#organization"},"potentialAction":[{"@type":"SearchAction","target":{"@type":"EntryPoint","urlTemplate":"https:\/\/lospoliticosveracruz.com\/?s={search_term_string}"},"query-input":{"@type":"PropertyValueSpecification","valueRequired":true,"valueName":"search_term_string"}}],"inLanguage":"es"},{"@type":"Organization","@id":"https:\/\/lospoliticosveracruz.com\/#organization","name":"Los pol\u00edticos Veracruz","url":"https:\/\/lospoliticosveracruz.com\/","logo":{"@type":"ImageObject","inLanguage":"es","@id":"https:\/\/lospoliticosveracruz.com\/#\/schema\/logo\/image\/","url":"https:\/\/lospoliticosveracruz.com\/wp-content\/uploads\/2025\/12\/Logo-Nuevo-LOS-POLITICOS-1.jpg","contentUrl":"https:\/\/lospoliticosveracruz.com\/wp-content\/uploads\/2025\/12\/Logo-Nuevo-LOS-POLITICOS-1.jpg","width":260,"height":70,"caption":"Los pol\u00edticos Veracruz"},"image":{"@id":"https:\/\/lospoliticosveracruz.com\/#\/schema\/logo\/image\/"},"sameAs":["https:\/\/www.facebook.com\/people\/Notimemes-de-los-Polticos\/61565672886568\/","https:\/\/x.com\/LosPoliticosVer"]},{"@type":"Person","@id":"https:\/\/lospoliticosveracruz.com\/#\/schema\/person\/b8702bb0e538456e6efd07080bf2a4a2","name":"Lo viste en Los Pol\u00edticos","image":{"@type":"ImageObject","inLanguage":"es","@id":"https:\/\/secure.gravatar.com\/avatar\/3a8de04a2656d44082be478bd6c086daa447c4651605818287b9532d3d0bd435?s=96&d=mm&r=g","url":"https:\/\/secure.gravatar.com\/avatar\/3a8de04a2656d44082be478bd6c086daa447c4651605818287b9532d3d0bd435?s=96&d=mm&r=g","contentUrl":"https:\/\/secure.gravatar.com\/avatar\/3a8de04a2656d44082be478bd6c086daa447c4651605818287b9532d3d0bd435?s=96&d=mm&r=g","caption":"Lo viste en Los Pol\u00edticos"},"url":"https:\/\/lospoliticosveracruz.com\/?author=2"}]}},"_links":{"self":[{"href":"https:\/\/lospoliticosveracruz.com\/index.php?rest_route=\/wp\/v2\/posts\/90301","targetHints":{"allow":["GET"]}}],"collection":[{"href":"https:\/\/lospoliticosveracruz.com\/index.php?rest_route=\/wp\/v2\/posts"}],"about":[{"href":"https:\/\/lospoliticosveracruz.com\/index.php?rest_route=\/wp\/v2\/types\/post"}],"author":[{"embeddable":true,"href":"https:\/\/lospoliticosveracruz.com\/index.php?rest_route=\/wp\/v2\/users\/2"}],"replies":[{"embeddable":true,"href":"https:\/\/lospoliticosveracruz.com\/index.php?rest_route=%2Fwp%2Fv2%2Fcomments&post=90301"}],"version-history":[{"count":1,"href":"https:\/\/lospoliticosveracruz.com\/index.php?rest_route=\/wp\/v2\/posts\/90301\/revisions"}],"predecessor-version":[{"id":90303,"href":"https:\/\/lospoliticosveracruz.com\/index.php?rest_route=\/wp\/v2\/posts\/90301\/revisions\/90303"}],"wp:attachment":[{"href":"https:\/\/lospoliticosveracruz.com\/index.php?rest_route=%2Fwp%2Fv2%2Fmedia&parent=90301"}],"wp:term":[{"taxonomy":"category","embeddable":true,"href":"https:\/\/lospoliticosveracruz.com\/index.php?rest_route=%2Fwp%2Fv2%2Fcategories&post=90301"},{"taxonomy":"post_tag","embeddable":true,"href":"https:\/\/lospoliticosveracruz.com\/index.php?rest_route=%2Fwp%2Fv2%2Ftags&post=90301"}],"curies":[{"name":"wp","href":"https:\/\/api.w.org\/{rel}","templated":true}]}}