{"id":90304,"date":"2022-05-24T08:51:18","date_gmt":"2022-05-24T13:51:18","guid":{"rendered":"https:\/\/lospoliticosveracruz.com.mx\/?p=90304"},"modified":"2022-05-24T08:51:25","modified_gmt":"2022-05-24T13:51:25","slug":"falso-lo-de-los-medicamentos-caducados","status":"publish","type":"post","link":"https:\/\/lospoliticosveracruz.com\/?p=90304","title":{"rendered":"\u00a1Falso lo de los medicamentos caducados!"},"content":{"rendered":"\n<p><\/p>\n\n\n\n<p><br><strong>Yair Ademar Dom\u00ednguez<\/strong><br><em>Punto y Coma<\/em><\/p>\n\n\n\n<p>El gobernador Cuitl\u00e1huac Garc\u00eda Jim\u00e9nez aclar\u00f3 este lunes, puntual, que es falsa la versi\u00f3n de que en Veracruz exist\u00edan medicamentos oncol\u00f3gicos caducos porque no se distribuyeron oportunamente entre los enfermos de c\u00e1ncer de la entidad veracruzana. La versi\u00f3n, que soltaron algunos malquerientes, creci\u00f3 como espuma, pero ha resultado completamente falsa.<\/p>\n\n\n\n<p>A muchos se les olvida que fue este gobierno el que ha venido a dar atenci\u00f3n puntual a los enfermos de c\u00e1ncer, olvidados en otros gobiernos en donde se les aplicaba agua destilada en lugar de quimioterapias. Por ello, los maliciosos tergiversaron la informaci\u00f3n que ha venido dando el INSABI sobre los lotes de medicamentos que entrega a las entidades.<\/p>\n\n\n\n<p>En Veracruz, lo dijo el mandatario, se da incluso atenci\u00f3n personalizada a los pacientes con esta enfermedad y las compras consolidadas de medicamentos oncol\u00f3gicos se distribuir\u00e1n con puntualidad en las 11 jurisdicciones sanitarias de la entidad veracruzana.<\/p>\n\n\n\n<p>A diferencia de otras \u00e9pocas, en donde todo era a voluntad e inter\u00e9s del pol\u00edtico, ahora en M\u00e9xico contamos con el INSABI, el Instituto de Salud para el Bienestar, lo que ha permitido una mayor eficacia en este mecanismo de \u00abcompras consolidades\u00bb internacionales en donde ya no se simula ni se finge. As\u00ed que todo qued\u00f3 aclarado y el gobernador, personalmente, como lo dijo en conferencia de prensa, le est\u00e1 dando seguimiento a la distribuci\u00f3n de los medicamentos y de que se cumpla a cabalidad la atenci\u00f3n a los enfermos oncol\u00f3gicos.<\/p>\n\n\n\n<p>Y s\u00ed, la Secretar\u00eda de Salud de Veracruz ha informado que se cuenta con abasto completo de claves vigentes, mismos que se est\u00e1n distribuyendo de manera puntual mediante el plan estrat\u00e9gico de dispersi\u00f3n en las unidades m\u00e9dicas para su aplicaci\u00f3n en los tratamientos.<\/p>\n\n\n\n<p>Tambi\u00e9n, refrend\u00f3 que se lleva a cabo una coordinaci\u00f3n estrecha con el Instituto de Salud para el Bienestar (INSABI) para garantizar la distribuci\u00f3n de medicamentos que llegaron al estado, de manera adicional a las compras consolidadas y lo cu\u00e1l ha sido de gran apoyo para las unidades del primer nivel de atenci\u00f3n.<\/p>\n\n\n\n<p>Al mismo tiempo se refuerza la estrategia de canje de medicamentos que ha tenido menor demanda por disminuci\u00f3n de consulta durante los dos a\u00f1os de pandemia por COVID-19, por lo que es totalmente falso, que medicamentos oncol\u00f3gicos est\u00e9n caducando en los almacenes, as\u00ed como es falso que no se est\u00e9n distribuyendo otros tratamientos.<\/p>\n\n\n\n<p>As\u00ed que no hay nada de nada y todo ha resultado ser una campa\u00f1a m\u00e1s que intent\u00f3 desprestigiar al gobierno estatal.<\/p>\n\n\n\n<p><strong>El saqueo al Acuario de Veracruz<\/strong><\/p>\n\n\n\n<p>Qu\u00e9 bueno que la autoridad estatal intervino y que el procedimiento para quitarle el manejo a un grupo de empresarios que ha lucrado con el Acuario de Veracruz, siga su marcha. Saqueo y opacidad, as\u00ed se ha manejado por muchos a\u00f1os este noble espacio de conservaci\u00f3n de especies marinas.<\/p>\n\n\n\n<p>No se critica que empresarios hayan intervenido en un esquema de administraci\u00f3n, lo que se lamenta es la voracidad para controlar un espacio con intereses familiares, lucrando, medrando con los recursos que en su origen fueron p\u00fablicos, de todos los veracruzanos.<\/p>\n\n\n\n<p>\u00bfA qui\u00e9nes realmente afect\u00f3 esta decisi\u00f3n? A un grupo pol\u00edtico, a una familia que se ha sentido due\u00f1a del corredor Veracruz-Boca del R\u00edo. Sin embargo, al tomar el control autoridades estatales y federales, quedar\u00e1n prohibidas las fiestas al interior del recinto tur\u00edstico. Adem\u00e1s, el Acuario tendr\u00e1 que dar un d\u00eda gratuito a la semana a los visitantes y se dar\u00e1n beneficios a los turistas, ya que ellos son motor de la econom\u00eda local. En fin, un acto de expropiaci\u00f3n que se reconoce.<\/p>\n\n\n\n<p>En el Decreto que public\u00f3 el gobernador Cuitl\u00e1huac Garc\u00eda Jim\u00e9nez para extinguir el Fideicomiso P\u00fablico de Administraci\u00f3n denominado \u00abAcuario de Veracruz\u00bb y entregar su direcci\u00f3n, administraci\u00f3n, control y supervisi\u00f3n a la Procuradur\u00eda del Medio Ambiente (PMA) se indica tambi\u00e9n que se firmar\u00e1n convenios con instituciones de educaci\u00f3n superior para la promoci\u00f3n de la investigaci\u00f3n y conservaci\u00f3n de las especies marinas.<\/p>\n\n\n\n<p>As\u00ed que result\u00f3 muy atinada esta decisi\u00f3n que tom\u00f3 el mandatario veracruzano.<\/p>\n\n\n\n<p>Comentarios: Facebook Yair Ademar Dominguez Twitter @YairAdemar<\/p>\n","protected":false},"excerpt":{"rendered":"<p>Yair Ademar Dom\u00ednguezPunto y Coma El gobernador Cuitl\u00e1huac Garc\u00eda Jim\u00e9nez aclar\u00f3 este lunes, puntual, que es falsa la versi\u00f3n de que en Veracruz exist\u00edan medicamentos oncol\u00f3gicos caducos porque no se distribuyeron oportunamente entre los enfermos de c\u00e1ncer de la entidad veracruzana. La versi\u00f3n, que soltaron algunos malquerientes, creci\u00f3 como espuma, pero ha resultado completamente falsa. [&hellip;]<\/p>\n","protected":false},"author":2,"featured_media":0,"comment_status":"closed","ping_status":"closed","sticky":false,"template":"","format":"standard","meta":{"tdm_status":"","tdm_grid_status":"","footnotes":""},"categories":[70],"tags":[1563,7294,22117,1026,195,20652],"class_list":{"0":"post-90304","1":"post","2":"type-post","3":"status-publish","4":"format-standard","6":"category-de-opinion","7":"tag-cuitlahuac-garcia-jimenez","8":"tag-medicamento-caduco","9":"tag-medicamentos-oncologicos","10":"tag-morena","11":"tag-veracruz","12":"tag-yair-ademar-dominguez"},"yoast_head":"<!-- This site is optimized with the Yoast SEO plugin v27.4 - https:\/\/yoast.com\/product\/yoast-seo-wordpress\/ -->\n<title>\u00a1Falso lo de los medicamentos caducados! - Los pol\u00edticos Veracruz<\/title>\n<meta name=\"robots\" content=\"index, follow, max-snippet:-1, max-image-preview:large, max-video-preview:-1\" \/>\n<link rel=\"canonical\" href=\"https:\/\/lospoliticosveracruz.com\/?p=90304\" \/>\n<meta property=\"og:locale\" content=\"es_ES\" \/>\n<meta property=\"og:type\" content=\"article\" \/>\n<meta property=\"og:title\" content=\"\u00a1Falso lo de los medicamentos caducados! - Los pol\u00edticos Veracruz\" \/>\n<meta property=\"og:description\" content=\"Yair Ademar Dom\u00ednguezPunto y Coma El gobernador Cuitl\u00e1huac Garc\u00eda Jim\u00e9nez aclar\u00f3 este lunes, puntual, que es falsa la versi\u00f3n de que en Veracruz exist\u00edan medicamentos oncol\u00f3gicos caducos porque no se distribuyeron oportunamente entre los enfermos de c\u00e1ncer de la entidad veracruzana. La versi\u00f3n, que soltaron algunos malquerientes, creci\u00f3 como espuma, pero ha resultado completamente falsa. [&hellip;]\" \/>\n<meta property=\"og:url\" content=\"https:\/\/lospoliticosveracruz.com\/?p=90304\" \/>\n<meta property=\"og:site_name\" content=\"Los pol\u00edticos Veracruz\" \/>\n<meta property=\"article:publisher\" content=\"https:\/\/www.facebook.com\/people\/Notimemes-de-los-Polticos\/61565672886568\/\" \/>\n<meta property=\"article:published_time\" content=\"2022-05-24T13:51:18+00:00\" \/>\n<meta property=\"article:modified_time\" content=\"2022-05-24T13:51:25+00:00\" \/>\n<meta property=\"og:image\" content=\"https:\/\/lospoliticosveracruz.com\/wp-content\/uploads\/2016\/07\/Logo-Dor.jpg\" \/>\n\t<meta property=\"og:image:width\" content=\"200\" \/>\n\t<meta property=\"og:image:height\" content=\"200\" \/>\n\t<meta property=\"og:image:type\" content=\"image\/jpeg\" \/>\n<meta name=\"author\" content=\"Lo viste en Los Pol\u00edticos\" \/>\n<meta name=\"twitter:card\" content=\"summary_large_image\" \/>\n<meta name=\"twitter:creator\" content=\"@LosPoliticosVer\" \/>\n<meta name=\"twitter:site\" content=\"@LosPoliticosVer\" \/>\n<meta name=\"twitter:label1\" content=\"Escrito por\" \/>\n\t<meta name=\"twitter:data1\" content=\"Lo viste en Los Pol\u00edticos\" \/>\n\t<meta name=\"twitter:label2\" content=\"Tiempo de lectura\" \/>\n\t<meta name=\"twitter:data2\" content=\"4 minutos\" \/>\n<script type=\"application\/ld+json\" class=\"yoast-schema-graph\">{\"@context\":\"https:\\\/\\\/schema.org\",\"@graph\":[{\"@type\":\"Article\",\"@id\":\"https:\\\/\\\/lospoliticosveracruz.com\\\/?p=90304#article\",\"isPartOf\":{\"@id\":\"https:\\\/\\\/lospoliticosveracruz.com\\\/?p=90304\"},\"author\":{\"name\":\"Lo viste en Los Pol\u00edticos\",\"@id\":\"https:\\\/\\\/lospoliticosveracruz.com\\\/#\\\/schema\\\/person\\\/b8702bb0e538456e6efd07080bf2a4a2\"},\"headline\":\"\u00a1Falso lo de los medicamentos caducados!\",\"datePublished\":\"2022-05-24T13:51:18+00:00\",\"dateModified\":\"2022-05-24T13:51:25+00:00\",\"mainEntityOfPage\":{\"@id\":\"https:\\\/\\\/lospoliticosveracruz.com\\\/?p=90304\"},\"wordCount\":746,\"publisher\":{\"@id\":\"https:\\\/\\\/lospoliticosveracruz.com\\\/#organization\"},\"keywords\":[\"Cuitl\u00e1huac Garc\u00eda Jim\u00e9nez\",\"Medicamento caduco\",\"Medicamentos oncol\u00f3gicos.\",\"Morena\",\"Veracruz\",\"Yair Ademar Dom\u00ednguez\"],\"articleSection\":[\"De Opini\u00f3n\"],\"inLanguage\":\"es\"},{\"@type\":\"WebPage\",\"@id\":\"https:\\\/\\\/lospoliticosveracruz.com\\\/?p=90304\",\"url\":\"https:\\\/\\\/lospoliticosveracruz.com\\\/?p=90304\",\"name\":\"\u00a1Falso lo de los medicamentos caducados! - Los pol\u00edticos Veracruz\",\"isPartOf\":{\"@id\":\"https:\\\/\\\/lospoliticosveracruz.com\\\/#website\"},\"datePublished\":\"2022-05-24T13:51:18+00:00\",\"dateModified\":\"2022-05-24T13:51:25+00:00\",\"breadcrumb\":{\"@id\":\"https:\\\/\\\/lospoliticosveracruz.com\\\/?p=90304#breadcrumb\"},\"inLanguage\":\"es\",\"potentialAction\":[{\"@type\":\"ReadAction\",\"target\":[\"https:\\\/\\\/lospoliticosveracruz.com\\\/?p=90304\"]}]},{\"@type\":\"BreadcrumbList\",\"@id\":\"https:\\\/\\\/lospoliticosveracruz.com\\\/?p=90304#breadcrumb\",\"itemListElement\":[{\"@type\":\"ListItem\",\"position\":1,\"name\":\"Portada\",\"item\":\"https:\\\/\\\/lospoliticosveracruz.com\\\/\"},{\"@type\":\"ListItem\",\"position\":2,\"name\":\"\u00a1Falso lo de los medicamentos caducados!\"}]},{\"@type\":\"WebSite\",\"@id\":\"https:\\\/\\\/lospoliticosveracruz.com\\\/#website\",\"url\":\"https:\\\/\\\/lospoliticosveracruz.com\\\/\",\"name\":\"Los pol\u00edticos Veracruz\",\"description\":\"\",\"publisher\":{\"@id\":\"https:\\\/\\\/lospoliticosveracruz.com\\\/#organization\"},\"potentialAction\":[{\"@type\":\"SearchAction\",\"target\":{\"@type\":\"EntryPoint\",\"urlTemplate\":\"https:\\\/\\\/lospoliticosveracruz.com\\\/?s={search_term_string}\"},\"query-input\":{\"@type\":\"PropertyValueSpecification\",\"valueRequired\":true,\"valueName\":\"search_term_string\"}}],\"inLanguage\":\"es\"},{\"@type\":\"Organization\",\"@id\":\"https:\\\/\\\/lospoliticosveracruz.com\\\/#organization\",\"name\":\"Los pol\u00edticos Veracruz\",\"url\":\"https:\\\/\\\/lospoliticosveracruz.com\\\/\",\"logo\":{\"@type\":\"ImageObject\",\"inLanguage\":\"es\",\"@id\":\"https:\\\/\\\/lospoliticosveracruz.com\\\/#\\\/schema\\\/logo\\\/image\\\/\",\"url\":\"https:\\\/\\\/lospoliticosveracruz.com\\\/wp-content\\\/uploads\\\/2025\\\/12\\\/Logo-Nuevo-LOS-POLITICOS-1.jpg\",\"contentUrl\":\"https:\\\/\\\/lospoliticosveracruz.com\\\/wp-content\\\/uploads\\\/2025\\\/12\\\/Logo-Nuevo-LOS-POLITICOS-1.jpg\",\"width\":260,\"height\":70,\"caption\":\"Los pol\u00edticos Veracruz\"},\"image\":{\"@id\":\"https:\\\/\\\/lospoliticosveracruz.com\\\/#\\\/schema\\\/logo\\\/image\\\/\"},\"sameAs\":[\"https:\\\/\\\/www.facebook.com\\\/people\\\/Notimemes-de-los-Polticos\\\/61565672886568\\\/\",\"https:\\\/\\\/x.com\\\/LosPoliticosVer\"]},{\"@type\":\"Person\",\"@id\":\"https:\\\/\\\/lospoliticosveracruz.com\\\/#\\\/schema\\\/person\\\/b8702bb0e538456e6efd07080bf2a4a2\",\"name\":\"Lo viste en Los Pol\u00edticos\",\"image\":{\"@type\":\"ImageObject\",\"inLanguage\":\"es\",\"@id\":\"https:\\\/\\\/secure.gravatar.com\\\/avatar\\\/3a8de04a2656d44082be478bd6c086daa447c4651605818287b9532d3d0bd435?s=96&d=mm&r=g\",\"url\":\"https:\\\/\\\/secure.gravatar.com\\\/avatar\\\/3a8de04a2656d44082be478bd6c086daa447c4651605818287b9532d3d0bd435?s=96&d=mm&r=g\",\"contentUrl\":\"https:\\\/\\\/secure.gravatar.com\\\/avatar\\\/3a8de04a2656d44082be478bd6c086daa447c4651605818287b9532d3d0bd435?s=96&d=mm&r=g\",\"caption\":\"Lo viste en Los Pol\u00edticos\"},\"url\":\"https:\\\/\\\/lospoliticosveracruz.com\\\/?author=2\"}]}<\/script>\n<!-- \/ Yoast SEO plugin. -->","yoast_head_json":{"title":"\u00a1Falso lo de los medicamentos caducados! - Los pol\u00edticos Veracruz","robots":{"index":"index","follow":"follow","max-snippet":"max-snippet:-1","max-image-preview":"max-image-preview:large","max-video-preview":"max-video-preview:-1"},"canonical":"https:\/\/lospoliticosveracruz.com\/?p=90304","og_locale":"es_ES","og_type":"article","og_title":"\u00a1Falso lo de los medicamentos caducados! - Los pol\u00edticos Veracruz","og_description":"Yair Ademar Dom\u00ednguezPunto y Coma El gobernador Cuitl\u00e1huac Garc\u00eda Jim\u00e9nez aclar\u00f3 este lunes, puntual, que es falsa la versi\u00f3n de que en Veracruz exist\u00edan medicamentos oncol\u00f3gicos caducos porque no se distribuyeron oportunamente entre los enfermos de c\u00e1ncer de la entidad veracruzana. La versi\u00f3n, que soltaron algunos malquerientes, creci\u00f3 como espuma, pero ha resultado completamente falsa. [&hellip;]","og_url":"https:\/\/lospoliticosveracruz.com\/?p=90304","og_site_name":"Los pol\u00edticos Veracruz","article_publisher":"https:\/\/www.facebook.com\/people\/Notimemes-de-los-Polticos\/61565672886568\/","article_published_time":"2022-05-24T13:51:18+00:00","article_modified_time":"2022-05-24T13:51:25+00:00","og_image":[{"width":200,"height":200,"url":"https:\/\/lospoliticosveracruz.com\/wp-content\/uploads\/2016\/07\/Logo-Dor.jpg","type":"image\/jpeg"}],"author":"Lo viste en Los Pol\u00edticos","twitter_card":"summary_large_image","twitter_creator":"@LosPoliticosVer","twitter_site":"@LosPoliticosVer","twitter_misc":{"Escrito por":"Lo viste en Los Pol\u00edticos","Tiempo de lectura":"4 minutos"},"schema":{"@context":"https:\/\/schema.org","@graph":[{"@type":"Article","@id":"https:\/\/lospoliticosveracruz.com\/?p=90304#article","isPartOf":{"@id":"https:\/\/lospoliticosveracruz.com\/?p=90304"},"author":{"name":"Lo viste en Los Pol\u00edticos","@id":"https:\/\/lospoliticosveracruz.com\/#\/schema\/person\/b8702bb0e538456e6efd07080bf2a4a2"},"headline":"\u00a1Falso lo de los medicamentos caducados!","datePublished":"2022-05-24T13:51:18+00:00","dateModified":"2022-05-24T13:51:25+00:00","mainEntityOfPage":{"@id":"https:\/\/lospoliticosveracruz.com\/?p=90304"},"wordCount":746,"publisher":{"@id":"https:\/\/lospoliticosveracruz.com\/#organization"},"keywords":["Cuitl\u00e1huac Garc\u00eda Jim\u00e9nez","Medicamento caduco","Medicamentos oncol\u00f3gicos.","Morena","Veracruz","Yair Ademar Dom\u00ednguez"],"articleSection":["De Opini\u00f3n"],"inLanguage":"es"},{"@type":"WebPage","@id":"https:\/\/lospoliticosveracruz.com\/?p=90304","url":"https:\/\/lospoliticosveracruz.com\/?p=90304","name":"\u00a1Falso lo de los medicamentos caducados! - Los pol\u00edticos Veracruz","isPartOf":{"@id":"https:\/\/lospoliticosveracruz.com\/#website"},"datePublished":"2022-05-24T13:51:18+00:00","dateModified":"2022-05-24T13:51:25+00:00","breadcrumb":{"@id":"https:\/\/lospoliticosveracruz.com\/?p=90304#breadcrumb"},"inLanguage":"es","potentialAction":[{"@type":"ReadAction","target":["https:\/\/lospoliticosveracruz.com\/?p=90304"]}]},{"@type":"BreadcrumbList","@id":"https:\/\/lospoliticosveracruz.com\/?p=90304#breadcrumb","itemListElement":[{"@type":"ListItem","position":1,"name":"Portada","item":"https:\/\/lospoliticosveracruz.com\/"},{"@type":"ListItem","position":2,"name":"\u00a1Falso lo de los medicamentos caducados!"}]},{"@type":"WebSite","@id":"https:\/\/lospoliticosveracruz.com\/#website","url":"https:\/\/lospoliticosveracruz.com\/","name":"Los pol\u00edticos Veracruz","description":"","publisher":{"@id":"https:\/\/lospoliticosveracruz.com\/#organization"},"potentialAction":[{"@type":"SearchAction","target":{"@type":"EntryPoint","urlTemplate":"https:\/\/lospoliticosveracruz.com\/?s={search_term_string}"},"query-input":{"@type":"PropertyValueSpecification","valueRequired":true,"valueName":"search_term_string"}}],"inLanguage":"es"},{"@type":"Organization","@id":"https:\/\/lospoliticosveracruz.com\/#organization","name":"Los pol\u00edticos Veracruz","url":"https:\/\/lospoliticosveracruz.com\/","logo":{"@type":"ImageObject","inLanguage":"es","@id":"https:\/\/lospoliticosveracruz.com\/#\/schema\/logo\/image\/","url":"https:\/\/lospoliticosveracruz.com\/wp-content\/uploads\/2025\/12\/Logo-Nuevo-LOS-POLITICOS-1.jpg","contentUrl":"https:\/\/lospoliticosveracruz.com\/wp-content\/uploads\/2025\/12\/Logo-Nuevo-LOS-POLITICOS-1.jpg","width":260,"height":70,"caption":"Los pol\u00edticos Veracruz"},"image":{"@id":"https:\/\/lospoliticosveracruz.com\/#\/schema\/logo\/image\/"},"sameAs":["https:\/\/www.facebook.com\/people\/Notimemes-de-los-Polticos\/61565672886568\/","https:\/\/x.com\/LosPoliticosVer"]},{"@type":"Person","@id":"https:\/\/lospoliticosveracruz.com\/#\/schema\/person\/b8702bb0e538456e6efd07080bf2a4a2","name":"Lo viste en Los Pol\u00edticos","image":{"@type":"ImageObject","inLanguage":"es","@id":"https:\/\/secure.gravatar.com\/avatar\/3a8de04a2656d44082be478bd6c086daa447c4651605818287b9532d3d0bd435?s=96&d=mm&r=g","url":"https:\/\/secure.gravatar.com\/avatar\/3a8de04a2656d44082be478bd6c086daa447c4651605818287b9532d3d0bd435?s=96&d=mm&r=g","contentUrl":"https:\/\/secure.gravatar.com\/avatar\/3a8de04a2656d44082be478bd6c086daa447c4651605818287b9532d3d0bd435?s=96&d=mm&r=g","caption":"Lo viste en Los Pol\u00edticos"},"url":"https:\/\/lospoliticosveracruz.com\/?author=2"}]}},"_links":{"self":[{"href":"https:\/\/lospoliticosveracruz.com\/index.php?rest_route=\/wp\/v2\/posts\/90304","targetHints":{"allow":["GET"]}}],"collection":[{"href":"https:\/\/lospoliticosveracruz.com\/index.php?rest_route=\/wp\/v2\/posts"}],"about":[{"href":"https:\/\/lospoliticosveracruz.com\/index.php?rest_route=\/wp\/v2\/types\/post"}],"author":[{"embeddable":true,"href":"https:\/\/lospoliticosveracruz.com\/index.php?rest_route=\/wp\/v2\/users\/2"}],"replies":[{"embeddable":true,"href":"https:\/\/lospoliticosveracruz.com\/index.php?rest_route=%2Fwp%2Fv2%2Fcomments&post=90304"}],"version-history":[{"count":1,"href":"https:\/\/lospoliticosveracruz.com\/index.php?rest_route=\/wp\/v2\/posts\/90304\/revisions"}],"predecessor-version":[{"id":90306,"href":"https:\/\/lospoliticosveracruz.com\/index.php?rest_route=\/wp\/v2\/posts\/90304\/revisions\/90306"}],"wp:attachment":[{"href":"https:\/\/lospoliticosveracruz.com\/index.php?rest_route=%2Fwp%2Fv2%2Fmedia&parent=90304"}],"wp:term":[{"taxonomy":"category","embeddable":true,"href":"https:\/\/lospoliticosveracruz.com\/index.php?rest_route=%2Fwp%2Fv2%2Fcategories&post=90304"},{"taxonomy":"post_tag","embeddable":true,"href":"https:\/\/lospoliticosveracruz.com\/index.php?rest_route=%2Fwp%2Fv2%2Ftags&post=90304"}],"curies":[{"name":"wp","href":"https:\/\/api.w.org\/{rel}","templated":true}]}}