{"id":90350,"date":"2022-05-25T01:15:00","date_gmt":"2022-05-25T06:15:00","guid":{"rendered":"https:\/\/lospoliticosveracruz.com.mx\/?p=90350"},"modified":"2022-05-24T23:19:05","modified_gmt":"2022-05-25T04:19:05","slug":"la-nueva-disputa-por-la-nacion","status":"publish","type":"post","link":"https:\/\/lospoliticosveracruz.com\/?p=90350","title":{"rendered":"La nueva disputa por la Naci\u00f3n"},"content":{"rendered":"\n<p><strong>Emilio C\u00e1rdenas Escobosa<\/strong><\/p>\n\n\n\n<p><em>De Inter\u00e9s P\u00fablico<br><\/em><\/p>\n\n\n\n<p>A m\u00e1s de tres d\u00e9cadas de la publicaci\u00f3n del libro \u201cLa disputa por la naci\u00f3n\u201d, escrito por Carlos Tello Mac\u00edas y Rolando Cordera, texto que en su tiempo abri\u00f3 un gran debate en c\u00edrculos acad\u00e9micos y pol\u00edticos, mantiene una vigencia fundamental.<\/p>\n\n\n\n<p>La relectura de este texto es reveladora pues con una absoluta claridad vislumbraba en 1981 el futuro inmediato que se abr\u00eda para nuestro pa\u00eds, tiempo en el que iniciaba lento pero inexorable el proceso de apertura comercial, de integraci\u00f3n de bloques econ\u00f3micos y etapa en la que nuestro pa\u00eds viv\u00eda una crisis m\u00e1s, donde la devaluaci\u00f3n del peso, la concentraci\u00f3n de la riqueza y la desigualdad en la distribuci\u00f3n del ingreso eran la norma, y donde el modelo econ\u00f3mico cerrado y orientado al consumo interno mostraba evidentes signos de agotamiento.<\/p>\n\n\n\n<div class=\"wp-block-image\"><figure class=\"alignleft size-large is-resized\"><a href=\"https:\/\/lospoliticosveracruz.com.mx\/wp-content\/uploads\/2021\/10\/WhatsApp-Image-2021-10-02-at-15.20.25.jpeg\"><img loading=\"lazy\" decoding=\"async\" src=\"https:\/\/lospoliticosveracruz.com.mx\/wp-content\/uploads\/2021\/10\/WhatsApp-Image-2021-10-02-at-15.20.25-724x1024.jpeg\" alt=\"\" class=\"wp-image-80177\" width=\"362\" height=\"512\" srcset=\"https:\/\/lospoliticosveracruz.com\/wp-content\/uploads\/2021\/10\/WhatsApp-Image-2021-10-02-at-15.20.25-724x1024.jpeg 724w, https:\/\/lospoliticosveracruz.com\/wp-content\/uploads\/2021\/10\/WhatsApp-Image-2021-10-02-at-15.20.25-212x300.jpeg 212w, https:\/\/lospoliticosveracruz.com\/wp-content\/uploads\/2021\/10\/WhatsApp-Image-2021-10-02-at-15.20.25-768x1086.jpeg 768w, https:\/\/lospoliticosveracruz.com\/wp-content\/uploads\/2021\/10\/WhatsApp-Image-2021-10-02-at-15.20.25.jpeg 905w\" sizes=\"auto, (max-width: 362px) 100vw, 362px\" \/><\/a><\/figure><\/div>\n\n\n\n<p>En su momento los autores tuvieron la visi\u00f3n de capturar lo que desde las \u00faltimas dos d\u00e9cadas del siglo XX se perfilaba como la disyuntiva para M\u00e9xico y que hoy en plena discusi\u00f3n sobre la pertinencia del proyecto de izquierda que enarbola el movimiento impulsado por el presidente L\u00f3pez Obrador es totalmente claro: las opciones entre el nacionalismo revolucionario y el neoliberalismo.<\/p>\n\n\n\n<p>El primero que se preve\u00eda como la vuelta al proyecto del nacionalismo revolucionario que enarbol\u00f3 destacadamente el presidente L\u00e1zaro C\u00e1rdenas y que en los a\u00f1os treinta impuls\u00f3 un programa de reformas sociales y econ\u00f3micas que pon\u00edan el acento en abatir la desigualdad y la pobreza, y el segundo, que fue el que al final se impuso, el del neoliberalismo, que vislumbraba que la v\u00eda para potenciar el desarrollo del pa\u00eds era la integraci\u00f3n econ\u00f3mica con Estados Unidos que se cre\u00eda dar\u00eda lugar a un crecimiento econ\u00f3mico acelerado que, aunque en un inicio en un periodo de ajuste exacerbar\u00eda la marginalidad y las desigualdades, a la larga sus frutos ser\u00edan disfrutados por la sociedad en su conjunto.<\/p>\n\n\n\n<p>Lo interesante de esa obra es que m\u00e1s all\u00e1 de la puntual descripci\u00f3n de las implicaciones econ\u00f3micas de cada uno de los modelos pon\u00eda tambi\u00e9n el acento en los fundamentos ideol\u00f3gicos y pol\u00edticos que representaban tomar partido por alguno de ellos. Y planteaban que al final era posible que se lograra un modelo h\u00edbrido en el que pudiera perfilarse una ruta que asegurara un desarrollo incluyente, m\u00e1s equitativo y con acento en la justicia social que tendr\u00eda como eje rector la ampliaci\u00f3n de la vida democr\u00e1tica.<\/p>\n\n\n\n<p>Carlos Tello y Rolando Cordera lo dec\u00edan puntualmente: \u201cla pol\u00edtica democr\u00e1tica y la econom\u00eda abierta deben estar incrustadas y responder a una dimensi\u00f3n social atenazada por la desigualdad, la pobreza y las tendencias a la desintegraci\u00f3n comunitaria y el desplome de la cohesi\u00f3n social. \u00c9sta es la clave de un resultado productivo de la disputa actual que sin demasiada ret\u00f3rica podemos definir como una disputa por el porvenir de M\u00e9xico como naci\u00f3n\u201d (p. 36).<\/p>\n\n\n\n<p>Vistas las cosas a la distancia y hoy que la polarizaci\u00f3n nacional est\u00e1 instalada entre nosotros es preciso que recordemos ese debate que si bien se daba en el \u00e1mbito acad\u00e9mico retrataba puntualmente las tensiones que comenzaban a mostrarse en torno a los proyectos que perfilaban y que representaban grupos concretos de priistas de entonces que comenzaban a ubicarse, unos en las filas del neoliberalismo, los llamados tecn\u00f3cratas que habr\u00edan de hacerse al final del poder, y otros en la corriente nacionalista y que miraba con a\u00f1oranza los a\u00f1os del desarrollo estabilizador, que habr\u00edan de derivar, comandados por Cuauht\u00e9moc C\u00e1rdenas y quienes lo siguieron, Ifigenia Mart\u00ednez, Porfirio Mu\u00f1oz Ledo y, entre muchos m\u00e1s, el hoy presidente de M\u00e9xico, Andr\u00e9s Manuel L\u00f3pez Obrador, en el Frente Democr\u00e1tico Nacional y el Partido de la Revoluci\u00f3n Democr\u00e1tica; fue el grupo que quebr\u00f3 la hegemon\u00eda del PRI y abrir\u00eda las puertas a un proceso acelerado de democratizaci\u00f3n del pa\u00eds que tendr\u00eda su punto culminante en la llegada de Morena al poder.<\/p>\n\n\n\n<p>De ah\u00ed que no hay que ir muy lejos para encontrar la fuente de la que abrev\u00f3 el hoy primer mandatario en sus visiones e idealizaciones sobre un pasado que cree preciso y necesario recuperar y, desde luego, entender su machac\u00f3n discurso sobre el neoliberalismo como causante de todos los males del pa\u00eds. Bajo esta visi\u00f3n para lograr el cambio de r\u00e9gimen y consolidar la Cuarta Transformaci\u00f3n es necesario cerrarle el paso y combatir cualquier expresi\u00f3n del neoliberalismo.<\/p>\n\n\n\n<p>Lo parad\u00f3jico es que hablar del neoliberalismo es hablar de una manifestaci\u00f3n del capitalismo en su fase de globalizaci\u00f3n, de fe en el mercado mundial, de establecimiento de valores est\u00e1ndar de convivencia en todas las naciones: democracia, derechos humanos, ciudadanizaci\u00f3n, libertades, etc. Y ese capitalismo es el que rige, para bien o para mal, la vida pol\u00edtica, econ\u00f3mica y social de M\u00e9xico. Pero es tambi\u00e9n, y ello debe subrayarse, el modelo que ha auspiciado el individualismo, la expropiaci\u00f3n de ganancias, la explotaci\u00f3n, la desigualdad, el empobrecimiento de grandes capas de la poblaci\u00f3n, la falta de movilidad social y desde luego, en la pol\u00edtica y entre los pol\u00edticos, la corrupci\u00f3n como apropiaci\u00f3n de bienes p\u00fablicos para fines privados.<\/p>\n\n\n\n<p>El reto pues de la transformaci\u00f3n del pa\u00eds no es menor porque la disputa entre el nacionalismo revolucionario y el neoliberalismo sigue tan viva como hace m\u00e1s de cuatro d\u00e9cadas. Y las resistencias de uno y otro lado no han dejado ni dejar\u00e1n de expresarse. Est\u00e1n tan vivas y fuertes como si fuera ayer. La narrativa presidencial lo confirma cada ma\u00f1ana.<\/p>\n\n\n\n<p>jecesco@hotmail.com<br>www.deinterespublico.com<\/p>\n","protected":false},"excerpt":{"rendered":"<p>Emilio C\u00e1rdenas Escobosa De Inter\u00e9s P\u00fablico A m\u00e1s de tres d\u00e9cadas de la publicaci\u00f3n del libro \u201cLa disputa por la naci\u00f3n\u201d, escrito por Carlos Tello Mac\u00edas y Rolando Cordera, texto que en su tiempo abri\u00f3 un gran debate en c\u00edrculos acad\u00e9micos y pol\u00edticos, mantiene una vigencia fundamental. La relectura de este texto es reveladora pues [&hellip;]<\/p>\n","protected":false},"author":2,"featured_media":0,"comment_status":"closed","ping_status":"closed","sticky":false,"template":"","format":"standard","meta":{"tdm_status":"","tdm_grid_status":"","footnotes":""},"categories":[70],"tags":[618,33433,12744,1432,33432,33434],"class_list":{"0":"post-90350","1":"post","2":"type-post","3":"status-publish","4":"format-standard","6":"category-de-opinion","7":"tag-andres-manuel-lopez-obrador","8":"tag-carlos-tello-macias","9":"tag-cuarta-transformacion","10":"tag-emilio-cardenas-escobosa","11":"tag-la-disputa-por-la-nacion","12":"tag-rolando-cordera"},"yoast_head":"<!-- This site is optimized with the Yoast SEO plugin v27.4 - https:\/\/yoast.com\/product\/yoast-seo-wordpress\/ -->\n<title>La nueva disputa por la Naci\u00f3n - Los pol\u00edticos Veracruz<\/title>\n<meta name=\"robots\" content=\"index, follow, max-snippet:-1, max-image-preview:large, max-video-preview:-1\" \/>\n<link rel=\"canonical\" href=\"https:\/\/lospoliticosveracruz.com\/?p=90350\" \/>\n<meta property=\"og:locale\" content=\"es_ES\" \/>\n<meta property=\"og:type\" content=\"article\" \/>\n<meta property=\"og:title\" content=\"La nueva disputa por la Naci\u00f3n - Los pol\u00edticos Veracruz\" \/>\n<meta property=\"og:description\" content=\"Emilio C\u00e1rdenas Escobosa De Inter\u00e9s P\u00fablico A m\u00e1s de tres d\u00e9cadas de la publicaci\u00f3n del libro \u201cLa disputa por la naci\u00f3n\u201d, escrito por Carlos Tello Mac\u00edas y Rolando Cordera, texto que en su tiempo abri\u00f3 un gran debate en c\u00edrculos acad\u00e9micos y pol\u00edticos, mantiene una vigencia fundamental. La relectura de este texto es reveladora pues [&hellip;]\" \/>\n<meta property=\"og:url\" content=\"https:\/\/lospoliticosveracruz.com\/?p=90350\" \/>\n<meta property=\"og:site_name\" content=\"Los pol\u00edticos Veracruz\" \/>\n<meta property=\"article:publisher\" content=\"https:\/\/www.facebook.com\/people\/Notimemes-de-los-Polticos\/61565672886568\/\" \/>\n<meta property=\"article:published_time\" content=\"2022-05-25T06:15:00+00:00\" \/>\n<meta property=\"og:image\" content=\"https:\/\/lospoliticosveracruz.com.mx\/wp-content\/uploads\/2021\/10\/WhatsApp-Image-2021-10-02-at-15.20.25-724x1024.jpeg\" \/>\n<meta name=\"author\" content=\"Lo viste en Los Pol\u00edticos\" \/>\n<meta name=\"twitter:card\" content=\"summary_large_image\" \/>\n<meta name=\"twitter:creator\" content=\"@LosPoliticosVer\" \/>\n<meta name=\"twitter:site\" content=\"@LosPoliticosVer\" \/>\n<meta name=\"twitter:label1\" content=\"Escrito por\" \/>\n\t<meta name=\"twitter:data1\" content=\"Lo viste en Los Pol\u00edticos\" \/>\n\t<meta name=\"twitter:label2\" content=\"Tiempo de lectura\" \/>\n\t<meta name=\"twitter:data2\" content=\"5 minutos\" \/>\n<script type=\"application\/ld+json\" class=\"yoast-schema-graph\">{\"@context\":\"https:\\\/\\\/schema.org\",\"@graph\":[{\"@type\":\"Article\",\"@id\":\"https:\\\/\\\/lospoliticosveracruz.com\\\/?p=90350#article\",\"isPartOf\":{\"@id\":\"https:\\\/\\\/lospoliticosveracruz.com\\\/?p=90350\"},\"author\":{\"name\":\"Lo viste en Los Pol\u00edticos\",\"@id\":\"https:\\\/\\\/lospoliticosveracruz.com\\\/#\\\/schema\\\/person\\\/b8702bb0e538456e6efd07080bf2a4a2\"},\"headline\":\"La nueva disputa por la Naci\u00f3n\",\"datePublished\":\"2022-05-25T06:15:00+00:00\",\"mainEntityOfPage\":{\"@id\":\"https:\\\/\\\/lospoliticosveracruz.com\\\/?p=90350\"},\"wordCount\":1025,\"publisher\":{\"@id\":\"https:\\\/\\\/lospoliticosveracruz.com\\\/#organization\"},\"image\":{\"@id\":\"https:\\\/\\\/lospoliticosveracruz.com\\\/?p=90350#primaryimage\"},\"thumbnailUrl\":\"https:\\\/\\\/lospoliticosveracruz.com.mx\\\/wp-content\\\/uploads\\\/2021\\\/10\\\/WhatsApp-Image-2021-10-02-at-15.20.25-724x1024.jpeg\",\"keywords\":[\"Andr\u00e9s Manuel L\u00f3pez Obrador\",\"Carlos Tello Mac\u00edas\",\"Cuarta Transformaci\u00f3n\",\"Emilio C\u00e1rdenas Escobosa\",\"La disputa por la naci\u00f3n\",\"Rolando Cordera\"],\"articleSection\":[\"De Opini\u00f3n\"],\"inLanguage\":\"es\"},{\"@type\":\"WebPage\",\"@id\":\"https:\\\/\\\/lospoliticosveracruz.com\\\/?p=90350\",\"url\":\"https:\\\/\\\/lospoliticosveracruz.com\\\/?p=90350\",\"name\":\"La nueva disputa por la Naci\u00f3n - Los pol\u00edticos Veracruz\",\"isPartOf\":{\"@id\":\"https:\\\/\\\/lospoliticosveracruz.com\\\/#website\"},\"primaryImageOfPage\":{\"@id\":\"https:\\\/\\\/lospoliticosveracruz.com\\\/?p=90350#primaryimage\"},\"image\":{\"@id\":\"https:\\\/\\\/lospoliticosveracruz.com\\\/?p=90350#primaryimage\"},\"thumbnailUrl\":\"https:\\\/\\\/lospoliticosveracruz.com.mx\\\/wp-content\\\/uploads\\\/2021\\\/10\\\/WhatsApp-Image-2021-10-02-at-15.20.25-724x1024.jpeg\",\"datePublished\":\"2022-05-25T06:15:00+00:00\",\"breadcrumb\":{\"@id\":\"https:\\\/\\\/lospoliticosveracruz.com\\\/?p=90350#breadcrumb\"},\"inLanguage\":\"es\",\"potentialAction\":[{\"@type\":\"ReadAction\",\"target\":[\"https:\\\/\\\/lospoliticosveracruz.com\\\/?p=90350\"]}]},{\"@type\":\"ImageObject\",\"inLanguage\":\"es\",\"@id\":\"https:\\\/\\\/lospoliticosveracruz.com\\\/?p=90350#primaryimage\",\"url\":\"https:\\\/\\\/lospoliticosveracruz.com.mx\\\/wp-content\\\/uploads\\\/2021\\\/10\\\/WhatsApp-Image-2021-10-02-at-15.20.25-724x1024.jpeg\",\"contentUrl\":\"https:\\\/\\\/lospoliticosveracruz.com.mx\\\/wp-content\\\/uploads\\\/2021\\\/10\\\/WhatsApp-Image-2021-10-02-at-15.20.25-724x1024.jpeg\"},{\"@type\":\"BreadcrumbList\",\"@id\":\"https:\\\/\\\/lospoliticosveracruz.com\\\/?p=90350#breadcrumb\",\"itemListElement\":[{\"@type\":\"ListItem\",\"position\":1,\"name\":\"Portada\",\"item\":\"https:\\\/\\\/lospoliticosveracruz.com\\\/\"},{\"@type\":\"ListItem\",\"position\":2,\"name\":\"La nueva disputa por la Naci\u00f3n\"}]},{\"@type\":\"WebSite\",\"@id\":\"https:\\\/\\\/lospoliticosveracruz.com\\\/#website\",\"url\":\"https:\\\/\\\/lospoliticosveracruz.com\\\/\",\"name\":\"Los pol\u00edticos Veracruz\",\"description\":\"\",\"publisher\":{\"@id\":\"https:\\\/\\\/lospoliticosveracruz.com\\\/#organization\"},\"potentialAction\":[{\"@type\":\"SearchAction\",\"target\":{\"@type\":\"EntryPoint\",\"urlTemplate\":\"https:\\\/\\\/lospoliticosveracruz.com\\\/?s={search_term_string}\"},\"query-input\":{\"@type\":\"PropertyValueSpecification\",\"valueRequired\":true,\"valueName\":\"search_term_string\"}}],\"inLanguage\":\"es\"},{\"@type\":\"Organization\",\"@id\":\"https:\\\/\\\/lospoliticosveracruz.com\\\/#organization\",\"name\":\"Los pol\u00edticos Veracruz\",\"url\":\"https:\\\/\\\/lospoliticosveracruz.com\\\/\",\"logo\":{\"@type\":\"ImageObject\",\"inLanguage\":\"es\",\"@id\":\"https:\\\/\\\/lospoliticosveracruz.com\\\/#\\\/schema\\\/logo\\\/image\\\/\",\"url\":\"https:\\\/\\\/lospoliticosveracruz.com\\\/wp-content\\\/uploads\\\/2025\\\/12\\\/Logo-Nuevo-LOS-POLITICOS-1.jpg\",\"contentUrl\":\"https:\\\/\\\/lospoliticosveracruz.com\\\/wp-content\\\/uploads\\\/2025\\\/12\\\/Logo-Nuevo-LOS-POLITICOS-1.jpg\",\"width\":260,\"height\":70,\"caption\":\"Los pol\u00edticos Veracruz\"},\"image\":{\"@id\":\"https:\\\/\\\/lospoliticosveracruz.com\\\/#\\\/schema\\\/logo\\\/image\\\/\"},\"sameAs\":[\"https:\\\/\\\/www.facebook.com\\\/people\\\/Notimemes-de-los-Polticos\\\/61565672886568\\\/\",\"https:\\\/\\\/x.com\\\/LosPoliticosVer\"]},{\"@type\":\"Person\",\"@id\":\"https:\\\/\\\/lospoliticosveracruz.com\\\/#\\\/schema\\\/person\\\/b8702bb0e538456e6efd07080bf2a4a2\",\"name\":\"Lo viste en Los Pol\u00edticos\",\"image\":{\"@type\":\"ImageObject\",\"inLanguage\":\"es\",\"@id\":\"https:\\\/\\\/secure.gravatar.com\\\/avatar\\\/3a8de04a2656d44082be478bd6c086daa447c4651605818287b9532d3d0bd435?s=96&d=mm&r=g\",\"url\":\"https:\\\/\\\/secure.gravatar.com\\\/avatar\\\/3a8de04a2656d44082be478bd6c086daa447c4651605818287b9532d3d0bd435?s=96&d=mm&r=g\",\"contentUrl\":\"https:\\\/\\\/secure.gravatar.com\\\/avatar\\\/3a8de04a2656d44082be478bd6c086daa447c4651605818287b9532d3d0bd435?s=96&d=mm&r=g\",\"caption\":\"Lo viste en Los Pol\u00edticos\"},\"url\":\"https:\\\/\\\/lospoliticosveracruz.com\\\/?author=2\"}]}<\/script>\n<!-- \/ Yoast SEO plugin. -->","yoast_head_json":{"title":"La nueva disputa por la Naci\u00f3n - Los pol\u00edticos Veracruz","robots":{"index":"index","follow":"follow","max-snippet":"max-snippet:-1","max-image-preview":"max-image-preview:large","max-video-preview":"max-video-preview:-1"},"canonical":"https:\/\/lospoliticosveracruz.com\/?p=90350","og_locale":"es_ES","og_type":"article","og_title":"La nueva disputa por la Naci\u00f3n - Los pol\u00edticos Veracruz","og_description":"Emilio C\u00e1rdenas Escobosa De Inter\u00e9s P\u00fablico A m\u00e1s de tres d\u00e9cadas de la publicaci\u00f3n del libro \u201cLa disputa por la naci\u00f3n\u201d, escrito por Carlos Tello Mac\u00edas y Rolando Cordera, texto que en su tiempo abri\u00f3 un gran debate en c\u00edrculos acad\u00e9micos y pol\u00edticos, mantiene una vigencia fundamental. La relectura de este texto es reveladora pues [&hellip;]","og_url":"https:\/\/lospoliticosveracruz.com\/?p=90350","og_site_name":"Los pol\u00edticos Veracruz","article_publisher":"https:\/\/www.facebook.com\/people\/Notimemes-de-los-Polticos\/61565672886568\/","article_published_time":"2022-05-25T06:15:00+00:00","og_image":[{"url":"https:\/\/lospoliticosveracruz.com.mx\/wp-content\/uploads\/2021\/10\/WhatsApp-Image-2021-10-02-at-15.20.25-724x1024.jpeg","type":"","width":"","height":""}],"author":"Lo viste en Los Pol\u00edticos","twitter_card":"summary_large_image","twitter_creator":"@LosPoliticosVer","twitter_site":"@LosPoliticosVer","twitter_misc":{"Escrito por":"Lo viste en Los Pol\u00edticos","Tiempo de lectura":"5 minutos"},"schema":{"@context":"https:\/\/schema.org","@graph":[{"@type":"Article","@id":"https:\/\/lospoliticosveracruz.com\/?p=90350#article","isPartOf":{"@id":"https:\/\/lospoliticosveracruz.com\/?p=90350"},"author":{"name":"Lo viste en Los Pol\u00edticos","@id":"https:\/\/lospoliticosveracruz.com\/#\/schema\/person\/b8702bb0e538456e6efd07080bf2a4a2"},"headline":"La nueva disputa por la Naci\u00f3n","datePublished":"2022-05-25T06:15:00+00:00","mainEntityOfPage":{"@id":"https:\/\/lospoliticosveracruz.com\/?p=90350"},"wordCount":1025,"publisher":{"@id":"https:\/\/lospoliticosveracruz.com\/#organization"},"image":{"@id":"https:\/\/lospoliticosveracruz.com\/?p=90350#primaryimage"},"thumbnailUrl":"https:\/\/lospoliticosveracruz.com.mx\/wp-content\/uploads\/2021\/10\/WhatsApp-Image-2021-10-02-at-15.20.25-724x1024.jpeg","keywords":["Andr\u00e9s Manuel L\u00f3pez Obrador","Carlos Tello Mac\u00edas","Cuarta Transformaci\u00f3n","Emilio C\u00e1rdenas Escobosa","La disputa por la naci\u00f3n","Rolando Cordera"],"articleSection":["De Opini\u00f3n"],"inLanguage":"es"},{"@type":"WebPage","@id":"https:\/\/lospoliticosveracruz.com\/?p=90350","url":"https:\/\/lospoliticosveracruz.com\/?p=90350","name":"La nueva disputa por la Naci\u00f3n - Los pol\u00edticos Veracruz","isPartOf":{"@id":"https:\/\/lospoliticosveracruz.com\/#website"},"primaryImageOfPage":{"@id":"https:\/\/lospoliticosveracruz.com\/?p=90350#primaryimage"},"image":{"@id":"https:\/\/lospoliticosveracruz.com\/?p=90350#primaryimage"},"thumbnailUrl":"https:\/\/lospoliticosveracruz.com.mx\/wp-content\/uploads\/2021\/10\/WhatsApp-Image-2021-10-02-at-15.20.25-724x1024.jpeg","datePublished":"2022-05-25T06:15:00+00:00","breadcrumb":{"@id":"https:\/\/lospoliticosveracruz.com\/?p=90350#breadcrumb"},"inLanguage":"es","potentialAction":[{"@type":"ReadAction","target":["https:\/\/lospoliticosveracruz.com\/?p=90350"]}]},{"@type":"ImageObject","inLanguage":"es","@id":"https:\/\/lospoliticosveracruz.com\/?p=90350#primaryimage","url":"https:\/\/lospoliticosveracruz.com.mx\/wp-content\/uploads\/2021\/10\/WhatsApp-Image-2021-10-02-at-15.20.25-724x1024.jpeg","contentUrl":"https:\/\/lospoliticosveracruz.com.mx\/wp-content\/uploads\/2021\/10\/WhatsApp-Image-2021-10-02-at-15.20.25-724x1024.jpeg"},{"@type":"BreadcrumbList","@id":"https:\/\/lospoliticosveracruz.com\/?p=90350#breadcrumb","itemListElement":[{"@type":"ListItem","position":1,"name":"Portada","item":"https:\/\/lospoliticosveracruz.com\/"},{"@type":"ListItem","position":2,"name":"La nueva disputa por la Naci\u00f3n"}]},{"@type":"WebSite","@id":"https:\/\/lospoliticosveracruz.com\/#website","url":"https:\/\/lospoliticosveracruz.com\/","name":"Los pol\u00edticos Veracruz","description":"","publisher":{"@id":"https:\/\/lospoliticosveracruz.com\/#organization"},"potentialAction":[{"@type":"SearchAction","target":{"@type":"EntryPoint","urlTemplate":"https:\/\/lospoliticosveracruz.com\/?s={search_term_string}"},"query-input":{"@type":"PropertyValueSpecification","valueRequired":true,"valueName":"search_term_string"}}],"inLanguage":"es"},{"@type":"Organization","@id":"https:\/\/lospoliticosveracruz.com\/#organization","name":"Los pol\u00edticos Veracruz","url":"https:\/\/lospoliticosveracruz.com\/","logo":{"@type":"ImageObject","inLanguage":"es","@id":"https:\/\/lospoliticosveracruz.com\/#\/schema\/logo\/image\/","url":"https:\/\/lospoliticosveracruz.com\/wp-content\/uploads\/2025\/12\/Logo-Nuevo-LOS-POLITICOS-1.jpg","contentUrl":"https:\/\/lospoliticosveracruz.com\/wp-content\/uploads\/2025\/12\/Logo-Nuevo-LOS-POLITICOS-1.jpg","width":260,"height":70,"caption":"Los pol\u00edticos Veracruz"},"image":{"@id":"https:\/\/lospoliticosveracruz.com\/#\/schema\/logo\/image\/"},"sameAs":["https:\/\/www.facebook.com\/people\/Notimemes-de-los-Polticos\/61565672886568\/","https:\/\/x.com\/LosPoliticosVer"]},{"@type":"Person","@id":"https:\/\/lospoliticosveracruz.com\/#\/schema\/person\/b8702bb0e538456e6efd07080bf2a4a2","name":"Lo viste en Los Pol\u00edticos","image":{"@type":"ImageObject","inLanguage":"es","@id":"https:\/\/secure.gravatar.com\/avatar\/3a8de04a2656d44082be478bd6c086daa447c4651605818287b9532d3d0bd435?s=96&d=mm&r=g","url":"https:\/\/secure.gravatar.com\/avatar\/3a8de04a2656d44082be478bd6c086daa447c4651605818287b9532d3d0bd435?s=96&d=mm&r=g","contentUrl":"https:\/\/secure.gravatar.com\/avatar\/3a8de04a2656d44082be478bd6c086daa447c4651605818287b9532d3d0bd435?s=96&d=mm&r=g","caption":"Lo viste en Los Pol\u00edticos"},"url":"https:\/\/lospoliticosveracruz.com\/?author=2"}]}},"_links":{"self":[{"href":"https:\/\/lospoliticosveracruz.com\/index.php?rest_route=\/wp\/v2\/posts\/90350","targetHints":{"allow":["GET"]}}],"collection":[{"href":"https:\/\/lospoliticosveracruz.com\/index.php?rest_route=\/wp\/v2\/posts"}],"about":[{"href":"https:\/\/lospoliticosveracruz.com\/index.php?rest_route=\/wp\/v2\/types\/post"}],"author":[{"embeddable":true,"href":"https:\/\/lospoliticosveracruz.com\/index.php?rest_route=\/wp\/v2\/users\/2"}],"replies":[{"embeddable":true,"href":"https:\/\/lospoliticosveracruz.com\/index.php?rest_route=%2Fwp%2Fv2%2Fcomments&post=90350"}],"version-history":[{"count":1,"href":"https:\/\/lospoliticosveracruz.com\/index.php?rest_route=\/wp\/v2\/posts\/90350\/revisions"}],"predecessor-version":[{"id":90352,"href":"https:\/\/lospoliticosveracruz.com\/index.php?rest_route=\/wp\/v2\/posts\/90350\/revisions\/90352"}],"wp:attachment":[{"href":"https:\/\/lospoliticosveracruz.com\/index.php?rest_route=%2Fwp%2Fv2%2Fmedia&parent=90350"}],"wp:term":[{"taxonomy":"category","embeddable":true,"href":"https:\/\/lospoliticosveracruz.com\/index.php?rest_route=%2Fwp%2Fv2%2Fcategories&post=90350"},{"taxonomy":"post_tag","embeddable":true,"href":"https:\/\/lospoliticosveracruz.com\/index.php?rest_route=%2Fwp%2Fv2%2Ftags&post=90350"}],"curies":[{"name":"wp","href":"https:\/\/api.w.org\/{rel}","templated":true}]}}