{"id":90405,"date":"2022-05-26T01:38:00","date_gmt":"2022-05-26T06:38:00","guid":{"rendered":"https:\/\/lospoliticosveracruz.com.mx\/?p=90405"},"modified":"2022-05-25T22:45:25","modified_gmt":"2022-05-26T03:45:25","slug":"el-huevo-y-el-agua","status":"publish","type":"post","link":"https:\/\/lospoliticosveracruz.com\/?p=90405","title":{"rendered":"El Huevo y el agua"},"content":{"rendered":"\n<p><strong>Salvador Mu\u00f1oz<br><\/strong><em>Los Pol\u00edticos<\/em><\/p>\n\n\n\n<p>El diputado local Fernando Arteaga Aponte pide que pasen por b\u00e1scula al Grupo M\u00e1s, concesionaria del servicio de agua en el Puerto y Medell\u00edn, por los siglos de los siglos\u2026<br>Quien se encargar\u00eda de hacerle esa revisi\u00f3n exhaustiva al Grupo Metropolitano de Agua y Saneamiento ser\u00eda el Orfis, as\u00ed como la Procuradur\u00eda del Medio Ambiente y la secretar\u00eda de Salud, muy recurrentes en estas \u00faltimas semanas.<\/p>\n\n\n\n<div class=\"wp-block-image\"><figure class=\"alignleft size-full is-resized\"><a href=\"https:\/\/lospoliticosveracruz.com.mx\/wp-content\/uploads\/2021\/10\/Zacauilt.jpg\"><img loading=\"lazy\" decoding=\"async\" src=\"https:\/\/lospoliticosveracruz.com.mx\/wp-content\/uploads\/2021\/10\/Zacauilt.jpg\" alt=\"\" class=\"wp-image-80558\" width=\"263\" height=\"525\"\/><\/a><\/figure><\/div>\n\n\n\n<p><br>Quien conoce al famoso Huevo, sabe de su experiencia en las lides pol\u00edticas y baste nom\u00e1s echar un ojo en las fotos que subi\u00f3 a su cuenta de Twitter la diputada Lorena Pi\u00f1\u00f3n donde aparece al lado del m\u00fasico Tonatiuh Garc\u00eda Jim\u00e9nez, su compa\u00f1ero legislador Rub\u00e9n Gregorio Mu\u00f1oz \u00c1lvarez y el diputado local por el distrito XIV, Arteaga Aponte.<br>Estas im\u00e1genes corresponden a la \u201cSemana Nacional de Infraestructura Transformadora\u201d, donde se trataron asuntos correspondientes a infraestructura carretera, hospitalaria, educativa, tur\u00edstica, hidr\u00e1ulica, etc\u00e9tera.<br>Ahora, desglosamos las fotos: El m\u00fasico y hermano del gobernador Garc\u00eda Jim\u00e9nez estuvo por esos lares porque tuvo la encomienda de recibir el Reconocimiento que el Congreso de la Uni\u00f3n otorg\u00f3 a la Orquesta Sinf\u00f3nica de Xalapa por su participaci\u00f3n en \u201cVeracruz en San L\u00e1zaro, esplendor del Golfo de M\u00e9xico\u201d. Agregue que Tona (pa\u2019 los cuates) adem\u00e1s de tocar la Viola, es poeta y cineasta. En este \u00faltimo apartado, su \u00f3pera prima es una historia que se centra en la conservaci\u00f3n del R\u00edo Jalcomulco, ac\u00e1 en Veracruz. De ah\u00ed su inter\u00e9s de estar en el foro correspondiente a la Infraestructura Hidr\u00e1ulica.<br>\u00bfY Fernando Arteaga Aponte? Ah bueno, el legislador lleg\u00f3 en su calidad de presidente de la Comisi\u00f3n de Agua Potable de la legislatura veracruzana.<br>Adem\u00e1s, dice el bolet\u00edn del Congreso de la Uni\u00f3n: \u201cDurante la jornada de deliberaciones, la diputada Lorena Pi\u00f1\u00f3n, el diputado Fernando Arteaga y el cineasta Tonatiuh Garc\u00eda conversaron tanto con el presidente de la Comisi\u00f3n de Infraestructura, el diputado Reginaldo Sandoval y con el presidente de la Comisi\u00f3n de Recursos Hidr\u00e1ulicos, el diputado Rub\u00e9n Mu\u00f1oz\u201d.<br>Vamos, a lo que voy, es que en el tema del agua, es seguro que El Huevo Arteaga lleg\u00f3 m\u00e1s empapado a Veracruz y por ende, al Congreso local, tanto, que el exhorto al Orfis para que audite al Grupo M\u00e1s, se extiende tambi\u00e9n a la PMA para que cheque la calidad del servicio de agua potable y el tratamiento de aguas residuales que la empresa concesionaria ofrece a Veracruz y Medell\u00edn; en tanto, la secretar\u00eda de Salud, v\u00eda la direcci\u00f3n de Protecci\u00f3n contra Riesgos Sanitarios, haga un estudio que indique el riesgo biol\u00f3gico del l\u00edquido suministrado por la empresa concesionaria a la poblaci\u00f3n de dichas demarcaciones\u2026 a m\u00ed no me consta, pero dicen que sale \u201cchocolate\u201d en lugar de agua\u2026<br>El asunto se torna m\u00e1s interesante por el Jarocho Power legislativo local que tiene la zona conurbada y el papel que han de tomar en torno a este tema que es de sumo inter\u00e9s para el porte\u00f1o que tiene a\u00f1os quej\u00e1ndose del servicio en dos vertientes: caro y malo.<br>Por el lado del PAN: Miguel Hermida, Ver\u00f3nica Pulido, Bingen Rementer\u00eda, Jaime de la Garza (que es de Boca del R\u00edo pero para que vea que no lo hacemos a un lado).<br>Por el lado del PRI: Marlon Ram\u00edrez y Anil\u00fa Ingram.<br>Por el lado de Morena: Maleno Rosales, El Diputade Gonzalo Dur\u00e1n Chincoya y el Huevo Arteaga.<br>Y ya no contamos a los federales\u2026<br>El anteproyecto fue turnado a la Junta de Coordinaci\u00f3n Pol\u00edtica\u2026 pero entre la raza, la bandera que agarra El Huevo Arteaga lo pone en la antesala de lo que se viene\u2026 s\u00ed, falta tiempo, mucho\u2026 pero al menos entre los diputados locales puede que ya empiece a hacer ventaja.<\/p>\n\n\n\n<p>smcainito@gmail.com<\/p>\n","protected":false},"excerpt":{"rendered":"<p>Salvador Mu\u00f1ozLos Pol\u00edticos El diputado local Fernando Arteaga Aponte pide que pasen por b\u00e1scula al Grupo M\u00e1s, concesionaria del servicio de agua en el Puerto y Medell\u00edn, por los siglos de los siglos\u2026Quien se encargar\u00eda de hacerle esa revisi\u00f3n exhaustiva al Grupo Metropolitano de Agua y Saneamiento ser\u00eda el Orfis, as\u00ed como la Procuradur\u00eda del [&hellip;]<\/p>\n","protected":false},"author":2,"featured_media":0,"comment_status":"closed","ping_status":"closed","sticky":false,"template":"","format":"standard","meta":{"tdm_status":"","tdm_grid_status":"","footnotes":""},"categories":[70],"tags":[4684,1183,30609,28048,4770,13812,25954,135,10826,17791,19373,33443,2646,3557,195],"class_list":{"0":"post-90405","1":"post","2":"type-post","3":"status-publish","4":"format-standard","6":"category-de-opinion","7":"tag-bingen-rementeria","8":"tag-fernando-arteaga-aponte","9":"tag-gonzalo-duran-chincoya","10":"tag-grupo-mas-2","11":"tag-lorena-pinon-rivera","12":"tag-maleno-rosales","13":"tag-miguel-hermida","14":"tag-orfis","15":"tag-orquesta-sinfonica-de-xalapa","16":"tag-procuraduria-del-medio-ambiente","17":"tag-reginaldo-sandoval","18":"tag-ruben-gregorio-munoz-alvarez","19":"tag-salvador-munoz","20":"tag-tonatiuh-garcia-jimenez","21":"tag-veracruz"},"yoast_head":"<!-- This site is optimized with the Yoast SEO plugin v27.4 - https:\/\/yoast.com\/product\/yoast-seo-wordpress\/ -->\n<title>El Huevo y el agua - Los pol\u00edticos Veracruz<\/title>\n<meta name=\"robots\" content=\"index, follow, max-snippet:-1, max-image-preview:large, max-video-preview:-1\" \/>\n<link rel=\"canonical\" href=\"https:\/\/lospoliticosveracruz.com\/?p=90405\" \/>\n<meta property=\"og:locale\" content=\"es_ES\" \/>\n<meta property=\"og:type\" content=\"article\" \/>\n<meta property=\"og:title\" content=\"El Huevo y el agua - Los pol\u00edticos Veracruz\" \/>\n<meta property=\"og:description\" content=\"Salvador Mu\u00f1ozLos Pol\u00edticos El diputado local Fernando Arteaga Aponte pide que pasen por b\u00e1scula al Grupo M\u00e1s, concesionaria del servicio de agua en el Puerto y Medell\u00edn, por los siglos de los siglos\u2026Quien se encargar\u00eda de hacerle esa revisi\u00f3n exhaustiva al Grupo Metropolitano de Agua y Saneamiento ser\u00eda el Orfis, as\u00ed como la Procuradur\u00eda del [&hellip;]\" \/>\n<meta property=\"og:url\" content=\"https:\/\/lospoliticosveracruz.com\/?p=90405\" \/>\n<meta property=\"og:site_name\" content=\"Los pol\u00edticos Veracruz\" \/>\n<meta property=\"article:publisher\" content=\"https:\/\/www.facebook.com\/people\/Notimemes-de-los-Polticos\/61565672886568\/\" \/>\n<meta property=\"article:published_time\" content=\"2022-05-26T06:38:00+00:00\" \/>\n<meta property=\"og:image\" content=\"https:\/\/lospoliticosveracruz.com.mx\/wp-content\/uploads\/2021\/10\/Zacauilt.jpg\" \/>\n<meta name=\"author\" content=\"Lo viste en Los Pol\u00edticos\" \/>\n<meta name=\"twitter:card\" content=\"summary_large_image\" \/>\n<meta name=\"twitter:creator\" content=\"@LosPoliticosVer\" \/>\n<meta name=\"twitter:site\" content=\"@LosPoliticosVer\" \/>\n<meta name=\"twitter:label1\" content=\"Escrito por\" \/>\n\t<meta name=\"twitter:data1\" content=\"Lo viste en Los Pol\u00edticos\" \/>\n\t<meta name=\"twitter:label2\" content=\"Tiempo de lectura\" \/>\n\t<meta name=\"twitter:data2\" content=\"3 minutos\" \/>\n<script type=\"application\/ld+json\" class=\"yoast-schema-graph\">{\"@context\":\"https:\\\/\\\/schema.org\",\"@graph\":[{\"@type\":\"Article\",\"@id\":\"https:\\\/\\\/lospoliticosveracruz.com\\\/?p=90405#article\",\"isPartOf\":{\"@id\":\"https:\\\/\\\/lospoliticosveracruz.com\\\/?p=90405\"},\"author\":{\"name\":\"Lo viste en Los Pol\u00edticos\",\"@id\":\"https:\\\/\\\/lospoliticosveracruz.com\\\/#\\\/schema\\\/person\\\/b8702bb0e538456e6efd07080bf2a4a2\"},\"headline\":\"El Huevo y el agua\",\"datePublished\":\"2022-05-26T06:38:00+00:00\",\"mainEntityOfPage\":{\"@id\":\"https:\\\/\\\/lospoliticosveracruz.com\\\/?p=90405\"},\"wordCount\":694,\"publisher\":{\"@id\":\"https:\\\/\\\/lospoliticosveracruz.com\\\/#organization\"},\"image\":{\"@id\":\"https:\\\/\\\/lospoliticosveracruz.com\\\/?p=90405#primaryimage\"},\"thumbnailUrl\":\"https:\\\/\\\/lospoliticosveracruz.com.mx\\\/wp-content\\\/uploads\\\/2021\\\/10\\\/Zacauilt.jpg\",\"keywords\":[\"Bingen Rementer\u00eda\",\"Fernando Arteaga Aponte\",\"Gonzalo Dur\u00e1n Chincoya\",\"Grupo M\u00e1s\",\"Lorena Pi\u00f1\u00f3n Rivera\",\"Maleno Rosales\",\"Miguel Hermida\",\"Orfis\",\"Orquesta Sinf\u00f3nica de Xalapa\",\"Procuradur\u00eda del Medio Ambiente\",\"Reginaldo Sandoval\",\"Rub\u00e9n Gregorio Mu\u00f1oz \u00c1lvarez\",\"Salvador Mu\u00f1oz\",\"Tonatiuh Garc\u00eda Jim\u00e9nez\",\"Veracruz\"],\"articleSection\":[\"De Opini\u00f3n\"],\"inLanguage\":\"es\"},{\"@type\":\"WebPage\",\"@id\":\"https:\\\/\\\/lospoliticosveracruz.com\\\/?p=90405\",\"url\":\"https:\\\/\\\/lospoliticosveracruz.com\\\/?p=90405\",\"name\":\"El Huevo y el agua - Los pol\u00edticos Veracruz\",\"isPartOf\":{\"@id\":\"https:\\\/\\\/lospoliticosveracruz.com\\\/#website\"},\"primaryImageOfPage\":{\"@id\":\"https:\\\/\\\/lospoliticosveracruz.com\\\/?p=90405#primaryimage\"},\"image\":{\"@id\":\"https:\\\/\\\/lospoliticosveracruz.com\\\/?p=90405#primaryimage\"},\"thumbnailUrl\":\"https:\\\/\\\/lospoliticosveracruz.com.mx\\\/wp-content\\\/uploads\\\/2021\\\/10\\\/Zacauilt.jpg\",\"datePublished\":\"2022-05-26T06:38:00+00:00\",\"breadcrumb\":{\"@id\":\"https:\\\/\\\/lospoliticosveracruz.com\\\/?p=90405#breadcrumb\"},\"inLanguage\":\"es\",\"potentialAction\":[{\"@type\":\"ReadAction\",\"target\":[\"https:\\\/\\\/lospoliticosveracruz.com\\\/?p=90405\"]}]},{\"@type\":\"ImageObject\",\"inLanguage\":\"es\",\"@id\":\"https:\\\/\\\/lospoliticosveracruz.com\\\/?p=90405#primaryimage\",\"url\":\"https:\\\/\\\/lospoliticosveracruz.com.mx\\\/wp-content\\\/uploads\\\/2021\\\/10\\\/Zacauilt.jpg\",\"contentUrl\":\"https:\\\/\\\/lospoliticosveracruz.com.mx\\\/wp-content\\\/uploads\\\/2021\\\/10\\\/Zacauilt.jpg\"},{\"@type\":\"BreadcrumbList\",\"@id\":\"https:\\\/\\\/lospoliticosveracruz.com\\\/?p=90405#breadcrumb\",\"itemListElement\":[{\"@type\":\"ListItem\",\"position\":1,\"name\":\"Portada\",\"item\":\"https:\\\/\\\/lospoliticosveracruz.com\\\/\"},{\"@type\":\"ListItem\",\"position\":2,\"name\":\"El Huevo y el agua\"}]},{\"@type\":\"WebSite\",\"@id\":\"https:\\\/\\\/lospoliticosveracruz.com\\\/#website\",\"url\":\"https:\\\/\\\/lospoliticosveracruz.com\\\/\",\"name\":\"Los pol\u00edticos Veracruz\",\"description\":\"\",\"publisher\":{\"@id\":\"https:\\\/\\\/lospoliticosveracruz.com\\\/#organization\"},\"potentialAction\":[{\"@type\":\"SearchAction\",\"target\":{\"@type\":\"EntryPoint\",\"urlTemplate\":\"https:\\\/\\\/lospoliticosveracruz.com\\\/?s={search_term_string}\"},\"query-input\":{\"@type\":\"PropertyValueSpecification\",\"valueRequired\":true,\"valueName\":\"search_term_string\"}}],\"inLanguage\":\"es\"},{\"@type\":\"Organization\",\"@id\":\"https:\\\/\\\/lospoliticosveracruz.com\\\/#organization\",\"name\":\"Los pol\u00edticos Veracruz\",\"url\":\"https:\\\/\\\/lospoliticosveracruz.com\\\/\",\"logo\":{\"@type\":\"ImageObject\",\"inLanguage\":\"es\",\"@id\":\"https:\\\/\\\/lospoliticosveracruz.com\\\/#\\\/schema\\\/logo\\\/image\\\/\",\"url\":\"https:\\\/\\\/lospoliticosveracruz.com\\\/wp-content\\\/uploads\\\/2025\\\/12\\\/Logo-Nuevo-LOS-POLITICOS-1.jpg\",\"contentUrl\":\"https:\\\/\\\/lospoliticosveracruz.com\\\/wp-content\\\/uploads\\\/2025\\\/12\\\/Logo-Nuevo-LOS-POLITICOS-1.jpg\",\"width\":260,\"height\":70,\"caption\":\"Los pol\u00edticos Veracruz\"},\"image\":{\"@id\":\"https:\\\/\\\/lospoliticosveracruz.com\\\/#\\\/schema\\\/logo\\\/image\\\/\"},\"sameAs\":[\"https:\\\/\\\/www.facebook.com\\\/people\\\/Notimemes-de-los-Polticos\\\/61565672886568\\\/\",\"https:\\\/\\\/x.com\\\/LosPoliticosVer\"]},{\"@type\":\"Person\",\"@id\":\"https:\\\/\\\/lospoliticosveracruz.com\\\/#\\\/schema\\\/person\\\/b8702bb0e538456e6efd07080bf2a4a2\",\"name\":\"Lo viste en Los Pol\u00edticos\",\"image\":{\"@type\":\"ImageObject\",\"inLanguage\":\"es\",\"@id\":\"https:\\\/\\\/secure.gravatar.com\\\/avatar\\\/3a8de04a2656d44082be478bd6c086daa447c4651605818287b9532d3d0bd435?s=96&d=mm&r=g\",\"url\":\"https:\\\/\\\/secure.gravatar.com\\\/avatar\\\/3a8de04a2656d44082be478bd6c086daa447c4651605818287b9532d3d0bd435?s=96&d=mm&r=g\",\"contentUrl\":\"https:\\\/\\\/secure.gravatar.com\\\/avatar\\\/3a8de04a2656d44082be478bd6c086daa447c4651605818287b9532d3d0bd435?s=96&d=mm&r=g\",\"caption\":\"Lo viste en Los Pol\u00edticos\"},\"url\":\"https:\\\/\\\/lospoliticosveracruz.com\\\/?author=2\"}]}<\/script>\n<!-- \/ Yoast SEO plugin. -->","yoast_head_json":{"title":"El Huevo y el agua - Los pol\u00edticos Veracruz","robots":{"index":"index","follow":"follow","max-snippet":"max-snippet:-1","max-image-preview":"max-image-preview:large","max-video-preview":"max-video-preview:-1"},"canonical":"https:\/\/lospoliticosveracruz.com\/?p=90405","og_locale":"es_ES","og_type":"article","og_title":"El Huevo y el agua - Los pol\u00edticos Veracruz","og_description":"Salvador Mu\u00f1ozLos Pol\u00edticos El diputado local Fernando Arteaga Aponte pide que pasen por b\u00e1scula al Grupo M\u00e1s, concesionaria del servicio de agua en el Puerto y Medell\u00edn, por los siglos de los siglos\u2026Quien se encargar\u00eda de hacerle esa revisi\u00f3n exhaustiva al Grupo Metropolitano de Agua y Saneamiento ser\u00eda el Orfis, as\u00ed como la Procuradur\u00eda del [&hellip;]","og_url":"https:\/\/lospoliticosveracruz.com\/?p=90405","og_site_name":"Los pol\u00edticos Veracruz","article_publisher":"https:\/\/www.facebook.com\/people\/Notimemes-de-los-Polticos\/61565672886568\/","article_published_time":"2022-05-26T06:38:00+00:00","og_image":[{"url":"https:\/\/lospoliticosveracruz.com.mx\/wp-content\/uploads\/2021\/10\/Zacauilt.jpg","type":"","width":"","height":""}],"author":"Lo viste en Los Pol\u00edticos","twitter_card":"summary_large_image","twitter_creator":"@LosPoliticosVer","twitter_site":"@LosPoliticosVer","twitter_misc":{"Escrito por":"Lo viste en Los Pol\u00edticos","Tiempo de lectura":"3 minutos"},"schema":{"@context":"https:\/\/schema.org","@graph":[{"@type":"Article","@id":"https:\/\/lospoliticosveracruz.com\/?p=90405#article","isPartOf":{"@id":"https:\/\/lospoliticosveracruz.com\/?p=90405"},"author":{"name":"Lo viste en Los Pol\u00edticos","@id":"https:\/\/lospoliticosveracruz.com\/#\/schema\/person\/b8702bb0e538456e6efd07080bf2a4a2"},"headline":"El Huevo y el agua","datePublished":"2022-05-26T06:38:00+00:00","mainEntityOfPage":{"@id":"https:\/\/lospoliticosveracruz.com\/?p=90405"},"wordCount":694,"publisher":{"@id":"https:\/\/lospoliticosveracruz.com\/#organization"},"image":{"@id":"https:\/\/lospoliticosveracruz.com\/?p=90405#primaryimage"},"thumbnailUrl":"https:\/\/lospoliticosveracruz.com.mx\/wp-content\/uploads\/2021\/10\/Zacauilt.jpg","keywords":["Bingen Rementer\u00eda","Fernando Arteaga Aponte","Gonzalo Dur\u00e1n Chincoya","Grupo M\u00e1s","Lorena Pi\u00f1\u00f3n Rivera","Maleno Rosales","Miguel Hermida","Orfis","Orquesta Sinf\u00f3nica de Xalapa","Procuradur\u00eda del Medio Ambiente","Reginaldo Sandoval","Rub\u00e9n Gregorio Mu\u00f1oz \u00c1lvarez","Salvador Mu\u00f1oz","Tonatiuh Garc\u00eda Jim\u00e9nez","Veracruz"],"articleSection":["De Opini\u00f3n"],"inLanguage":"es"},{"@type":"WebPage","@id":"https:\/\/lospoliticosveracruz.com\/?p=90405","url":"https:\/\/lospoliticosveracruz.com\/?p=90405","name":"El Huevo y el agua - Los pol\u00edticos Veracruz","isPartOf":{"@id":"https:\/\/lospoliticosveracruz.com\/#website"},"primaryImageOfPage":{"@id":"https:\/\/lospoliticosveracruz.com\/?p=90405#primaryimage"},"image":{"@id":"https:\/\/lospoliticosveracruz.com\/?p=90405#primaryimage"},"thumbnailUrl":"https:\/\/lospoliticosveracruz.com.mx\/wp-content\/uploads\/2021\/10\/Zacauilt.jpg","datePublished":"2022-05-26T06:38:00+00:00","breadcrumb":{"@id":"https:\/\/lospoliticosveracruz.com\/?p=90405#breadcrumb"},"inLanguage":"es","potentialAction":[{"@type":"ReadAction","target":["https:\/\/lospoliticosveracruz.com\/?p=90405"]}]},{"@type":"ImageObject","inLanguage":"es","@id":"https:\/\/lospoliticosveracruz.com\/?p=90405#primaryimage","url":"https:\/\/lospoliticosveracruz.com.mx\/wp-content\/uploads\/2021\/10\/Zacauilt.jpg","contentUrl":"https:\/\/lospoliticosveracruz.com.mx\/wp-content\/uploads\/2021\/10\/Zacauilt.jpg"},{"@type":"BreadcrumbList","@id":"https:\/\/lospoliticosveracruz.com\/?p=90405#breadcrumb","itemListElement":[{"@type":"ListItem","position":1,"name":"Portada","item":"https:\/\/lospoliticosveracruz.com\/"},{"@type":"ListItem","position":2,"name":"El Huevo y el agua"}]},{"@type":"WebSite","@id":"https:\/\/lospoliticosveracruz.com\/#website","url":"https:\/\/lospoliticosveracruz.com\/","name":"Los pol\u00edticos Veracruz","description":"","publisher":{"@id":"https:\/\/lospoliticosveracruz.com\/#organization"},"potentialAction":[{"@type":"SearchAction","target":{"@type":"EntryPoint","urlTemplate":"https:\/\/lospoliticosveracruz.com\/?s={search_term_string}"},"query-input":{"@type":"PropertyValueSpecification","valueRequired":true,"valueName":"search_term_string"}}],"inLanguage":"es"},{"@type":"Organization","@id":"https:\/\/lospoliticosveracruz.com\/#organization","name":"Los pol\u00edticos Veracruz","url":"https:\/\/lospoliticosveracruz.com\/","logo":{"@type":"ImageObject","inLanguage":"es","@id":"https:\/\/lospoliticosveracruz.com\/#\/schema\/logo\/image\/","url":"https:\/\/lospoliticosveracruz.com\/wp-content\/uploads\/2025\/12\/Logo-Nuevo-LOS-POLITICOS-1.jpg","contentUrl":"https:\/\/lospoliticosveracruz.com\/wp-content\/uploads\/2025\/12\/Logo-Nuevo-LOS-POLITICOS-1.jpg","width":260,"height":70,"caption":"Los pol\u00edticos Veracruz"},"image":{"@id":"https:\/\/lospoliticosveracruz.com\/#\/schema\/logo\/image\/"},"sameAs":["https:\/\/www.facebook.com\/people\/Notimemes-de-los-Polticos\/61565672886568\/","https:\/\/x.com\/LosPoliticosVer"]},{"@type":"Person","@id":"https:\/\/lospoliticosveracruz.com\/#\/schema\/person\/b8702bb0e538456e6efd07080bf2a4a2","name":"Lo viste en Los Pol\u00edticos","image":{"@type":"ImageObject","inLanguage":"es","@id":"https:\/\/secure.gravatar.com\/avatar\/3a8de04a2656d44082be478bd6c086daa447c4651605818287b9532d3d0bd435?s=96&d=mm&r=g","url":"https:\/\/secure.gravatar.com\/avatar\/3a8de04a2656d44082be478bd6c086daa447c4651605818287b9532d3d0bd435?s=96&d=mm&r=g","contentUrl":"https:\/\/secure.gravatar.com\/avatar\/3a8de04a2656d44082be478bd6c086daa447c4651605818287b9532d3d0bd435?s=96&d=mm&r=g","caption":"Lo viste en Los Pol\u00edticos"},"url":"https:\/\/lospoliticosveracruz.com\/?author=2"}]}},"_links":{"self":[{"href":"https:\/\/lospoliticosveracruz.com\/index.php?rest_route=\/wp\/v2\/posts\/90405","targetHints":{"allow":["GET"]}}],"collection":[{"href":"https:\/\/lospoliticosveracruz.com\/index.php?rest_route=\/wp\/v2\/posts"}],"about":[{"href":"https:\/\/lospoliticosveracruz.com\/index.php?rest_route=\/wp\/v2\/types\/post"}],"author":[{"embeddable":true,"href":"https:\/\/lospoliticosveracruz.com\/index.php?rest_route=\/wp\/v2\/users\/2"}],"replies":[{"embeddable":true,"href":"https:\/\/lospoliticosveracruz.com\/index.php?rest_route=%2Fwp%2Fv2%2Fcomments&post=90405"}],"version-history":[{"count":1,"href":"https:\/\/lospoliticosveracruz.com\/index.php?rest_route=\/wp\/v2\/posts\/90405\/revisions"}],"predecessor-version":[{"id":90407,"href":"https:\/\/lospoliticosveracruz.com\/index.php?rest_route=\/wp\/v2\/posts\/90405\/revisions\/90407"}],"wp:attachment":[{"href":"https:\/\/lospoliticosveracruz.com\/index.php?rest_route=%2Fwp%2Fv2%2Fmedia&parent=90405"}],"wp:term":[{"taxonomy":"category","embeddable":true,"href":"https:\/\/lospoliticosveracruz.com\/index.php?rest_route=%2Fwp%2Fv2%2Fcategories&post=90405"},{"taxonomy":"post_tag","embeddable":true,"href":"https:\/\/lospoliticosveracruz.com\/index.php?rest_route=%2Fwp%2Fv2%2Ftags&post=90405"}],"curies":[{"name":"wp","href":"https:\/\/api.w.org\/{rel}","templated":true}]}}