{"id":90472,"date":"2022-05-27T08:36:24","date_gmt":"2022-05-27T13:36:24","guid":{"rendered":"https:\/\/lospoliticosveracruz.com.mx\/?p=90472"},"modified":"2022-05-27T08:36:35","modified_gmt":"2022-05-27T13:36:35","slug":"no-es-un-dia-naranja-son-dias-rojos-cinicos","status":"publish","type":"post","link":"https:\/\/lospoliticosveracruz.com\/?p=90472","title":{"rendered":"No es un d\u00eda naranja, son d\u00edas rojos; \u00a1C\u00ednicos!"},"content":{"rendered":"\n<p><\/p>\n\n\n\n<p><strong>Felipe de Jes\u00fas Fern\u00e1ndez Basilio<\/strong><br><em>Desde A Janela<\/em><br><\/p>\n\n\n\n<p>Muchos funcionarios del que cada vez es m\u00e1s dif\u00edcil llamarle gobierno veracruzano escogieron un d\u00eda del mes para para ponerse ropa o adornos de color anaranjado como s\u00edmbolo de la lucha para erradicar la violencia en contra de las mujeres y ni\u00f1as.<\/p>\n\n\n\n<div class=\"wp-block-image\"><figure class=\"alignleft size-medium\"><a href=\"https:\/\/lospoliticosveracruz.com.mx\/wp-content\/uploads\/2021\/10\/Zacauilt.jpg\"><img decoding=\"async\" src=\"https:\/\/lospoliticosveracruz.com.mx\/wp-content\/uploads\/2021\/10\/Zacauilt-150x300.jpg\" alt=\"\" class=\"wp-image-80558\"\/><\/a><\/figure><\/div>\n\n\n\n<p>Y no solo usan el anaranjado, sino que llevan a cabo esa lucha con programas y acciones tan importantes como plasmar con pintura de ese color las huellas de sus manos en edificios p\u00fablicos, como lo son los del poder judicial, y con un discurso gubernamental basado en que todas las personas que encabezan los poderes legislativo y judicial, as\u00ed como los \u00f3rganos aut\u00f3nomos (todos secuestrados por el gobierno del estado) son del g\u00e9nero femenino.<br>Llegando al grado de que en marzo exhiben como trofeos de sus conquistas, las fotograf\u00edas de las no tan distinguidas damas que se prestaron al juego del desacato constitucional.<br>Todo eso y cualquier otra frivolidad que se le pudiera ocurrir a la muy mal llamada \u201c4t\u201d jarocha, a excepci\u00f3n de las violaciones a las constituciones nacional y estatal, no pasar\u00edan de ser actos de mal gusto, es decir, los adornos naranjas y los jueguitos que hacen en esa fecha ser\u00edan irrelevantes si hubiera un Estado que a trav\u00e9s de sus m\u00faltiples atribuciones realmente contuviera la violencia de g\u00e9nero.<br>Pero la realidad, amables lectores, esa misma que siempre es la que pone en su lugar a todos los populistas como los que hoy gobiernan en M\u00e9xico y en Veracruz, se ha encargado de decir una vez m\u00e1s que Cuitl\u00e1huac Garc\u00eda y todos sus secuaces (y sus jefes tambi\u00e9n), son una bola de c\u00ednicos y lo son, aunque se pinten de pies a cabeza de color anaranjado.<br>Y ese frentazo de realidad lo recibieron precisamente el d\u00eda que andaban de naranja, cuando apareci\u00f3 muerta la joven madre de familia Viridiana Moreno, cuyos restos fueron tirados en una playa con signos claros de haber sido asesinada.<br>Tragedia que hubiera sido una estad\u00edstica m\u00e1s del fracaso real que existe en la lucha para erradicar la violencia en contra de las mujeres y de las ni\u00f1as, sino es porque el gobernador del estado dijo d\u00edas antes con rotundidad que Viridiana en realidad no estaba desaparecida, sino que se encontraba resguardada por la fiscal\u00eda del estado.<br>Declaraciones que, ante la tragedia puesta a la luz, el encuentro de los restos de la joven mujer descuartizados, abandonados en una playa y con signos de haber sufrido violencia sexual; descubren la frivolidad, el cinismo y el actuar francamente criminal del gobernador y de todas las autoridades encargadas de prevenir y erradicar la violencia de g\u00e9nero.<br>Veamos, el gobernador cuando afirm\u00f3 que la fiscal\u00eda ten\u00eda resguardada a la muchacha que luego result\u00f3 vejada y asesinada, sin decir la raz\u00f3n por la que estaba en dicha situaci\u00f3n; pudo haber sido un gran mentiroso y un gran canalla, quien con tal de quitarse los cuestionamientos de los reporteros y para no decir que las autoridades ignoraban totalmente el paradero de la joven mujer, se invent\u00f3 la declaraci\u00f3n que muy probablemente marcar\u00e1 su paso por la gubernatura y que consisti\u00f3 en decir que la fiscal\u00eda la hab\u00eda resguardado y la fiscal espuria, como buena lacaya, guard\u00f3 silencio a fin de no contradecir a quien la impuso en ese cargo.<br>Luego la realidad que, por desgracia, muchas veces puede ser muy cruel desnud\u00f3 la mentira y exhibi\u00f3 como unos verdaderos patanes e incompetentes al gobernador por su terrible declaraci\u00f3n y a la fiscal\u00eda por asumir con su silencio la mentira del primero.<br>Pero no solo eso, la indolencia ante la tragedia sufrida por la joven asesinada tambi\u00e9n comprendi\u00f3 a la bancada legislativa de MRN, ya que ante los m\u00e1s que justos reclamos para que la persona que ocupa el cargo de fiscal general del estado compareciera ante la legislatura local para dar todas las explicaciones que el caso amerita, y es que la sociedad veracruzana necesita y exige saber si la fiscal\u00eda realmente resguard\u00f3 a la persona asesinada y vejada y si es que fue as\u00ed, c\u00f3mo fue que pese a las medidas de protecci\u00f3n tan fuertes que implican un resguardo, es que dicha persona fue tan brutalmente privada de la vida o de la misma manera, la sociedad necesita saber si fue el gobernador tan canalla para decir semejante mentira.<br>M\u00e1s la bancada oficialista, en lugar de sumarse a esos reclamos y apoyar la comparecencia de Hern\u00e1ndez Giad\u00e1ns; la rechaza diciendo escuetamente en voz de una de sus diputadas, que \u201cla fiscal trabaja bien\u201d y que por ello, no es necesario que acuda al Congreso del Estado; comportamiento que no es nada extra\u00f1o para el autoritarismo y la soberbia con los que se conducen los morenos en todos los lugares en los que son gobierno; ya que son marcas de la casa no reconocer los errores ni rendir cuentas ante nadie de sus actos.<br>Ciertamente no son exclusivas de estos tiempos la violencia en general ni la violencia de g\u00e9nero en lo particular ni tampoco la incapacidad del Estado para contenerlas, pero s\u00ed son de su total exclusividad la soberbia, el cinismo, la mentira y el total desinter\u00e9s por hacer algo al respecto.<br>Y es que mientras las autoridades encargadas de controlar la violencia hacia la mujer, se visten de naranja un d\u00eda de cada mes y adem\u00e1s hasta llevan a cabo jueguitos como el de las huellitas; el estado de Veracruz tiene te\u00f1idos de rojo todos y cada uno de los d\u00edas del a\u00f1o, pero no de una simple pinturita, sino que de la sangre de cada mujer que es violada, golpeada y asesinada con total impunidad y ante la complacencia de las autoridades.<br>No es un d\u00eda naranja, son d\u00edas rojos; \u00a1C\u00ednicos!<br>felfebas@gmail.com<br>Twitter: @FelipeFBasilio<\/p>\n","protected":false},"excerpt":{"rendered":"<p>Felipe de Jes\u00fas Fern\u00e1ndez BasilioDesde A Janela Muchos funcionarios del que cada vez es m\u00e1s dif\u00edcil llamarle gobierno veracruzano escogieron un d\u00eda del mes para para ponerse ropa o adornos de color anaranjado como s\u00edmbolo de la lucha para erradicar la violencia en contra de las mujeres y ni\u00f1as. Y no solo usan el anaranjado, [&hellip;]<\/p>\n","protected":false},"author":2,"featured_media":0,"comment_status":"closed","ping_status":"closed","sticky":false,"template":"","format":"standard","meta":{"tdm_status":"","tdm_grid_status":"","footnotes":""},"categories":[70],"tags":[1563,12232,1026,10669,195],"class_list":{"0":"post-90472","1":"post","2":"type-post","3":"status-publish","4":"format-standard","6":"category-de-opinion","7":"tag-cuitlahuac-garcia-jimenez","8":"tag-dia-naranja","9":"tag-morena","10":"tag-rosalinda-galindo-silva","11":"tag-veracruz"},"yoast_head":"<!-- This site is optimized with the Yoast SEO plugin v27.4 - https:\/\/yoast.com\/product\/yoast-seo-wordpress\/ -->\n<title>No es un d\u00eda naranja, son d\u00edas rojos; \u00a1C\u00ednicos! - Los pol\u00edticos Veracruz<\/title>\n<meta name=\"robots\" content=\"index, follow, max-snippet:-1, max-image-preview:large, max-video-preview:-1\" \/>\n<link rel=\"canonical\" href=\"https:\/\/lospoliticosveracruz.com\/?p=90472\" \/>\n<meta property=\"og:locale\" content=\"es_ES\" \/>\n<meta property=\"og:type\" content=\"article\" \/>\n<meta property=\"og:title\" content=\"No es un d\u00eda naranja, son d\u00edas rojos; \u00a1C\u00ednicos! - Los pol\u00edticos Veracruz\" \/>\n<meta property=\"og:description\" content=\"Felipe de Jes\u00fas Fern\u00e1ndez BasilioDesde A Janela Muchos funcionarios del que cada vez es m\u00e1s dif\u00edcil llamarle gobierno veracruzano escogieron un d\u00eda del mes para para ponerse ropa o adornos de color anaranjado como s\u00edmbolo de la lucha para erradicar la violencia en contra de las mujeres y ni\u00f1as. Y no solo usan el anaranjado, [&hellip;]\" \/>\n<meta property=\"og:url\" content=\"https:\/\/lospoliticosveracruz.com\/?p=90472\" \/>\n<meta property=\"og:site_name\" content=\"Los pol\u00edticos Veracruz\" \/>\n<meta property=\"article:publisher\" content=\"https:\/\/www.facebook.com\/people\/Notimemes-de-los-Polticos\/61565672886568\/\" \/>\n<meta property=\"article:published_time\" content=\"2022-05-27T13:36:24+00:00\" \/>\n<meta property=\"article:modified_time\" content=\"2022-05-27T13:36:35+00:00\" \/>\n<meta property=\"og:image\" content=\"https:\/\/lospoliticosveracruz.com.mx\/wp-content\/uploads\/2021\/10\/Zacauilt-150x300.jpg\" \/>\n<meta name=\"author\" content=\"Lo viste en Los Pol\u00edticos\" \/>\n<meta name=\"twitter:card\" content=\"summary_large_image\" \/>\n<meta name=\"twitter:creator\" content=\"@LosPoliticosVer\" \/>\n<meta name=\"twitter:site\" content=\"@LosPoliticosVer\" \/>\n<meta name=\"twitter:label1\" content=\"Escrito por\" \/>\n\t<meta name=\"twitter:data1\" content=\"Lo viste en Los Pol\u00edticos\" \/>\n\t<meta name=\"twitter:label2\" content=\"Tiempo de lectura\" \/>\n\t<meta name=\"twitter:data2\" content=\"5 minutos\" \/>\n<script type=\"application\/ld+json\" class=\"yoast-schema-graph\">{\"@context\":\"https:\\\/\\\/schema.org\",\"@graph\":[{\"@type\":\"Article\",\"@id\":\"https:\\\/\\\/lospoliticosveracruz.com\\\/?p=90472#article\",\"isPartOf\":{\"@id\":\"https:\\\/\\\/lospoliticosveracruz.com\\\/?p=90472\"},\"author\":{\"name\":\"Lo viste en Los Pol\u00edticos\",\"@id\":\"https:\\\/\\\/lospoliticosveracruz.com\\\/#\\\/schema\\\/person\\\/b8702bb0e538456e6efd07080bf2a4a2\"},\"headline\":\"No es un d\u00eda naranja, son d\u00edas rojos; \u00a1C\u00ednicos!\",\"datePublished\":\"2022-05-27T13:36:24+00:00\",\"dateModified\":\"2022-05-27T13:36:35+00:00\",\"mainEntityOfPage\":{\"@id\":\"https:\\\/\\\/lospoliticosveracruz.com\\\/?p=90472\"},\"wordCount\":1031,\"publisher\":{\"@id\":\"https:\\\/\\\/lospoliticosveracruz.com\\\/#organization\"},\"image\":{\"@id\":\"https:\\\/\\\/lospoliticosveracruz.com\\\/?p=90472#primaryimage\"},\"thumbnailUrl\":\"https:\\\/\\\/lospoliticosveracruz.com.mx\\\/wp-content\\\/uploads\\\/2021\\\/10\\\/Zacauilt-150x300.jpg\",\"keywords\":[\"Cuitl\u00e1huac Garc\u00eda Jim\u00e9nez\",\"D\u00eda Naranja\",\"Morena\",\"Rosalinda Galindo Silva\",\"Veracruz\"],\"articleSection\":[\"De Opini\u00f3n\"],\"inLanguage\":\"es\"},{\"@type\":\"WebPage\",\"@id\":\"https:\\\/\\\/lospoliticosveracruz.com\\\/?p=90472\",\"url\":\"https:\\\/\\\/lospoliticosveracruz.com\\\/?p=90472\",\"name\":\"No es un d\u00eda naranja, son d\u00edas rojos; \u00a1C\u00ednicos! - Los pol\u00edticos Veracruz\",\"isPartOf\":{\"@id\":\"https:\\\/\\\/lospoliticosveracruz.com\\\/#website\"},\"primaryImageOfPage\":{\"@id\":\"https:\\\/\\\/lospoliticosveracruz.com\\\/?p=90472#primaryimage\"},\"image\":{\"@id\":\"https:\\\/\\\/lospoliticosveracruz.com\\\/?p=90472#primaryimage\"},\"thumbnailUrl\":\"https:\\\/\\\/lospoliticosveracruz.com.mx\\\/wp-content\\\/uploads\\\/2021\\\/10\\\/Zacauilt-150x300.jpg\",\"datePublished\":\"2022-05-27T13:36:24+00:00\",\"dateModified\":\"2022-05-27T13:36:35+00:00\",\"breadcrumb\":{\"@id\":\"https:\\\/\\\/lospoliticosveracruz.com\\\/?p=90472#breadcrumb\"},\"inLanguage\":\"es\",\"potentialAction\":[{\"@type\":\"ReadAction\",\"target\":[\"https:\\\/\\\/lospoliticosveracruz.com\\\/?p=90472\"]}]},{\"@type\":\"ImageObject\",\"inLanguage\":\"es\",\"@id\":\"https:\\\/\\\/lospoliticosveracruz.com\\\/?p=90472#primaryimage\",\"url\":\"https:\\\/\\\/lospoliticosveracruz.com.mx\\\/wp-content\\\/uploads\\\/2021\\\/10\\\/Zacauilt-150x300.jpg\",\"contentUrl\":\"https:\\\/\\\/lospoliticosveracruz.com.mx\\\/wp-content\\\/uploads\\\/2021\\\/10\\\/Zacauilt-150x300.jpg\"},{\"@type\":\"BreadcrumbList\",\"@id\":\"https:\\\/\\\/lospoliticosveracruz.com\\\/?p=90472#breadcrumb\",\"itemListElement\":[{\"@type\":\"ListItem\",\"position\":1,\"name\":\"Portada\",\"item\":\"https:\\\/\\\/lospoliticosveracruz.com\\\/\"},{\"@type\":\"ListItem\",\"position\":2,\"name\":\"No es un d\u00eda naranja, son d\u00edas rojos; \u00a1C\u00ednicos!\"}]},{\"@type\":\"WebSite\",\"@id\":\"https:\\\/\\\/lospoliticosveracruz.com\\\/#website\",\"url\":\"https:\\\/\\\/lospoliticosveracruz.com\\\/\",\"name\":\"Los pol\u00edticos Veracruz\",\"description\":\"\",\"publisher\":{\"@id\":\"https:\\\/\\\/lospoliticosveracruz.com\\\/#organization\"},\"potentialAction\":[{\"@type\":\"SearchAction\",\"target\":{\"@type\":\"EntryPoint\",\"urlTemplate\":\"https:\\\/\\\/lospoliticosveracruz.com\\\/?s={search_term_string}\"},\"query-input\":{\"@type\":\"PropertyValueSpecification\",\"valueRequired\":true,\"valueName\":\"search_term_string\"}}],\"inLanguage\":\"es\"},{\"@type\":\"Organization\",\"@id\":\"https:\\\/\\\/lospoliticosveracruz.com\\\/#organization\",\"name\":\"Los pol\u00edticos Veracruz\",\"url\":\"https:\\\/\\\/lospoliticosveracruz.com\\\/\",\"logo\":{\"@type\":\"ImageObject\",\"inLanguage\":\"es\",\"@id\":\"https:\\\/\\\/lospoliticosveracruz.com\\\/#\\\/schema\\\/logo\\\/image\\\/\",\"url\":\"https:\\\/\\\/lospoliticosveracruz.com\\\/wp-content\\\/uploads\\\/2025\\\/12\\\/Logo-Nuevo-LOS-POLITICOS-1.jpg\",\"contentUrl\":\"https:\\\/\\\/lospoliticosveracruz.com\\\/wp-content\\\/uploads\\\/2025\\\/12\\\/Logo-Nuevo-LOS-POLITICOS-1.jpg\",\"width\":260,\"height\":70,\"caption\":\"Los pol\u00edticos Veracruz\"},\"image\":{\"@id\":\"https:\\\/\\\/lospoliticosveracruz.com\\\/#\\\/schema\\\/logo\\\/image\\\/\"},\"sameAs\":[\"https:\\\/\\\/www.facebook.com\\\/people\\\/Notimemes-de-los-Polticos\\\/61565672886568\\\/\",\"https:\\\/\\\/x.com\\\/LosPoliticosVer\"]},{\"@type\":\"Person\",\"@id\":\"https:\\\/\\\/lospoliticosveracruz.com\\\/#\\\/schema\\\/person\\\/b8702bb0e538456e6efd07080bf2a4a2\",\"name\":\"Lo viste en Los Pol\u00edticos\",\"image\":{\"@type\":\"ImageObject\",\"inLanguage\":\"es\",\"@id\":\"https:\\\/\\\/secure.gravatar.com\\\/avatar\\\/3a8de04a2656d44082be478bd6c086daa447c4651605818287b9532d3d0bd435?s=96&d=mm&r=g\",\"url\":\"https:\\\/\\\/secure.gravatar.com\\\/avatar\\\/3a8de04a2656d44082be478bd6c086daa447c4651605818287b9532d3d0bd435?s=96&d=mm&r=g\",\"contentUrl\":\"https:\\\/\\\/secure.gravatar.com\\\/avatar\\\/3a8de04a2656d44082be478bd6c086daa447c4651605818287b9532d3d0bd435?s=96&d=mm&r=g\",\"caption\":\"Lo viste en Los Pol\u00edticos\"},\"url\":\"https:\\\/\\\/lospoliticosveracruz.com\\\/?author=2\"}]}<\/script>\n<!-- \/ Yoast SEO plugin. -->","yoast_head_json":{"title":"No es un d\u00eda naranja, son d\u00edas rojos; \u00a1C\u00ednicos! - Los pol\u00edticos Veracruz","robots":{"index":"index","follow":"follow","max-snippet":"max-snippet:-1","max-image-preview":"max-image-preview:large","max-video-preview":"max-video-preview:-1"},"canonical":"https:\/\/lospoliticosveracruz.com\/?p=90472","og_locale":"es_ES","og_type":"article","og_title":"No es un d\u00eda naranja, son d\u00edas rojos; \u00a1C\u00ednicos! - Los pol\u00edticos Veracruz","og_description":"Felipe de Jes\u00fas Fern\u00e1ndez BasilioDesde A Janela Muchos funcionarios del que cada vez es m\u00e1s dif\u00edcil llamarle gobierno veracruzano escogieron un d\u00eda del mes para para ponerse ropa o adornos de color anaranjado como s\u00edmbolo de la lucha para erradicar la violencia en contra de las mujeres y ni\u00f1as. Y no solo usan el anaranjado, [&hellip;]","og_url":"https:\/\/lospoliticosveracruz.com\/?p=90472","og_site_name":"Los pol\u00edticos Veracruz","article_publisher":"https:\/\/www.facebook.com\/people\/Notimemes-de-los-Polticos\/61565672886568\/","article_published_time":"2022-05-27T13:36:24+00:00","article_modified_time":"2022-05-27T13:36:35+00:00","og_image":[{"url":"https:\/\/lospoliticosveracruz.com.mx\/wp-content\/uploads\/2021\/10\/Zacauilt-150x300.jpg","type":"","width":"","height":""}],"author":"Lo viste en Los Pol\u00edticos","twitter_card":"summary_large_image","twitter_creator":"@LosPoliticosVer","twitter_site":"@LosPoliticosVer","twitter_misc":{"Escrito por":"Lo viste en Los Pol\u00edticos","Tiempo de lectura":"5 minutos"},"schema":{"@context":"https:\/\/schema.org","@graph":[{"@type":"Article","@id":"https:\/\/lospoliticosveracruz.com\/?p=90472#article","isPartOf":{"@id":"https:\/\/lospoliticosveracruz.com\/?p=90472"},"author":{"name":"Lo viste en Los Pol\u00edticos","@id":"https:\/\/lospoliticosveracruz.com\/#\/schema\/person\/b8702bb0e538456e6efd07080bf2a4a2"},"headline":"No es un d\u00eda naranja, son d\u00edas rojos; \u00a1C\u00ednicos!","datePublished":"2022-05-27T13:36:24+00:00","dateModified":"2022-05-27T13:36:35+00:00","mainEntityOfPage":{"@id":"https:\/\/lospoliticosveracruz.com\/?p=90472"},"wordCount":1031,"publisher":{"@id":"https:\/\/lospoliticosveracruz.com\/#organization"},"image":{"@id":"https:\/\/lospoliticosveracruz.com\/?p=90472#primaryimage"},"thumbnailUrl":"https:\/\/lospoliticosveracruz.com.mx\/wp-content\/uploads\/2021\/10\/Zacauilt-150x300.jpg","keywords":["Cuitl\u00e1huac Garc\u00eda Jim\u00e9nez","D\u00eda Naranja","Morena","Rosalinda Galindo Silva","Veracruz"],"articleSection":["De Opini\u00f3n"],"inLanguage":"es"},{"@type":"WebPage","@id":"https:\/\/lospoliticosveracruz.com\/?p=90472","url":"https:\/\/lospoliticosveracruz.com\/?p=90472","name":"No es un d\u00eda naranja, son d\u00edas rojos; \u00a1C\u00ednicos! - Los pol\u00edticos Veracruz","isPartOf":{"@id":"https:\/\/lospoliticosveracruz.com\/#website"},"primaryImageOfPage":{"@id":"https:\/\/lospoliticosveracruz.com\/?p=90472#primaryimage"},"image":{"@id":"https:\/\/lospoliticosveracruz.com\/?p=90472#primaryimage"},"thumbnailUrl":"https:\/\/lospoliticosveracruz.com.mx\/wp-content\/uploads\/2021\/10\/Zacauilt-150x300.jpg","datePublished":"2022-05-27T13:36:24+00:00","dateModified":"2022-05-27T13:36:35+00:00","breadcrumb":{"@id":"https:\/\/lospoliticosveracruz.com\/?p=90472#breadcrumb"},"inLanguage":"es","potentialAction":[{"@type":"ReadAction","target":["https:\/\/lospoliticosveracruz.com\/?p=90472"]}]},{"@type":"ImageObject","inLanguage":"es","@id":"https:\/\/lospoliticosveracruz.com\/?p=90472#primaryimage","url":"https:\/\/lospoliticosveracruz.com.mx\/wp-content\/uploads\/2021\/10\/Zacauilt-150x300.jpg","contentUrl":"https:\/\/lospoliticosveracruz.com.mx\/wp-content\/uploads\/2021\/10\/Zacauilt-150x300.jpg"},{"@type":"BreadcrumbList","@id":"https:\/\/lospoliticosveracruz.com\/?p=90472#breadcrumb","itemListElement":[{"@type":"ListItem","position":1,"name":"Portada","item":"https:\/\/lospoliticosveracruz.com\/"},{"@type":"ListItem","position":2,"name":"No es un d\u00eda naranja, son d\u00edas rojos; \u00a1C\u00ednicos!"}]},{"@type":"WebSite","@id":"https:\/\/lospoliticosveracruz.com\/#website","url":"https:\/\/lospoliticosveracruz.com\/","name":"Los pol\u00edticos Veracruz","description":"","publisher":{"@id":"https:\/\/lospoliticosveracruz.com\/#organization"},"potentialAction":[{"@type":"SearchAction","target":{"@type":"EntryPoint","urlTemplate":"https:\/\/lospoliticosveracruz.com\/?s={search_term_string}"},"query-input":{"@type":"PropertyValueSpecification","valueRequired":true,"valueName":"search_term_string"}}],"inLanguage":"es"},{"@type":"Organization","@id":"https:\/\/lospoliticosveracruz.com\/#organization","name":"Los pol\u00edticos Veracruz","url":"https:\/\/lospoliticosveracruz.com\/","logo":{"@type":"ImageObject","inLanguage":"es","@id":"https:\/\/lospoliticosveracruz.com\/#\/schema\/logo\/image\/","url":"https:\/\/lospoliticosveracruz.com\/wp-content\/uploads\/2025\/12\/Logo-Nuevo-LOS-POLITICOS-1.jpg","contentUrl":"https:\/\/lospoliticosveracruz.com\/wp-content\/uploads\/2025\/12\/Logo-Nuevo-LOS-POLITICOS-1.jpg","width":260,"height":70,"caption":"Los pol\u00edticos Veracruz"},"image":{"@id":"https:\/\/lospoliticosveracruz.com\/#\/schema\/logo\/image\/"},"sameAs":["https:\/\/www.facebook.com\/people\/Notimemes-de-los-Polticos\/61565672886568\/","https:\/\/x.com\/LosPoliticosVer"]},{"@type":"Person","@id":"https:\/\/lospoliticosveracruz.com\/#\/schema\/person\/b8702bb0e538456e6efd07080bf2a4a2","name":"Lo viste en Los Pol\u00edticos","image":{"@type":"ImageObject","inLanguage":"es","@id":"https:\/\/secure.gravatar.com\/avatar\/3a8de04a2656d44082be478bd6c086daa447c4651605818287b9532d3d0bd435?s=96&d=mm&r=g","url":"https:\/\/secure.gravatar.com\/avatar\/3a8de04a2656d44082be478bd6c086daa447c4651605818287b9532d3d0bd435?s=96&d=mm&r=g","contentUrl":"https:\/\/secure.gravatar.com\/avatar\/3a8de04a2656d44082be478bd6c086daa447c4651605818287b9532d3d0bd435?s=96&d=mm&r=g","caption":"Lo viste en Los Pol\u00edticos"},"url":"https:\/\/lospoliticosveracruz.com\/?author=2"}]}},"_links":{"self":[{"href":"https:\/\/lospoliticosveracruz.com\/index.php?rest_route=\/wp\/v2\/posts\/90472","targetHints":{"allow":["GET"]}}],"collection":[{"href":"https:\/\/lospoliticosveracruz.com\/index.php?rest_route=\/wp\/v2\/posts"}],"about":[{"href":"https:\/\/lospoliticosveracruz.com\/index.php?rest_route=\/wp\/v2\/types\/post"}],"author":[{"embeddable":true,"href":"https:\/\/lospoliticosveracruz.com\/index.php?rest_route=\/wp\/v2\/users\/2"}],"replies":[{"embeddable":true,"href":"https:\/\/lospoliticosveracruz.com\/index.php?rest_route=%2Fwp%2Fv2%2Fcomments&post=90472"}],"version-history":[{"count":1,"href":"https:\/\/lospoliticosveracruz.com\/index.php?rest_route=\/wp\/v2\/posts\/90472\/revisions"}],"predecessor-version":[{"id":90474,"href":"https:\/\/lospoliticosveracruz.com\/index.php?rest_route=\/wp\/v2\/posts\/90472\/revisions\/90474"}],"wp:attachment":[{"href":"https:\/\/lospoliticosveracruz.com\/index.php?rest_route=%2Fwp%2Fv2%2Fmedia&parent=90472"}],"wp:term":[{"taxonomy":"category","embeddable":true,"href":"https:\/\/lospoliticosveracruz.com\/index.php?rest_route=%2Fwp%2Fv2%2Fcategories&post=90472"},{"taxonomy":"post_tag","embeddable":true,"href":"https:\/\/lospoliticosveracruz.com\/index.php?rest_route=%2Fwp%2Fv2%2Ftags&post=90472"}],"curies":[{"name":"wp","href":"https:\/\/api.w.org\/{rel}","templated":true}]}}