{"id":90478,"date":"2022-05-27T10:17:46","date_gmt":"2022-05-27T15:17:46","guid":{"rendered":"https:\/\/lospoliticosveracruz.com.mx\/?p=90478"},"modified":"2022-05-27T10:17:53","modified_gmt":"2022-05-27T15:17:53","slug":"justicia-selectiva","status":"publish","type":"post","link":"https:\/\/lospoliticosveracruz.com\/?p=90478","title":{"rendered":"\u00bfJusticia selectiva?"},"content":{"rendered":"\n<p><strong>Omar Z\u00fa\u00f1iga<\/strong><br><em>De Primera Mano Taj\u00edn<\/em><\/p>\n\n\n\n<p>Pues nada\u2026, lamentablemente nos encontramos con la noticia del fallecimiento de Viridiana Moreno, la joven madre de 31 a\u00f1os, que fue reportada como desaparecida el 18 de mayo y que el viernes 20, el gobernador Cuitl\u00e1huac Garc\u00eda dijo que \u201cno estaba desaparecida, sino en resguardo\u201d\u2026<\/p>\n\n\n\n<figure class=\"wp-block-image size-full\"><a href=\"https:\/\/lospoliticosveracruz.com.mx\/wp-content\/uploads\/2022\/05\/Seguro-Julio-Cerecedo.jpg\"><img decoding=\"async\" src=\"https:\/\/lospoliticosveracruz.com.mx\/wp-content\/uploads\/2022\/05\/Seguro-Julio-Cerecedo.jpg\" alt=\"\" class=\"wp-image-90414\"\/><\/a><\/figure>\n\n\n\n<p><br>Pues bueno, este breve pre\u00e1mbulo viene a cuento porque el mi\u00e9rcoles pasado, d\u00eda 25, fue un d\u00eda singular en el Congreso del Estado, pues adem\u00e1s de conmemorarse el D\u00eda Naranja o D\u00eda Internacional para Erradicar la Violencia en Contra de las Mujeres (cada d\u00eda 25 de mes se conmemora), hubo mucha actividad, incluida sesi\u00f3n.<br>Ese d\u00eda, los dos personajes m\u00e1s importantes de Congreso, el presidente de la Junta de Coordinaci\u00f3n Pol\u00edtica (JUCOPO) y la Presidenta de la Mesa Directiva, Juan Javier G\u00f3mez Cazar\u00edn y Cecilia Guevara, respectivamente, hicieron pronunciamientos fuertes, cada uno por su lado, sobre el tema de la erradicaci\u00f3n de la violencia contra las mujeres en el estado de Veracruz.<br>La diputada Guevara por ejemplo dijo en tono de advertencia que \u201cno habr\u00e1 m\u00e1s tolerancia para quienes violenten a las mujeres y que es indispensable unir esfuerzos en un mismo sentido para procurar el bienestar de las mujeres veracruzanas, toda vez que las mujeres somos parte fundamental de la transformaci\u00f3n de Veracruz y de M\u00e9xico\u201d.<br>\u201cNo m\u00e1s tolerancia para quienes discriminen, agredan o lastimen a una mujer\u201d, enfatiz\u00f3.<br>Por su parte, G\u00f3mez Cazar\u00edn asegur\u00f3 que \u201cerradicar la violencia machista, es tarea de todos y de todos los d\u00edas\u201d y sobre el caso particular de Viridiana, dijo que \u201chabr\u00e1 justicia y se castigar\u00e1 a los culpables\u201d.<br>\u201cNo me canso de reiterar mi rechazo a esa lacra de la sociedad que es la violencia contra las mujeres, ni\u00f1as y ni\u00f1os; lo repetimos por la sencilla raz\u00f3n de que la violencia sigue vigente y no podemos taparnos los ojos ante lo que sucede\u201d.<br>\u201cComo hombre (var\u00f3n), como Diputado, como Coordinador de la fracci\u00f3n parlamentaria (de Morena), como Presidente de la JUCOPO, cada compromiso de ese dec\u00e1logo desde hoy es m\u00edo y hago una invitaci\u00f3n a las compa\u00f1eras y compa\u00f1eros para que sea de todos nosotros; cero tolerancia a la violencia contra las mujeres, ni\u00f1as y ni\u00f1os de Veracruz\u201d.<br>Esas fueron las declaraciones para rechazar, y lo dijo el Congreso del Estado, el Poder Legislativo y esto no puede perderse de vista de ninguna manera, pues pregunto desde este humilde espacio, si se aplicar\u00e1 la ley de igual manera para todos o como la m\u00e1xima juarista, da igual\u2026<br>Si la respuesta es afirmativa, entonces viene la siguiente pregunta \u00bfcu\u00e1ndo ingresar\u00e1 la solicitud de juicio de procedencia al gobernador, que ha violado de manera sistem\u00e1tica derechos de mujeres; el caso m\u00e1s reciente el de la misma Viridiana Moreno, a quien le regate\u00f3 su calidad de v\u00edctima y que hoy yace muerta; y otro ejemplo el caso de la compa\u00f1era Sarah Landa, a quien intimid\u00f3 p\u00fablicamente en conferencia de prensa en Palacio de Gobierno, ocasionando incluso reacciones de agrupaciones de periodistas como Acover, o la misma CEAPP -que devenga recursos p\u00fablicos-.<br>Estos son casos de violencia flagrante contra la mujer.<br>Ahora, si la respuesta al cuestionamiento es negativa, nos encontraremos, una vez m\u00e1s, en casos de justicia selectiva.<br>Y en este tema, entra la procuraci\u00f3n de justicia, esa que le corresponde a la Fiscal\u00eda General del Estado, cuya titular Ver\u00f3nica Hern\u00e1ndez Giad\u00e1ns, totalmente identificada como parte del equipo del secretario de Gobierno, (hoy en la mira de la Fede), ya se puso en la mira del Congreso Local, la declaraci\u00f3n del mismo G\u00f3mez Cazar\u00edn, apenas el martes anterior y ante los yerros cometidos (Viridiana, asesino que no era en caso de periodistas asesinadas, etc\u2026) dijo que est\u00e1 abierto a revisar la actuaci\u00f3n de la Fiscal\u00eda, por que \u201c\u00e9l se suma a la voz del pueblo y si piden una revisi\u00f3n (al actuar de la FGE), por algo ha de ser\u201d.<br>Entonces, bien le valdr\u00eda a la Fiscal carnal poner sus barbas a remojar\u2026<\/p>\n\n\n\n<hr class=\"wp-block-separator\"\/>\n\n\n\n<p>Por cierto\u2026 la estrategia del silencio no funciona en t\u00e9rminos de Comunicaci\u00f3n Institucional, cuando se trata de un asunto que trasciende el \u00e1mbito local y alcanza el nacional. Es la peor postura que puede adoptarse, lo mejor es preparar al funcionario y dar la cara con argumentos inteligentes y cre\u00edbles. De nada.<\/p>\n\n\n\n<p>\u00a1Qu\u00e9 barbaridad!<br>deprimera.mano2020@yahoo.com<\/p>\n","protected":false},"excerpt":{"rendered":"<p>Omar Z\u00fa\u00f1igaDe Primera Mano Taj\u00edn Pues nada\u2026, lamentablemente nos encontramos con la noticia del fallecimiento de Viridiana Moreno, la joven madre de 31 a\u00f1os, que fue reportada como desaparecida el 18 de mayo y que el viernes 20, el gobernador Cuitl\u00e1huac Garc\u00eda dijo que \u201cno estaba desaparecida, sino en resguardo\u201d\u2026 Pues bueno, este breve pre\u00e1mbulo [&hellip;]<\/p>\n","protected":false},"author":2,"featured_media":0,"comment_status":"closed","ping_status":"closed","sticky":false,"template":"","format":"standard","meta":{"tdm_status":"","tdm_grid_status":"","footnotes":""},"categories":[70],"tags":[4476,31097,1563,12232,4116,12695,1026,28705,195,15165],"class_list":{"0":"post-90478","1":"post","2":"type-post","3":"status-publish","4":"format-standard","6":"category-de-opinion","7":"tag-ceapp","8":"tag-cecilia-guevara-guembe","9":"tag-cuitlahuac-garcia-jimenez","10":"tag-dia-naranja","11":"tag-fiscalia-general-del-estado","12":"tag-juan-javier-gomez-cazarin","13":"tag-morena","14":"tag-omar-zuniga","15":"tag-veracruz","16":"tag-veronica-hernandez-giadans"},"yoast_head":"<!-- This site is optimized with the Yoast SEO plugin v27.4 - https:\/\/yoast.com\/product\/yoast-seo-wordpress\/ -->\n<title>\u00bfJusticia selectiva? - Los pol\u00edticos Veracruz<\/title>\n<meta name=\"robots\" content=\"index, follow, max-snippet:-1, max-image-preview:large, max-video-preview:-1\" \/>\n<link rel=\"canonical\" href=\"https:\/\/lospoliticosveracruz.com\/?p=90478\" \/>\n<meta property=\"og:locale\" content=\"es_ES\" \/>\n<meta property=\"og:type\" content=\"article\" \/>\n<meta property=\"og:title\" content=\"\u00bfJusticia selectiva? - Los pol\u00edticos Veracruz\" \/>\n<meta property=\"og:description\" content=\"Omar Z\u00fa\u00f1igaDe Primera Mano Taj\u00edn Pues nada\u2026, lamentablemente nos encontramos con la noticia del fallecimiento de Viridiana Moreno, la joven madre de 31 a\u00f1os, que fue reportada como desaparecida el 18 de mayo y que el viernes 20, el gobernador Cuitl\u00e1huac Garc\u00eda dijo que \u201cno estaba desaparecida, sino en resguardo\u201d\u2026 Pues bueno, este breve pre\u00e1mbulo [&hellip;]\" \/>\n<meta property=\"og:url\" content=\"https:\/\/lospoliticosveracruz.com\/?p=90478\" \/>\n<meta property=\"og:site_name\" content=\"Los pol\u00edticos Veracruz\" \/>\n<meta property=\"article:publisher\" content=\"https:\/\/www.facebook.com\/people\/Notimemes-de-los-Polticos\/61565672886568\/\" \/>\n<meta property=\"article:published_time\" content=\"2022-05-27T15:17:46+00:00\" \/>\n<meta property=\"article:modified_time\" content=\"2022-05-27T15:17:53+00:00\" \/>\n<meta property=\"og:image\" content=\"https:\/\/lospoliticosveracruz.com.mx\/wp-content\/uploads\/2022\/05\/Seguro-Julio-Cerecedo.jpg\" \/>\n<meta name=\"author\" content=\"Lo viste en Los Pol\u00edticos\" \/>\n<meta name=\"twitter:card\" content=\"summary_large_image\" \/>\n<meta name=\"twitter:creator\" content=\"@LosPoliticosVer\" \/>\n<meta name=\"twitter:site\" content=\"@LosPoliticosVer\" \/>\n<meta name=\"twitter:label1\" content=\"Escrito por\" \/>\n\t<meta name=\"twitter:data1\" content=\"Lo viste en Los Pol\u00edticos\" \/>\n\t<meta name=\"twitter:label2\" content=\"Tiempo de lectura\" \/>\n\t<meta name=\"twitter:data2\" content=\"4 minutos\" \/>\n<script type=\"application\/ld+json\" class=\"yoast-schema-graph\">{\"@context\":\"https:\\\/\\\/schema.org\",\"@graph\":[{\"@type\":\"Article\",\"@id\":\"https:\\\/\\\/lospoliticosveracruz.com\\\/?p=90478#article\",\"isPartOf\":{\"@id\":\"https:\\\/\\\/lospoliticosveracruz.com\\\/?p=90478\"},\"author\":{\"name\":\"Lo viste en Los Pol\u00edticos\",\"@id\":\"https:\\\/\\\/lospoliticosveracruz.com\\\/#\\\/schema\\\/person\\\/b8702bb0e538456e6efd07080bf2a4a2\"},\"headline\":\"\u00bfJusticia selectiva?\",\"datePublished\":\"2022-05-27T15:17:46+00:00\",\"dateModified\":\"2022-05-27T15:17:53+00:00\",\"mainEntityOfPage\":{\"@id\":\"https:\\\/\\\/lospoliticosveracruz.com\\\/?p=90478\"},\"wordCount\":779,\"publisher\":{\"@id\":\"https:\\\/\\\/lospoliticosveracruz.com\\\/#organization\"},\"image\":{\"@id\":\"https:\\\/\\\/lospoliticosveracruz.com\\\/?p=90478#primaryimage\"},\"thumbnailUrl\":\"https:\\\/\\\/lospoliticosveracruz.com.mx\\\/wp-content\\\/uploads\\\/2022\\\/05\\\/Seguro-Julio-Cerecedo.jpg\",\"keywords\":[\"CEAPP\",\"Cecilia Guevara Guembe\",\"Cuitl\u00e1huac Garc\u00eda Jim\u00e9nez\",\"D\u00eda Naranja\",\"Fiscal\u00eda General del Estado\",\"Juan Javier G\u00f3mez Cazar\u00edn\",\"Morena\",\"Omar Z\u00fa\u00f1iga\",\"Veracruz\",\"Ver\u00f3nica Hern\u00e1ndez Giad\u00e1ns\"],\"articleSection\":[\"De Opini\u00f3n\"],\"inLanguage\":\"es\"},{\"@type\":\"WebPage\",\"@id\":\"https:\\\/\\\/lospoliticosveracruz.com\\\/?p=90478\",\"url\":\"https:\\\/\\\/lospoliticosveracruz.com\\\/?p=90478\",\"name\":\"\u00bfJusticia selectiva? - Los pol\u00edticos Veracruz\",\"isPartOf\":{\"@id\":\"https:\\\/\\\/lospoliticosveracruz.com\\\/#website\"},\"primaryImageOfPage\":{\"@id\":\"https:\\\/\\\/lospoliticosveracruz.com\\\/?p=90478#primaryimage\"},\"image\":{\"@id\":\"https:\\\/\\\/lospoliticosveracruz.com\\\/?p=90478#primaryimage\"},\"thumbnailUrl\":\"https:\\\/\\\/lospoliticosveracruz.com.mx\\\/wp-content\\\/uploads\\\/2022\\\/05\\\/Seguro-Julio-Cerecedo.jpg\",\"datePublished\":\"2022-05-27T15:17:46+00:00\",\"dateModified\":\"2022-05-27T15:17:53+00:00\",\"breadcrumb\":{\"@id\":\"https:\\\/\\\/lospoliticosveracruz.com\\\/?p=90478#breadcrumb\"},\"inLanguage\":\"es\",\"potentialAction\":[{\"@type\":\"ReadAction\",\"target\":[\"https:\\\/\\\/lospoliticosveracruz.com\\\/?p=90478\"]}]},{\"@type\":\"ImageObject\",\"inLanguage\":\"es\",\"@id\":\"https:\\\/\\\/lospoliticosveracruz.com\\\/?p=90478#primaryimage\",\"url\":\"https:\\\/\\\/lospoliticosveracruz.com.mx\\\/wp-content\\\/uploads\\\/2022\\\/05\\\/Seguro-Julio-Cerecedo.jpg\",\"contentUrl\":\"https:\\\/\\\/lospoliticosveracruz.com.mx\\\/wp-content\\\/uploads\\\/2022\\\/05\\\/Seguro-Julio-Cerecedo.jpg\"},{\"@type\":\"BreadcrumbList\",\"@id\":\"https:\\\/\\\/lospoliticosveracruz.com\\\/?p=90478#breadcrumb\",\"itemListElement\":[{\"@type\":\"ListItem\",\"position\":1,\"name\":\"Portada\",\"item\":\"https:\\\/\\\/lospoliticosveracruz.com\\\/\"},{\"@type\":\"ListItem\",\"position\":2,\"name\":\"\u00bfJusticia selectiva?\"}]},{\"@type\":\"WebSite\",\"@id\":\"https:\\\/\\\/lospoliticosveracruz.com\\\/#website\",\"url\":\"https:\\\/\\\/lospoliticosveracruz.com\\\/\",\"name\":\"Los pol\u00edticos Veracruz\",\"description\":\"\",\"publisher\":{\"@id\":\"https:\\\/\\\/lospoliticosveracruz.com\\\/#organization\"},\"potentialAction\":[{\"@type\":\"SearchAction\",\"target\":{\"@type\":\"EntryPoint\",\"urlTemplate\":\"https:\\\/\\\/lospoliticosveracruz.com\\\/?s={search_term_string}\"},\"query-input\":{\"@type\":\"PropertyValueSpecification\",\"valueRequired\":true,\"valueName\":\"search_term_string\"}}],\"inLanguage\":\"es\"},{\"@type\":\"Organization\",\"@id\":\"https:\\\/\\\/lospoliticosveracruz.com\\\/#organization\",\"name\":\"Los pol\u00edticos Veracruz\",\"url\":\"https:\\\/\\\/lospoliticosveracruz.com\\\/\",\"logo\":{\"@type\":\"ImageObject\",\"inLanguage\":\"es\",\"@id\":\"https:\\\/\\\/lospoliticosveracruz.com\\\/#\\\/schema\\\/logo\\\/image\\\/\",\"url\":\"https:\\\/\\\/lospoliticosveracruz.com\\\/wp-content\\\/uploads\\\/2025\\\/12\\\/Logo-Nuevo-LOS-POLITICOS-1.jpg\",\"contentUrl\":\"https:\\\/\\\/lospoliticosveracruz.com\\\/wp-content\\\/uploads\\\/2025\\\/12\\\/Logo-Nuevo-LOS-POLITICOS-1.jpg\",\"width\":260,\"height\":70,\"caption\":\"Los pol\u00edticos Veracruz\"},\"image\":{\"@id\":\"https:\\\/\\\/lospoliticosveracruz.com\\\/#\\\/schema\\\/logo\\\/image\\\/\"},\"sameAs\":[\"https:\\\/\\\/www.facebook.com\\\/people\\\/Notimemes-de-los-Polticos\\\/61565672886568\\\/\",\"https:\\\/\\\/x.com\\\/LosPoliticosVer\"]},{\"@type\":\"Person\",\"@id\":\"https:\\\/\\\/lospoliticosveracruz.com\\\/#\\\/schema\\\/person\\\/b8702bb0e538456e6efd07080bf2a4a2\",\"name\":\"Lo viste en Los Pol\u00edticos\",\"image\":{\"@type\":\"ImageObject\",\"inLanguage\":\"es\",\"@id\":\"https:\\\/\\\/secure.gravatar.com\\\/avatar\\\/3a8de04a2656d44082be478bd6c086daa447c4651605818287b9532d3d0bd435?s=96&d=mm&r=g\",\"url\":\"https:\\\/\\\/secure.gravatar.com\\\/avatar\\\/3a8de04a2656d44082be478bd6c086daa447c4651605818287b9532d3d0bd435?s=96&d=mm&r=g\",\"contentUrl\":\"https:\\\/\\\/secure.gravatar.com\\\/avatar\\\/3a8de04a2656d44082be478bd6c086daa447c4651605818287b9532d3d0bd435?s=96&d=mm&r=g\",\"caption\":\"Lo viste en Los Pol\u00edticos\"},\"url\":\"https:\\\/\\\/lospoliticosveracruz.com\\\/?author=2\"}]}<\/script>\n<!-- \/ Yoast SEO plugin. -->","yoast_head_json":{"title":"\u00bfJusticia selectiva? - Los pol\u00edticos Veracruz","robots":{"index":"index","follow":"follow","max-snippet":"max-snippet:-1","max-image-preview":"max-image-preview:large","max-video-preview":"max-video-preview:-1"},"canonical":"https:\/\/lospoliticosveracruz.com\/?p=90478","og_locale":"es_ES","og_type":"article","og_title":"\u00bfJusticia selectiva? - Los pol\u00edticos Veracruz","og_description":"Omar Z\u00fa\u00f1igaDe Primera Mano Taj\u00edn Pues nada\u2026, lamentablemente nos encontramos con la noticia del fallecimiento de Viridiana Moreno, la joven madre de 31 a\u00f1os, que fue reportada como desaparecida el 18 de mayo y que el viernes 20, el gobernador Cuitl\u00e1huac Garc\u00eda dijo que \u201cno estaba desaparecida, sino en resguardo\u201d\u2026 Pues bueno, este breve pre\u00e1mbulo [&hellip;]","og_url":"https:\/\/lospoliticosveracruz.com\/?p=90478","og_site_name":"Los pol\u00edticos Veracruz","article_publisher":"https:\/\/www.facebook.com\/people\/Notimemes-de-los-Polticos\/61565672886568\/","article_published_time":"2022-05-27T15:17:46+00:00","article_modified_time":"2022-05-27T15:17:53+00:00","og_image":[{"url":"https:\/\/lospoliticosveracruz.com.mx\/wp-content\/uploads\/2022\/05\/Seguro-Julio-Cerecedo.jpg","type":"","width":"","height":""}],"author":"Lo viste en Los Pol\u00edticos","twitter_card":"summary_large_image","twitter_creator":"@LosPoliticosVer","twitter_site":"@LosPoliticosVer","twitter_misc":{"Escrito por":"Lo viste en Los Pol\u00edticos","Tiempo de lectura":"4 minutos"},"schema":{"@context":"https:\/\/schema.org","@graph":[{"@type":"Article","@id":"https:\/\/lospoliticosveracruz.com\/?p=90478#article","isPartOf":{"@id":"https:\/\/lospoliticosveracruz.com\/?p=90478"},"author":{"name":"Lo viste en Los Pol\u00edticos","@id":"https:\/\/lospoliticosveracruz.com\/#\/schema\/person\/b8702bb0e538456e6efd07080bf2a4a2"},"headline":"\u00bfJusticia selectiva?","datePublished":"2022-05-27T15:17:46+00:00","dateModified":"2022-05-27T15:17:53+00:00","mainEntityOfPage":{"@id":"https:\/\/lospoliticosveracruz.com\/?p=90478"},"wordCount":779,"publisher":{"@id":"https:\/\/lospoliticosveracruz.com\/#organization"},"image":{"@id":"https:\/\/lospoliticosveracruz.com\/?p=90478#primaryimage"},"thumbnailUrl":"https:\/\/lospoliticosveracruz.com.mx\/wp-content\/uploads\/2022\/05\/Seguro-Julio-Cerecedo.jpg","keywords":["CEAPP","Cecilia Guevara Guembe","Cuitl\u00e1huac Garc\u00eda Jim\u00e9nez","D\u00eda Naranja","Fiscal\u00eda General del Estado","Juan Javier G\u00f3mez Cazar\u00edn","Morena","Omar Z\u00fa\u00f1iga","Veracruz","Ver\u00f3nica Hern\u00e1ndez Giad\u00e1ns"],"articleSection":["De Opini\u00f3n"],"inLanguage":"es"},{"@type":"WebPage","@id":"https:\/\/lospoliticosveracruz.com\/?p=90478","url":"https:\/\/lospoliticosveracruz.com\/?p=90478","name":"\u00bfJusticia selectiva? - Los pol\u00edticos Veracruz","isPartOf":{"@id":"https:\/\/lospoliticosveracruz.com\/#website"},"primaryImageOfPage":{"@id":"https:\/\/lospoliticosveracruz.com\/?p=90478#primaryimage"},"image":{"@id":"https:\/\/lospoliticosveracruz.com\/?p=90478#primaryimage"},"thumbnailUrl":"https:\/\/lospoliticosveracruz.com.mx\/wp-content\/uploads\/2022\/05\/Seguro-Julio-Cerecedo.jpg","datePublished":"2022-05-27T15:17:46+00:00","dateModified":"2022-05-27T15:17:53+00:00","breadcrumb":{"@id":"https:\/\/lospoliticosveracruz.com\/?p=90478#breadcrumb"},"inLanguage":"es","potentialAction":[{"@type":"ReadAction","target":["https:\/\/lospoliticosveracruz.com\/?p=90478"]}]},{"@type":"ImageObject","inLanguage":"es","@id":"https:\/\/lospoliticosveracruz.com\/?p=90478#primaryimage","url":"https:\/\/lospoliticosveracruz.com.mx\/wp-content\/uploads\/2022\/05\/Seguro-Julio-Cerecedo.jpg","contentUrl":"https:\/\/lospoliticosveracruz.com.mx\/wp-content\/uploads\/2022\/05\/Seguro-Julio-Cerecedo.jpg"},{"@type":"BreadcrumbList","@id":"https:\/\/lospoliticosveracruz.com\/?p=90478#breadcrumb","itemListElement":[{"@type":"ListItem","position":1,"name":"Portada","item":"https:\/\/lospoliticosveracruz.com\/"},{"@type":"ListItem","position":2,"name":"\u00bfJusticia selectiva?"}]},{"@type":"WebSite","@id":"https:\/\/lospoliticosveracruz.com\/#website","url":"https:\/\/lospoliticosveracruz.com\/","name":"Los pol\u00edticos Veracruz","description":"","publisher":{"@id":"https:\/\/lospoliticosveracruz.com\/#organization"},"potentialAction":[{"@type":"SearchAction","target":{"@type":"EntryPoint","urlTemplate":"https:\/\/lospoliticosveracruz.com\/?s={search_term_string}"},"query-input":{"@type":"PropertyValueSpecification","valueRequired":true,"valueName":"search_term_string"}}],"inLanguage":"es"},{"@type":"Organization","@id":"https:\/\/lospoliticosveracruz.com\/#organization","name":"Los pol\u00edticos Veracruz","url":"https:\/\/lospoliticosveracruz.com\/","logo":{"@type":"ImageObject","inLanguage":"es","@id":"https:\/\/lospoliticosveracruz.com\/#\/schema\/logo\/image\/","url":"https:\/\/lospoliticosveracruz.com\/wp-content\/uploads\/2025\/12\/Logo-Nuevo-LOS-POLITICOS-1.jpg","contentUrl":"https:\/\/lospoliticosveracruz.com\/wp-content\/uploads\/2025\/12\/Logo-Nuevo-LOS-POLITICOS-1.jpg","width":260,"height":70,"caption":"Los pol\u00edticos Veracruz"},"image":{"@id":"https:\/\/lospoliticosveracruz.com\/#\/schema\/logo\/image\/"},"sameAs":["https:\/\/www.facebook.com\/people\/Notimemes-de-los-Polticos\/61565672886568\/","https:\/\/x.com\/LosPoliticosVer"]},{"@type":"Person","@id":"https:\/\/lospoliticosveracruz.com\/#\/schema\/person\/b8702bb0e538456e6efd07080bf2a4a2","name":"Lo viste en Los Pol\u00edticos","image":{"@type":"ImageObject","inLanguage":"es","@id":"https:\/\/secure.gravatar.com\/avatar\/3a8de04a2656d44082be478bd6c086daa447c4651605818287b9532d3d0bd435?s=96&d=mm&r=g","url":"https:\/\/secure.gravatar.com\/avatar\/3a8de04a2656d44082be478bd6c086daa447c4651605818287b9532d3d0bd435?s=96&d=mm&r=g","contentUrl":"https:\/\/secure.gravatar.com\/avatar\/3a8de04a2656d44082be478bd6c086daa447c4651605818287b9532d3d0bd435?s=96&d=mm&r=g","caption":"Lo viste en Los Pol\u00edticos"},"url":"https:\/\/lospoliticosveracruz.com\/?author=2"}]}},"_links":{"self":[{"href":"https:\/\/lospoliticosveracruz.com\/index.php?rest_route=\/wp\/v2\/posts\/90478","targetHints":{"allow":["GET"]}}],"collection":[{"href":"https:\/\/lospoliticosveracruz.com\/index.php?rest_route=\/wp\/v2\/posts"}],"about":[{"href":"https:\/\/lospoliticosveracruz.com\/index.php?rest_route=\/wp\/v2\/types\/post"}],"author":[{"embeddable":true,"href":"https:\/\/lospoliticosveracruz.com\/index.php?rest_route=\/wp\/v2\/users\/2"}],"replies":[{"embeddable":true,"href":"https:\/\/lospoliticosveracruz.com\/index.php?rest_route=%2Fwp%2Fv2%2Fcomments&post=90478"}],"version-history":[{"count":1,"href":"https:\/\/lospoliticosveracruz.com\/index.php?rest_route=\/wp\/v2\/posts\/90478\/revisions"}],"predecessor-version":[{"id":90480,"href":"https:\/\/lospoliticosveracruz.com\/index.php?rest_route=\/wp\/v2\/posts\/90478\/revisions\/90480"}],"wp:attachment":[{"href":"https:\/\/lospoliticosveracruz.com\/index.php?rest_route=%2Fwp%2Fv2%2Fmedia&parent=90478"}],"wp:term":[{"taxonomy":"category","embeddable":true,"href":"https:\/\/lospoliticosveracruz.com\/index.php?rest_route=%2Fwp%2Fv2%2Fcategories&post=90478"},{"taxonomy":"post_tag","embeddable":true,"href":"https:\/\/lospoliticosveracruz.com\/index.php?rest_route=%2Fwp%2Fv2%2Ftags&post=90478"}],"curies":[{"name":"wp","href":"https:\/\/api.w.org\/{rel}","templated":true}]}}