{"id":90545,"date":"2022-05-30T07:29:43","date_gmt":"2022-05-30T12:29:43","guid":{"rendered":"https:\/\/lospoliticosveracruz.com.mx\/?p=90545"},"modified":"2022-05-30T07:29:49","modified_gmt":"2022-05-30T12:29:49","slug":"basurero","status":"publish","type":"post","link":"https:\/\/lospoliticosveracruz.com\/?p=90545","title":{"rendered":"Basurero"},"content":{"rendered":"\n<p><\/p>\n\n\n\n<p><br><strong><strong>Guadalupe H. Mar<\/strong><\/strong><br><em>Mira Pol\u00edtica<\/em><\/p>\n\n\n\n<p>CAJA DE PANDORA \u2026 Entretenidos con la devastaci\u00f3n de la selva yucateca por las obras del Tren Maya, los veracruzanos no nos percatamos de que las autoridades ambientales de los gobiernos federal, estatal y municipal, hab\u00edan ajustado a modo la tramitolog\u00eda para que una empresa privada rellenara y urbanizara el \u00c1rea Natural Protegida (ANP) \u201cSistema Lagunar Basurero\u201d, al norte de la ciudad de Veracruz, declarada como tal en noviembre de 2016.<\/p>\n\n\n\n<div class=\"wp-block-image\"><figure class=\"alignleft size-medium\"><a href=\"https:\/\/lospoliticosveracruz.com.mx\/wp-content\/uploads\/2021\/10\/Zacauilt.jpg\"><img decoding=\"async\" src=\"https:\/\/lospoliticosveracruz.com.mx\/wp-content\/uploads\/2021\/10\/Zacauilt-150x300.jpg\" alt=\"\" class=\"wp-image-80558\"\/><\/a><\/figure><\/div>\n\n\n\n<p><br>\u00bfY qu\u00e9 cree amable lector?, nos enteramos de tama\u00f1a y sospechosa pifia ambiental, porque la empresa que ya hab\u00eda sido autorizada en el a\u00f1o 2021 para rellenar y construir una gigantesca plancha de concreto en esa \u00c1rea Natural Protegida, se le pasaron los tiempos, no obtuvo la pr\u00f3rroga de su proyecto y por sus pistolas se puso a desmontar, mover tierra, ante la vista de cientos o miles de personas que a diario transitan por la carretera Veracruz- Cardel, donde se ubica el basurero de la ciudad.<br>Por la depredadora acci\u00f3n, nos enteramos los veracruzanos que los encargados de la Secretar\u00eda de Medio Ambiente y Recursos Naturales del gobierno federal (Semarnat) y de la Secretar\u00eda estatal de Medio Ambiente (Sedema), en la entidad veracruzana, pasaron por alto lo publicado en la Gaceta Oficial del estado de Veracruz, n\u00famero extraordinario 444 de fecha siete de noviembre de 2016, en donde se public\u00f3 el \u201cDecreto por el que se declara como \u00c1rea Natural Protegida en la Categor\u00eda de Corredor Biol\u00f3gico Multifuncional la Superficie denominada Archipi\u00e9lago de Lagunas Interdunarias de la zona conurbada de los municipios de Veracruz y La Antigua del estado de Veracruz\u201d.<br>Ambas dependencias dieron su autorizaci\u00f3n al ayuntamiento de Veracruz, que entonces presid\u00eda Fernando Yunes M\u00e1rquez, para que a su vez el mi\u00e9rcoles 15 de diciembre del a\u00f1o 2021, concediera la licencia de uso de suelo, a una empresa privada que pretend\u00eda edificar en el ANP \u201cEl Basurero\u201d, un patio de almacenamiento y maniobras.<br>El oficio del ayuntamiento de Veracruz que autorizaba el uso del suelo lo firm\u00f3 el arquitecto Lu\u00eds Rom\u00e1n Campa P\u00e9rez, director de Obras P\u00fablicas y Desarrollo Urbano, del Ayuntamiento de Veracruz.<br>Este documento, por cierto, es el que testimonia que los representantes de la empresa privada que pretende construir una gran plancha de cemento sobre el \u00c1rea Natural Protegida \u201cEl Basurero\u201d, recibi\u00f3 el 13 de noviembre de 2019 el dictamen de congruencia de la Direcci\u00f3n General de Gesti\u00f3n Ambiental y Recursos Naturales de la SEDEMA en Veracruz, con n\u00famero de oficio SEDEMA\/DGGARN\/1620\/2019.<br>Asimismo, seg\u00fan da cuenta el ayuntamiento de Veracruz, la empresa privada contaba con un \u201cresolutivo condicionado\u201d de la Secretar\u00eda de Medio Ambiente del gobierno federal (Semarnat), con n\u00famero de oficio SGPARN.02.IRA.1985\/20, de fecha dos de septiembre de 2020.<br>Con las autorizaciones previas de las autoridades ambientales de los gobiernos federal y estatal, el ayuntamiento de Veracruz no tuvo empacho en autorizar la licencia de uso de suelo en un \u00c1rea Natural Protegida.<br>Por eso amables lectores, ninguna autoridad ambiental de los tres niveles de gobierno hizo siquiera gestos para detener el relleno del humedal del ANP \u201cEl Basurero\u201d si los tres, el federal, estatal y municipal, estaban involucrados en tama\u00f1a pifia ambiental.<br>P\u00c1 QUE LA CU\u00d1A APRIETE \u2026 Para que no se queden con la duda apreciables lectores, el tema del relleno del ANP \u201cEl Basurero\u201d subi\u00f3 a la agenda medi\u00e1tica y de las redes sociales, gracias a la videodenuncia que el lunes 16 de mayo hizo a trav\u00e9s de la red social Facebook el maestro en Derecho Ambiental, ex regidor del ramo ambiental del ayuntamiento de Veracruz y ex inspector de la Procuradur\u00eda Federal de Protecci\u00f3n al Ambiente (Profepa) del gobierno federal, Jos\u00e9 Gonz\u00e1lez Mart\u00ednez: <strong><em><a href=\"https:\/\/www.facebook.com\/598780097\/videos\/1542525462808747\">https:\/\/www.facebook.com\/598780097\/videos\/1542525462808747<\/a><\/em><\/strong><br>Precisamente \u00e9l, siendo regidor del ayuntamiento de Veracruz en el gobierno del priista Ram\u00f3n Poo Gil, fue puntal en la gesti\u00f3n para que las lagunas de ese municipio fueran declaradas como \u00e1reas naturales protegidas.<br>Porque sabe de la importancia de estos desde\u00f1ados cuerpos de agua, el maestro Gonz\u00e1lez Mart\u00ednez, no solo se qued\u00f3 en la videodenuncia en redes sociales, pues una semana despu\u00e9s present\u00f3 ante la delegaci\u00f3n estatal de la Fiscal\u00eda General de la Rep\u00fablica (FGR), una denuncia por el relleno de la laguna \u201cEl Basurero\u201d, exigiendo con ello que se iniciara una investigaci\u00f3n por supuesto delito ambiental.<br>DEL MISMO PALO\u2026 Por otra parte, ante tama\u00f1a pifia ambiental, tuvo que intervenir la Procuradur\u00eda Federal de Protecci\u00f3n al Ambiente del gobierno federal para clausurar los trabajos de relleno del ANP \u201cEl Basurero\u201d y la construcci\u00f3n de una gigantesca plancha de cemento, pues ya se le hab\u00edan vencido los plazos establecidos \u2013 12 meses- para llevar a cabo la obra previamente autorizada por las autoridades ambientales de los tres niveles de gobierno.<br>Ahora habr\u00e1 que darle seguimiento a este caso que podr\u00eda ser la \u201ccaja de Pandora\u201d del sector ambiental del estado de Veracruz, pues resulta que aquellos que tienen la responsabilidad constitucional de defender nuestro entorno, est\u00e1n coludidos para ajustar a modo la ley.<br>Seguimos atentos y pendientes.<br>\u00bfY la Comisi\u00f3n Nacional del Agua (Conagua)? Bien, gracias.<br>D\u00cdGALO SIN MIEDO \u2026 Al correo electr\u00f3nico guadalupehmar@yahoo.com<\/p>\n","protected":false},"excerpt":{"rendered":"<p>Guadalupe H. MarMira Pol\u00edtica CAJA DE PANDORA \u2026 Entretenidos con la devastaci\u00f3n de la selva yucateca por las obras del Tren Maya, los veracruzanos no nos percatamos de que las autoridades ambientales de los gobiernos federal, estatal y municipal, hab\u00edan ajustado a modo la tramitolog\u00eda para que una empresa privada rellenara y urbanizara el \u00c1rea [&hellip;]<\/p>\n","protected":false},"author":2,"featured_media":0,"comment_status":"closed","ping_status":"closed","sticky":false,"template":"","format":"standard","meta":{"tdm_status":"","tdm_grid_status":"","footnotes":""},"categories":[70],"tags":[818,33428,33479,33480,11592,17791,33481,4908,195],"class_list":{"0":"post-90545","1":"post","2":"type-post","3":"status-publish","4":"format-standard","6":"category-de-opinion","7":"tag-fernando-yunes-marquez","8":"tag-jose-gonzalez-martinez","9":"tag-luis-roman-campa-perez","10":"tag-pepe-gonzalez","11":"tag-pma","12":"tag-procuraduria-del-medio-ambiente","13":"tag-relleno-de-la-laguna-el-basurero","14":"tag-semarnat","15":"tag-veracruz"},"yoast_head":"<!-- This site is optimized with the Yoast SEO plugin v27.4 - https:\/\/yoast.com\/product\/yoast-seo-wordpress\/ -->\n<title>Basurero - Los pol\u00edticos Veracruz<\/title>\n<meta name=\"robots\" content=\"index, follow, max-snippet:-1, max-image-preview:large, max-video-preview:-1\" \/>\n<link rel=\"canonical\" href=\"https:\/\/lospoliticosveracruz.com\/?p=90545\" \/>\n<meta property=\"og:locale\" content=\"es_ES\" \/>\n<meta property=\"og:type\" content=\"article\" \/>\n<meta property=\"og:title\" content=\"Basurero - Los pol\u00edticos Veracruz\" \/>\n<meta property=\"og:description\" content=\"Guadalupe H. MarMira Pol\u00edtica CAJA DE PANDORA \u2026 Entretenidos con la devastaci\u00f3n de la selva yucateca por las obras del Tren Maya, los veracruzanos no nos percatamos de que las autoridades ambientales de los gobiernos federal, estatal y municipal, hab\u00edan ajustado a modo la tramitolog\u00eda para que una empresa privada rellenara y urbanizara el \u00c1rea [&hellip;]\" \/>\n<meta property=\"og:url\" content=\"https:\/\/lospoliticosveracruz.com\/?p=90545\" \/>\n<meta property=\"og:site_name\" content=\"Los pol\u00edticos Veracruz\" \/>\n<meta property=\"article:publisher\" content=\"https:\/\/www.facebook.com\/people\/Notimemes-de-los-Polticos\/61565672886568\/\" \/>\n<meta property=\"article:published_time\" content=\"2022-05-30T12:29:43+00:00\" \/>\n<meta property=\"article:modified_time\" content=\"2022-05-30T12:29:49+00:00\" \/>\n<meta property=\"og:image\" content=\"https:\/\/lospoliticosveracruz.com.mx\/wp-content\/uploads\/2021\/10\/Zacauilt-150x300.jpg\" \/>\n<meta name=\"author\" content=\"Lo viste en Los Pol\u00edticos\" \/>\n<meta name=\"twitter:card\" content=\"summary_large_image\" \/>\n<meta name=\"twitter:creator\" content=\"@LosPoliticosVer\" \/>\n<meta name=\"twitter:site\" content=\"@LosPoliticosVer\" \/>\n<meta name=\"twitter:label1\" content=\"Escrito por\" \/>\n\t<meta name=\"twitter:data1\" content=\"Lo viste en Los Pol\u00edticos\" \/>\n\t<meta name=\"twitter:label2\" content=\"Tiempo de lectura\" \/>\n\t<meta name=\"twitter:data2\" content=\"4 minutos\" \/>\n<script type=\"application\/ld+json\" class=\"yoast-schema-graph\">{\"@context\":\"https:\\\/\\\/schema.org\",\"@graph\":[{\"@type\":\"Article\",\"@id\":\"https:\\\/\\\/lospoliticosveracruz.com\\\/?p=90545#article\",\"isPartOf\":{\"@id\":\"https:\\\/\\\/lospoliticosveracruz.com\\\/?p=90545\"},\"author\":{\"name\":\"Lo viste en Los Pol\u00edticos\",\"@id\":\"https:\\\/\\\/lospoliticosveracruz.com\\\/#\\\/schema\\\/person\\\/b8702bb0e538456e6efd07080bf2a4a2\"},\"headline\":\"Basurero\",\"datePublished\":\"2022-05-30T12:29:43+00:00\",\"dateModified\":\"2022-05-30T12:29:49+00:00\",\"mainEntityOfPage\":{\"@id\":\"https:\\\/\\\/lospoliticosveracruz.com\\\/?p=90545\"},\"wordCount\":897,\"publisher\":{\"@id\":\"https:\\\/\\\/lospoliticosveracruz.com\\\/#organization\"},\"image\":{\"@id\":\"https:\\\/\\\/lospoliticosveracruz.com\\\/?p=90545#primaryimage\"},\"thumbnailUrl\":\"https:\\\/\\\/lospoliticosveracruz.com.mx\\\/wp-content\\\/uploads\\\/2021\\\/10\\\/Zacauilt-150x300.jpg\",\"keywords\":[\"Fernando Yunes M\u00e1rquez\",\"Jos\u00e9 Gonz\u00e1lez Mart\u00ednez\",\"Lu\u00eds Rom\u00e1n Campa P\u00e9rez\",\"Pepe Gonz\u00e1lez\",\"PMA\",\"Procuradur\u00eda del Medio Ambiente\",\"relleno de la laguna \u201cEl Basurero\u201d\",\"Semarnat\",\"Veracruz\"],\"articleSection\":[\"De Opini\u00f3n\"],\"inLanguage\":\"es\"},{\"@type\":\"WebPage\",\"@id\":\"https:\\\/\\\/lospoliticosveracruz.com\\\/?p=90545\",\"url\":\"https:\\\/\\\/lospoliticosveracruz.com\\\/?p=90545\",\"name\":\"Basurero - Los pol\u00edticos Veracruz\",\"isPartOf\":{\"@id\":\"https:\\\/\\\/lospoliticosveracruz.com\\\/#website\"},\"primaryImageOfPage\":{\"@id\":\"https:\\\/\\\/lospoliticosveracruz.com\\\/?p=90545#primaryimage\"},\"image\":{\"@id\":\"https:\\\/\\\/lospoliticosveracruz.com\\\/?p=90545#primaryimage\"},\"thumbnailUrl\":\"https:\\\/\\\/lospoliticosveracruz.com.mx\\\/wp-content\\\/uploads\\\/2021\\\/10\\\/Zacauilt-150x300.jpg\",\"datePublished\":\"2022-05-30T12:29:43+00:00\",\"dateModified\":\"2022-05-30T12:29:49+00:00\",\"breadcrumb\":{\"@id\":\"https:\\\/\\\/lospoliticosveracruz.com\\\/?p=90545#breadcrumb\"},\"inLanguage\":\"es\",\"potentialAction\":[{\"@type\":\"ReadAction\",\"target\":[\"https:\\\/\\\/lospoliticosveracruz.com\\\/?p=90545\"]}]},{\"@type\":\"ImageObject\",\"inLanguage\":\"es\",\"@id\":\"https:\\\/\\\/lospoliticosveracruz.com\\\/?p=90545#primaryimage\",\"url\":\"https:\\\/\\\/lospoliticosveracruz.com.mx\\\/wp-content\\\/uploads\\\/2021\\\/10\\\/Zacauilt-150x300.jpg\",\"contentUrl\":\"https:\\\/\\\/lospoliticosveracruz.com.mx\\\/wp-content\\\/uploads\\\/2021\\\/10\\\/Zacauilt-150x300.jpg\"},{\"@type\":\"BreadcrumbList\",\"@id\":\"https:\\\/\\\/lospoliticosveracruz.com\\\/?p=90545#breadcrumb\",\"itemListElement\":[{\"@type\":\"ListItem\",\"position\":1,\"name\":\"Portada\",\"item\":\"https:\\\/\\\/lospoliticosveracruz.com\\\/\"},{\"@type\":\"ListItem\",\"position\":2,\"name\":\"Basurero\"}]},{\"@type\":\"WebSite\",\"@id\":\"https:\\\/\\\/lospoliticosveracruz.com\\\/#website\",\"url\":\"https:\\\/\\\/lospoliticosveracruz.com\\\/\",\"name\":\"Los pol\u00edticos Veracruz\",\"description\":\"\",\"publisher\":{\"@id\":\"https:\\\/\\\/lospoliticosveracruz.com\\\/#organization\"},\"potentialAction\":[{\"@type\":\"SearchAction\",\"target\":{\"@type\":\"EntryPoint\",\"urlTemplate\":\"https:\\\/\\\/lospoliticosveracruz.com\\\/?s={search_term_string}\"},\"query-input\":{\"@type\":\"PropertyValueSpecification\",\"valueRequired\":true,\"valueName\":\"search_term_string\"}}],\"inLanguage\":\"es\"},{\"@type\":\"Organization\",\"@id\":\"https:\\\/\\\/lospoliticosveracruz.com\\\/#organization\",\"name\":\"Los pol\u00edticos Veracruz\",\"url\":\"https:\\\/\\\/lospoliticosveracruz.com\\\/\",\"logo\":{\"@type\":\"ImageObject\",\"inLanguage\":\"es\",\"@id\":\"https:\\\/\\\/lospoliticosveracruz.com\\\/#\\\/schema\\\/logo\\\/image\\\/\",\"url\":\"https:\\\/\\\/lospoliticosveracruz.com\\\/wp-content\\\/uploads\\\/2025\\\/12\\\/Logo-Nuevo-LOS-POLITICOS-1.jpg\",\"contentUrl\":\"https:\\\/\\\/lospoliticosveracruz.com\\\/wp-content\\\/uploads\\\/2025\\\/12\\\/Logo-Nuevo-LOS-POLITICOS-1.jpg\",\"width\":260,\"height\":70,\"caption\":\"Los pol\u00edticos Veracruz\"},\"image\":{\"@id\":\"https:\\\/\\\/lospoliticosveracruz.com\\\/#\\\/schema\\\/logo\\\/image\\\/\"},\"sameAs\":[\"https:\\\/\\\/www.facebook.com\\\/people\\\/Notimemes-de-los-Polticos\\\/61565672886568\\\/\",\"https:\\\/\\\/x.com\\\/LosPoliticosVer\"]},{\"@type\":\"Person\",\"@id\":\"https:\\\/\\\/lospoliticosveracruz.com\\\/#\\\/schema\\\/person\\\/b8702bb0e538456e6efd07080bf2a4a2\",\"name\":\"Lo viste en Los Pol\u00edticos\",\"image\":{\"@type\":\"ImageObject\",\"inLanguage\":\"es\",\"@id\":\"https:\\\/\\\/secure.gravatar.com\\\/avatar\\\/3a8de04a2656d44082be478bd6c086daa447c4651605818287b9532d3d0bd435?s=96&d=mm&r=g\",\"url\":\"https:\\\/\\\/secure.gravatar.com\\\/avatar\\\/3a8de04a2656d44082be478bd6c086daa447c4651605818287b9532d3d0bd435?s=96&d=mm&r=g\",\"contentUrl\":\"https:\\\/\\\/secure.gravatar.com\\\/avatar\\\/3a8de04a2656d44082be478bd6c086daa447c4651605818287b9532d3d0bd435?s=96&d=mm&r=g\",\"caption\":\"Lo viste en Los Pol\u00edticos\"},\"url\":\"https:\\\/\\\/lospoliticosveracruz.com\\\/?author=2\"}]}<\/script>\n<!-- \/ Yoast SEO plugin. -->","yoast_head_json":{"title":"Basurero - Los pol\u00edticos Veracruz","robots":{"index":"index","follow":"follow","max-snippet":"max-snippet:-1","max-image-preview":"max-image-preview:large","max-video-preview":"max-video-preview:-1"},"canonical":"https:\/\/lospoliticosveracruz.com\/?p=90545","og_locale":"es_ES","og_type":"article","og_title":"Basurero - Los pol\u00edticos Veracruz","og_description":"Guadalupe H. MarMira Pol\u00edtica CAJA DE PANDORA \u2026 Entretenidos con la devastaci\u00f3n de la selva yucateca por las obras del Tren Maya, los veracruzanos no nos percatamos de que las autoridades ambientales de los gobiernos federal, estatal y municipal, hab\u00edan ajustado a modo la tramitolog\u00eda para que una empresa privada rellenara y urbanizara el \u00c1rea [&hellip;]","og_url":"https:\/\/lospoliticosveracruz.com\/?p=90545","og_site_name":"Los pol\u00edticos Veracruz","article_publisher":"https:\/\/www.facebook.com\/people\/Notimemes-de-los-Polticos\/61565672886568\/","article_published_time":"2022-05-30T12:29:43+00:00","article_modified_time":"2022-05-30T12:29:49+00:00","og_image":[{"url":"https:\/\/lospoliticosveracruz.com.mx\/wp-content\/uploads\/2021\/10\/Zacauilt-150x300.jpg","type":"","width":"","height":""}],"author":"Lo viste en Los Pol\u00edticos","twitter_card":"summary_large_image","twitter_creator":"@LosPoliticosVer","twitter_site":"@LosPoliticosVer","twitter_misc":{"Escrito por":"Lo viste en Los Pol\u00edticos","Tiempo de lectura":"4 minutos"},"schema":{"@context":"https:\/\/schema.org","@graph":[{"@type":"Article","@id":"https:\/\/lospoliticosveracruz.com\/?p=90545#article","isPartOf":{"@id":"https:\/\/lospoliticosveracruz.com\/?p=90545"},"author":{"name":"Lo viste en Los Pol\u00edticos","@id":"https:\/\/lospoliticosveracruz.com\/#\/schema\/person\/b8702bb0e538456e6efd07080bf2a4a2"},"headline":"Basurero","datePublished":"2022-05-30T12:29:43+00:00","dateModified":"2022-05-30T12:29:49+00:00","mainEntityOfPage":{"@id":"https:\/\/lospoliticosveracruz.com\/?p=90545"},"wordCount":897,"publisher":{"@id":"https:\/\/lospoliticosveracruz.com\/#organization"},"image":{"@id":"https:\/\/lospoliticosveracruz.com\/?p=90545#primaryimage"},"thumbnailUrl":"https:\/\/lospoliticosveracruz.com.mx\/wp-content\/uploads\/2021\/10\/Zacauilt-150x300.jpg","keywords":["Fernando Yunes M\u00e1rquez","Jos\u00e9 Gonz\u00e1lez Mart\u00ednez","Lu\u00eds Rom\u00e1n Campa P\u00e9rez","Pepe Gonz\u00e1lez","PMA","Procuradur\u00eda del Medio Ambiente","relleno de la laguna \u201cEl Basurero\u201d","Semarnat","Veracruz"],"articleSection":["De Opini\u00f3n"],"inLanguage":"es"},{"@type":"WebPage","@id":"https:\/\/lospoliticosveracruz.com\/?p=90545","url":"https:\/\/lospoliticosveracruz.com\/?p=90545","name":"Basurero - Los pol\u00edticos Veracruz","isPartOf":{"@id":"https:\/\/lospoliticosveracruz.com\/#website"},"primaryImageOfPage":{"@id":"https:\/\/lospoliticosveracruz.com\/?p=90545#primaryimage"},"image":{"@id":"https:\/\/lospoliticosveracruz.com\/?p=90545#primaryimage"},"thumbnailUrl":"https:\/\/lospoliticosveracruz.com.mx\/wp-content\/uploads\/2021\/10\/Zacauilt-150x300.jpg","datePublished":"2022-05-30T12:29:43+00:00","dateModified":"2022-05-30T12:29:49+00:00","breadcrumb":{"@id":"https:\/\/lospoliticosveracruz.com\/?p=90545#breadcrumb"},"inLanguage":"es","potentialAction":[{"@type":"ReadAction","target":["https:\/\/lospoliticosveracruz.com\/?p=90545"]}]},{"@type":"ImageObject","inLanguage":"es","@id":"https:\/\/lospoliticosveracruz.com\/?p=90545#primaryimage","url":"https:\/\/lospoliticosveracruz.com.mx\/wp-content\/uploads\/2021\/10\/Zacauilt-150x300.jpg","contentUrl":"https:\/\/lospoliticosveracruz.com.mx\/wp-content\/uploads\/2021\/10\/Zacauilt-150x300.jpg"},{"@type":"BreadcrumbList","@id":"https:\/\/lospoliticosveracruz.com\/?p=90545#breadcrumb","itemListElement":[{"@type":"ListItem","position":1,"name":"Portada","item":"https:\/\/lospoliticosveracruz.com\/"},{"@type":"ListItem","position":2,"name":"Basurero"}]},{"@type":"WebSite","@id":"https:\/\/lospoliticosveracruz.com\/#website","url":"https:\/\/lospoliticosveracruz.com\/","name":"Los pol\u00edticos Veracruz","description":"","publisher":{"@id":"https:\/\/lospoliticosveracruz.com\/#organization"},"potentialAction":[{"@type":"SearchAction","target":{"@type":"EntryPoint","urlTemplate":"https:\/\/lospoliticosveracruz.com\/?s={search_term_string}"},"query-input":{"@type":"PropertyValueSpecification","valueRequired":true,"valueName":"search_term_string"}}],"inLanguage":"es"},{"@type":"Organization","@id":"https:\/\/lospoliticosveracruz.com\/#organization","name":"Los pol\u00edticos Veracruz","url":"https:\/\/lospoliticosveracruz.com\/","logo":{"@type":"ImageObject","inLanguage":"es","@id":"https:\/\/lospoliticosveracruz.com\/#\/schema\/logo\/image\/","url":"https:\/\/lospoliticosveracruz.com\/wp-content\/uploads\/2025\/12\/Logo-Nuevo-LOS-POLITICOS-1.jpg","contentUrl":"https:\/\/lospoliticosveracruz.com\/wp-content\/uploads\/2025\/12\/Logo-Nuevo-LOS-POLITICOS-1.jpg","width":260,"height":70,"caption":"Los pol\u00edticos Veracruz"},"image":{"@id":"https:\/\/lospoliticosveracruz.com\/#\/schema\/logo\/image\/"},"sameAs":["https:\/\/www.facebook.com\/people\/Notimemes-de-los-Polticos\/61565672886568\/","https:\/\/x.com\/LosPoliticosVer"]},{"@type":"Person","@id":"https:\/\/lospoliticosveracruz.com\/#\/schema\/person\/b8702bb0e538456e6efd07080bf2a4a2","name":"Lo viste en Los Pol\u00edticos","image":{"@type":"ImageObject","inLanguage":"es","@id":"https:\/\/secure.gravatar.com\/avatar\/3a8de04a2656d44082be478bd6c086daa447c4651605818287b9532d3d0bd435?s=96&d=mm&r=g","url":"https:\/\/secure.gravatar.com\/avatar\/3a8de04a2656d44082be478bd6c086daa447c4651605818287b9532d3d0bd435?s=96&d=mm&r=g","contentUrl":"https:\/\/secure.gravatar.com\/avatar\/3a8de04a2656d44082be478bd6c086daa447c4651605818287b9532d3d0bd435?s=96&d=mm&r=g","caption":"Lo viste en Los Pol\u00edticos"},"url":"https:\/\/lospoliticosveracruz.com\/?author=2"}]}},"_links":{"self":[{"href":"https:\/\/lospoliticosveracruz.com\/index.php?rest_route=\/wp\/v2\/posts\/90545","targetHints":{"allow":["GET"]}}],"collection":[{"href":"https:\/\/lospoliticosveracruz.com\/index.php?rest_route=\/wp\/v2\/posts"}],"about":[{"href":"https:\/\/lospoliticosveracruz.com\/index.php?rest_route=\/wp\/v2\/types\/post"}],"author":[{"embeddable":true,"href":"https:\/\/lospoliticosveracruz.com\/index.php?rest_route=\/wp\/v2\/users\/2"}],"replies":[{"embeddable":true,"href":"https:\/\/lospoliticosveracruz.com\/index.php?rest_route=%2Fwp%2Fv2%2Fcomments&post=90545"}],"version-history":[{"count":1,"href":"https:\/\/lospoliticosveracruz.com\/index.php?rest_route=\/wp\/v2\/posts\/90545\/revisions"}],"predecessor-version":[{"id":90547,"href":"https:\/\/lospoliticosveracruz.com\/index.php?rest_route=\/wp\/v2\/posts\/90545\/revisions\/90547"}],"wp:attachment":[{"href":"https:\/\/lospoliticosveracruz.com\/index.php?rest_route=%2Fwp%2Fv2%2Fmedia&parent=90545"}],"wp:term":[{"taxonomy":"category","embeddable":true,"href":"https:\/\/lospoliticosveracruz.com\/index.php?rest_route=%2Fwp%2Fv2%2Fcategories&post=90545"},{"taxonomy":"post_tag","embeddable":true,"href":"https:\/\/lospoliticosveracruz.com\/index.php?rest_route=%2Fwp%2Fv2%2Ftags&post=90545"}],"curies":[{"name":"wp","href":"https:\/\/api.w.org\/{rel}","templated":true}]}}