{"id":90656,"date":"2022-05-31T21:14:07","date_gmt":"2022-06-01T02:14:07","guid":{"rendered":"https:\/\/lospoliticosveracruz.com.mx\/?p=90656"},"modified":"2022-05-31T21:15:23","modified_gmt":"2022-06-01T02:15:23","slug":"inseguridad-3","status":"publish","type":"post","link":"https:\/\/lospoliticosveracruz.com\/?p=90656","title":{"rendered":"Inseguridad"},"content":{"rendered":"\n<p><strong>Guadalupe H. Mar<br><\/strong><em>Mira Pol\u00edtica<\/em><\/p>\n\n\n\n<p>OJOS QUE NO VEN \u2026 En tanto se exacerba la pol\u00e9mica que se ha generado por el tema de la pretensi\u00f3n de contratar 500 m\u00e9dicos cubanos para satisfacer la supuesta necesidad de atenci\u00f3n m\u00e9dica en zonas rurales de la rep\u00fablica mexicana, el gobierno federal, especialista en el uso de la posverdad como estrategia comunicativa, construye un escenario medi\u00e1tico para que la opini\u00f3n p\u00fablica, apoye la importaci\u00f3n de especialistas de la medicina.<br>El argumento central del escenario que construye el gobierno federal para justificar la contrataci\u00f3n de cientos de m\u00e9dicos cubanos, es que los mexicanos no quieren ir a la zona rural, ya que prefieren quedarse en las zonas urbanas, en las ciudades, por lo que no existe la suficiente y necesaria atenci\u00f3n m\u00e9dica en las \u00e1reas alejadas y suburbanas.<\/p>\n\n\n\n<div class=\"wp-block-image\"><figure class=\"alignleft size-full is-resized\"><a href=\"https:\/\/lospoliticosveracruz.com.mx\/wp-content\/uploads\/2021\/10\/Zacauilt.jpg\"><img loading=\"lazy\" decoding=\"async\" src=\"https:\/\/lospoliticosveracruz.com.mx\/wp-content\/uploads\/2021\/10\/Zacauilt.jpg\" alt=\"\" class=\"wp-image-80558\" width=\"263\" height=\"525\"\/><\/a><\/figure><\/div>\n\n\n\n<p><br>Ayer martes, por ejemplo, en la llamada \u201cma\u00f1anera\u201d, el secretario de Salud del gobierno federal, Jorge Carlos Alcocer Varela, dijo muy seguro que \u201cVeracruz es el estado con mayor necesidad de m\u00e9dicos especialistas, en particular los pediatras y est\u00e1n localizadas las 3 regiones donde no hay un solo pediatra; en la Huasteca, en la Monta\u00f1a y en Papaloapan-Olmeca\u201d.<br>En el escenario medi\u00e1tico que construye a trav\u00e9s de posverdades el gobierno federal, en la Huasteca, en la Monta\u00f1a y en Papaloapan-Olmeca, del estado de Veracruz, \u201chay cero pediatras para atender a m\u00e1s de 2.4 millones de ni\u00f1os\u201d.<br>El secretario de Salud del gobierno L\u00f3pez Obradorista, fue m\u00e1s all\u00e1, seguramente olvidando que desde el uno de diciembre del 2018 gobierna la entidad veracruzana el morenista Cuitl\u00e1huac Garc\u00eda Jim\u00e9nez y agreg\u00f3 convencido que \u201cactualmente- en Veracruz- hay cuatro mil 192 m\u00e9dicos especialistas certificados, para ocho millones 62 mil 579 habitantes del estado; es decir, por cada 100 mil habitantes, la entidad \u2013veracruzana- tiene una tasa de 52 m\u00e9dicos especialistas certificados\u201d.<br><strong><em>CORAZ\u00d3N QUE NO SIENTE \u2026<\/em><\/strong> De lo que no habla el gobierno federal y seguramente no les han dicho a los 500 m\u00e9dicos que pretenden traer de la isla de Cuba para que vayan a la zona rural mexicana, es que la inseguridad es quiz\u00e1 el mayor de los factores por los cuales los especialistas de la medicina en M\u00e9xico prefieren quedarse en la zona urbana, en las ciudades.<br>De la inseguridad en la zona sub urbana de Veracruz se ha escrito mucho y las estad\u00edsticas de criminalidad dan cuenta de ello, sin embargo, es tema que se excluye del escenario medi\u00e1tico que con posverdades construye el gobierno federal para justificar traer m\u00e9dicos especialistas cubanos, al viejo estilo de \u201ccandil de la calle\u201d.<br><strong><em>TUMBABURROS\u2026<\/em><\/strong> Para que no se quede con la duda amable lector, la Real Academia Espa\u00f1ola (RAE), define la posverdad como: \u201cDistorsi\u00f3n deliberada de una realidad, que manipula creencias y emociones con el fin de influir en la opini\u00f3n p\u00fablica y en actitudes sociales\u201d, para lo cual pone como ejemplo la frase: \u201cLos demagogos son maestros de la posverdad\u201d. <strong><em><a href=\"https:\/\/dle.rae.es\/posverdad\">https:\/\/dle.rae.es\/posverdad<\/a><\/em><\/strong><br><strong><em>TIERRA DE DRAGONES \u2026<\/em><\/strong> Se ha convertido el municipio y regi\u00f3n de Coatzacoalcos, al sur de la entidad veracruzana, donde la quema de establecimientos comerciales se mantiene pese a las tan promocionadas incursiones de los distintos cuerpos policiacos que est\u00e1n a cargo de la seguridad de los veracruzanos.<br>La avasallante presencia del crimen \u2013 este si bien organizado- en aquella regi\u00f3n, evidencia la eficacia y eficiencia de las acciones que se asegura se implementan en aquella parte de la entidad veracruzana.<br><strong><em>EL PESO DE LOS PESOS \u2026<\/em><\/strong> Quienes duden que las fiestas carnestolendas en la ciudad de Veracruz pasaron de ser algo tradicional, del pueblo, para convertirse en un excelente negocio, baste mencionarles que la nueva reina del Carnaval 2022, Yeri Cruz Varela obtuvo el reinado aportando un mill\u00f3n 942 mil 528 pesos, tomando en cuenta que cada sufragio costaba un peso.<br>Ya no se eligi\u00f3 por simpat\u00eda a la reina de esta festividad, sino al viejo estilo de que \u201caquel que tenga m\u00e1s saliva, traga m\u00e1s pinole\u201d.<br>Como se dice com\u00fanmente, la ahora reina del Carnaval de Veracruz 2022 se llev\u00f3 de calle al resto de las aspirantes a este reinado, pues Miriam Carballo, con el distintivo dorado aport\u00f3 426 mil 842 pesos o votos; Hannia Tuncheo con el distintivo rojo, logr\u00f3 reunir 125 mil 177 pesos o votos; Mirna Caballero, con el distintivo morado, sum\u00f3 126 mil 240 pesos y Valeria Rangel del distintivo amarillo, reuni\u00f3 125 mil 652 pesos o votos.<br>Con estas cinco participantes, el Comit\u00e9 del Carnaval de Veracruz ya se hizo de dos millones 746 mil 412 pesos que si bien no son suficientes para sufragar la organizaci\u00f3n de la llamada fiesta del pueblo, con eso se inicia.<br>D\u00cdGALO SIN MIEDO \u2026 Al correo electr\u00f3nico guadalupehmar@yahoo.com<\/p>\n","protected":false},"excerpt":{"rendered":"<p>Guadalupe H. MarMira Pol\u00edtica OJOS QUE NO VEN \u2026 En tanto se exacerba la pol\u00e9mica que se ha generado por el tema de la pretensi\u00f3n de contratar 500 m\u00e9dicos cubanos para satisfacer la supuesta necesidad de atenci\u00f3n m\u00e9dica en zonas rurales de la rep\u00fablica mexicana, el gobierno federal, especialista en el uso de la posverdad [&hellip;]<\/p>\n","protected":false},"author":2,"featured_media":0,"comment_status":"closed","ping_status":"closed","sticky":false,"template":"","format":"standard","meta":{"tdm_status":"","tdm_grid_status":"","footnotes":""},"categories":[70],"tags":[32394,1563,1606,33531,33528,18074,1026,33529,195],"class_list":{"0":"post-90656","1":"post","2":"type-post","3":"status-publish","4":"format-standard","6":"category-de-opinion","7":"tag-carnaval-de-veracruz-2022","8":"tag-cuitlahuac-garcia-jimenez","9":"tag-guadalupe-h-mar","10":"tag-hannia-tuncheo","11":"tag-jorge-carlos-alcocer-varela","12":"tag-medicos-cubanos","13":"tag-morena","14":"tag-reina-del-carnaval-2022","15":"tag-veracruz"},"yoast_head":"<!-- This site is optimized with the Yoast SEO plugin v27.4 - https:\/\/yoast.com\/product\/yoast-seo-wordpress\/ -->\n<title>Inseguridad - Los pol\u00edticos Veracruz<\/title>\n<meta name=\"robots\" content=\"index, follow, max-snippet:-1, max-image-preview:large, max-video-preview:-1\" \/>\n<link rel=\"canonical\" href=\"https:\/\/lospoliticosveracruz.com\/?p=90656\" \/>\n<meta property=\"og:locale\" content=\"es_ES\" \/>\n<meta property=\"og:type\" content=\"article\" \/>\n<meta property=\"og:title\" content=\"Inseguridad - Los pol\u00edticos Veracruz\" \/>\n<meta property=\"og:description\" content=\"Guadalupe H. MarMira Pol\u00edtica OJOS QUE NO VEN \u2026 En tanto se exacerba la pol\u00e9mica que se ha generado por el tema de la pretensi\u00f3n de contratar 500 m\u00e9dicos cubanos para satisfacer la supuesta necesidad de atenci\u00f3n m\u00e9dica en zonas rurales de la rep\u00fablica mexicana, el gobierno federal, especialista en el uso de la posverdad [&hellip;]\" \/>\n<meta property=\"og:url\" content=\"https:\/\/lospoliticosveracruz.com\/?p=90656\" \/>\n<meta property=\"og:site_name\" content=\"Los pol\u00edticos Veracruz\" \/>\n<meta property=\"article:publisher\" content=\"https:\/\/www.facebook.com\/people\/Notimemes-de-los-Polticos\/61565672886568\/\" \/>\n<meta property=\"article:published_time\" content=\"2022-06-01T02:14:07+00:00\" \/>\n<meta property=\"article:modified_time\" content=\"2022-06-01T02:15:23+00:00\" \/>\n<meta property=\"og:image\" content=\"https:\/\/lospoliticosveracruz.com.mx\/wp-content\/uploads\/2021\/10\/Zacauilt.jpg\" \/>\n<meta name=\"author\" content=\"Lo viste en Los Pol\u00edticos\" \/>\n<meta name=\"twitter:card\" content=\"summary_large_image\" \/>\n<meta name=\"twitter:creator\" content=\"@LosPoliticosVer\" \/>\n<meta name=\"twitter:site\" content=\"@LosPoliticosVer\" \/>\n<meta name=\"twitter:label1\" content=\"Escrito por\" \/>\n\t<meta name=\"twitter:data1\" content=\"Lo viste en Los Pol\u00edticos\" \/>\n\t<meta name=\"twitter:label2\" content=\"Tiempo de lectura\" \/>\n\t<meta name=\"twitter:data2\" content=\"4 minutos\" \/>\n<script type=\"application\/ld+json\" class=\"yoast-schema-graph\">{\"@context\":\"https:\\\/\\\/schema.org\",\"@graph\":[{\"@type\":\"Article\",\"@id\":\"https:\\\/\\\/lospoliticosveracruz.com\\\/?p=90656#article\",\"isPartOf\":{\"@id\":\"https:\\\/\\\/lospoliticosveracruz.com\\\/?p=90656\"},\"author\":{\"name\":\"Lo viste en Los Pol\u00edticos\",\"@id\":\"https:\\\/\\\/lospoliticosveracruz.com\\\/#\\\/schema\\\/person\\\/b8702bb0e538456e6efd07080bf2a4a2\"},\"headline\":\"Inseguridad\",\"datePublished\":\"2022-06-01T02:14:07+00:00\",\"dateModified\":\"2022-06-01T02:15:23+00:00\",\"mainEntityOfPage\":{\"@id\":\"https:\\\/\\\/lospoliticosveracruz.com\\\/?p=90656\"},\"wordCount\":804,\"publisher\":{\"@id\":\"https:\\\/\\\/lospoliticosveracruz.com\\\/#organization\"},\"image\":{\"@id\":\"https:\\\/\\\/lospoliticosveracruz.com\\\/?p=90656#primaryimage\"},\"thumbnailUrl\":\"https:\\\/\\\/lospoliticosveracruz.com.mx\\\/wp-content\\\/uploads\\\/2021\\\/10\\\/Zacauilt.jpg\",\"keywords\":[\"Carnaval de Veracruz 2022\",\"Cuitl\u00e1huac Garc\u00eda Jim\u00e9nez\",\"Guadalupe H. Mar\",\"Hannia Tuncheo\",\"Jorge Carlos Alcocer Varela\",\"m\u00e9dicos cubanos\",\"Morena\",\"reina del Carnaval 2022\",\"Veracruz\"],\"articleSection\":[\"De Opini\u00f3n\"],\"inLanguage\":\"es\"},{\"@type\":\"WebPage\",\"@id\":\"https:\\\/\\\/lospoliticosveracruz.com\\\/?p=90656\",\"url\":\"https:\\\/\\\/lospoliticosveracruz.com\\\/?p=90656\",\"name\":\"Inseguridad - Los pol\u00edticos Veracruz\",\"isPartOf\":{\"@id\":\"https:\\\/\\\/lospoliticosveracruz.com\\\/#website\"},\"primaryImageOfPage\":{\"@id\":\"https:\\\/\\\/lospoliticosveracruz.com\\\/?p=90656#primaryimage\"},\"image\":{\"@id\":\"https:\\\/\\\/lospoliticosveracruz.com\\\/?p=90656#primaryimage\"},\"thumbnailUrl\":\"https:\\\/\\\/lospoliticosveracruz.com.mx\\\/wp-content\\\/uploads\\\/2021\\\/10\\\/Zacauilt.jpg\",\"datePublished\":\"2022-06-01T02:14:07+00:00\",\"dateModified\":\"2022-06-01T02:15:23+00:00\",\"breadcrumb\":{\"@id\":\"https:\\\/\\\/lospoliticosveracruz.com\\\/?p=90656#breadcrumb\"},\"inLanguage\":\"es\",\"potentialAction\":[{\"@type\":\"ReadAction\",\"target\":[\"https:\\\/\\\/lospoliticosveracruz.com\\\/?p=90656\"]}]},{\"@type\":\"ImageObject\",\"inLanguage\":\"es\",\"@id\":\"https:\\\/\\\/lospoliticosveracruz.com\\\/?p=90656#primaryimage\",\"url\":\"https:\\\/\\\/lospoliticosveracruz.com.mx\\\/wp-content\\\/uploads\\\/2021\\\/10\\\/Zacauilt.jpg\",\"contentUrl\":\"https:\\\/\\\/lospoliticosveracruz.com.mx\\\/wp-content\\\/uploads\\\/2021\\\/10\\\/Zacauilt.jpg\"},{\"@type\":\"BreadcrumbList\",\"@id\":\"https:\\\/\\\/lospoliticosveracruz.com\\\/?p=90656#breadcrumb\",\"itemListElement\":[{\"@type\":\"ListItem\",\"position\":1,\"name\":\"Portada\",\"item\":\"https:\\\/\\\/lospoliticosveracruz.com\\\/\"},{\"@type\":\"ListItem\",\"position\":2,\"name\":\"Inseguridad\"}]},{\"@type\":\"WebSite\",\"@id\":\"https:\\\/\\\/lospoliticosveracruz.com\\\/#website\",\"url\":\"https:\\\/\\\/lospoliticosveracruz.com\\\/\",\"name\":\"Los pol\u00edticos Veracruz\",\"description\":\"\",\"publisher\":{\"@id\":\"https:\\\/\\\/lospoliticosveracruz.com\\\/#organization\"},\"potentialAction\":[{\"@type\":\"SearchAction\",\"target\":{\"@type\":\"EntryPoint\",\"urlTemplate\":\"https:\\\/\\\/lospoliticosveracruz.com\\\/?s={search_term_string}\"},\"query-input\":{\"@type\":\"PropertyValueSpecification\",\"valueRequired\":true,\"valueName\":\"search_term_string\"}}],\"inLanguage\":\"es\"},{\"@type\":\"Organization\",\"@id\":\"https:\\\/\\\/lospoliticosveracruz.com\\\/#organization\",\"name\":\"Los pol\u00edticos Veracruz\",\"url\":\"https:\\\/\\\/lospoliticosveracruz.com\\\/\",\"logo\":{\"@type\":\"ImageObject\",\"inLanguage\":\"es\",\"@id\":\"https:\\\/\\\/lospoliticosveracruz.com\\\/#\\\/schema\\\/logo\\\/image\\\/\",\"url\":\"https:\\\/\\\/lospoliticosveracruz.com\\\/wp-content\\\/uploads\\\/2025\\\/12\\\/Logo-Nuevo-LOS-POLITICOS-1.jpg\",\"contentUrl\":\"https:\\\/\\\/lospoliticosveracruz.com\\\/wp-content\\\/uploads\\\/2025\\\/12\\\/Logo-Nuevo-LOS-POLITICOS-1.jpg\",\"width\":260,\"height\":70,\"caption\":\"Los pol\u00edticos Veracruz\"},\"image\":{\"@id\":\"https:\\\/\\\/lospoliticosveracruz.com\\\/#\\\/schema\\\/logo\\\/image\\\/\"},\"sameAs\":[\"https:\\\/\\\/www.facebook.com\\\/people\\\/Notimemes-de-los-Polticos\\\/61565672886568\\\/\",\"https:\\\/\\\/x.com\\\/LosPoliticosVer\"]},{\"@type\":\"Person\",\"@id\":\"https:\\\/\\\/lospoliticosveracruz.com\\\/#\\\/schema\\\/person\\\/b8702bb0e538456e6efd07080bf2a4a2\",\"name\":\"Lo viste en Los Pol\u00edticos\",\"image\":{\"@type\":\"ImageObject\",\"inLanguage\":\"es\",\"@id\":\"https:\\\/\\\/secure.gravatar.com\\\/avatar\\\/3a8de04a2656d44082be478bd6c086daa447c4651605818287b9532d3d0bd435?s=96&d=mm&r=g\",\"url\":\"https:\\\/\\\/secure.gravatar.com\\\/avatar\\\/3a8de04a2656d44082be478bd6c086daa447c4651605818287b9532d3d0bd435?s=96&d=mm&r=g\",\"contentUrl\":\"https:\\\/\\\/secure.gravatar.com\\\/avatar\\\/3a8de04a2656d44082be478bd6c086daa447c4651605818287b9532d3d0bd435?s=96&d=mm&r=g\",\"caption\":\"Lo viste en Los Pol\u00edticos\"},\"url\":\"https:\\\/\\\/lospoliticosveracruz.com\\\/?author=2\"}]}<\/script>\n<!-- \/ Yoast SEO plugin. -->","yoast_head_json":{"title":"Inseguridad - Los pol\u00edticos Veracruz","robots":{"index":"index","follow":"follow","max-snippet":"max-snippet:-1","max-image-preview":"max-image-preview:large","max-video-preview":"max-video-preview:-1"},"canonical":"https:\/\/lospoliticosveracruz.com\/?p=90656","og_locale":"es_ES","og_type":"article","og_title":"Inseguridad - Los pol\u00edticos Veracruz","og_description":"Guadalupe H. MarMira Pol\u00edtica OJOS QUE NO VEN \u2026 En tanto se exacerba la pol\u00e9mica que se ha generado por el tema de la pretensi\u00f3n de contratar 500 m\u00e9dicos cubanos para satisfacer la supuesta necesidad de atenci\u00f3n m\u00e9dica en zonas rurales de la rep\u00fablica mexicana, el gobierno federal, especialista en el uso de la posverdad [&hellip;]","og_url":"https:\/\/lospoliticosveracruz.com\/?p=90656","og_site_name":"Los pol\u00edticos Veracruz","article_publisher":"https:\/\/www.facebook.com\/people\/Notimemes-de-los-Polticos\/61565672886568\/","article_published_time":"2022-06-01T02:14:07+00:00","article_modified_time":"2022-06-01T02:15:23+00:00","og_image":[{"url":"https:\/\/lospoliticosveracruz.com.mx\/wp-content\/uploads\/2021\/10\/Zacauilt.jpg","type":"","width":"","height":""}],"author":"Lo viste en Los Pol\u00edticos","twitter_card":"summary_large_image","twitter_creator":"@LosPoliticosVer","twitter_site":"@LosPoliticosVer","twitter_misc":{"Escrito por":"Lo viste en Los Pol\u00edticos","Tiempo de lectura":"4 minutos"},"schema":{"@context":"https:\/\/schema.org","@graph":[{"@type":"Article","@id":"https:\/\/lospoliticosveracruz.com\/?p=90656#article","isPartOf":{"@id":"https:\/\/lospoliticosveracruz.com\/?p=90656"},"author":{"name":"Lo viste en Los Pol\u00edticos","@id":"https:\/\/lospoliticosveracruz.com\/#\/schema\/person\/b8702bb0e538456e6efd07080bf2a4a2"},"headline":"Inseguridad","datePublished":"2022-06-01T02:14:07+00:00","dateModified":"2022-06-01T02:15:23+00:00","mainEntityOfPage":{"@id":"https:\/\/lospoliticosveracruz.com\/?p=90656"},"wordCount":804,"publisher":{"@id":"https:\/\/lospoliticosveracruz.com\/#organization"},"image":{"@id":"https:\/\/lospoliticosveracruz.com\/?p=90656#primaryimage"},"thumbnailUrl":"https:\/\/lospoliticosveracruz.com.mx\/wp-content\/uploads\/2021\/10\/Zacauilt.jpg","keywords":["Carnaval de Veracruz 2022","Cuitl\u00e1huac Garc\u00eda Jim\u00e9nez","Guadalupe H. Mar","Hannia Tuncheo","Jorge Carlos Alcocer Varela","m\u00e9dicos cubanos","Morena","reina del Carnaval 2022","Veracruz"],"articleSection":["De Opini\u00f3n"],"inLanguage":"es"},{"@type":"WebPage","@id":"https:\/\/lospoliticosveracruz.com\/?p=90656","url":"https:\/\/lospoliticosveracruz.com\/?p=90656","name":"Inseguridad - Los pol\u00edticos Veracruz","isPartOf":{"@id":"https:\/\/lospoliticosveracruz.com\/#website"},"primaryImageOfPage":{"@id":"https:\/\/lospoliticosveracruz.com\/?p=90656#primaryimage"},"image":{"@id":"https:\/\/lospoliticosveracruz.com\/?p=90656#primaryimage"},"thumbnailUrl":"https:\/\/lospoliticosveracruz.com.mx\/wp-content\/uploads\/2021\/10\/Zacauilt.jpg","datePublished":"2022-06-01T02:14:07+00:00","dateModified":"2022-06-01T02:15:23+00:00","breadcrumb":{"@id":"https:\/\/lospoliticosveracruz.com\/?p=90656#breadcrumb"},"inLanguage":"es","potentialAction":[{"@type":"ReadAction","target":["https:\/\/lospoliticosveracruz.com\/?p=90656"]}]},{"@type":"ImageObject","inLanguage":"es","@id":"https:\/\/lospoliticosveracruz.com\/?p=90656#primaryimage","url":"https:\/\/lospoliticosveracruz.com.mx\/wp-content\/uploads\/2021\/10\/Zacauilt.jpg","contentUrl":"https:\/\/lospoliticosveracruz.com.mx\/wp-content\/uploads\/2021\/10\/Zacauilt.jpg"},{"@type":"BreadcrumbList","@id":"https:\/\/lospoliticosveracruz.com\/?p=90656#breadcrumb","itemListElement":[{"@type":"ListItem","position":1,"name":"Portada","item":"https:\/\/lospoliticosveracruz.com\/"},{"@type":"ListItem","position":2,"name":"Inseguridad"}]},{"@type":"WebSite","@id":"https:\/\/lospoliticosveracruz.com\/#website","url":"https:\/\/lospoliticosveracruz.com\/","name":"Los pol\u00edticos Veracruz","description":"","publisher":{"@id":"https:\/\/lospoliticosveracruz.com\/#organization"},"potentialAction":[{"@type":"SearchAction","target":{"@type":"EntryPoint","urlTemplate":"https:\/\/lospoliticosveracruz.com\/?s={search_term_string}"},"query-input":{"@type":"PropertyValueSpecification","valueRequired":true,"valueName":"search_term_string"}}],"inLanguage":"es"},{"@type":"Organization","@id":"https:\/\/lospoliticosveracruz.com\/#organization","name":"Los pol\u00edticos Veracruz","url":"https:\/\/lospoliticosveracruz.com\/","logo":{"@type":"ImageObject","inLanguage":"es","@id":"https:\/\/lospoliticosveracruz.com\/#\/schema\/logo\/image\/","url":"https:\/\/lospoliticosveracruz.com\/wp-content\/uploads\/2025\/12\/Logo-Nuevo-LOS-POLITICOS-1.jpg","contentUrl":"https:\/\/lospoliticosveracruz.com\/wp-content\/uploads\/2025\/12\/Logo-Nuevo-LOS-POLITICOS-1.jpg","width":260,"height":70,"caption":"Los pol\u00edticos Veracruz"},"image":{"@id":"https:\/\/lospoliticosveracruz.com\/#\/schema\/logo\/image\/"},"sameAs":["https:\/\/www.facebook.com\/people\/Notimemes-de-los-Polticos\/61565672886568\/","https:\/\/x.com\/LosPoliticosVer"]},{"@type":"Person","@id":"https:\/\/lospoliticosveracruz.com\/#\/schema\/person\/b8702bb0e538456e6efd07080bf2a4a2","name":"Lo viste en Los Pol\u00edticos","image":{"@type":"ImageObject","inLanguage":"es","@id":"https:\/\/secure.gravatar.com\/avatar\/3a8de04a2656d44082be478bd6c086daa447c4651605818287b9532d3d0bd435?s=96&d=mm&r=g","url":"https:\/\/secure.gravatar.com\/avatar\/3a8de04a2656d44082be478bd6c086daa447c4651605818287b9532d3d0bd435?s=96&d=mm&r=g","contentUrl":"https:\/\/secure.gravatar.com\/avatar\/3a8de04a2656d44082be478bd6c086daa447c4651605818287b9532d3d0bd435?s=96&d=mm&r=g","caption":"Lo viste en Los Pol\u00edticos"},"url":"https:\/\/lospoliticosveracruz.com\/?author=2"}]}},"_links":{"self":[{"href":"https:\/\/lospoliticosveracruz.com\/index.php?rest_route=\/wp\/v2\/posts\/90656","targetHints":{"allow":["GET"]}}],"collection":[{"href":"https:\/\/lospoliticosveracruz.com\/index.php?rest_route=\/wp\/v2\/posts"}],"about":[{"href":"https:\/\/lospoliticosveracruz.com\/index.php?rest_route=\/wp\/v2\/types\/post"}],"author":[{"embeddable":true,"href":"https:\/\/lospoliticosveracruz.com\/index.php?rest_route=\/wp\/v2\/users\/2"}],"replies":[{"embeddable":true,"href":"https:\/\/lospoliticosveracruz.com\/index.php?rest_route=%2Fwp%2Fv2%2Fcomments&post=90656"}],"version-history":[{"count":1,"href":"https:\/\/lospoliticosveracruz.com\/index.php?rest_route=\/wp\/v2\/posts\/90656\/revisions"}],"predecessor-version":[{"id":90658,"href":"https:\/\/lospoliticosveracruz.com\/index.php?rest_route=\/wp\/v2\/posts\/90656\/revisions\/90658"}],"wp:attachment":[{"href":"https:\/\/lospoliticosveracruz.com\/index.php?rest_route=%2Fwp%2Fv2%2Fmedia&parent=90656"}],"wp:term":[{"taxonomy":"category","embeddable":true,"href":"https:\/\/lospoliticosveracruz.com\/index.php?rest_route=%2Fwp%2Fv2%2Fcategories&post=90656"},{"taxonomy":"post_tag","embeddable":true,"href":"https:\/\/lospoliticosveracruz.com\/index.php?rest_route=%2Fwp%2Fv2%2Ftags&post=90656"}],"curies":[{"name":"wp","href":"https:\/\/api.w.org\/{rel}","templated":true}]}}