{"id":90673,"date":"2022-06-01T10:26:39","date_gmt":"2022-06-01T15:26:39","guid":{"rendered":"https:\/\/lospoliticosveracruz.com.mx\/?p=90673"},"modified":"2022-06-01T10:26:46","modified_gmt":"2022-06-01T15:26:46","slug":"yeri-mua-contra-cuitlahuac","status":"publish","type":"post","link":"https:\/\/lospoliticosveracruz.com\/?p=90673","title":{"rendered":"Yeri Mua contra Cuitl\u00e1huac"},"content":{"rendered":"\n<p><strong>Sergio Gonz\u00e1lez Levet<\/strong><\/p>\n\n\n\n<p><em>Sin tacto<\/em><\/p>\n\n\n\n<p>Si hici\u00e9ramos una comparaci\u00f3n de votos entre los que consigui\u00f3 para ser la flamante Reina del Carnaval de Veracruz la influencer y modelo Yeri Mua, y los que obtuvo por interp\u00f3sito Peje el ahora gobernador Cuitl\u00e1huac Garc\u00eda Jim\u00e9nez, la guapa participante se lleva de calle al ne\u00f3fito pol\u00edtico que lleg\u00f3 al poder con n\u00fameros in\u00e9ditos y sin hacer siquiera campa\u00f1a (o m\u00e1s bien por no hacer campa\u00f1a, porque cada que sal\u00eda a un evento p\u00fablico perd\u00eda simpatizantes, cuando escuchaban su err\u00e1tico discurso).<br>Veamos: Cuitla alcanz\u00f3 una cifra r\u00e9cord de 1 mill\u00f3n 667,239 sufragios a su favor, contra 1 mill\u00f3n 453,938 boletas cruzadas por Miguel \u00c1ngel Yunes M\u00e1rquez. Tal resultado prodigioso se debe al fen\u00f3meno sociol\u00f3gico que represent\u00f3 la candidatura de Andr\u00e9s Manuel L\u00f3pez Obrador para la Presidencia de la Rep\u00fablica, que congreg\u00f3 la voluntad de 30 millones 113,483 ciudadanos, m\u00e1s de la mitad de los ciudadanos que acudieron ese 2 de julio de 2018 a las urnas.<br>Pero Yeri Mua gan\u00f3 el pasado domingo la elecci\u00f3n para Reina del Carnaval de Veracruz 2022 con 1 mill\u00f3n 942,528 votos. Es decir, 275,289 votos por encima de los que obtuvo el candidato a Gobernador m\u00e1s votado en la historia de la entidad.<br>Y hay que a\u00f1adir un aspecto m\u00e1s a esta diferencia, que es el valor de cada sufragio. A la influencer le cost\u00f3 un peso cada voto, de acuerdo con lo que marcaba la convocatoria. Eso quiere decir que ingres\u00f3 casi dos millones de pesos a la causa de la fiesta de fiestas jarocha, que resultan una maravilla ante los mermados recursos con los que se tiene que manejar el Comit\u00e9 de Carnaval de Luis Antonio P\u00e9rez Fraga -que s\u00ed come pollo-, debido a la falta de apoyo del Gobierno austero de la 4T; austero siempre y cuando no tenga que ver con celebraciones propias de Morena o del equipo cuitlista.<br>Bueno, pues a Yeri le sali\u00f3 a un peso cada voto, y dicen las malas lenguas y los n\u00fameros de lo gastado en la campa\u00f1a que Cuitl\u00e1huac se gast\u00f3 m\u00e1s o menos 500 pesos por cada sufragio individual, que salieron de las prerrogativas que recibi\u00f3 su partido y de otros apoyos que termin\u00f3 justificando L\u00f3pez Obrador ya como Presidente con la ocurrencia de que fueron \u00abaportaciones\u00bb.<br>Es obvio que esta comparaci\u00f3n entre una popular y seria candidata a reina y un\u2026 y un\u2026 bueno, y un candidato como Cuitl\u00e1huac, es un poco exagerada, porque nada tienen que ver los objetivos de una y otra campa\u00f1a. Pero sirve el exuberante cotejo para dar una idea de lo que est\u00e1n representando las redes sociales para conseguir simpat\u00edas populares (y votos para la ocasi\u00f3n que sea).<br>Los sesudos asesores del G\u00f3ber Cuitla -tan capaces ellos y con tantos resultados que todos conocemos- ya deben estar tomando cartas en el asunto para tratar de utilizar las posibilidades de Internet en favor de los pr\u00f3ximos candidatos de Morena, en especial del que buscar\u00e1 la gubernatura (que ser\u00e1 un hombre cargado de simpat\u00edas).<br>Yeri Mua tendr\u00eda mucho que ense\u00f1ar a los operadores pol\u00edticos de todos los partidos y todas las tendencias, que se dar\u00e1n el agarr\u00f3n del siglo en 2024.<br>Felicidades, Reina, y a su Rey, feo.<\/p>\n\n\n\n<p>sglevet@gmail.com<br>Twitter: @sglevet<\/p>\n","protected":false},"excerpt":{"rendered":"<p>Sergio Gonz\u00e1lez Levet Sin tacto Si hici\u00e9ramos una comparaci\u00f3n de votos entre los que consigui\u00f3 para ser la flamante Reina del Carnaval de Veracruz la influencer y modelo Yeri Mua, y los que obtuvo por interp\u00f3sito Peje el ahora gobernador Cuitl\u00e1huac Garc\u00eda Jim\u00e9nez, la guapa participante se lleva de calle al ne\u00f3fito pol\u00edtico que lleg\u00f3 [&hellip;]<\/p>\n","protected":false},"author":2,"featured_media":0,"comment_status":"closed","ping_status":"closed","sticky":false,"template":"","format":"standard","meta":{"tdm_status":"","tdm_grid_status":"","footnotes":""},"categories":[70],"tags":[1563,10657,1026,33537,33517,1282,195],"class_list":{"0":"post-90673","1":"post","2":"type-post","3":"status-publish","4":"format-standard","6":"category-de-opinion","7":"tag-cuitlahuac-garcia-jimenez","8":"tag-luis-antonio-perez-fraga","9":"tag-morena","10":"tag-reina-del-carnaval-de-veracruz","11":"tag-reina-yeri-mua","12":"tag-sergio-gonzalez-levet","13":"tag-veracruz"},"yoast_head":"<!-- This site is optimized with the Yoast SEO plugin v27.4 - https:\/\/yoast.com\/product\/yoast-seo-wordpress\/ -->\n<title>Yeri Mua contra Cuitl\u00e1huac - Los pol\u00edticos Veracruz<\/title>\n<meta name=\"robots\" content=\"index, follow, max-snippet:-1, max-image-preview:large, max-video-preview:-1\" \/>\n<link rel=\"canonical\" href=\"https:\/\/lospoliticosveracruz.com\/?p=90673\" \/>\n<meta property=\"og:locale\" content=\"es_ES\" \/>\n<meta property=\"og:type\" content=\"article\" \/>\n<meta property=\"og:title\" content=\"Yeri Mua contra Cuitl\u00e1huac - Los pol\u00edticos Veracruz\" \/>\n<meta property=\"og:description\" content=\"Sergio Gonz\u00e1lez Levet Sin tacto Si hici\u00e9ramos una comparaci\u00f3n de votos entre los que consigui\u00f3 para ser la flamante Reina del Carnaval de Veracruz la influencer y modelo Yeri Mua, y los que obtuvo por interp\u00f3sito Peje el ahora gobernador Cuitl\u00e1huac Garc\u00eda Jim\u00e9nez, la guapa participante se lleva de calle al ne\u00f3fito pol\u00edtico que lleg\u00f3 [&hellip;]\" \/>\n<meta property=\"og:url\" content=\"https:\/\/lospoliticosveracruz.com\/?p=90673\" \/>\n<meta property=\"og:site_name\" content=\"Los pol\u00edticos Veracruz\" \/>\n<meta property=\"article:publisher\" content=\"https:\/\/www.facebook.com\/people\/Notimemes-de-los-Polticos\/61565672886568\/\" \/>\n<meta property=\"article:published_time\" content=\"2022-06-01T15:26:39+00:00\" \/>\n<meta property=\"article:modified_time\" content=\"2022-06-01T15:26:46+00:00\" \/>\n<meta property=\"og:image\" content=\"https:\/\/lospoliticosveracruz.com\/wp-content\/uploads\/2016\/07\/Logo-Dor.jpg\" \/>\n\t<meta property=\"og:image:width\" content=\"200\" \/>\n\t<meta property=\"og:image:height\" content=\"200\" \/>\n\t<meta property=\"og:image:type\" content=\"image\/jpeg\" \/>\n<meta name=\"author\" content=\"Lo viste en Los Pol\u00edticos\" \/>\n<meta name=\"twitter:card\" content=\"summary_large_image\" \/>\n<meta name=\"twitter:creator\" content=\"@LosPoliticosVer\" \/>\n<meta name=\"twitter:site\" content=\"@LosPoliticosVer\" \/>\n<meta name=\"twitter:label1\" content=\"Escrito por\" \/>\n\t<meta name=\"twitter:data1\" content=\"Lo viste en Los Pol\u00edticos\" \/>\n\t<meta name=\"twitter:label2\" content=\"Tiempo de lectura\" \/>\n\t<meta name=\"twitter:data2\" content=\"3 minutos\" \/>\n<script type=\"application\/ld+json\" class=\"yoast-schema-graph\">{\"@context\":\"https:\\\/\\\/schema.org\",\"@graph\":[{\"@type\":\"Article\",\"@id\":\"https:\\\/\\\/lospoliticosveracruz.com\\\/?p=90673#article\",\"isPartOf\":{\"@id\":\"https:\\\/\\\/lospoliticosveracruz.com\\\/?p=90673\"},\"author\":{\"name\":\"Lo viste en Los Pol\u00edticos\",\"@id\":\"https:\\\/\\\/lospoliticosveracruz.com\\\/#\\\/schema\\\/person\\\/b8702bb0e538456e6efd07080bf2a4a2\"},\"headline\":\"Yeri Mua contra Cuitl\u00e1huac\",\"datePublished\":\"2022-06-01T15:26:39+00:00\",\"dateModified\":\"2022-06-01T15:26:46+00:00\",\"mainEntityOfPage\":{\"@id\":\"https:\\\/\\\/lospoliticosveracruz.com\\\/?p=90673\"},\"wordCount\":584,\"publisher\":{\"@id\":\"https:\\\/\\\/lospoliticosveracruz.com\\\/#organization\"},\"keywords\":[\"Cuitl\u00e1huac Garc\u00eda Jim\u00e9nez\",\"Luis Antonio P\u00e9rez Fraga\",\"Morena\",\"Reina del Carnaval de Veracruz\",\"Reina Yeri Mua\",\"Sergio Gonz\u00e1lez Levet\",\"Veracruz\"],\"articleSection\":[\"De Opini\u00f3n\"],\"inLanguage\":\"es\"},{\"@type\":\"WebPage\",\"@id\":\"https:\\\/\\\/lospoliticosveracruz.com\\\/?p=90673\",\"url\":\"https:\\\/\\\/lospoliticosveracruz.com\\\/?p=90673\",\"name\":\"Yeri Mua contra Cuitl\u00e1huac - Los pol\u00edticos Veracruz\",\"isPartOf\":{\"@id\":\"https:\\\/\\\/lospoliticosveracruz.com\\\/#website\"},\"datePublished\":\"2022-06-01T15:26:39+00:00\",\"dateModified\":\"2022-06-01T15:26:46+00:00\",\"breadcrumb\":{\"@id\":\"https:\\\/\\\/lospoliticosveracruz.com\\\/?p=90673#breadcrumb\"},\"inLanguage\":\"es\",\"potentialAction\":[{\"@type\":\"ReadAction\",\"target\":[\"https:\\\/\\\/lospoliticosveracruz.com\\\/?p=90673\"]}]},{\"@type\":\"BreadcrumbList\",\"@id\":\"https:\\\/\\\/lospoliticosveracruz.com\\\/?p=90673#breadcrumb\",\"itemListElement\":[{\"@type\":\"ListItem\",\"position\":1,\"name\":\"Portada\",\"item\":\"https:\\\/\\\/lospoliticosveracruz.com\\\/\"},{\"@type\":\"ListItem\",\"position\":2,\"name\":\"Yeri Mua contra Cuitl\u00e1huac\"}]},{\"@type\":\"WebSite\",\"@id\":\"https:\\\/\\\/lospoliticosveracruz.com\\\/#website\",\"url\":\"https:\\\/\\\/lospoliticosveracruz.com\\\/\",\"name\":\"Los pol\u00edticos Veracruz\",\"description\":\"\",\"publisher\":{\"@id\":\"https:\\\/\\\/lospoliticosveracruz.com\\\/#organization\"},\"potentialAction\":[{\"@type\":\"SearchAction\",\"target\":{\"@type\":\"EntryPoint\",\"urlTemplate\":\"https:\\\/\\\/lospoliticosveracruz.com\\\/?s={search_term_string}\"},\"query-input\":{\"@type\":\"PropertyValueSpecification\",\"valueRequired\":true,\"valueName\":\"search_term_string\"}}],\"inLanguage\":\"es\"},{\"@type\":\"Organization\",\"@id\":\"https:\\\/\\\/lospoliticosveracruz.com\\\/#organization\",\"name\":\"Los pol\u00edticos Veracruz\",\"url\":\"https:\\\/\\\/lospoliticosveracruz.com\\\/\",\"logo\":{\"@type\":\"ImageObject\",\"inLanguage\":\"es\",\"@id\":\"https:\\\/\\\/lospoliticosveracruz.com\\\/#\\\/schema\\\/logo\\\/image\\\/\",\"url\":\"https:\\\/\\\/lospoliticosveracruz.com\\\/wp-content\\\/uploads\\\/2025\\\/12\\\/Logo-Nuevo-LOS-POLITICOS-1.jpg\",\"contentUrl\":\"https:\\\/\\\/lospoliticosveracruz.com\\\/wp-content\\\/uploads\\\/2025\\\/12\\\/Logo-Nuevo-LOS-POLITICOS-1.jpg\",\"width\":260,\"height\":70,\"caption\":\"Los pol\u00edticos Veracruz\"},\"image\":{\"@id\":\"https:\\\/\\\/lospoliticosveracruz.com\\\/#\\\/schema\\\/logo\\\/image\\\/\"},\"sameAs\":[\"https:\\\/\\\/www.facebook.com\\\/people\\\/Notimemes-de-los-Polticos\\\/61565672886568\\\/\",\"https:\\\/\\\/x.com\\\/LosPoliticosVer\"]},{\"@type\":\"Person\",\"@id\":\"https:\\\/\\\/lospoliticosveracruz.com\\\/#\\\/schema\\\/person\\\/b8702bb0e538456e6efd07080bf2a4a2\",\"name\":\"Lo viste en Los Pol\u00edticos\",\"image\":{\"@type\":\"ImageObject\",\"inLanguage\":\"es\",\"@id\":\"https:\\\/\\\/secure.gravatar.com\\\/avatar\\\/3a8de04a2656d44082be478bd6c086daa447c4651605818287b9532d3d0bd435?s=96&d=mm&r=g\",\"url\":\"https:\\\/\\\/secure.gravatar.com\\\/avatar\\\/3a8de04a2656d44082be478bd6c086daa447c4651605818287b9532d3d0bd435?s=96&d=mm&r=g\",\"contentUrl\":\"https:\\\/\\\/secure.gravatar.com\\\/avatar\\\/3a8de04a2656d44082be478bd6c086daa447c4651605818287b9532d3d0bd435?s=96&d=mm&r=g\",\"caption\":\"Lo viste en Los Pol\u00edticos\"},\"url\":\"https:\\\/\\\/lospoliticosveracruz.com\\\/?author=2\"}]}<\/script>\n<!-- \/ Yoast SEO plugin. -->","yoast_head_json":{"title":"Yeri Mua contra Cuitl\u00e1huac - Los pol\u00edticos Veracruz","robots":{"index":"index","follow":"follow","max-snippet":"max-snippet:-1","max-image-preview":"max-image-preview:large","max-video-preview":"max-video-preview:-1"},"canonical":"https:\/\/lospoliticosveracruz.com\/?p=90673","og_locale":"es_ES","og_type":"article","og_title":"Yeri Mua contra Cuitl\u00e1huac - Los pol\u00edticos Veracruz","og_description":"Sergio Gonz\u00e1lez Levet Sin tacto Si hici\u00e9ramos una comparaci\u00f3n de votos entre los que consigui\u00f3 para ser la flamante Reina del Carnaval de Veracruz la influencer y modelo Yeri Mua, y los que obtuvo por interp\u00f3sito Peje el ahora gobernador Cuitl\u00e1huac Garc\u00eda Jim\u00e9nez, la guapa participante se lleva de calle al ne\u00f3fito pol\u00edtico que lleg\u00f3 [&hellip;]","og_url":"https:\/\/lospoliticosveracruz.com\/?p=90673","og_site_name":"Los pol\u00edticos Veracruz","article_publisher":"https:\/\/www.facebook.com\/people\/Notimemes-de-los-Polticos\/61565672886568\/","article_published_time":"2022-06-01T15:26:39+00:00","article_modified_time":"2022-06-01T15:26:46+00:00","og_image":[{"width":200,"height":200,"url":"https:\/\/lospoliticosveracruz.com\/wp-content\/uploads\/2016\/07\/Logo-Dor.jpg","type":"image\/jpeg"}],"author":"Lo viste en Los Pol\u00edticos","twitter_card":"summary_large_image","twitter_creator":"@LosPoliticosVer","twitter_site":"@LosPoliticosVer","twitter_misc":{"Escrito por":"Lo viste en Los Pol\u00edticos","Tiempo de lectura":"3 minutos"},"schema":{"@context":"https:\/\/schema.org","@graph":[{"@type":"Article","@id":"https:\/\/lospoliticosveracruz.com\/?p=90673#article","isPartOf":{"@id":"https:\/\/lospoliticosveracruz.com\/?p=90673"},"author":{"name":"Lo viste en Los Pol\u00edticos","@id":"https:\/\/lospoliticosveracruz.com\/#\/schema\/person\/b8702bb0e538456e6efd07080bf2a4a2"},"headline":"Yeri Mua contra Cuitl\u00e1huac","datePublished":"2022-06-01T15:26:39+00:00","dateModified":"2022-06-01T15:26:46+00:00","mainEntityOfPage":{"@id":"https:\/\/lospoliticosveracruz.com\/?p=90673"},"wordCount":584,"publisher":{"@id":"https:\/\/lospoliticosveracruz.com\/#organization"},"keywords":["Cuitl\u00e1huac Garc\u00eda Jim\u00e9nez","Luis Antonio P\u00e9rez Fraga","Morena","Reina del Carnaval de Veracruz","Reina Yeri Mua","Sergio Gonz\u00e1lez Levet","Veracruz"],"articleSection":["De Opini\u00f3n"],"inLanguage":"es"},{"@type":"WebPage","@id":"https:\/\/lospoliticosveracruz.com\/?p=90673","url":"https:\/\/lospoliticosveracruz.com\/?p=90673","name":"Yeri Mua contra Cuitl\u00e1huac - Los pol\u00edticos Veracruz","isPartOf":{"@id":"https:\/\/lospoliticosveracruz.com\/#website"},"datePublished":"2022-06-01T15:26:39+00:00","dateModified":"2022-06-01T15:26:46+00:00","breadcrumb":{"@id":"https:\/\/lospoliticosveracruz.com\/?p=90673#breadcrumb"},"inLanguage":"es","potentialAction":[{"@type":"ReadAction","target":["https:\/\/lospoliticosveracruz.com\/?p=90673"]}]},{"@type":"BreadcrumbList","@id":"https:\/\/lospoliticosveracruz.com\/?p=90673#breadcrumb","itemListElement":[{"@type":"ListItem","position":1,"name":"Portada","item":"https:\/\/lospoliticosveracruz.com\/"},{"@type":"ListItem","position":2,"name":"Yeri Mua contra Cuitl\u00e1huac"}]},{"@type":"WebSite","@id":"https:\/\/lospoliticosveracruz.com\/#website","url":"https:\/\/lospoliticosveracruz.com\/","name":"Los pol\u00edticos Veracruz","description":"","publisher":{"@id":"https:\/\/lospoliticosveracruz.com\/#organization"},"potentialAction":[{"@type":"SearchAction","target":{"@type":"EntryPoint","urlTemplate":"https:\/\/lospoliticosveracruz.com\/?s={search_term_string}"},"query-input":{"@type":"PropertyValueSpecification","valueRequired":true,"valueName":"search_term_string"}}],"inLanguage":"es"},{"@type":"Organization","@id":"https:\/\/lospoliticosveracruz.com\/#organization","name":"Los pol\u00edticos Veracruz","url":"https:\/\/lospoliticosveracruz.com\/","logo":{"@type":"ImageObject","inLanguage":"es","@id":"https:\/\/lospoliticosveracruz.com\/#\/schema\/logo\/image\/","url":"https:\/\/lospoliticosveracruz.com\/wp-content\/uploads\/2025\/12\/Logo-Nuevo-LOS-POLITICOS-1.jpg","contentUrl":"https:\/\/lospoliticosveracruz.com\/wp-content\/uploads\/2025\/12\/Logo-Nuevo-LOS-POLITICOS-1.jpg","width":260,"height":70,"caption":"Los pol\u00edticos Veracruz"},"image":{"@id":"https:\/\/lospoliticosveracruz.com\/#\/schema\/logo\/image\/"},"sameAs":["https:\/\/www.facebook.com\/people\/Notimemes-de-los-Polticos\/61565672886568\/","https:\/\/x.com\/LosPoliticosVer"]},{"@type":"Person","@id":"https:\/\/lospoliticosveracruz.com\/#\/schema\/person\/b8702bb0e538456e6efd07080bf2a4a2","name":"Lo viste en Los Pol\u00edticos","image":{"@type":"ImageObject","inLanguage":"es","@id":"https:\/\/secure.gravatar.com\/avatar\/3a8de04a2656d44082be478bd6c086daa447c4651605818287b9532d3d0bd435?s=96&d=mm&r=g","url":"https:\/\/secure.gravatar.com\/avatar\/3a8de04a2656d44082be478bd6c086daa447c4651605818287b9532d3d0bd435?s=96&d=mm&r=g","contentUrl":"https:\/\/secure.gravatar.com\/avatar\/3a8de04a2656d44082be478bd6c086daa447c4651605818287b9532d3d0bd435?s=96&d=mm&r=g","caption":"Lo viste en Los Pol\u00edticos"},"url":"https:\/\/lospoliticosveracruz.com\/?author=2"}]}},"_links":{"self":[{"href":"https:\/\/lospoliticosveracruz.com\/index.php?rest_route=\/wp\/v2\/posts\/90673","targetHints":{"allow":["GET"]}}],"collection":[{"href":"https:\/\/lospoliticosveracruz.com\/index.php?rest_route=\/wp\/v2\/posts"}],"about":[{"href":"https:\/\/lospoliticosveracruz.com\/index.php?rest_route=\/wp\/v2\/types\/post"}],"author":[{"embeddable":true,"href":"https:\/\/lospoliticosveracruz.com\/index.php?rest_route=\/wp\/v2\/users\/2"}],"replies":[{"embeddable":true,"href":"https:\/\/lospoliticosveracruz.com\/index.php?rest_route=%2Fwp%2Fv2%2Fcomments&post=90673"}],"version-history":[{"count":1,"href":"https:\/\/lospoliticosveracruz.com\/index.php?rest_route=\/wp\/v2\/posts\/90673\/revisions"}],"predecessor-version":[{"id":90675,"href":"https:\/\/lospoliticosveracruz.com\/index.php?rest_route=\/wp\/v2\/posts\/90673\/revisions\/90675"}],"wp:attachment":[{"href":"https:\/\/lospoliticosveracruz.com\/index.php?rest_route=%2Fwp%2Fv2%2Fmedia&parent=90673"}],"wp:term":[{"taxonomy":"category","embeddable":true,"href":"https:\/\/lospoliticosveracruz.com\/index.php?rest_route=%2Fwp%2Fv2%2Fcategories&post=90673"},{"taxonomy":"post_tag","embeddable":true,"href":"https:\/\/lospoliticosveracruz.com\/index.php?rest_route=%2Fwp%2Fv2%2Ftags&post=90673"}],"curies":[{"name":"wp","href":"https:\/\/api.w.org\/{rel}","templated":true}]}}