{"id":90765,"date":"2022-06-03T09:02:36","date_gmt":"2022-06-03T14:02:36","guid":{"rendered":"https:\/\/lospoliticosveracruz.com.mx\/?p=90765"},"modified":"2022-06-03T09:02:41","modified_gmt":"2022-06-03T14:02:41","slug":"desapariciones-2","status":"publish","type":"post","link":"https:\/\/lospoliticosveracruz.com\/?p=90765","title":{"rendered":"Desapariciones"},"content":{"rendered":"\n<p><\/p>\n\n\n\n<p><br><strong>Guadalupe H. Mar<\/strong><br><em>Mira Pol\u00edtica<\/em><\/p>\n\n\n\n<p>LAS FR\u00cdAS CIFRAS \u2026 Hace unos d\u00edas el gobierno federal dio a conocer que, en los \u00faltimos 58 a\u00f1os, esto es, desde 1964 a la fecha, hab\u00edan desaparecido y estaban en calidad de no localizadas en nuestro pa\u00eds, 100 mil personas, el mismo n\u00famero de seres humanos que sus familias siguen buscando y otras fallecieron sin poder localizar a sus desaparecidos.<br>Quiz\u00e1 la cifra, el n\u00famero ya no genere ning\u00fan tipo de sentimiento, pues la saturaci\u00f3n noticiosa de lamentables y degradantes hechos nos est\u00e1 haciendo insensibles, seg\u00fan especialistas de la conducta humana.<br>De acuerdo con los datos recabados por la Comisi\u00f3n Nacional de B\u00fasqueda (CNB) en el Registro Nacional de Personas Desaparecidas y No Localizadas (RNPDNO) y de la subsecretar\u00eda de Derechos Humanos de la Secretar\u00eda de Gobernaci\u00f3n, a cargo de Alejandro de Jes\u00fas Encinas Rodr\u00edguez, de estos 58 a\u00f1os, el del 2019 fue el que registr\u00f3 el mayor n\u00famero de desaparecidos desde 1964, con ocho mil 345 casos.<br>El 2019, amables lectores, fue el primer a\u00f1o de gobierno del actual presidente de la rep\u00fablica, Andr\u00e9s Manuel L\u00f3pez Obrador.<br>Por cierto, en los poco m\u00e1s de tres a\u00f1os de gobierno de L\u00f3pez Obrador, se ha reportado la desaparici\u00f3n y no localizaci\u00f3n de 13 mil 821 personas.<br>Las fr\u00edas cifras indican tambi\u00e9n, que los estados de la rep\u00fablica mexicana con m\u00e1s personas desaparecidas en lo que va de la administraci\u00f3n federal de Andr\u00e9s Manuel L\u00f3pez Obrador son: Jalisco con tres mil 566 personas; Guanajuato con mil 216 personas; Tamaulipas con mil 206 personas; Ciudad de M\u00e9xico con mil 191 personas; Nuevo Le\u00f3n con 991 personas; Sinaloa con 973 personas; Michoac\u00e1n con 735 personas; Veracruz con 545 personas; Guerrero con 455 personas y Chihuahua con 394 personas.<br>Como se dar\u00e1 cuenta amable lector, Veracruz es el octavo estado de la rep\u00fablica mexicana con el mayor n\u00famero de personas desaparecidas y se encuentra entre las 10 entidades federativas con m\u00e1s casos de este tipo.<br>Los corifeos podr\u00edan argumentar que Veracruz es \u00abcolero\u00bb, pero con la pena les recordamos que no hablamos de futbol.<br>En estas diez entidades federativas, se concentra el 81 por ciento de las 13 mil 821 personas desaparecidas y no localizadas en lo que va de la administraci\u00f3n de Andr\u00e9s Manuel L\u00f3pez Obrador y en nuestro caso, del ingeniero mec\u00e1nico electricista Cuitl\u00e1huac Garc\u00eda Jim\u00e9nez como gobernador del estado de Veracruz.<br>ANTES DE SER MAISTROS \u2026 Las fr\u00edas cifras permiten conocer amables lectores, que durante el sexenio de Felipe de Jes\u00fas Calder\u00f3n Hinojosa (2006-2012), se increment\u00f3 hasta en 98 por ciento la desaparici\u00f3n de personas en nuestro pa\u00eds, pues en el gobierno del amigo de \u00abCheco\u00bb P\u00e9rez, las fuerzas armadas fueron desplegadas para cumplir funciones de seguridad p\u00fablica- no de alba\u00f1iles como ahora- y se dio la llamada &#8216;guerra contra el narcotr\u00e1fico&#8217;.<br>Lo alarmante de estos casos, luego obviamente de las desapariciones, son los datos del Comit\u00e9 contra la Desaparici\u00f3n Forzadas de la ONU (CED), el cual precisa en su informe que, en M\u00e9xico, \u00ablas desapariciones siguen afectando mayoritariamente a hombres de entre 15 y 40 a\u00f1os. No obstante, las cifras oficiales muestran un incremento notable de desapariciones de ni\u00f1os y ni\u00f1as a partir de los 12 a\u00f1os, as\u00ed como de adolescentes y mujeres, tendencia que se agudiz\u00f3 en el contexto de la pandemia de enfermedad por coronavirus\u00bb.<br>La gravedad del asunto, sobre todo en esos diez estados de la rep\u00fablica mexicana, entre ellos Veracruz, requiere acciones serias y contundentes, pero sobre todo que se le d\u00e9 seguimiento y no sean solamente motivo de un mal escrito comunicado o bolet\u00edn de prensa como acostumbran.<br>PAN Y CIRCO \u2026 Personalmente el gobernador del estado de Veracruz, el ingeniero mec\u00e1nico electricista, Cuitl\u00e1huac Garc\u00eda Jim\u00e9nez, se ha encargado de promocionar el magno festival salsero \u00abSalsafest 2022\u00bb, que inici\u00f3 desde ayer jueves dos de junio en el municipio de Boca del R\u00edo.<br>Desde el salsodromo boque\u00f1o y con guaracheros pasitos, Garc\u00eda Jim\u00e9nez ha invitado a locales y for\u00e1neos a participar en este festival que se realiza en el bulevar \u00abVicente Fox\u00bb de la cabecera municipal boque\u00f1a, a la orilla del mar.<br>RECONTRABIEN \u2026 Por el ISSSTE que est\u00e1 implementando ventanillas \u00fanicas de atenci\u00f3n en el pa\u00eds, para la estandarizaci\u00f3n de tr\u00e1mites, mejorando el servicio y evita procesos largos y tortuosos en materia de pensiones, pr\u00e9stamos personales, afiliaci\u00f3n y vigencia.<br>Por lo pronto, estas ventanillas \u00fanicas ya se abrieron en Jalisco, Puebla, Veracruz, la zona poniente de la Ciudad de M\u00e9xico, en las oficinas centrales del instituto y en la del Estado de M\u00e9xico.<br>D\u00cdGALO SIN MIEDO \u2026 Al correo electr\u00f3nico guadalupehmar@yahoo.com<\/p>\n","protected":false},"excerpt":{"rendered":"<p>Guadalupe H. MarMira Pol\u00edtica LAS FR\u00cdAS CIFRAS \u2026 Hace unos d\u00edas el gobierno federal dio a conocer que, en los \u00faltimos 58 a\u00f1os, esto es, desde 1964 a la fecha, hab\u00edan desaparecido y estaban en calidad de no localizadas en nuestro pa\u00eds, 100 mil personas, el mismo n\u00famero de seres humanos que sus familias siguen [&hellip;]<\/p>\n","protected":false},"author":2,"featured_media":0,"comment_status":"closed","ping_status":"closed","sticky":false,"template":"","format":"standard","meta":{"tdm_status":"","tdm_grid_status":"","footnotes":""},"categories":[70],"tags":[618,33556,1563,33559,1032,1606,1026,33557,32353,195],"class_list":{"0":"post-90765","1":"post","2":"type-post","3":"status-publish","4":"format-standard","6":"category-de-opinion","7":"tag-andres-manuel-lopez-obrador","8":"tag-comision-nacional-de-busqueda","9":"tag-cuitlahuac-garcia-jimenez","10":"tag-desaparicion-forzadas","11":"tag-felipe-calderon-hinojosa","12":"tag-guadalupe-h-mar","13":"tag-morena","14":"tag-registro-nacional-de-personas-desaparecidas","15":"tag-salsa-fest-2022","16":"tag-veracruz"},"yoast_head":"<!-- This site is optimized with the Yoast SEO plugin v27.4 - https:\/\/yoast.com\/product\/yoast-seo-wordpress\/ -->\n<title>Desapariciones - Los pol\u00edticos Veracruz<\/title>\n<meta name=\"robots\" content=\"index, follow, max-snippet:-1, max-image-preview:large, max-video-preview:-1\" \/>\n<link rel=\"canonical\" href=\"https:\/\/lospoliticosveracruz.com\/?p=90765\" \/>\n<meta property=\"og:locale\" content=\"es_ES\" \/>\n<meta property=\"og:type\" content=\"article\" \/>\n<meta property=\"og:title\" content=\"Desapariciones - Los pol\u00edticos Veracruz\" \/>\n<meta property=\"og:description\" content=\"Guadalupe H. MarMira Pol\u00edtica LAS FR\u00cdAS CIFRAS \u2026 Hace unos d\u00edas el gobierno federal dio a conocer que, en los \u00faltimos 58 a\u00f1os, esto es, desde 1964 a la fecha, hab\u00edan desaparecido y estaban en calidad de no localizadas en nuestro pa\u00eds, 100 mil personas, el mismo n\u00famero de seres humanos que sus familias siguen [&hellip;]\" \/>\n<meta property=\"og:url\" content=\"https:\/\/lospoliticosveracruz.com\/?p=90765\" \/>\n<meta property=\"og:site_name\" content=\"Los pol\u00edticos Veracruz\" \/>\n<meta property=\"article:publisher\" content=\"https:\/\/www.facebook.com\/people\/Notimemes-de-los-Polticos\/61565672886568\/\" \/>\n<meta property=\"article:published_time\" content=\"2022-06-03T14:02:36+00:00\" \/>\n<meta property=\"article:modified_time\" content=\"2022-06-03T14:02:41+00:00\" \/>\n<meta property=\"og:image\" content=\"https:\/\/lospoliticosveracruz.com\/wp-content\/uploads\/2016\/07\/Logo-Dor.jpg\" \/>\n\t<meta property=\"og:image:width\" content=\"200\" \/>\n\t<meta property=\"og:image:height\" content=\"200\" \/>\n\t<meta property=\"og:image:type\" content=\"image\/jpeg\" \/>\n<meta name=\"author\" content=\"Lo viste en Los Pol\u00edticos\" \/>\n<meta name=\"twitter:card\" content=\"summary_large_image\" \/>\n<meta name=\"twitter:creator\" content=\"@LosPoliticosVer\" \/>\n<meta name=\"twitter:site\" content=\"@LosPoliticosVer\" \/>\n<meta name=\"twitter:label1\" content=\"Escrito por\" \/>\n\t<meta name=\"twitter:data1\" content=\"Lo viste en Los Pol\u00edticos\" \/>\n\t<meta name=\"twitter:label2\" content=\"Tiempo de lectura\" \/>\n\t<meta name=\"twitter:data2\" content=\"4 minutos\" \/>\n<script type=\"application\/ld+json\" class=\"yoast-schema-graph\">{\"@context\":\"https:\\\/\\\/schema.org\",\"@graph\":[{\"@type\":\"Article\",\"@id\":\"https:\\\/\\\/lospoliticosveracruz.com\\\/?p=90765#article\",\"isPartOf\":{\"@id\":\"https:\\\/\\\/lospoliticosveracruz.com\\\/?p=90765\"},\"author\":{\"name\":\"Lo viste en Los Pol\u00edticos\",\"@id\":\"https:\\\/\\\/lospoliticosveracruz.com\\\/#\\\/schema\\\/person\\\/b8702bb0e538456e6efd07080bf2a4a2\"},\"headline\":\"Desapariciones\",\"datePublished\":\"2022-06-03T14:02:36+00:00\",\"dateModified\":\"2022-06-03T14:02:41+00:00\",\"mainEntityOfPage\":{\"@id\":\"https:\\\/\\\/lospoliticosveracruz.com\\\/?p=90765\"},\"wordCount\":817,\"publisher\":{\"@id\":\"https:\\\/\\\/lospoliticosveracruz.com\\\/#organization\"},\"keywords\":[\"Andr\u00e9s Manuel L\u00f3pez Obrador\",\"Comisi\u00f3n Nacional de B\u00fasqueda\",\"Cuitl\u00e1huac Garc\u00eda Jim\u00e9nez\",\"Desaparici\u00f3n Forzadas\",\"Felipe Calder\u00f3n Hinojosa\",\"Guadalupe H. Mar\",\"Morena\",\"Registro Nacional de Personas Desaparecidas\",\"Salsa Fest 2022\",\"Veracruz\"],\"articleSection\":[\"De Opini\u00f3n\"],\"inLanguage\":\"es\"},{\"@type\":\"WebPage\",\"@id\":\"https:\\\/\\\/lospoliticosveracruz.com\\\/?p=90765\",\"url\":\"https:\\\/\\\/lospoliticosveracruz.com\\\/?p=90765\",\"name\":\"Desapariciones - Los pol\u00edticos Veracruz\",\"isPartOf\":{\"@id\":\"https:\\\/\\\/lospoliticosveracruz.com\\\/#website\"},\"datePublished\":\"2022-06-03T14:02:36+00:00\",\"dateModified\":\"2022-06-03T14:02:41+00:00\",\"breadcrumb\":{\"@id\":\"https:\\\/\\\/lospoliticosveracruz.com\\\/?p=90765#breadcrumb\"},\"inLanguage\":\"es\",\"potentialAction\":[{\"@type\":\"ReadAction\",\"target\":[\"https:\\\/\\\/lospoliticosveracruz.com\\\/?p=90765\"]}]},{\"@type\":\"BreadcrumbList\",\"@id\":\"https:\\\/\\\/lospoliticosveracruz.com\\\/?p=90765#breadcrumb\",\"itemListElement\":[{\"@type\":\"ListItem\",\"position\":1,\"name\":\"Portada\",\"item\":\"https:\\\/\\\/lospoliticosveracruz.com\\\/\"},{\"@type\":\"ListItem\",\"position\":2,\"name\":\"Desapariciones\"}]},{\"@type\":\"WebSite\",\"@id\":\"https:\\\/\\\/lospoliticosveracruz.com\\\/#website\",\"url\":\"https:\\\/\\\/lospoliticosveracruz.com\\\/\",\"name\":\"Los pol\u00edticos Veracruz\",\"description\":\"\",\"publisher\":{\"@id\":\"https:\\\/\\\/lospoliticosveracruz.com\\\/#organization\"},\"potentialAction\":[{\"@type\":\"SearchAction\",\"target\":{\"@type\":\"EntryPoint\",\"urlTemplate\":\"https:\\\/\\\/lospoliticosveracruz.com\\\/?s={search_term_string}\"},\"query-input\":{\"@type\":\"PropertyValueSpecification\",\"valueRequired\":true,\"valueName\":\"search_term_string\"}}],\"inLanguage\":\"es\"},{\"@type\":\"Organization\",\"@id\":\"https:\\\/\\\/lospoliticosveracruz.com\\\/#organization\",\"name\":\"Los pol\u00edticos Veracruz\",\"url\":\"https:\\\/\\\/lospoliticosveracruz.com\\\/\",\"logo\":{\"@type\":\"ImageObject\",\"inLanguage\":\"es\",\"@id\":\"https:\\\/\\\/lospoliticosveracruz.com\\\/#\\\/schema\\\/logo\\\/image\\\/\",\"url\":\"https:\\\/\\\/lospoliticosveracruz.com\\\/wp-content\\\/uploads\\\/2025\\\/12\\\/Logo-Nuevo-LOS-POLITICOS-1.jpg\",\"contentUrl\":\"https:\\\/\\\/lospoliticosveracruz.com\\\/wp-content\\\/uploads\\\/2025\\\/12\\\/Logo-Nuevo-LOS-POLITICOS-1.jpg\",\"width\":260,\"height\":70,\"caption\":\"Los pol\u00edticos Veracruz\"},\"image\":{\"@id\":\"https:\\\/\\\/lospoliticosveracruz.com\\\/#\\\/schema\\\/logo\\\/image\\\/\"},\"sameAs\":[\"https:\\\/\\\/www.facebook.com\\\/people\\\/Notimemes-de-los-Polticos\\\/61565672886568\\\/\",\"https:\\\/\\\/x.com\\\/LosPoliticosVer\"]},{\"@type\":\"Person\",\"@id\":\"https:\\\/\\\/lospoliticosveracruz.com\\\/#\\\/schema\\\/person\\\/b8702bb0e538456e6efd07080bf2a4a2\",\"name\":\"Lo viste en Los Pol\u00edticos\",\"image\":{\"@type\":\"ImageObject\",\"inLanguage\":\"es\",\"@id\":\"https:\\\/\\\/secure.gravatar.com\\\/avatar\\\/3a8de04a2656d44082be478bd6c086daa447c4651605818287b9532d3d0bd435?s=96&d=mm&r=g\",\"url\":\"https:\\\/\\\/secure.gravatar.com\\\/avatar\\\/3a8de04a2656d44082be478bd6c086daa447c4651605818287b9532d3d0bd435?s=96&d=mm&r=g\",\"contentUrl\":\"https:\\\/\\\/secure.gravatar.com\\\/avatar\\\/3a8de04a2656d44082be478bd6c086daa447c4651605818287b9532d3d0bd435?s=96&d=mm&r=g\",\"caption\":\"Lo viste en Los Pol\u00edticos\"},\"url\":\"https:\\\/\\\/lospoliticosveracruz.com\\\/?author=2\"}]}<\/script>\n<!-- \/ Yoast SEO plugin. -->","yoast_head_json":{"title":"Desapariciones - Los pol\u00edticos Veracruz","robots":{"index":"index","follow":"follow","max-snippet":"max-snippet:-1","max-image-preview":"max-image-preview:large","max-video-preview":"max-video-preview:-1"},"canonical":"https:\/\/lospoliticosveracruz.com\/?p=90765","og_locale":"es_ES","og_type":"article","og_title":"Desapariciones - Los pol\u00edticos Veracruz","og_description":"Guadalupe H. MarMira Pol\u00edtica LAS FR\u00cdAS CIFRAS \u2026 Hace unos d\u00edas el gobierno federal dio a conocer que, en los \u00faltimos 58 a\u00f1os, esto es, desde 1964 a la fecha, hab\u00edan desaparecido y estaban en calidad de no localizadas en nuestro pa\u00eds, 100 mil personas, el mismo n\u00famero de seres humanos que sus familias siguen [&hellip;]","og_url":"https:\/\/lospoliticosveracruz.com\/?p=90765","og_site_name":"Los pol\u00edticos Veracruz","article_publisher":"https:\/\/www.facebook.com\/people\/Notimemes-de-los-Polticos\/61565672886568\/","article_published_time":"2022-06-03T14:02:36+00:00","article_modified_time":"2022-06-03T14:02:41+00:00","og_image":[{"width":200,"height":200,"url":"https:\/\/lospoliticosveracruz.com\/wp-content\/uploads\/2016\/07\/Logo-Dor.jpg","type":"image\/jpeg"}],"author":"Lo viste en Los Pol\u00edticos","twitter_card":"summary_large_image","twitter_creator":"@LosPoliticosVer","twitter_site":"@LosPoliticosVer","twitter_misc":{"Escrito por":"Lo viste en Los Pol\u00edticos","Tiempo de lectura":"4 minutos"},"schema":{"@context":"https:\/\/schema.org","@graph":[{"@type":"Article","@id":"https:\/\/lospoliticosveracruz.com\/?p=90765#article","isPartOf":{"@id":"https:\/\/lospoliticosveracruz.com\/?p=90765"},"author":{"name":"Lo viste en Los Pol\u00edticos","@id":"https:\/\/lospoliticosveracruz.com\/#\/schema\/person\/b8702bb0e538456e6efd07080bf2a4a2"},"headline":"Desapariciones","datePublished":"2022-06-03T14:02:36+00:00","dateModified":"2022-06-03T14:02:41+00:00","mainEntityOfPage":{"@id":"https:\/\/lospoliticosveracruz.com\/?p=90765"},"wordCount":817,"publisher":{"@id":"https:\/\/lospoliticosveracruz.com\/#organization"},"keywords":["Andr\u00e9s Manuel L\u00f3pez Obrador","Comisi\u00f3n Nacional de B\u00fasqueda","Cuitl\u00e1huac Garc\u00eda Jim\u00e9nez","Desaparici\u00f3n Forzadas","Felipe Calder\u00f3n Hinojosa","Guadalupe H. Mar","Morena","Registro Nacional de Personas Desaparecidas","Salsa Fest 2022","Veracruz"],"articleSection":["De Opini\u00f3n"],"inLanguage":"es"},{"@type":"WebPage","@id":"https:\/\/lospoliticosveracruz.com\/?p=90765","url":"https:\/\/lospoliticosveracruz.com\/?p=90765","name":"Desapariciones - Los pol\u00edticos Veracruz","isPartOf":{"@id":"https:\/\/lospoliticosveracruz.com\/#website"},"datePublished":"2022-06-03T14:02:36+00:00","dateModified":"2022-06-03T14:02:41+00:00","breadcrumb":{"@id":"https:\/\/lospoliticosveracruz.com\/?p=90765#breadcrumb"},"inLanguage":"es","potentialAction":[{"@type":"ReadAction","target":["https:\/\/lospoliticosveracruz.com\/?p=90765"]}]},{"@type":"BreadcrumbList","@id":"https:\/\/lospoliticosveracruz.com\/?p=90765#breadcrumb","itemListElement":[{"@type":"ListItem","position":1,"name":"Portada","item":"https:\/\/lospoliticosveracruz.com\/"},{"@type":"ListItem","position":2,"name":"Desapariciones"}]},{"@type":"WebSite","@id":"https:\/\/lospoliticosveracruz.com\/#website","url":"https:\/\/lospoliticosveracruz.com\/","name":"Los pol\u00edticos Veracruz","description":"","publisher":{"@id":"https:\/\/lospoliticosveracruz.com\/#organization"},"potentialAction":[{"@type":"SearchAction","target":{"@type":"EntryPoint","urlTemplate":"https:\/\/lospoliticosveracruz.com\/?s={search_term_string}"},"query-input":{"@type":"PropertyValueSpecification","valueRequired":true,"valueName":"search_term_string"}}],"inLanguage":"es"},{"@type":"Organization","@id":"https:\/\/lospoliticosveracruz.com\/#organization","name":"Los pol\u00edticos Veracruz","url":"https:\/\/lospoliticosveracruz.com\/","logo":{"@type":"ImageObject","inLanguage":"es","@id":"https:\/\/lospoliticosveracruz.com\/#\/schema\/logo\/image\/","url":"https:\/\/lospoliticosveracruz.com\/wp-content\/uploads\/2025\/12\/Logo-Nuevo-LOS-POLITICOS-1.jpg","contentUrl":"https:\/\/lospoliticosveracruz.com\/wp-content\/uploads\/2025\/12\/Logo-Nuevo-LOS-POLITICOS-1.jpg","width":260,"height":70,"caption":"Los pol\u00edticos Veracruz"},"image":{"@id":"https:\/\/lospoliticosveracruz.com\/#\/schema\/logo\/image\/"},"sameAs":["https:\/\/www.facebook.com\/people\/Notimemes-de-los-Polticos\/61565672886568\/","https:\/\/x.com\/LosPoliticosVer"]},{"@type":"Person","@id":"https:\/\/lospoliticosveracruz.com\/#\/schema\/person\/b8702bb0e538456e6efd07080bf2a4a2","name":"Lo viste en Los Pol\u00edticos","image":{"@type":"ImageObject","inLanguage":"es","@id":"https:\/\/secure.gravatar.com\/avatar\/3a8de04a2656d44082be478bd6c086daa447c4651605818287b9532d3d0bd435?s=96&d=mm&r=g","url":"https:\/\/secure.gravatar.com\/avatar\/3a8de04a2656d44082be478bd6c086daa447c4651605818287b9532d3d0bd435?s=96&d=mm&r=g","contentUrl":"https:\/\/secure.gravatar.com\/avatar\/3a8de04a2656d44082be478bd6c086daa447c4651605818287b9532d3d0bd435?s=96&d=mm&r=g","caption":"Lo viste en Los Pol\u00edticos"},"url":"https:\/\/lospoliticosveracruz.com\/?author=2"}]}},"_links":{"self":[{"href":"https:\/\/lospoliticosveracruz.com\/index.php?rest_route=\/wp\/v2\/posts\/90765","targetHints":{"allow":["GET"]}}],"collection":[{"href":"https:\/\/lospoliticosveracruz.com\/index.php?rest_route=\/wp\/v2\/posts"}],"about":[{"href":"https:\/\/lospoliticosveracruz.com\/index.php?rest_route=\/wp\/v2\/types\/post"}],"author":[{"embeddable":true,"href":"https:\/\/lospoliticosveracruz.com\/index.php?rest_route=\/wp\/v2\/users\/2"}],"replies":[{"embeddable":true,"href":"https:\/\/lospoliticosveracruz.com\/index.php?rest_route=%2Fwp%2Fv2%2Fcomments&post=90765"}],"version-history":[{"count":1,"href":"https:\/\/lospoliticosveracruz.com\/index.php?rest_route=\/wp\/v2\/posts\/90765\/revisions"}],"predecessor-version":[{"id":90767,"href":"https:\/\/lospoliticosveracruz.com\/index.php?rest_route=\/wp\/v2\/posts\/90765\/revisions\/90767"}],"wp:attachment":[{"href":"https:\/\/lospoliticosveracruz.com\/index.php?rest_route=%2Fwp%2Fv2%2Fmedia&parent=90765"}],"wp:term":[{"taxonomy":"category","embeddable":true,"href":"https:\/\/lospoliticosveracruz.com\/index.php?rest_route=%2Fwp%2Fv2%2Fcategories&post=90765"},{"taxonomy":"post_tag","embeddable":true,"href":"https:\/\/lospoliticosveracruz.com\/index.php?rest_route=%2Fwp%2Fv2%2Ftags&post=90765"}],"curies":[{"name":"wp","href":"https:\/\/api.w.org\/{rel}","templated":true}]}}