{"id":90850,"date":"2022-06-06T07:53:16","date_gmt":"2022-06-06T12:53:16","guid":{"rendered":"https:\/\/lospoliticosveracruz.com.mx\/?p=90850"},"modified":"2022-06-06T07:53:29","modified_gmt":"2022-06-06T12:53:29","slug":"el-primor","status":"publish","type":"post","link":"https:\/\/lospoliticosveracruz.com\/?p=90850","title":{"rendered":"El Primor"},"content":{"rendered":"\n<p><br><strong>Ricardo Ch\u00faa<\/strong><br><em>Sale y Val<\/em>e<\/p>\n\n\n\n<p><\/p>\n\n\n\n<p>EL PRIMOR\u2026 Ayer no gan\u00f3 el PRI\u2026 Pero GANARON LOS PRIISTAS\u2026 En Tamaulipas gana Am\u00e9rico Villareal, que renunci\u00f3 al PRI en 2017\u2026 En Hidalgo, gana Julio Menchaca que renunci\u00f3 al PRI en 2017\u2026 En Oaxaca, Salom\u00f3n Jara gana gracias al PRI de Alejando Murat, que pas\u00f3 a su PRI a MORENA\u2026 Durango gan\u00f3 el PRI-PRI\u2026 En Aguascalientes gan\u00f3 el PRI en alianza con el PAN\u2026 Y Quintana Roo es el \u00fanico triunfo que tuvo MORENA\u2026 As\u00ed que el PRI contin\u00faa siendo el \u00abfiel de la balanza\u00bb de MORENA\u2026 No hay \u00abMORENISMO\u00bb\u2026 HAY PRIMOR\u2026<\/p>\n\n\n\n<div class=\"wp-block-image\"><figure class=\"alignleft size-medium\"><a href=\"https:\/\/lospoliticosveracruz.com.mx\/wp-content\/uploads\/2021\/10\/WhatsApp-Image-2021-10-02-at-15.20.25.jpeg\"><img loading=\"lazy\" decoding=\"async\" width=\"212\" height=\"300\" src=\"https:\/\/lospoliticosveracruz.com.mx\/wp-content\/uploads\/2021\/10\/WhatsApp-Image-2021-10-02-at-15.20.25-212x300.jpeg\" alt=\"\" class=\"wp-image-80177\" srcset=\"https:\/\/lospoliticosveracruz.com\/wp-content\/uploads\/2021\/10\/WhatsApp-Image-2021-10-02-at-15.20.25-212x300.jpeg 212w, https:\/\/lospoliticosveracruz.com\/wp-content\/uploads\/2021\/10\/WhatsApp-Image-2021-10-02-at-15.20.25-724x1024.jpeg 724w, https:\/\/lospoliticosveracruz.com\/wp-content\/uploads\/2021\/10\/WhatsApp-Image-2021-10-02-at-15.20.25-768x1086.jpeg 768w, https:\/\/lospoliticosveracruz.com\/wp-content\/uploads\/2021\/10\/WhatsApp-Image-2021-10-02-at-15.20.25.jpeg 905w\" sizes=\"auto, (max-width: 212px) 100vw, 212px\" \/><\/a><\/figure><\/div>\n\n\n\n<p>A pesar de que MORENA puede decir que en la elecci\u00f3n de ayer\u2026 Los resultados avalan porque MORENA obtuvo en las 4 gubernaturas que gan\u00f3, gobernaran 12 millones 601 mil mexicanos( Oaxaca a 4 millones 132 mil; Tamaulipas a 3 millones 528 mil; Hidalgo a 3 millones 83 mil; Quintana Roo a 1 mill\u00f3n 858 mil) en 2022\u2026 Mientras que la oposici\u00f3n s\u00f3lo gobernar\u00e1 3 millones 258 mil mexicanos (Durango con 1 mill\u00f3n 833 mil y Aguascalientes con 1 mill\u00f3n 425 mil)\u2026 Si en eso se basa ganar\u00eda MORENA\u2026 Pero los n\u00fameros pueden cambiar en 2024\u2026<\/p>\n\n\n\n<p>ELECCIONES 2022, LA LECTURA\u2026 Si algo no sucede en el transcurso de la madrugada de hoy\u2026 Si hasta el cierre de esta columna, se confirman las tendencias hoy por la ma\u00f1ana, de que MORENA se qued\u00f3 con 4 de las 6 gubernaturas en disputa ayer domingo en M\u00e9xico\u2026 La lectura ser\u00e1 que CON ESTOS N\u00daMEROS si es que MORENA NO SE DIVIDE de aqu\u00ed al 2024, simplemente su candidato va ARRASAR la Presidencia de la Rep\u00fablica en la contienda electoral de ese a\u00f1o\u2026 As\u00ed de claro y as\u00ed de sencillo\u2026<\/p>\n\n\n\n<p>Pero si se llega a DIVIDIR por el tema de la candidatura Presidencial en su interior\u2026 A pesar de que hayan ganado casi todo en 2022 y logren ganar el Estado de M\u00e9xico en 2023\u2026 Si se divide y hay una GRAN ALIANZA OPOSITORA, que hay que ver como va a \u00abjugar\u00bb Movimiento Ciudadano y Dante Delgado, que est\u00e1n \u00abjugando\u00bb lo suyo\u2026 Todo lo que hayan ganado los Morenos en estos 6 a\u00f1os con la Presidencia de Andr\u00e9s Manuel L\u00f3pez Obrador, LO PUEDEN PERDER si se \u00abFRACTURAN\u00bb en ese a\u00f1o\u2026 Esa es la lectura\u2026<\/p>\n\n\n\n<p>Tambi\u00e9n hay que hacer menci\u00f3n de que esta probabilidad que tiene MORENA de ganar la elecci\u00f3n Presidencial en 2024\u2026 Es obvio que crece porque est\u00e1 avanzando de manera sistem\u00e1tica en distintas zonas del pa\u00eds\u2026 Pero es un hecho que no aniquil\u00f3 a la oposici\u00f3n, ya que esta gan\u00f3 dos gubernaturas\u2026 Y es obvio que el abstencionismo tambi\u00e9n se present\u00f3 entre la clase media, donde MORENA no tiene su real fuerza\u2026 Al no participar\u2026 Los Morenos volvieron a arrasar\u2026 Ah\u00ed se explica todo..<\/p>\n\n\n\n<p>Adem\u00e1s el hecho de que MORENA haya ganado ayer las gubernaturas de Oaxaca, Quintana Roo, Tamaulipas e Hidalgo.. Era el \u00abPRESUPUESTO\u00bb que ten\u00eda MORENA.. El 4 a 2 fue el presupuesto que tuvieron los Morenos para ganar\u2026 Ya que hace un a\u00f1o Durango lo ten\u00edan competido pero perdieron porque no escogieron bien a su candidato y la aspirante oficial no levant\u00f3\u2026 Y Aguascalientes siempre fue lo \u00fanico que tuvo seguro la oposici\u00f3n con el PAN\u2026 Hasta Marko Cort\u00e9s lo reconoci\u00f3 hace unos meses\u2026<\/p>\n\n\n\n<p>As\u00ed que en este momento\u2026 Los Morenos tienen ya en su poder, se puede decir, que 22 gubernaturas para el 2024\u2026 Y el a\u00f1o que entra seguramente ir\u00e1n por Coahuila y el Estado de M\u00e9xico\u2026 Que EdoMex es la \u00abjoya de la corona\u00bb de esta elecci\u00f3n del 2023 y sobre todo la \u00abantesala\u00bb de la elecci\u00f3n Presidencial\u2026 Y la elecci\u00f3n mexiquense veremos si sigue, renueva o caduca el PACTO de L\u00f3pez Obrador con Enrique Pe\u00f1a Nieto en este proceso local\u2026 El \u00abPacto de Impunidad\u00bb donde no han \u00abtocado a nadie\u00bb ni a \u00e9l, ni a su gente\u2026<\/p>\n\n\n\n<p>Ya que el Estado de M\u00e9xico es de Pe\u00f1a Nieto\u2026 El gobernador, Alfredo del Mazo Masa es su primo hermano\u2026 Ah\u00ed se ver\u00e1 si EPN y AMLO le \u00abentrega\u00bb a MORENA esa entidad a cambio de que no le hagan nada o se \u00abrompe\u00bb el PACTO y van a luchar el \u00faltimo de los \u00abbastiones\u00bb del PRI contra MORENA y el poder Presidencial de L\u00f3pez Obrador\u2026 Y se ver\u00e1 si hacen alianza PRI con PAN y PRD con la finalidad de que no gane MORENA\u2026 Ya se ver\u00e1\u2026<\/p>\n\n\n\n<p>OJO\u2026 De aqu\u00ed al 2024 falta mucho\u2026 Y estas elecciones de ayer domingo en nada IMPACTAN a\u00fan en los procesos electorales de ese a\u00f1o\u2026 C\u00f3mo ser\u00eda Veracruz\u2026 Impactan en el escenario nacional, previo a las elecciones del 2023 que ser\u00e1n los procesos estatales del Estado de M\u00e9xico y Coahuila\u2026 Que ser\u00e1n los \u00faltimos dos \u00abbastiones\u00bb priistas que estar\u00e1n en juego el pr\u00f3ximo a\u00f1o\u2026 Por eso, ah\u00ed se ver\u00e1 si hay pactos o estos caducan.. Y si el PRIMOR sigue avanzando o ah\u00ed se detienen\u2026 AMEN\u2026<\/p>\n\n\n\n<p>OJO II\u2026 Muchos personajes en redes sociales le \u00abechan\u00bb mucha de la culpa que se haya perdido esta elecci\u00f3n a la divisi\u00f3n que pudo \u00abprovocar\u00bb el partido de Movimiento Ciudadano de Dante Delgado\u2026 Eso es m\u00e1s que falso\u2026 MC no tuvo una participaci\u00f3n que hiciera cambiar el rumbo de un Estado el d\u00eda de ayer\u2026 Ni siquiera en Quintana Roo que fue en donde mejor qued\u00f3 colocado\u2026 Pero s\u00f3lo queda esperar que har\u00e1 este partido en 2024\u2026 Lo que es un hecho es que SIN ALIANZA\u2026 Ni MC, ni la oposici\u00f3n tendr\u00e1n oportunidad de ganar\u2026<\/p>\n\n\n\n<p>EL MENSAJE FINAL\u2026 Lo dice el periodista Erza Shabot en sus redes sociales: \u00abLas 4 gubernaturas para MORENA y las dos para la alianza opositora\u2026 Es un triunfo para el oficialismo y un mensaje claro para la oposici\u00f3n\u2026 S\u00f3lo unidos y con candidatos cercanos a la ciudadan\u00eda se le puede ganar al partido de Estado\u2026 El GRAN GANADOR es el INE\u2026 Sin \u00e9l, no hay democracia\u00bb\u2026 TAN\u2026 TAN\u2026<\/p>\n","protected":false},"excerpt":{"rendered":"<p>Ricardo Ch\u00faaSale y Vale EL PRIMOR\u2026 Ayer no gan\u00f3 el PRI\u2026 Pero GANARON LOS PRIISTAS\u2026 En Tamaulipas gana Am\u00e9rico Villareal, que renunci\u00f3 al PRI en 2017\u2026 En Hidalgo, gana Julio Menchaca que renunci\u00f3 al PRI en 2017\u2026 En Oaxaca, Salom\u00f3n Jara gana gracias al PRI de Alejando Murat, que pas\u00f3 a su PRI a MORENA\u2026 [&hellip;]<\/p>\n","protected":false},"author":2,"featured_media":0,"comment_status":"closed","ping_status":"closed","sticky":false,"template":"","format":"standard","meta":{"tdm_status":"","tdm_grid_status":"","footnotes":""},"categories":[70],"tags":[618,1006,33590,1026,2327,33591],"class_list":{"0":"post-90850","1":"post","2":"type-post","3":"status-publish","4":"format-standard","6":"category-de-opinion","7":"tag-andres-manuel-lopez-obrador","8":"tag-dante-delgado-rannauro","9":"tag-julio-menchaca","10":"tag-morena","11":"tag-movimiento-ciudadano","12":"tag-salomon-jara"},"yoast_head":"<!-- This site is optimized with the Yoast SEO plugin v27.4 - https:\/\/yoast.com\/product\/yoast-seo-wordpress\/ -->\n<title>El Primor - Los pol\u00edticos Veracruz<\/title>\n<meta name=\"robots\" content=\"index, follow, max-snippet:-1, max-image-preview:large, max-video-preview:-1\" \/>\n<link rel=\"canonical\" href=\"https:\/\/lospoliticosveracruz.com\/?p=90850\" \/>\n<meta property=\"og:locale\" content=\"es_ES\" \/>\n<meta property=\"og:type\" content=\"article\" \/>\n<meta property=\"og:title\" content=\"El Primor - Los pol\u00edticos Veracruz\" \/>\n<meta property=\"og:description\" content=\"Ricardo Ch\u00faaSale y Vale EL PRIMOR\u2026 Ayer no gan\u00f3 el PRI\u2026 Pero GANARON LOS PRIISTAS\u2026 En Tamaulipas gana Am\u00e9rico Villareal, que renunci\u00f3 al PRI en 2017\u2026 En Hidalgo, gana Julio Menchaca que renunci\u00f3 al PRI en 2017\u2026 En Oaxaca, Salom\u00f3n Jara gana gracias al PRI de Alejando Murat, que pas\u00f3 a su PRI a MORENA\u2026 [&hellip;]\" \/>\n<meta property=\"og:url\" content=\"https:\/\/lospoliticosveracruz.com\/?p=90850\" \/>\n<meta property=\"og:site_name\" content=\"Los pol\u00edticos Veracruz\" \/>\n<meta property=\"article:publisher\" content=\"https:\/\/www.facebook.com\/people\/Notimemes-de-los-Polticos\/61565672886568\/\" \/>\n<meta property=\"article:published_time\" content=\"2022-06-06T12:53:16+00:00\" \/>\n<meta property=\"article:modified_time\" content=\"2022-06-06T12:53:29+00:00\" \/>\n<meta property=\"og:image\" content=\"https:\/\/lospoliticosveracruz.com.mx\/wp-content\/uploads\/2021\/10\/WhatsApp-Image-2021-10-02-at-15.20.25-212x300.jpeg\" \/>\n<meta name=\"author\" content=\"Lo viste en Los Pol\u00edticos\" \/>\n<meta name=\"twitter:card\" content=\"summary_large_image\" \/>\n<meta name=\"twitter:creator\" content=\"@LosPoliticosVer\" \/>\n<meta name=\"twitter:site\" content=\"@LosPoliticosVer\" \/>\n<meta name=\"twitter:label1\" content=\"Escrito por\" \/>\n\t<meta name=\"twitter:data1\" content=\"Lo viste en Los Pol\u00edticos\" \/>\n\t<meta name=\"twitter:label2\" content=\"Tiempo de lectura\" \/>\n\t<meta name=\"twitter:data2\" content=\"5 minutos\" \/>\n<script type=\"application\/ld+json\" class=\"yoast-schema-graph\">{\"@context\":\"https:\\\/\\\/schema.org\",\"@graph\":[{\"@type\":\"Article\",\"@id\":\"https:\\\/\\\/lospoliticosveracruz.com\\\/?p=90850#article\",\"isPartOf\":{\"@id\":\"https:\\\/\\\/lospoliticosveracruz.com\\\/?p=90850\"},\"author\":{\"name\":\"Lo viste en Los Pol\u00edticos\",\"@id\":\"https:\\\/\\\/lospoliticosveracruz.com\\\/#\\\/schema\\\/person\\\/b8702bb0e538456e6efd07080bf2a4a2\"},\"headline\":\"El Primor\",\"datePublished\":\"2022-06-06T12:53:16+00:00\",\"dateModified\":\"2022-06-06T12:53:29+00:00\",\"mainEntityOfPage\":{\"@id\":\"https:\\\/\\\/lospoliticosveracruz.com\\\/?p=90850\"},\"wordCount\":1008,\"publisher\":{\"@id\":\"https:\\\/\\\/lospoliticosveracruz.com\\\/#organization\"},\"image\":{\"@id\":\"https:\\\/\\\/lospoliticosveracruz.com\\\/?p=90850#primaryimage\"},\"thumbnailUrl\":\"https:\\\/\\\/lospoliticosveracruz.com.mx\\\/wp-content\\\/uploads\\\/2021\\\/10\\\/WhatsApp-Image-2021-10-02-at-15.20.25-212x300.jpeg\",\"keywords\":[\"Andr\u00e9s Manuel L\u00f3pez Obrador\",\"Dante Delgado Rannauro\",\"Julio Menchaca\",\"Morena\",\"Movimiento Ciudadano\",\"Salom\u00f3n Jara\"],\"articleSection\":[\"De Opini\u00f3n\"],\"inLanguage\":\"es\"},{\"@type\":\"WebPage\",\"@id\":\"https:\\\/\\\/lospoliticosveracruz.com\\\/?p=90850\",\"url\":\"https:\\\/\\\/lospoliticosveracruz.com\\\/?p=90850\",\"name\":\"El Primor - Los pol\u00edticos Veracruz\",\"isPartOf\":{\"@id\":\"https:\\\/\\\/lospoliticosveracruz.com\\\/#website\"},\"primaryImageOfPage\":{\"@id\":\"https:\\\/\\\/lospoliticosveracruz.com\\\/?p=90850#primaryimage\"},\"image\":{\"@id\":\"https:\\\/\\\/lospoliticosveracruz.com\\\/?p=90850#primaryimage\"},\"thumbnailUrl\":\"https:\\\/\\\/lospoliticosveracruz.com.mx\\\/wp-content\\\/uploads\\\/2021\\\/10\\\/WhatsApp-Image-2021-10-02-at-15.20.25-212x300.jpeg\",\"datePublished\":\"2022-06-06T12:53:16+00:00\",\"dateModified\":\"2022-06-06T12:53:29+00:00\",\"breadcrumb\":{\"@id\":\"https:\\\/\\\/lospoliticosveracruz.com\\\/?p=90850#breadcrumb\"},\"inLanguage\":\"es\",\"potentialAction\":[{\"@type\":\"ReadAction\",\"target\":[\"https:\\\/\\\/lospoliticosveracruz.com\\\/?p=90850\"]}]},{\"@type\":\"ImageObject\",\"inLanguage\":\"es\",\"@id\":\"https:\\\/\\\/lospoliticosveracruz.com\\\/?p=90850#primaryimage\",\"url\":\"https:\\\/\\\/lospoliticosveracruz.com.mx\\\/wp-content\\\/uploads\\\/2021\\\/10\\\/WhatsApp-Image-2021-10-02-at-15.20.25-212x300.jpeg\",\"contentUrl\":\"https:\\\/\\\/lospoliticosveracruz.com.mx\\\/wp-content\\\/uploads\\\/2021\\\/10\\\/WhatsApp-Image-2021-10-02-at-15.20.25-212x300.jpeg\"},{\"@type\":\"BreadcrumbList\",\"@id\":\"https:\\\/\\\/lospoliticosveracruz.com\\\/?p=90850#breadcrumb\",\"itemListElement\":[{\"@type\":\"ListItem\",\"position\":1,\"name\":\"Portada\",\"item\":\"https:\\\/\\\/lospoliticosveracruz.com\\\/\"},{\"@type\":\"ListItem\",\"position\":2,\"name\":\"El Primor\"}]},{\"@type\":\"WebSite\",\"@id\":\"https:\\\/\\\/lospoliticosveracruz.com\\\/#website\",\"url\":\"https:\\\/\\\/lospoliticosveracruz.com\\\/\",\"name\":\"Los pol\u00edticos Veracruz\",\"description\":\"\",\"publisher\":{\"@id\":\"https:\\\/\\\/lospoliticosveracruz.com\\\/#organization\"},\"potentialAction\":[{\"@type\":\"SearchAction\",\"target\":{\"@type\":\"EntryPoint\",\"urlTemplate\":\"https:\\\/\\\/lospoliticosveracruz.com\\\/?s={search_term_string}\"},\"query-input\":{\"@type\":\"PropertyValueSpecification\",\"valueRequired\":true,\"valueName\":\"search_term_string\"}}],\"inLanguage\":\"es\"},{\"@type\":\"Organization\",\"@id\":\"https:\\\/\\\/lospoliticosveracruz.com\\\/#organization\",\"name\":\"Los pol\u00edticos Veracruz\",\"url\":\"https:\\\/\\\/lospoliticosveracruz.com\\\/\",\"logo\":{\"@type\":\"ImageObject\",\"inLanguage\":\"es\",\"@id\":\"https:\\\/\\\/lospoliticosveracruz.com\\\/#\\\/schema\\\/logo\\\/image\\\/\",\"url\":\"https:\\\/\\\/lospoliticosveracruz.com\\\/wp-content\\\/uploads\\\/2025\\\/12\\\/Logo-Nuevo-LOS-POLITICOS-1.jpg\",\"contentUrl\":\"https:\\\/\\\/lospoliticosveracruz.com\\\/wp-content\\\/uploads\\\/2025\\\/12\\\/Logo-Nuevo-LOS-POLITICOS-1.jpg\",\"width\":260,\"height\":70,\"caption\":\"Los pol\u00edticos Veracruz\"},\"image\":{\"@id\":\"https:\\\/\\\/lospoliticosveracruz.com\\\/#\\\/schema\\\/logo\\\/image\\\/\"},\"sameAs\":[\"https:\\\/\\\/www.facebook.com\\\/people\\\/Notimemes-de-los-Polticos\\\/61565672886568\\\/\",\"https:\\\/\\\/x.com\\\/LosPoliticosVer\"]},{\"@type\":\"Person\",\"@id\":\"https:\\\/\\\/lospoliticosveracruz.com\\\/#\\\/schema\\\/person\\\/b8702bb0e538456e6efd07080bf2a4a2\",\"name\":\"Lo viste en Los Pol\u00edticos\",\"image\":{\"@type\":\"ImageObject\",\"inLanguage\":\"es\",\"@id\":\"https:\\\/\\\/secure.gravatar.com\\\/avatar\\\/3a8de04a2656d44082be478bd6c086daa447c4651605818287b9532d3d0bd435?s=96&d=mm&r=g\",\"url\":\"https:\\\/\\\/secure.gravatar.com\\\/avatar\\\/3a8de04a2656d44082be478bd6c086daa447c4651605818287b9532d3d0bd435?s=96&d=mm&r=g\",\"contentUrl\":\"https:\\\/\\\/secure.gravatar.com\\\/avatar\\\/3a8de04a2656d44082be478bd6c086daa447c4651605818287b9532d3d0bd435?s=96&d=mm&r=g\",\"caption\":\"Lo viste en Los Pol\u00edticos\"},\"url\":\"https:\\\/\\\/lospoliticosveracruz.com\\\/?author=2\"}]}<\/script>\n<!-- \/ Yoast SEO plugin. -->","yoast_head_json":{"title":"El Primor - Los pol\u00edticos Veracruz","robots":{"index":"index","follow":"follow","max-snippet":"max-snippet:-1","max-image-preview":"max-image-preview:large","max-video-preview":"max-video-preview:-1"},"canonical":"https:\/\/lospoliticosveracruz.com\/?p=90850","og_locale":"es_ES","og_type":"article","og_title":"El Primor - Los pol\u00edticos Veracruz","og_description":"Ricardo Ch\u00faaSale y Vale EL PRIMOR\u2026 Ayer no gan\u00f3 el PRI\u2026 Pero GANARON LOS PRIISTAS\u2026 En Tamaulipas gana Am\u00e9rico Villareal, que renunci\u00f3 al PRI en 2017\u2026 En Hidalgo, gana Julio Menchaca que renunci\u00f3 al PRI en 2017\u2026 En Oaxaca, Salom\u00f3n Jara gana gracias al PRI de Alejando Murat, que pas\u00f3 a su PRI a MORENA\u2026 [&hellip;]","og_url":"https:\/\/lospoliticosveracruz.com\/?p=90850","og_site_name":"Los pol\u00edticos Veracruz","article_publisher":"https:\/\/www.facebook.com\/people\/Notimemes-de-los-Polticos\/61565672886568\/","article_published_time":"2022-06-06T12:53:16+00:00","article_modified_time":"2022-06-06T12:53:29+00:00","og_image":[{"url":"https:\/\/lospoliticosveracruz.com.mx\/wp-content\/uploads\/2021\/10\/WhatsApp-Image-2021-10-02-at-15.20.25-212x300.jpeg","type":"","width":"","height":""}],"author":"Lo viste en Los Pol\u00edticos","twitter_card":"summary_large_image","twitter_creator":"@LosPoliticosVer","twitter_site":"@LosPoliticosVer","twitter_misc":{"Escrito por":"Lo viste en Los Pol\u00edticos","Tiempo de lectura":"5 minutos"},"schema":{"@context":"https:\/\/schema.org","@graph":[{"@type":"Article","@id":"https:\/\/lospoliticosveracruz.com\/?p=90850#article","isPartOf":{"@id":"https:\/\/lospoliticosveracruz.com\/?p=90850"},"author":{"name":"Lo viste en Los Pol\u00edticos","@id":"https:\/\/lospoliticosveracruz.com\/#\/schema\/person\/b8702bb0e538456e6efd07080bf2a4a2"},"headline":"El Primor","datePublished":"2022-06-06T12:53:16+00:00","dateModified":"2022-06-06T12:53:29+00:00","mainEntityOfPage":{"@id":"https:\/\/lospoliticosveracruz.com\/?p=90850"},"wordCount":1008,"publisher":{"@id":"https:\/\/lospoliticosveracruz.com\/#organization"},"image":{"@id":"https:\/\/lospoliticosveracruz.com\/?p=90850#primaryimage"},"thumbnailUrl":"https:\/\/lospoliticosveracruz.com.mx\/wp-content\/uploads\/2021\/10\/WhatsApp-Image-2021-10-02-at-15.20.25-212x300.jpeg","keywords":["Andr\u00e9s Manuel L\u00f3pez Obrador","Dante Delgado Rannauro","Julio Menchaca","Morena","Movimiento Ciudadano","Salom\u00f3n Jara"],"articleSection":["De Opini\u00f3n"],"inLanguage":"es"},{"@type":"WebPage","@id":"https:\/\/lospoliticosveracruz.com\/?p=90850","url":"https:\/\/lospoliticosveracruz.com\/?p=90850","name":"El Primor - Los pol\u00edticos Veracruz","isPartOf":{"@id":"https:\/\/lospoliticosveracruz.com\/#website"},"primaryImageOfPage":{"@id":"https:\/\/lospoliticosveracruz.com\/?p=90850#primaryimage"},"image":{"@id":"https:\/\/lospoliticosveracruz.com\/?p=90850#primaryimage"},"thumbnailUrl":"https:\/\/lospoliticosveracruz.com.mx\/wp-content\/uploads\/2021\/10\/WhatsApp-Image-2021-10-02-at-15.20.25-212x300.jpeg","datePublished":"2022-06-06T12:53:16+00:00","dateModified":"2022-06-06T12:53:29+00:00","breadcrumb":{"@id":"https:\/\/lospoliticosveracruz.com\/?p=90850#breadcrumb"},"inLanguage":"es","potentialAction":[{"@type":"ReadAction","target":["https:\/\/lospoliticosveracruz.com\/?p=90850"]}]},{"@type":"ImageObject","inLanguage":"es","@id":"https:\/\/lospoliticosveracruz.com\/?p=90850#primaryimage","url":"https:\/\/lospoliticosveracruz.com.mx\/wp-content\/uploads\/2021\/10\/WhatsApp-Image-2021-10-02-at-15.20.25-212x300.jpeg","contentUrl":"https:\/\/lospoliticosveracruz.com.mx\/wp-content\/uploads\/2021\/10\/WhatsApp-Image-2021-10-02-at-15.20.25-212x300.jpeg"},{"@type":"BreadcrumbList","@id":"https:\/\/lospoliticosveracruz.com\/?p=90850#breadcrumb","itemListElement":[{"@type":"ListItem","position":1,"name":"Portada","item":"https:\/\/lospoliticosveracruz.com\/"},{"@type":"ListItem","position":2,"name":"El Primor"}]},{"@type":"WebSite","@id":"https:\/\/lospoliticosveracruz.com\/#website","url":"https:\/\/lospoliticosveracruz.com\/","name":"Los pol\u00edticos Veracruz","description":"","publisher":{"@id":"https:\/\/lospoliticosveracruz.com\/#organization"},"potentialAction":[{"@type":"SearchAction","target":{"@type":"EntryPoint","urlTemplate":"https:\/\/lospoliticosveracruz.com\/?s={search_term_string}"},"query-input":{"@type":"PropertyValueSpecification","valueRequired":true,"valueName":"search_term_string"}}],"inLanguage":"es"},{"@type":"Organization","@id":"https:\/\/lospoliticosveracruz.com\/#organization","name":"Los pol\u00edticos Veracruz","url":"https:\/\/lospoliticosveracruz.com\/","logo":{"@type":"ImageObject","inLanguage":"es","@id":"https:\/\/lospoliticosveracruz.com\/#\/schema\/logo\/image\/","url":"https:\/\/lospoliticosveracruz.com\/wp-content\/uploads\/2025\/12\/Logo-Nuevo-LOS-POLITICOS-1.jpg","contentUrl":"https:\/\/lospoliticosveracruz.com\/wp-content\/uploads\/2025\/12\/Logo-Nuevo-LOS-POLITICOS-1.jpg","width":260,"height":70,"caption":"Los pol\u00edticos Veracruz"},"image":{"@id":"https:\/\/lospoliticosveracruz.com\/#\/schema\/logo\/image\/"},"sameAs":["https:\/\/www.facebook.com\/people\/Notimemes-de-los-Polticos\/61565672886568\/","https:\/\/x.com\/LosPoliticosVer"]},{"@type":"Person","@id":"https:\/\/lospoliticosveracruz.com\/#\/schema\/person\/b8702bb0e538456e6efd07080bf2a4a2","name":"Lo viste en Los Pol\u00edticos","image":{"@type":"ImageObject","inLanguage":"es","@id":"https:\/\/secure.gravatar.com\/avatar\/3a8de04a2656d44082be478bd6c086daa447c4651605818287b9532d3d0bd435?s=96&d=mm&r=g","url":"https:\/\/secure.gravatar.com\/avatar\/3a8de04a2656d44082be478bd6c086daa447c4651605818287b9532d3d0bd435?s=96&d=mm&r=g","contentUrl":"https:\/\/secure.gravatar.com\/avatar\/3a8de04a2656d44082be478bd6c086daa447c4651605818287b9532d3d0bd435?s=96&d=mm&r=g","caption":"Lo viste en Los Pol\u00edticos"},"url":"https:\/\/lospoliticosveracruz.com\/?author=2"}]}},"_links":{"self":[{"href":"https:\/\/lospoliticosveracruz.com\/index.php?rest_route=\/wp\/v2\/posts\/90850","targetHints":{"allow":["GET"]}}],"collection":[{"href":"https:\/\/lospoliticosveracruz.com\/index.php?rest_route=\/wp\/v2\/posts"}],"about":[{"href":"https:\/\/lospoliticosveracruz.com\/index.php?rest_route=\/wp\/v2\/types\/post"}],"author":[{"embeddable":true,"href":"https:\/\/lospoliticosveracruz.com\/index.php?rest_route=\/wp\/v2\/users\/2"}],"replies":[{"embeddable":true,"href":"https:\/\/lospoliticosveracruz.com\/index.php?rest_route=%2Fwp%2Fv2%2Fcomments&post=90850"}],"version-history":[{"count":1,"href":"https:\/\/lospoliticosveracruz.com\/index.php?rest_route=\/wp\/v2\/posts\/90850\/revisions"}],"predecessor-version":[{"id":90852,"href":"https:\/\/lospoliticosveracruz.com\/index.php?rest_route=\/wp\/v2\/posts\/90850\/revisions\/90852"}],"wp:attachment":[{"href":"https:\/\/lospoliticosveracruz.com\/index.php?rest_route=%2Fwp%2Fv2%2Fmedia&parent=90850"}],"wp:term":[{"taxonomy":"category","embeddable":true,"href":"https:\/\/lospoliticosveracruz.com\/index.php?rest_route=%2Fwp%2Fv2%2Fcategories&post=90850"},{"taxonomy":"post_tag","embeddable":true,"href":"https:\/\/lospoliticosveracruz.com\/index.php?rest_route=%2Fwp%2Fv2%2Ftags&post=90850"}],"curies":[{"name":"wp","href":"https:\/\/api.w.org\/{rel}","templated":true}]}}