{"id":90866,"date":"2022-06-06T15:07:16","date_gmt":"2022-06-06T20:07:16","guid":{"rendered":"https:\/\/lospoliticosveracruz.com.mx\/?p=90866"},"modified":"2022-06-06T15:07:21","modified_gmt":"2022-06-06T20:07:21","slug":"los-que-le-abrieron-las-puertas-a-la-antipolitica","status":"publish","type":"post","link":"https:\/\/lospoliticosveracruz.com\/?p=90866","title":{"rendered":"Los que le abrieron las puertas a la antipol\u00edtica"},"content":{"rendered":"\n<p><strong>Inocencio Y\u00e1\u00f1ez Vicencio<\/strong><\/p>\n\n\n\n<p>Sin duda alguna quienes m\u00e1s abonaron al descr\u00e9dito de la politica, fueron y son quienes en su nombre llegaron al poder y desde ah\u00ed privatizaron el patrimonio p\u00fablico. Pero tambi\u00e9n lo hicimos quienes sabiendo que un gobernante o representante no puede seguir siendo llamado pol\u00edtico cuando se aparta de la politica, es decir, que en lugar de velar por el bien p\u00fablico, vela por el bien privado, el personal, familiar y amigos. Asi como no podemos aceptar que un cura violador de ni\u00f1os siga siendo tenido como representante de Dios, tampoco se puede aceptar que un tipo que ejerce el poder pol\u00edtico, siga siendo considerado pol\u00edtico despu\u00e9s de embolsarse los recursos p\u00fablicos. Ha pasado de pol\u00edtico a delincuente y debemos tener la valent\u00eda de llamarle por su verdaero nombre: delincuente. \u00bf Por qu\u00e9 cuidamos que el cura criminal no manche nuestra religi\u00f3n y en cambio permitimos que el servidor p\u00fablico que ha dejado de servir al inter\u00e9s general manche la pol\u00edtica, present\u00e1ndose como lo que no es?<br>Cuando la palabra pol\u00edtica la tomamos como equivalente de intrigas, traiciones, abusos, atajos, ignorancias, humillaciones, injusticias, adulaciones, oportunismos, indefiniciones, difamaciones, denostaciones\u2026 que exactamente son lo opuesto a la pol\u00edtica.<br>Decir que se recorta el personal o gasto por pol\u00edticas de la empresa. Llamar pol\u00edtica a un estilo personal de comportamiento. Denominar pol\u00edtica un procedimiento de reclutamiento al margen de reglas generales. Sacar provecho o ventaja de una posicion de mando o funci\u00f3n. Todo esto nada tiene que ver con la pol\u00edtica.<br>Los grandes medios de informaci\u00f3n, las editoriales, las televisoras, la radio, el teatro, el cine, los comediantes\u2026 al hacer pasar la pol\u00edtica por actos que nada tienen que ver con la pol\u00edtica y no distinguir entre la pol\u00edtica y lo que no es pol\u00edtica, han contribuido a desprestigiar la pol\u00edtica y abrirle las puertas a la antipol\u00edtica.<br><strong>\u00bf Esta distorsi\u00f3n de la pol\u00edtica es inocente?<\/strong><br>De ninguna manera. Si la pol\u00edtica como dice Hannah Arendt es toda acci\u00f3n concertada encaminada al bien com\u00fan y es un encuentro entre iguales para deliberar y llegar a acuerdos, entonces tenemos que como bien dice Josep Ramoneda, al hacerle el pr\u00f3logo a ese bello libro de Daniel Innerarity, titulado La pol\u00edtica en tiempos de indignaci\u00f3n: El problema no es tanto la pol\u00edtica como la mala pol\u00edtica: el enemigo est\u00e1 en casa. Y desde los centros de poder econ\u00f3mico, religiosos, medi\u00e1ticos\u2026 se desacredita porque: LA POL\u00cdTICA ES EL UNICO PODER AL ALCANCE DE LOS QUE NO TIENEN PODER.<br>Esta estrategia de desprestigiar la pol\u00edtica le dio buenos resultados a los capitanes del gran capital. Recuerdan la llamada Ley Televisa. Recuerdan cuando los representantes de las televisoras en pleno Senado alardearon de tener m\u00e1s poder que los poderes constitucionales. El problema hoy es que les sali\u00f3 el tiro por la culata. Andr\u00e9s Manuel L\u00f3pez Obrador, sabiendo el descr\u00e9dito en que sumieron a la pol\u00edtica se ubic\u00f3 fuera de la pol\u00edtica ( igual como tambi\u00e9n lo hizo Movimiento Ciudadano) y realiz\u00f3 pol\u00edtica atacando a la pol\u00edtica, votando por \u00e9l la ciudadan\u00eda sent\u00eda que votaba contra la pol\u00edtica y contra los corruptos pol\u00edticos. Ahora los grandes empresarios, la Iglesia Cat\u00f3lica, los intelectuales puros, esos que no toman partido, los comediantes\u2026 est\u00e1n irritados contra Amlo, porque destruye la politica, cuando fueron los barones del dinero, como lo hicieron en Estados Unidos, los que abrieron brecha, los que le hicieron la obra negra al Peje, para que capitalizara la irritacion contra la pol\u00edtica y se instalara en Palacio Nacional. Ahora todos estos grupos hegem\u00f3nicos claman y piden a llantos volver a la pol\u00edtica, porque sa han dado cuenta que pierden m\u00e1s con la antipol\u00edtica que con un sistema pol\u00edtico.<br>Hace muchos a\u00f1os vengo advirtiendo que la historia nos ense\u00f1a que no todos los que est\u00e1n fuera del poder, son mejores que los que est\u00e1n dentro. Para volver a la senda de la construcci\u00f3n de un sistema pol\u00edtico, donde todas las expresiones puedan acceder en igualdad de circustancias y derechos a deliberar y competir en proyectos, visiones y personalidades, en pluralidad y respeto al diferente, donde en lugar de la fuerza prevalezca el argumento, la persuasi\u00f3n y la negociaci\u00f3n en libertad. Ya Arist\u00f3teles dec\u00eda que pol\u00edtica y democracia no eran lo mismo, pero tenemos que aprender a votar y elegir a quien m\u00e1s se aproxime al ideal de la pol\u00edtica si no queremos que las masas( democr\u00e1ticas) se inclinen por un Mussolini o un Hitler.<br>Cuando hoy vemos que en M\u00e9xico, Amlo y Morena, llevando como carga la m\u00e1s grande corrupci\u00f3n, esto es , la apropiaci\u00f3n personal de los bienes p\u00fablicos, la concentraci\u00f3n en una sola persona de los poderes p\u00fablicos, el sometimiento de la Suprema Corte de Justicia de la Naci\u00f3n y que el Poder Legislativo no puede cambiarle ni una coma a las iniciativas del presidente, que d\u00eda tras d\u00eda se destruye en Las Ma\u00f1aneras la reputaci\u00f3n de los que no comulgan con el gobierno de Morena, que se desmantelan instituciones por supuestos actos de corrupci\u00f3n que nunca se prueban, que se desata un campa\u00f1a contra el INE, por resistirse a someterse, que se combaten las organizaciones de la sociedad civil, que se persigue a la oposici\u00f3n y se denuncia judicialmente hasta los diputados que no votan las reformas propuestas por el presidente\u2026 y con todo esto alcanza una gran votaci\u00f3n en cuatro de seis entidades en disputa, esta claro que pol\u00edtica y democracia, no son lo mismo. Para regresar a la pol\u00edtica y cuidar de sus cauces, es necesario trabajar por una nueva educaci\u00f3n c\u00edvica que produzca ciudadanos capaces de distinguir partidos con vocaci\u00f3n antipolitica y partidos comprometidos con la pol\u00edtica. Sin ciudadanos virtuosos no hay Rep\u00fablica. Defender las reglas de la deliberaci\u00f3n y la libre competencia para que el elector elija la propuesta que m\u00e1s las respete y que m\u00e1s garantice la justicia social. La pol\u00edtica no esta ligada a ning\u00fan principio finalista que no sea la libertad para todos.<\/p>\n","protected":false},"excerpt":{"rendered":"<p>Inocencio Y\u00e1\u00f1ez Vicencio Sin duda alguna quienes m\u00e1s abonaron al descr\u00e9dito de la politica, fueron y son quienes en su nombre llegaron al poder y desde ah\u00ed privatizaron el patrimonio p\u00fablico. Pero tambi\u00e9n lo hicimos quienes sabiendo que un gobernante o representante no puede seguir siendo llamado pol\u00edtico cuando se aparta de la politica, es [&hellip;]<\/p>\n","protected":false},"author":2,"featured_media":0,"comment_status":"closed","ping_status":"closed","sticky":false,"template":"","format":"standard","meta":{"tdm_status":"","tdm_grid_status":"","footnotes":""},"categories":[70],"tags":[618,312,33595,2327,1290],"class_list":{"0":"post-90866","1":"post","2":"type-post","3":"status-publish","4":"format-standard","6":"category-de-opinion","7":"tag-andres-manuel-lopez-obrador","8":"tag-hannah-arendt","9":"tag-ley-televisa","10":"tag-movimiento-ciudadano","11":"tag-politica"},"yoast_head":"<!-- This site is optimized with the Yoast SEO plugin v27.4 - https:\/\/yoast.com\/product\/yoast-seo-wordpress\/ -->\n<title>Los que le abrieron las puertas a la antipol\u00edtica - Los pol\u00edticos Veracruz<\/title>\n<meta name=\"robots\" content=\"index, follow, max-snippet:-1, max-image-preview:large, max-video-preview:-1\" \/>\n<link rel=\"canonical\" href=\"https:\/\/lospoliticosveracruz.com\/?p=90866\" \/>\n<meta property=\"og:locale\" content=\"es_ES\" \/>\n<meta property=\"og:type\" content=\"article\" \/>\n<meta property=\"og:title\" content=\"Los que le abrieron las puertas a la antipol\u00edtica - Los pol\u00edticos Veracruz\" \/>\n<meta property=\"og:description\" content=\"Inocencio Y\u00e1\u00f1ez Vicencio Sin duda alguna quienes m\u00e1s abonaron al descr\u00e9dito de la politica, fueron y son quienes en su nombre llegaron al poder y desde ah\u00ed privatizaron el patrimonio p\u00fablico. Pero tambi\u00e9n lo hicimos quienes sabiendo que un gobernante o representante no puede seguir siendo llamado pol\u00edtico cuando se aparta de la politica, es [&hellip;]\" \/>\n<meta property=\"og:url\" content=\"https:\/\/lospoliticosveracruz.com\/?p=90866\" \/>\n<meta property=\"og:site_name\" content=\"Los pol\u00edticos Veracruz\" \/>\n<meta property=\"article:publisher\" content=\"https:\/\/www.facebook.com\/people\/Notimemes-de-los-Polticos\/61565672886568\/\" \/>\n<meta property=\"article:published_time\" content=\"2022-06-06T20:07:16+00:00\" \/>\n<meta property=\"article:modified_time\" content=\"2022-06-06T20:07:21+00:00\" \/>\n<meta property=\"og:image\" content=\"https:\/\/lospoliticosveracruz.com\/wp-content\/uploads\/2016\/07\/Logo-Dor.jpg\" \/>\n\t<meta property=\"og:image:width\" content=\"200\" \/>\n\t<meta property=\"og:image:height\" content=\"200\" \/>\n\t<meta property=\"og:image:type\" content=\"image\/jpeg\" \/>\n<meta name=\"author\" content=\"Lo viste en Los Pol\u00edticos\" \/>\n<meta name=\"twitter:card\" content=\"summary_large_image\" \/>\n<meta name=\"twitter:creator\" content=\"@LosPoliticosVer\" \/>\n<meta name=\"twitter:site\" content=\"@LosPoliticosVer\" \/>\n<meta name=\"twitter:label1\" content=\"Escrito por\" \/>\n\t<meta name=\"twitter:data1\" content=\"Lo viste en Los Pol\u00edticos\" \/>\n\t<meta name=\"twitter:label2\" content=\"Tiempo de lectura\" \/>\n\t<meta name=\"twitter:data2\" content=\"5 minutos\" \/>\n<script type=\"application\/ld+json\" class=\"yoast-schema-graph\">{\"@context\":\"https:\\\/\\\/schema.org\",\"@graph\":[{\"@type\":\"Article\",\"@id\":\"https:\\\/\\\/lospoliticosveracruz.com\\\/?p=90866#article\",\"isPartOf\":{\"@id\":\"https:\\\/\\\/lospoliticosveracruz.com\\\/?p=90866\"},\"author\":{\"name\":\"Lo viste en Los Pol\u00edticos\",\"@id\":\"https:\\\/\\\/lospoliticosveracruz.com\\\/#\\\/schema\\\/person\\\/b8702bb0e538456e6efd07080bf2a4a2\"},\"headline\":\"Los que le abrieron las puertas a la antipol\u00edtica\",\"datePublished\":\"2022-06-06T20:07:16+00:00\",\"dateModified\":\"2022-06-06T20:07:21+00:00\",\"mainEntityOfPage\":{\"@id\":\"https:\\\/\\\/lospoliticosveracruz.com\\\/?p=90866\"},\"wordCount\":1100,\"publisher\":{\"@id\":\"https:\\\/\\\/lospoliticosveracruz.com\\\/#organization\"},\"keywords\":[\"Andr\u00e9s Manuel L\u00f3pez Obrador\",\"Hannah Arendt\",\"Ley Televisa\",\"Movimiento Ciudadano\",\"pol\u00edtica\"],\"articleSection\":[\"De Opini\u00f3n\"],\"inLanguage\":\"es\"},{\"@type\":\"WebPage\",\"@id\":\"https:\\\/\\\/lospoliticosveracruz.com\\\/?p=90866\",\"url\":\"https:\\\/\\\/lospoliticosveracruz.com\\\/?p=90866\",\"name\":\"Los que le abrieron las puertas a la antipol\u00edtica - Los pol\u00edticos Veracruz\",\"isPartOf\":{\"@id\":\"https:\\\/\\\/lospoliticosveracruz.com\\\/#website\"},\"datePublished\":\"2022-06-06T20:07:16+00:00\",\"dateModified\":\"2022-06-06T20:07:21+00:00\",\"breadcrumb\":{\"@id\":\"https:\\\/\\\/lospoliticosveracruz.com\\\/?p=90866#breadcrumb\"},\"inLanguage\":\"es\",\"potentialAction\":[{\"@type\":\"ReadAction\",\"target\":[\"https:\\\/\\\/lospoliticosveracruz.com\\\/?p=90866\"]}]},{\"@type\":\"BreadcrumbList\",\"@id\":\"https:\\\/\\\/lospoliticosveracruz.com\\\/?p=90866#breadcrumb\",\"itemListElement\":[{\"@type\":\"ListItem\",\"position\":1,\"name\":\"Portada\",\"item\":\"https:\\\/\\\/lospoliticosveracruz.com\\\/\"},{\"@type\":\"ListItem\",\"position\":2,\"name\":\"Los que le abrieron las puertas a la antipol\u00edtica\"}]},{\"@type\":\"WebSite\",\"@id\":\"https:\\\/\\\/lospoliticosveracruz.com\\\/#website\",\"url\":\"https:\\\/\\\/lospoliticosveracruz.com\\\/\",\"name\":\"Los pol\u00edticos Veracruz\",\"description\":\"\",\"publisher\":{\"@id\":\"https:\\\/\\\/lospoliticosveracruz.com\\\/#organization\"},\"potentialAction\":[{\"@type\":\"SearchAction\",\"target\":{\"@type\":\"EntryPoint\",\"urlTemplate\":\"https:\\\/\\\/lospoliticosveracruz.com\\\/?s={search_term_string}\"},\"query-input\":{\"@type\":\"PropertyValueSpecification\",\"valueRequired\":true,\"valueName\":\"search_term_string\"}}],\"inLanguage\":\"es\"},{\"@type\":\"Organization\",\"@id\":\"https:\\\/\\\/lospoliticosveracruz.com\\\/#organization\",\"name\":\"Los pol\u00edticos Veracruz\",\"url\":\"https:\\\/\\\/lospoliticosveracruz.com\\\/\",\"logo\":{\"@type\":\"ImageObject\",\"inLanguage\":\"es\",\"@id\":\"https:\\\/\\\/lospoliticosveracruz.com\\\/#\\\/schema\\\/logo\\\/image\\\/\",\"url\":\"https:\\\/\\\/lospoliticosveracruz.com\\\/wp-content\\\/uploads\\\/2025\\\/12\\\/Logo-Nuevo-LOS-POLITICOS-1.jpg\",\"contentUrl\":\"https:\\\/\\\/lospoliticosveracruz.com\\\/wp-content\\\/uploads\\\/2025\\\/12\\\/Logo-Nuevo-LOS-POLITICOS-1.jpg\",\"width\":260,\"height\":70,\"caption\":\"Los pol\u00edticos Veracruz\"},\"image\":{\"@id\":\"https:\\\/\\\/lospoliticosveracruz.com\\\/#\\\/schema\\\/logo\\\/image\\\/\"},\"sameAs\":[\"https:\\\/\\\/www.facebook.com\\\/people\\\/Notimemes-de-los-Polticos\\\/61565672886568\\\/\",\"https:\\\/\\\/x.com\\\/LosPoliticosVer\"]},{\"@type\":\"Person\",\"@id\":\"https:\\\/\\\/lospoliticosveracruz.com\\\/#\\\/schema\\\/person\\\/b8702bb0e538456e6efd07080bf2a4a2\",\"name\":\"Lo viste en Los Pol\u00edticos\",\"image\":{\"@type\":\"ImageObject\",\"inLanguage\":\"es\",\"@id\":\"https:\\\/\\\/secure.gravatar.com\\\/avatar\\\/3a8de04a2656d44082be478bd6c086daa447c4651605818287b9532d3d0bd435?s=96&d=mm&r=g\",\"url\":\"https:\\\/\\\/secure.gravatar.com\\\/avatar\\\/3a8de04a2656d44082be478bd6c086daa447c4651605818287b9532d3d0bd435?s=96&d=mm&r=g\",\"contentUrl\":\"https:\\\/\\\/secure.gravatar.com\\\/avatar\\\/3a8de04a2656d44082be478bd6c086daa447c4651605818287b9532d3d0bd435?s=96&d=mm&r=g\",\"caption\":\"Lo viste en Los Pol\u00edticos\"},\"url\":\"https:\\\/\\\/lospoliticosveracruz.com\\\/?author=2\"}]}<\/script>\n<!-- \/ Yoast SEO plugin. -->","yoast_head_json":{"title":"Los que le abrieron las puertas a la antipol\u00edtica - Los pol\u00edticos Veracruz","robots":{"index":"index","follow":"follow","max-snippet":"max-snippet:-1","max-image-preview":"max-image-preview:large","max-video-preview":"max-video-preview:-1"},"canonical":"https:\/\/lospoliticosveracruz.com\/?p=90866","og_locale":"es_ES","og_type":"article","og_title":"Los que le abrieron las puertas a la antipol\u00edtica - Los pol\u00edticos Veracruz","og_description":"Inocencio Y\u00e1\u00f1ez Vicencio Sin duda alguna quienes m\u00e1s abonaron al descr\u00e9dito de la politica, fueron y son quienes en su nombre llegaron al poder y desde ah\u00ed privatizaron el patrimonio p\u00fablico. Pero tambi\u00e9n lo hicimos quienes sabiendo que un gobernante o representante no puede seguir siendo llamado pol\u00edtico cuando se aparta de la politica, es [&hellip;]","og_url":"https:\/\/lospoliticosveracruz.com\/?p=90866","og_site_name":"Los pol\u00edticos Veracruz","article_publisher":"https:\/\/www.facebook.com\/people\/Notimemes-de-los-Polticos\/61565672886568\/","article_published_time":"2022-06-06T20:07:16+00:00","article_modified_time":"2022-06-06T20:07:21+00:00","og_image":[{"width":200,"height":200,"url":"https:\/\/lospoliticosveracruz.com\/wp-content\/uploads\/2016\/07\/Logo-Dor.jpg","type":"image\/jpeg"}],"author":"Lo viste en Los Pol\u00edticos","twitter_card":"summary_large_image","twitter_creator":"@LosPoliticosVer","twitter_site":"@LosPoliticosVer","twitter_misc":{"Escrito por":"Lo viste en Los Pol\u00edticos","Tiempo de lectura":"5 minutos"},"schema":{"@context":"https:\/\/schema.org","@graph":[{"@type":"Article","@id":"https:\/\/lospoliticosveracruz.com\/?p=90866#article","isPartOf":{"@id":"https:\/\/lospoliticosveracruz.com\/?p=90866"},"author":{"name":"Lo viste en Los Pol\u00edticos","@id":"https:\/\/lospoliticosveracruz.com\/#\/schema\/person\/b8702bb0e538456e6efd07080bf2a4a2"},"headline":"Los que le abrieron las puertas a la antipol\u00edtica","datePublished":"2022-06-06T20:07:16+00:00","dateModified":"2022-06-06T20:07:21+00:00","mainEntityOfPage":{"@id":"https:\/\/lospoliticosveracruz.com\/?p=90866"},"wordCount":1100,"publisher":{"@id":"https:\/\/lospoliticosveracruz.com\/#organization"},"keywords":["Andr\u00e9s Manuel L\u00f3pez Obrador","Hannah Arendt","Ley Televisa","Movimiento Ciudadano","pol\u00edtica"],"articleSection":["De Opini\u00f3n"],"inLanguage":"es"},{"@type":"WebPage","@id":"https:\/\/lospoliticosveracruz.com\/?p=90866","url":"https:\/\/lospoliticosveracruz.com\/?p=90866","name":"Los que le abrieron las puertas a la antipol\u00edtica - Los pol\u00edticos Veracruz","isPartOf":{"@id":"https:\/\/lospoliticosveracruz.com\/#website"},"datePublished":"2022-06-06T20:07:16+00:00","dateModified":"2022-06-06T20:07:21+00:00","breadcrumb":{"@id":"https:\/\/lospoliticosveracruz.com\/?p=90866#breadcrumb"},"inLanguage":"es","potentialAction":[{"@type":"ReadAction","target":["https:\/\/lospoliticosveracruz.com\/?p=90866"]}]},{"@type":"BreadcrumbList","@id":"https:\/\/lospoliticosveracruz.com\/?p=90866#breadcrumb","itemListElement":[{"@type":"ListItem","position":1,"name":"Portada","item":"https:\/\/lospoliticosveracruz.com\/"},{"@type":"ListItem","position":2,"name":"Los que le abrieron las puertas a la antipol\u00edtica"}]},{"@type":"WebSite","@id":"https:\/\/lospoliticosveracruz.com\/#website","url":"https:\/\/lospoliticosveracruz.com\/","name":"Los pol\u00edticos Veracruz","description":"","publisher":{"@id":"https:\/\/lospoliticosveracruz.com\/#organization"},"potentialAction":[{"@type":"SearchAction","target":{"@type":"EntryPoint","urlTemplate":"https:\/\/lospoliticosveracruz.com\/?s={search_term_string}"},"query-input":{"@type":"PropertyValueSpecification","valueRequired":true,"valueName":"search_term_string"}}],"inLanguage":"es"},{"@type":"Organization","@id":"https:\/\/lospoliticosveracruz.com\/#organization","name":"Los pol\u00edticos Veracruz","url":"https:\/\/lospoliticosveracruz.com\/","logo":{"@type":"ImageObject","inLanguage":"es","@id":"https:\/\/lospoliticosveracruz.com\/#\/schema\/logo\/image\/","url":"https:\/\/lospoliticosveracruz.com\/wp-content\/uploads\/2025\/12\/Logo-Nuevo-LOS-POLITICOS-1.jpg","contentUrl":"https:\/\/lospoliticosveracruz.com\/wp-content\/uploads\/2025\/12\/Logo-Nuevo-LOS-POLITICOS-1.jpg","width":260,"height":70,"caption":"Los pol\u00edticos Veracruz"},"image":{"@id":"https:\/\/lospoliticosveracruz.com\/#\/schema\/logo\/image\/"},"sameAs":["https:\/\/www.facebook.com\/people\/Notimemes-de-los-Polticos\/61565672886568\/","https:\/\/x.com\/LosPoliticosVer"]},{"@type":"Person","@id":"https:\/\/lospoliticosveracruz.com\/#\/schema\/person\/b8702bb0e538456e6efd07080bf2a4a2","name":"Lo viste en Los Pol\u00edticos","image":{"@type":"ImageObject","inLanguage":"es","@id":"https:\/\/secure.gravatar.com\/avatar\/3a8de04a2656d44082be478bd6c086daa447c4651605818287b9532d3d0bd435?s=96&d=mm&r=g","url":"https:\/\/secure.gravatar.com\/avatar\/3a8de04a2656d44082be478bd6c086daa447c4651605818287b9532d3d0bd435?s=96&d=mm&r=g","contentUrl":"https:\/\/secure.gravatar.com\/avatar\/3a8de04a2656d44082be478bd6c086daa447c4651605818287b9532d3d0bd435?s=96&d=mm&r=g","caption":"Lo viste en Los Pol\u00edticos"},"url":"https:\/\/lospoliticosveracruz.com\/?author=2"}]}},"_links":{"self":[{"href":"https:\/\/lospoliticosveracruz.com\/index.php?rest_route=\/wp\/v2\/posts\/90866","targetHints":{"allow":["GET"]}}],"collection":[{"href":"https:\/\/lospoliticosveracruz.com\/index.php?rest_route=\/wp\/v2\/posts"}],"about":[{"href":"https:\/\/lospoliticosveracruz.com\/index.php?rest_route=\/wp\/v2\/types\/post"}],"author":[{"embeddable":true,"href":"https:\/\/lospoliticosveracruz.com\/index.php?rest_route=\/wp\/v2\/users\/2"}],"replies":[{"embeddable":true,"href":"https:\/\/lospoliticosveracruz.com\/index.php?rest_route=%2Fwp%2Fv2%2Fcomments&post=90866"}],"version-history":[{"count":1,"href":"https:\/\/lospoliticosveracruz.com\/index.php?rest_route=\/wp\/v2\/posts\/90866\/revisions"}],"predecessor-version":[{"id":90868,"href":"https:\/\/lospoliticosveracruz.com\/index.php?rest_route=\/wp\/v2\/posts\/90866\/revisions\/90868"}],"wp:attachment":[{"href":"https:\/\/lospoliticosveracruz.com\/index.php?rest_route=%2Fwp%2Fv2%2Fmedia&parent=90866"}],"wp:term":[{"taxonomy":"category","embeddable":true,"href":"https:\/\/lospoliticosveracruz.com\/index.php?rest_route=%2Fwp%2Fv2%2Fcategories&post=90866"},{"taxonomy":"post_tag","embeddable":true,"href":"https:\/\/lospoliticosveracruz.com\/index.php?rest_route=%2Fwp%2Fv2%2Ftags&post=90866"}],"curies":[{"name":"wp","href":"https:\/\/api.w.org\/{rel}","templated":true}]}}