{"id":90893,"date":"2022-06-07T08:59:22","date_gmt":"2022-06-07T13:59:22","guid":{"rendered":"https:\/\/lospoliticosveracruz.com.mx\/?p=90893"},"modified":"2022-06-07T08:59:31","modified_gmt":"2022-06-07T13:59:31","slug":"crece-la-4t","status":"publish","type":"post","link":"https:\/\/lospoliticosveracruz.com\/?p=90893","title":{"rendered":"Crece la 4T"},"content":{"rendered":"\n<p><\/p>\n\n\n\n<p><\/p>\n\n\n\n<p><strong>Yair Ademar Dom\u00ednguez<\/strong><br><em>Punto y Coma<\/em><\/p>\n\n\n\n<p><\/p>\n\n\n\n<p>M\u00e9xico vivi\u00f3 este domingo una jornada electoral ejemplar, sin violencia, en paz y el Movimiento de Regeneraci\u00f3n Nacional (MORENA) se impuso en cuatro de las seis entidades federativas en donde se eligi\u00f3 el gobierno estatal. Ahora, con 22 estados guinda, el proyecto pol\u00edtico de renovaci\u00f3n de las instituciones que inici\u00f3 el presidente Andr\u00e9s Manuel L\u00f3pez Obrador, se consolida.<\/p>\n\n\n\n<p>Los virtuales gobernadores de Hidalgo, Julio Ram\u00f3n Menchaca Salazar; de Oaxaca, Salom\u00f3n Jara Cruz; de Quintana Roo, Mar\u00eda Elena Lezama Espinoza y de Tamaulipas, Am\u00e9rico Villarreal Anaya, tendr\u00e1n un gran compromiso para refrendar la confianza de los 15 millones de mexicanos que votaron por ellos.<\/p>\n\n\n\n<p>El pueblo es mucha pieza, ha repetido el mandatario mexicano y a sus detractores les ha dicho de manera directa y tajante: \u201cno enga\u00f1amos a nadie, nosotros hablamos de que para enfrentar la decadencia de M\u00e9xico se necesitaba una transformaci\u00f3n. Lo he dicho una y mil veces, que esta transformaci\u00f3n ha sido, es y ser\u00e1 pac\u00edfica, pero profunda, igual que la Independencia, igual que la Reforma, igual que la Revoluci\u00f3n, pero vamos a arrancar de ra\u00edz al r\u00e9gimen corrupto de injusticias y de privilegios, y es lo que estamos haciendo\u201d.<\/p>\n\n\n\n<p>Y de esto, amable lector, los mexicanos, usted y yo, los que acudimos a las urnas en nuestros estados, los que respaldamos el Movimiento de Regeneraci\u00f3n Nacional, somos testigos. Para revertir el estado de las cosas, la imperante corrupci\u00f3n, se ha necesitado de la voluntad de cada mexicano que acude a las urnas, confiado de sumarse a este proyecto.<\/p>\n\n\n\n<p>Con ese paso firme, MORENA gobierna ya en 22 estados: Baja California, Baja California Sur, Campeche, Chiapas, Ciudad de M\u00e9xico, Colima, Guerrero, Michoac\u00e1n, Nayarit, Puebla, Sinaloa, Sonora, Tabasco, Tlaxcala, Veracruz, Zacatecas, Morelos, San Luis Potos\u00ed y los ya descritos, Tamaulipas, Quintana Roo, Oaxaca e Hidalgo. As\u00ed avanza la 4T, as\u00ed se consolida este proyecto pol\u00edtico que vino a cambiar de ra\u00edz la forma de hacer pol\u00edtica, la pir\u00e1mide de la pol\u00edtica, poniendo al ciudadano en la cima y al gobernante al servicio del pueblo.<\/p>\n\n\n\n<p>Esta nueva forma de hacer pol\u00edtica, insistimos, ha puesto al ciudadano en el centro, a un nuevo ciudadano, con una nueva visi\u00f3n y no al c\u00f3mplice de las pr\u00e1cticas corruptas. Lo dijo bien el jefe de las instituciones al citar un pasaje b\u00edblico: \u201cno se puede poner vino nuevo en botellas viejas\u201d. S\u00ed, la renovaci\u00f3n del pa\u00eds pasa por hombres y mujeres nuevos, con una nueva mentalidad, dispuestos a trabajar por su pa\u00eds.<\/p>\n\n\n\n<p><em><strong>Hitazo del SalsaFest<\/strong><\/em><\/p>\n\n\n\n<p>Luego de los efectos de la pandemia del COVID-19 en la econom\u00eda y en el \u00e1nimo de los veracruzanos, el SalsaFest Veracruz 2022, que se desarroll\u00f3 en la zona conurbada Veracruz-Boca del R\u00edo, vino a animar nuestro esp\u00edritu y tambi\u00e9n el bienestar de los prestadores de servicios de la regi\u00f3n.<\/p>\n\n\n\n<p>343 mil 600 asistentes y m\u00e1s de 377 millones de pesos en derrama econ\u00f3mica dej\u00f3 el evento promovido por el gobierno de Cuitl\u00e1huac Garc\u00eda Jim\u00e9nez. \u201cCerramos con gran entusiasmo y con rotundo \u00e9xito el SalsaFest Veracruz 2022, con la participaci\u00f3n de 7 grupos locales y 9 internacionales\u201d, dijo el mandatario veracruzano.<\/p>\n\n\n\n<p>Se registr\u00f3 la presencia de visitantes de 22 estados de la Rep\u00fablica y de 7 pa\u00edses: Colombia, Venezuela, Cuba, Puerto Rico, Estados Unidos, Italia y Argentina. As\u00ed, de esta manera se acredita este festival musical promovido por el Gobierno del Estado de Veracruz. El veracruzano es alegre por naturaleza, esta alegr\u00eda se contagia as\u00ed como las buenas noticias.<\/p>\n\n\n\n<p><em>Comentarios: Facebook Yair Ademar Dominguez Twitter @YairAdemar<\/em><\/p>\n","protected":false},"excerpt":{"rendered":"<p>Yair Ademar Dom\u00ednguezPunto y Coma M\u00e9xico vivi\u00f3 este domingo una jornada electoral ejemplar, sin violencia, en paz y el Movimiento de Regeneraci\u00f3n Nacional (MORENA) se impuso en cuatro de las seis entidades federativas en donde se eligi\u00f3 el gobierno estatal. Ahora, con 22 estados guinda, el proyecto pol\u00edtico de renovaci\u00f3n de las instituciones que inici\u00f3 [&hellip;]<\/p>\n","protected":false},"author":2,"featured_media":0,"comment_status":"closed","ping_status":"closed","sticky":false,"template":"","format":"standard","meta":{"tdm_status":"","tdm_grid_status":"","footnotes":""},"categories":[70],"tags":[618,3156,33604,33606,1026,1215,3970,33605,380,20652],"class_list":{"0":"post-90893","1":"post","2":"type-post","3":"status-publish","4":"format-standard","6":"category-de-opinion","7":"tag-andres-manuel-lopez-obrador","8":"tag-hidalgo","9":"tag-julio-ramon-menchaca-salazar","10":"tag-maria-elena-lezama-espinoza","11":"tag-morena","12":"tag-oaxaca","13":"tag-quintana-roo","14":"tag-salomon-jara-cruz","15":"tag-tamaulipas","16":"tag-yair-ademar-dominguez"},"yoast_head":"<!-- This site is optimized with the Yoast SEO plugin v27.4 - https:\/\/yoast.com\/product\/yoast-seo-wordpress\/ -->\n<title>Crece la 4T - Los pol\u00edticos Veracruz<\/title>\n<meta name=\"robots\" content=\"index, follow, max-snippet:-1, max-image-preview:large, max-video-preview:-1\" \/>\n<link rel=\"canonical\" href=\"https:\/\/lospoliticosveracruz.com\/?p=90893\" \/>\n<meta property=\"og:locale\" content=\"es_ES\" \/>\n<meta property=\"og:type\" content=\"article\" \/>\n<meta property=\"og:title\" content=\"Crece la 4T - Los pol\u00edticos Veracruz\" \/>\n<meta property=\"og:description\" content=\"Yair Ademar Dom\u00ednguezPunto y Coma M\u00e9xico vivi\u00f3 este domingo una jornada electoral ejemplar, sin violencia, en paz y el Movimiento de Regeneraci\u00f3n Nacional (MORENA) se impuso en cuatro de las seis entidades federativas en donde se eligi\u00f3 el gobierno estatal. Ahora, con 22 estados guinda, el proyecto pol\u00edtico de renovaci\u00f3n de las instituciones que inici\u00f3 [&hellip;]\" \/>\n<meta property=\"og:url\" content=\"https:\/\/lospoliticosveracruz.com\/?p=90893\" \/>\n<meta property=\"og:site_name\" content=\"Los pol\u00edticos Veracruz\" \/>\n<meta property=\"article:publisher\" content=\"https:\/\/www.facebook.com\/people\/Notimemes-de-los-Polticos\/61565672886568\/\" \/>\n<meta property=\"article:published_time\" content=\"2022-06-07T13:59:22+00:00\" \/>\n<meta property=\"article:modified_time\" content=\"2022-06-07T13:59:31+00:00\" \/>\n<meta property=\"og:image\" content=\"https:\/\/lospoliticosveracruz.com\/wp-content\/uploads\/2016\/07\/Logo-Dor.jpg\" \/>\n\t<meta property=\"og:image:width\" content=\"200\" \/>\n\t<meta property=\"og:image:height\" content=\"200\" \/>\n\t<meta property=\"og:image:type\" content=\"image\/jpeg\" \/>\n<meta name=\"author\" content=\"Lo viste en Los Pol\u00edticos\" \/>\n<meta name=\"twitter:card\" content=\"summary_large_image\" \/>\n<meta name=\"twitter:creator\" content=\"@LosPoliticosVer\" \/>\n<meta name=\"twitter:site\" content=\"@LosPoliticosVer\" \/>\n<meta name=\"twitter:label1\" content=\"Escrito por\" \/>\n\t<meta name=\"twitter:data1\" content=\"Lo viste en Los Pol\u00edticos\" \/>\n\t<meta name=\"twitter:label2\" content=\"Tiempo de lectura\" \/>\n\t<meta name=\"twitter:data2\" content=\"3 minutos\" \/>\n<script type=\"application\/ld+json\" class=\"yoast-schema-graph\">{\"@context\":\"https:\\\/\\\/schema.org\",\"@graph\":[{\"@type\":\"Article\",\"@id\":\"https:\\\/\\\/lospoliticosveracruz.com\\\/?p=90893#article\",\"isPartOf\":{\"@id\":\"https:\\\/\\\/lospoliticosveracruz.com\\\/?p=90893\"},\"author\":{\"name\":\"Lo viste en Los Pol\u00edticos\",\"@id\":\"https:\\\/\\\/lospoliticosveracruz.com\\\/#\\\/schema\\\/person\\\/b8702bb0e538456e6efd07080bf2a4a2\"},\"headline\":\"Crece la 4T\",\"datePublished\":\"2022-06-07T13:59:22+00:00\",\"dateModified\":\"2022-06-07T13:59:31+00:00\",\"mainEntityOfPage\":{\"@id\":\"https:\\\/\\\/lospoliticosveracruz.com\\\/?p=90893\"},\"wordCount\":626,\"publisher\":{\"@id\":\"https:\\\/\\\/lospoliticosveracruz.com\\\/#organization\"},\"keywords\":[\"Andr\u00e9s Manuel L\u00f3pez Obrador\",\"Hidalgo\",\"Julio Ram\u00f3n Menchaca Salazar\",\"Mar\u00eda Elena Lezama Espinoza\",\"Morena\",\"Oaxaca\",\"Quintana Roo\",\"Salom\u00f3n Jara Cruz\",\"Tamaulipas\",\"Yair Ademar Dom\u00ednguez\"],\"articleSection\":[\"De Opini\u00f3n\"],\"inLanguage\":\"es\"},{\"@type\":\"WebPage\",\"@id\":\"https:\\\/\\\/lospoliticosveracruz.com\\\/?p=90893\",\"url\":\"https:\\\/\\\/lospoliticosveracruz.com\\\/?p=90893\",\"name\":\"Crece la 4T - Los pol\u00edticos Veracruz\",\"isPartOf\":{\"@id\":\"https:\\\/\\\/lospoliticosveracruz.com\\\/#website\"},\"datePublished\":\"2022-06-07T13:59:22+00:00\",\"dateModified\":\"2022-06-07T13:59:31+00:00\",\"breadcrumb\":{\"@id\":\"https:\\\/\\\/lospoliticosveracruz.com\\\/?p=90893#breadcrumb\"},\"inLanguage\":\"es\",\"potentialAction\":[{\"@type\":\"ReadAction\",\"target\":[\"https:\\\/\\\/lospoliticosveracruz.com\\\/?p=90893\"]}]},{\"@type\":\"BreadcrumbList\",\"@id\":\"https:\\\/\\\/lospoliticosveracruz.com\\\/?p=90893#breadcrumb\",\"itemListElement\":[{\"@type\":\"ListItem\",\"position\":1,\"name\":\"Portada\",\"item\":\"https:\\\/\\\/lospoliticosveracruz.com\\\/\"},{\"@type\":\"ListItem\",\"position\":2,\"name\":\"Crece la 4T\"}]},{\"@type\":\"WebSite\",\"@id\":\"https:\\\/\\\/lospoliticosveracruz.com\\\/#website\",\"url\":\"https:\\\/\\\/lospoliticosveracruz.com\\\/\",\"name\":\"Los pol\u00edticos Veracruz\",\"description\":\"\",\"publisher\":{\"@id\":\"https:\\\/\\\/lospoliticosveracruz.com\\\/#organization\"},\"potentialAction\":[{\"@type\":\"SearchAction\",\"target\":{\"@type\":\"EntryPoint\",\"urlTemplate\":\"https:\\\/\\\/lospoliticosveracruz.com\\\/?s={search_term_string}\"},\"query-input\":{\"@type\":\"PropertyValueSpecification\",\"valueRequired\":true,\"valueName\":\"search_term_string\"}}],\"inLanguage\":\"es\"},{\"@type\":\"Organization\",\"@id\":\"https:\\\/\\\/lospoliticosveracruz.com\\\/#organization\",\"name\":\"Los pol\u00edticos Veracruz\",\"url\":\"https:\\\/\\\/lospoliticosveracruz.com\\\/\",\"logo\":{\"@type\":\"ImageObject\",\"inLanguage\":\"es\",\"@id\":\"https:\\\/\\\/lospoliticosveracruz.com\\\/#\\\/schema\\\/logo\\\/image\\\/\",\"url\":\"https:\\\/\\\/lospoliticosveracruz.com\\\/wp-content\\\/uploads\\\/2025\\\/12\\\/Logo-Nuevo-LOS-POLITICOS-1.jpg\",\"contentUrl\":\"https:\\\/\\\/lospoliticosveracruz.com\\\/wp-content\\\/uploads\\\/2025\\\/12\\\/Logo-Nuevo-LOS-POLITICOS-1.jpg\",\"width\":260,\"height\":70,\"caption\":\"Los pol\u00edticos Veracruz\"},\"image\":{\"@id\":\"https:\\\/\\\/lospoliticosveracruz.com\\\/#\\\/schema\\\/logo\\\/image\\\/\"},\"sameAs\":[\"https:\\\/\\\/www.facebook.com\\\/people\\\/Notimemes-de-los-Polticos\\\/61565672886568\\\/\",\"https:\\\/\\\/x.com\\\/LosPoliticosVer\"]},{\"@type\":\"Person\",\"@id\":\"https:\\\/\\\/lospoliticosveracruz.com\\\/#\\\/schema\\\/person\\\/b8702bb0e538456e6efd07080bf2a4a2\",\"name\":\"Lo viste en Los Pol\u00edticos\",\"image\":{\"@type\":\"ImageObject\",\"inLanguage\":\"es\",\"@id\":\"https:\\\/\\\/secure.gravatar.com\\\/avatar\\\/3a8de04a2656d44082be478bd6c086daa447c4651605818287b9532d3d0bd435?s=96&d=mm&r=g\",\"url\":\"https:\\\/\\\/secure.gravatar.com\\\/avatar\\\/3a8de04a2656d44082be478bd6c086daa447c4651605818287b9532d3d0bd435?s=96&d=mm&r=g\",\"contentUrl\":\"https:\\\/\\\/secure.gravatar.com\\\/avatar\\\/3a8de04a2656d44082be478bd6c086daa447c4651605818287b9532d3d0bd435?s=96&d=mm&r=g\",\"caption\":\"Lo viste en Los Pol\u00edticos\"},\"url\":\"https:\\\/\\\/lospoliticosveracruz.com\\\/?author=2\"}]}<\/script>\n<!-- \/ Yoast SEO plugin. -->","yoast_head_json":{"title":"Crece la 4T - Los pol\u00edticos Veracruz","robots":{"index":"index","follow":"follow","max-snippet":"max-snippet:-1","max-image-preview":"max-image-preview:large","max-video-preview":"max-video-preview:-1"},"canonical":"https:\/\/lospoliticosveracruz.com\/?p=90893","og_locale":"es_ES","og_type":"article","og_title":"Crece la 4T - Los pol\u00edticos Veracruz","og_description":"Yair Ademar Dom\u00ednguezPunto y Coma M\u00e9xico vivi\u00f3 este domingo una jornada electoral ejemplar, sin violencia, en paz y el Movimiento de Regeneraci\u00f3n Nacional (MORENA) se impuso en cuatro de las seis entidades federativas en donde se eligi\u00f3 el gobierno estatal. Ahora, con 22 estados guinda, el proyecto pol\u00edtico de renovaci\u00f3n de las instituciones que inici\u00f3 [&hellip;]","og_url":"https:\/\/lospoliticosveracruz.com\/?p=90893","og_site_name":"Los pol\u00edticos Veracruz","article_publisher":"https:\/\/www.facebook.com\/people\/Notimemes-de-los-Polticos\/61565672886568\/","article_published_time":"2022-06-07T13:59:22+00:00","article_modified_time":"2022-06-07T13:59:31+00:00","og_image":[{"width":200,"height":200,"url":"https:\/\/lospoliticosveracruz.com\/wp-content\/uploads\/2016\/07\/Logo-Dor.jpg","type":"image\/jpeg"}],"author":"Lo viste en Los Pol\u00edticos","twitter_card":"summary_large_image","twitter_creator":"@LosPoliticosVer","twitter_site":"@LosPoliticosVer","twitter_misc":{"Escrito por":"Lo viste en Los Pol\u00edticos","Tiempo de lectura":"3 minutos"},"schema":{"@context":"https:\/\/schema.org","@graph":[{"@type":"Article","@id":"https:\/\/lospoliticosveracruz.com\/?p=90893#article","isPartOf":{"@id":"https:\/\/lospoliticosveracruz.com\/?p=90893"},"author":{"name":"Lo viste en Los Pol\u00edticos","@id":"https:\/\/lospoliticosveracruz.com\/#\/schema\/person\/b8702bb0e538456e6efd07080bf2a4a2"},"headline":"Crece la 4T","datePublished":"2022-06-07T13:59:22+00:00","dateModified":"2022-06-07T13:59:31+00:00","mainEntityOfPage":{"@id":"https:\/\/lospoliticosveracruz.com\/?p=90893"},"wordCount":626,"publisher":{"@id":"https:\/\/lospoliticosveracruz.com\/#organization"},"keywords":["Andr\u00e9s Manuel L\u00f3pez Obrador","Hidalgo","Julio Ram\u00f3n Menchaca Salazar","Mar\u00eda Elena Lezama Espinoza","Morena","Oaxaca","Quintana Roo","Salom\u00f3n Jara Cruz","Tamaulipas","Yair Ademar Dom\u00ednguez"],"articleSection":["De Opini\u00f3n"],"inLanguage":"es"},{"@type":"WebPage","@id":"https:\/\/lospoliticosveracruz.com\/?p=90893","url":"https:\/\/lospoliticosveracruz.com\/?p=90893","name":"Crece la 4T - Los pol\u00edticos Veracruz","isPartOf":{"@id":"https:\/\/lospoliticosveracruz.com\/#website"},"datePublished":"2022-06-07T13:59:22+00:00","dateModified":"2022-06-07T13:59:31+00:00","breadcrumb":{"@id":"https:\/\/lospoliticosveracruz.com\/?p=90893#breadcrumb"},"inLanguage":"es","potentialAction":[{"@type":"ReadAction","target":["https:\/\/lospoliticosveracruz.com\/?p=90893"]}]},{"@type":"BreadcrumbList","@id":"https:\/\/lospoliticosveracruz.com\/?p=90893#breadcrumb","itemListElement":[{"@type":"ListItem","position":1,"name":"Portada","item":"https:\/\/lospoliticosveracruz.com\/"},{"@type":"ListItem","position":2,"name":"Crece la 4T"}]},{"@type":"WebSite","@id":"https:\/\/lospoliticosveracruz.com\/#website","url":"https:\/\/lospoliticosveracruz.com\/","name":"Los pol\u00edticos Veracruz","description":"","publisher":{"@id":"https:\/\/lospoliticosveracruz.com\/#organization"},"potentialAction":[{"@type":"SearchAction","target":{"@type":"EntryPoint","urlTemplate":"https:\/\/lospoliticosveracruz.com\/?s={search_term_string}"},"query-input":{"@type":"PropertyValueSpecification","valueRequired":true,"valueName":"search_term_string"}}],"inLanguage":"es"},{"@type":"Organization","@id":"https:\/\/lospoliticosveracruz.com\/#organization","name":"Los pol\u00edticos Veracruz","url":"https:\/\/lospoliticosveracruz.com\/","logo":{"@type":"ImageObject","inLanguage":"es","@id":"https:\/\/lospoliticosveracruz.com\/#\/schema\/logo\/image\/","url":"https:\/\/lospoliticosveracruz.com\/wp-content\/uploads\/2025\/12\/Logo-Nuevo-LOS-POLITICOS-1.jpg","contentUrl":"https:\/\/lospoliticosveracruz.com\/wp-content\/uploads\/2025\/12\/Logo-Nuevo-LOS-POLITICOS-1.jpg","width":260,"height":70,"caption":"Los pol\u00edticos Veracruz"},"image":{"@id":"https:\/\/lospoliticosveracruz.com\/#\/schema\/logo\/image\/"},"sameAs":["https:\/\/www.facebook.com\/people\/Notimemes-de-los-Polticos\/61565672886568\/","https:\/\/x.com\/LosPoliticosVer"]},{"@type":"Person","@id":"https:\/\/lospoliticosveracruz.com\/#\/schema\/person\/b8702bb0e538456e6efd07080bf2a4a2","name":"Lo viste en Los Pol\u00edticos","image":{"@type":"ImageObject","inLanguage":"es","@id":"https:\/\/secure.gravatar.com\/avatar\/3a8de04a2656d44082be478bd6c086daa447c4651605818287b9532d3d0bd435?s=96&d=mm&r=g","url":"https:\/\/secure.gravatar.com\/avatar\/3a8de04a2656d44082be478bd6c086daa447c4651605818287b9532d3d0bd435?s=96&d=mm&r=g","contentUrl":"https:\/\/secure.gravatar.com\/avatar\/3a8de04a2656d44082be478bd6c086daa447c4651605818287b9532d3d0bd435?s=96&d=mm&r=g","caption":"Lo viste en Los Pol\u00edticos"},"url":"https:\/\/lospoliticosveracruz.com\/?author=2"}]}},"_links":{"self":[{"href":"https:\/\/lospoliticosveracruz.com\/index.php?rest_route=\/wp\/v2\/posts\/90893","targetHints":{"allow":["GET"]}}],"collection":[{"href":"https:\/\/lospoliticosveracruz.com\/index.php?rest_route=\/wp\/v2\/posts"}],"about":[{"href":"https:\/\/lospoliticosveracruz.com\/index.php?rest_route=\/wp\/v2\/types\/post"}],"author":[{"embeddable":true,"href":"https:\/\/lospoliticosveracruz.com\/index.php?rest_route=\/wp\/v2\/users\/2"}],"replies":[{"embeddable":true,"href":"https:\/\/lospoliticosveracruz.com\/index.php?rest_route=%2Fwp%2Fv2%2Fcomments&post=90893"}],"version-history":[{"count":1,"href":"https:\/\/lospoliticosveracruz.com\/index.php?rest_route=\/wp\/v2\/posts\/90893\/revisions"}],"predecessor-version":[{"id":90894,"href":"https:\/\/lospoliticosveracruz.com\/index.php?rest_route=\/wp\/v2\/posts\/90893\/revisions\/90894"}],"wp:attachment":[{"href":"https:\/\/lospoliticosveracruz.com\/index.php?rest_route=%2Fwp%2Fv2%2Fmedia&parent=90893"}],"wp:term":[{"taxonomy":"category","embeddable":true,"href":"https:\/\/lospoliticosveracruz.com\/index.php?rest_route=%2Fwp%2Fv2%2Fcategories&post=90893"},{"taxonomy":"post_tag","embeddable":true,"href":"https:\/\/lospoliticosveracruz.com\/index.php?rest_route=%2Fwp%2Fv2%2Ftags&post=90893"}],"curies":[{"name":"wp","href":"https:\/\/api.w.org\/{rel}","templated":true}]}}