{"id":91009,"date":"2022-06-10T01:40:00","date_gmt":"2022-06-10T06:40:00","guid":{"rendered":"https:\/\/lospoliticosveracruz.com.mx\/?p=91009"},"modified":"2022-06-09T18:44:58","modified_gmt":"2022-06-09T23:44:58","slug":"hibridos","status":"publish","type":"post","link":"https:\/\/lospoliticosveracruz.com\/?p=91009","title":{"rendered":"Hibridos"},"content":{"rendered":"\n<p><br><strong>Guadalupe H. Mar<br><\/strong><em>Mira Pol\u00edtica<\/em><\/p>\n\n\n\n<p>LA FORMA ES FONDO \u2026 En los \u00faltimos d\u00edas, algunas lectoras y lectores nos han preguntado si son pol\u00edticos, dem\u00f3cratas, tecn\u00f3cratas o populistas quienes est\u00e1n gobernando el pa\u00eds y el estado de Veracruz, a lo cual les respondemos que la respuesta no es simple, pues estamos ante un tipo h\u00edbrido de gobernantes que<br>de palabra son una cosa, pero sus acciones son otras muy distintas.<br>Eso s\u00ed, pol\u00edticos no son, les advertimos a nuestros lectores.<\/p>\n\n\n\n<div class=\"wp-block-image\"><figure class=\"alignleft size-full is-resized\"><a href=\"https:\/\/lospoliticosveracruz.com.mx\/wp-content\/uploads\/2021\/10\/Zacauilt.jpg\"><img loading=\"lazy\" decoding=\"async\" src=\"https:\/\/lospoliticosveracruz.com.mx\/wp-content\/uploads\/2021\/10\/Zacauilt.jpg\" alt=\"\" class=\"wp-image-80558\" width=\"263\" height=\"525\"\/><\/a><\/figure><\/div>\n\n\n\n<p><br>Los que no son pol\u00edticos vaya que \u00abnegrean\u00bb, como dicen en la Cuenca del Papaloapan cuando se refieren a la abundancia y de ello dan cuenta diariamente, hora a hora y minuto las \u00abbenditas redes sociales\u00bb como les llama el ciudadano presidente de la rep\u00fablica, Andr\u00e9s Manuel L\u00f3pez Obrador.<br>Para ellos, eso de la forma es fondo, frase atribuida a Don Jes\u00fas Reyes Heroles,<br>son solo palabras sin mayor significante, por lo que desde\u00f1an su implicaci\u00f3n pol\u00edtica, se encaprichan en sus verdades y menosprecian a los que saben, dej\u00e1ndose llevar por la caterva de acomedidos y camale\u00f3nicos quedabien que les rodean y tapan la vista del bosque.<br>Pues bien, esta clase pol\u00edtica h\u00edbrida que circunstancialmente nos gobierna, dio muestra el pasado lunes seis de junio de lo que les comentamos antes, que una cosa es lo que dicen y otra la que hacen, precisamente en el D\u00eda de la Libertad de Expresi\u00f3n.<br>Como bot\u00f3n que sirva de muestra pongamos el caso de Veracruz, que gobierna el ingeniero mec\u00e1nico electricista Cuitl\u00e1huac Garc\u00eda Jim\u00e9nez, quien el pasado lunes tuvo una excelente oportunidad pol\u00edtica para tender puentes con el periodismo veracruzano, aprovechando que vino a esta entidad federativa Jes\u00fas Ram\u00edrez Cuevas, coordinador general de Comunicaci\u00f3n Social y vocero del gobierno de la rep\u00fablica, invitado por la delegaci\u00f3n de Veracruz del Club de Periodistas de M\u00e9xico, uno de los personajes con gran cercan\u00eda al mandatario nacional Andr\u00e9s Manuel L\u00f3pez Obrador.<br>Contrario a lo que se esperaba, el gobernador del estado no acompa\u00f1\u00f3 al coordinador general de Comunicaci\u00f3n Social y vocero del gobierno de la rep\u00fablica, por razones que solo ellos conocen, pero que significan mucho en el imaginario colectivo.<br>Tampoco estuvo el mandatario estatal en una singular reuni\u00f3n que organizaron en conjunto los diputados, alcaldes y ediles del Partido Movimiento de Regeneraci\u00f3n Nacional en un hotel de la ciudad de Veracruz, donde se reunieron periodistas de casi todos los medios de comunicaci\u00f3n de la zona, invitados por los de Morena.<br>Ese lunes seis de junio D\u00eda de la Libertad de Expresi\u00f3n, tanto el mandatario estatal como su coordinador de Comunicaci\u00f3n Social Iv\u00e1n Joseph Luna Landa pr\u00e1cticamente se desaparecieron y fue luego, a trav\u00e9s de un comunicado de prensa, que nos enteramos que hab\u00eda preferido irse a celebrar con el secretario de Seguridad P\u00fablica Hugo Guti\u00e9rrez Maldonado, cuyos elementos, por cierto, son los m\u00e1s denunciados por agresiones a los periodistas en Veracruz.<br>Ambos, Garc\u00eda Jim\u00e9nez y Luna Landa andaban tan ocupados el pasado lunes, que a eventos donde si los invitaron, enviaron representantes cargados de significantes, como mensaje de lo que para ellos significan los medios de comunicaci\u00f3n en Veracruz y particularmente de Xalapa.<br>As\u00ed son ellos, los gobernantes h\u00edbridos, que dicen una cosa, pero hacen otra.<br>AH Y SORDOS \u2026 Otra pregunta generalizada es para saber o conocer qui\u00e9n o qui\u00e9nes asesoran a estos gobernantes h\u00edbridos, que sabemos son muchos y cobran muy bien por externar sus opiniones, pero que no son escuchados, por lo que sus peroratas y argumentaciones son como gritos en el desierto, que se vuelven un para\u00edso los d\u00edas de quincena.<br>HONRAR, HONRA \u2026 Hace unos d\u00edas en M\u00e9rida Yucat\u00e1n, donde se celebr\u00f3 el Congreso Anual de la Asociaci\u00f3n Mundial de Acuacultura, fue reconocido por sus pares Juan Carlos Zamorano Morf\u00edn, a quien le otorgaron el Reconocimiento a la Gobernanza, Difusi\u00f3n y Extensionismo \u00abMargarita Liz\u00e1rraga\u00bb, por la labor que durante d\u00e9cadas ha realizado en pro de este sector.<br>Zamorano Morf\u00edn, ex delegado federal de Pesca en el estado de Veracruz y primer delegado estatal de la Secretar\u00eda de Medio Ambiente y Recursos Naturales (Semarnat) del gobierno de la rep\u00fablica, ha dedicado su vida al sector pesquero y al cuidado ambiental.<br>Por ello la Asociaci\u00f3n Mundial de Acuacultura le otorg\u00f3 este reconocimiento que incluso tiene el respaldo de la Organizaci\u00f3n de las Naciones Unidas para la Alimentaci\u00f3n y la Agricultura (FAO), en honor a la ya fallecida Dra. Margarita Saucedo Liz\u00e1rraga , por su papel decisivo en el fomento del C\u00f3digo de Conducta para la Pesca Responsable, por su productiva labor en el campo de la pesca y por su fuerte compromiso con el impulso a la promoci\u00f3n del sector pesquero, especialmente en los pa\u00edses en desarrollo.<br>Esa es la importancia del reconocimiento que se le otorg\u00f3 a Juan Carlos Zamorano Morf\u00edn, quien ha dedicado gran parte de su vida al sector pesquero y ambiental. Bien.<br>D\u00cdGALO SIN MIEDO \u2026 Al correo electr\u00f3nico guadalupehmar@yahoo.com<\/p>\n","protected":false},"excerpt":{"rendered":"<p>Guadalupe H. MarMira Pol\u00edtica LA FORMA ES FONDO \u2026 En los \u00faltimos d\u00edas, algunas lectoras y lectores nos han preguntado si son pol\u00edticos, dem\u00f3cratas, tecn\u00f3cratas o populistas quienes est\u00e1n gobernando el pa\u00eds y el estado de Veracruz, a lo cual les respondemos que la respuesta no es simple, pues estamos ante un tipo h\u00edbrido de [&hellip;]<\/p>\n","protected":false},"author":2,"featured_media":0,"comment_status":"closed","ping_status":"closed","sticky":false,"template":"","format":"standard","meta":{"tdm_status":"","tdm_grid_status":"","footnotes":""},"categories":[70],"tags":[618,933,28815,1606,13303,12174,18453,33644,1312,33643],"class_list":{"0":"post-91009","1":"post","2":"type-post","3":"status-publish","4":"format-standard","6":"category-de-opinion","7":"tag-andres-manuel-lopez-obrador","8":"tag-comunicacion-social","9":"tag-dia-de-la-libertad-de-expresion","10":"tag-guadalupe-h-mar","11":"tag-hugo-gutierrez-maldonado","12":"tag-ivan-joseph-luna-landa","13":"tag-jesus-ramirez-cuevas","14":"tag-juan-carlos-zamorano-morfin","15":"tag-periodistas","16":"tag-politica-hibrida"},"yoast_head":"<!-- This site is optimized with the Yoast SEO plugin v27.4 - https:\/\/yoast.com\/product\/yoast-seo-wordpress\/ -->\n<title>Hibridos - Los pol\u00edticos Veracruz<\/title>\n<meta name=\"robots\" content=\"index, follow, max-snippet:-1, max-image-preview:large, max-video-preview:-1\" \/>\n<link rel=\"canonical\" href=\"https:\/\/lospoliticosveracruz.com\/?p=91009\" \/>\n<meta property=\"og:locale\" content=\"es_ES\" \/>\n<meta property=\"og:type\" content=\"article\" \/>\n<meta property=\"og:title\" content=\"Hibridos - Los pol\u00edticos Veracruz\" \/>\n<meta property=\"og:description\" content=\"Guadalupe H. MarMira Pol\u00edtica LA FORMA ES FONDO \u2026 En los \u00faltimos d\u00edas, algunas lectoras y lectores nos han preguntado si son pol\u00edticos, dem\u00f3cratas, tecn\u00f3cratas o populistas quienes est\u00e1n gobernando el pa\u00eds y el estado de Veracruz, a lo cual les respondemos que la respuesta no es simple, pues estamos ante un tipo h\u00edbrido de [&hellip;]\" \/>\n<meta property=\"og:url\" content=\"https:\/\/lospoliticosveracruz.com\/?p=91009\" \/>\n<meta property=\"og:site_name\" content=\"Los pol\u00edticos Veracruz\" \/>\n<meta property=\"article:publisher\" content=\"https:\/\/www.facebook.com\/people\/Notimemes-de-los-Polticos\/61565672886568\/\" \/>\n<meta property=\"article:published_time\" content=\"2022-06-10T06:40:00+00:00\" \/>\n<meta property=\"og:image\" content=\"https:\/\/lospoliticosveracruz.com.mx\/wp-content\/uploads\/2021\/10\/Zacauilt.jpg\" \/>\n<meta name=\"author\" content=\"Lo viste en Los Pol\u00edticos\" \/>\n<meta name=\"twitter:card\" content=\"summary_large_image\" \/>\n<meta name=\"twitter:creator\" content=\"@LosPoliticosVer\" \/>\n<meta name=\"twitter:site\" content=\"@LosPoliticosVer\" \/>\n<meta name=\"twitter:label1\" content=\"Escrito por\" \/>\n\t<meta name=\"twitter:data1\" content=\"Lo viste en Los Pol\u00edticos\" \/>\n\t<meta name=\"twitter:label2\" content=\"Tiempo de lectura\" \/>\n\t<meta name=\"twitter:data2\" content=\"4 minutos\" \/>\n<script type=\"application\/ld+json\" class=\"yoast-schema-graph\">{\"@context\":\"https:\\\/\\\/schema.org\",\"@graph\":[{\"@type\":\"Article\",\"@id\":\"https:\\\/\\\/lospoliticosveracruz.com\\\/?p=91009#article\",\"isPartOf\":{\"@id\":\"https:\\\/\\\/lospoliticosveracruz.com\\\/?p=91009\"},\"author\":{\"name\":\"Lo viste en Los Pol\u00edticos\",\"@id\":\"https:\\\/\\\/lospoliticosveracruz.com\\\/#\\\/schema\\\/person\\\/b8702bb0e538456e6efd07080bf2a4a2\"},\"headline\":\"Hibridos\",\"datePublished\":\"2022-06-10T06:40:00+00:00\",\"mainEntityOfPage\":{\"@id\":\"https:\\\/\\\/lospoliticosveracruz.com\\\/?p=91009\"},\"wordCount\":893,\"publisher\":{\"@id\":\"https:\\\/\\\/lospoliticosveracruz.com\\\/#organization\"},\"image\":{\"@id\":\"https:\\\/\\\/lospoliticosveracruz.com\\\/?p=91009#primaryimage\"},\"thumbnailUrl\":\"https:\\\/\\\/lospoliticosveracruz.com.mx\\\/wp-content\\\/uploads\\\/2021\\\/10\\\/Zacauilt.jpg\",\"keywords\":[\"Andr\u00e9s Manuel L\u00f3pez Obrador\",\"Comunicaci\u00f3n Social\",\"D\u00eda de la Libertad de Expresi\u00f3n\",\"Guadalupe H. Mar\",\"Hugo Guti\u00e9rrez Maldonado\",\"Iv\u00e1n Joseph Luna Landa\",\"Jes\u00fas Ram\u00edrez Cuevas\",\"Juan Carlos Zamorano Morf\u00edn\",\"periodistas\",\"pol\u00edtica h\u00edbrida\"],\"articleSection\":[\"De Opini\u00f3n\"],\"inLanguage\":\"es\"},{\"@type\":\"WebPage\",\"@id\":\"https:\\\/\\\/lospoliticosveracruz.com\\\/?p=91009\",\"url\":\"https:\\\/\\\/lospoliticosveracruz.com\\\/?p=91009\",\"name\":\"Hibridos - Los pol\u00edticos Veracruz\",\"isPartOf\":{\"@id\":\"https:\\\/\\\/lospoliticosveracruz.com\\\/#website\"},\"primaryImageOfPage\":{\"@id\":\"https:\\\/\\\/lospoliticosveracruz.com\\\/?p=91009#primaryimage\"},\"image\":{\"@id\":\"https:\\\/\\\/lospoliticosveracruz.com\\\/?p=91009#primaryimage\"},\"thumbnailUrl\":\"https:\\\/\\\/lospoliticosveracruz.com.mx\\\/wp-content\\\/uploads\\\/2021\\\/10\\\/Zacauilt.jpg\",\"datePublished\":\"2022-06-10T06:40:00+00:00\",\"breadcrumb\":{\"@id\":\"https:\\\/\\\/lospoliticosveracruz.com\\\/?p=91009#breadcrumb\"},\"inLanguage\":\"es\",\"potentialAction\":[{\"@type\":\"ReadAction\",\"target\":[\"https:\\\/\\\/lospoliticosveracruz.com\\\/?p=91009\"]}]},{\"@type\":\"ImageObject\",\"inLanguage\":\"es\",\"@id\":\"https:\\\/\\\/lospoliticosveracruz.com\\\/?p=91009#primaryimage\",\"url\":\"https:\\\/\\\/lospoliticosveracruz.com.mx\\\/wp-content\\\/uploads\\\/2021\\\/10\\\/Zacauilt.jpg\",\"contentUrl\":\"https:\\\/\\\/lospoliticosveracruz.com.mx\\\/wp-content\\\/uploads\\\/2021\\\/10\\\/Zacauilt.jpg\"},{\"@type\":\"BreadcrumbList\",\"@id\":\"https:\\\/\\\/lospoliticosveracruz.com\\\/?p=91009#breadcrumb\",\"itemListElement\":[{\"@type\":\"ListItem\",\"position\":1,\"name\":\"Portada\",\"item\":\"https:\\\/\\\/lospoliticosveracruz.com\\\/\"},{\"@type\":\"ListItem\",\"position\":2,\"name\":\"Hibridos\"}]},{\"@type\":\"WebSite\",\"@id\":\"https:\\\/\\\/lospoliticosveracruz.com\\\/#website\",\"url\":\"https:\\\/\\\/lospoliticosveracruz.com\\\/\",\"name\":\"Los pol\u00edticos Veracruz\",\"description\":\"\",\"publisher\":{\"@id\":\"https:\\\/\\\/lospoliticosveracruz.com\\\/#organization\"},\"potentialAction\":[{\"@type\":\"SearchAction\",\"target\":{\"@type\":\"EntryPoint\",\"urlTemplate\":\"https:\\\/\\\/lospoliticosveracruz.com\\\/?s={search_term_string}\"},\"query-input\":{\"@type\":\"PropertyValueSpecification\",\"valueRequired\":true,\"valueName\":\"search_term_string\"}}],\"inLanguage\":\"es\"},{\"@type\":\"Organization\",\"@id\":\"https:\\\/\\\/lospoliticosveracruz.com\\\/#organization\",\"name\":\"Los pol\u00edticos Veracruz\",\"url\":\"https:\\\/\\\/lospoliticosveracruz.com\\\/\",\"logo\":{\"@type\":\"ImageObject\",\"inLanguage\":\"es\",\"@id\":\"https:\\\/\\\/lospoliticosveracruz.com\\\/#\\\/schema\\\/logo\\\/image\\\/\",\"url\":\"https:\\\/\\\/lospoliticosveracruz.com\\\/wp-content\\\/uploads\\\/2025\\\/12\\\/Logo-Nuevo-LOS-POLITICOS-1.jpg\",\"contentUrl\":\"https:\\\/\\\/lospoliticosveracruz.com\\\/wp-content\\\/uploads\\\/2025\\\/12\\\/Logo-Nuevo-LOS-POLITICOS-1.jpg\",\"width\":260,\"height\":70,\"caption\":\"Los pol\u00edticos Veracruz\"},\"image\":{\"@id\":\"https:\\\/\\\/lospoliticosveracruz.com\\\/#\\\/schema\\\/logo\\\/image\\\/\"},\"sameAs\":[\"https:\\\/\\\/www.facebook.com\\\/people\\\/Notimemes-de-los-Polticos\\\/61565672886568\\\/\",\"https:\\\/\\\/x.com\\\/LosPoliticosVer\"]},{\"@type\":\"Person\",\"@id\":\"https:\\\/\\\/lospoliticosveracruz.com\\\/#\\\/schema\\\/person\\\/b8702bb0e538456e6efd07080bf2a4a2\",\"name\":\"Lo viste en Los Pol\u00edticos\",\"image\":{\"@type\":\"ImageObject\",\"inLanguage\":\"es\",\"@id\":\"https:\\\/\\\/secure.gravatar.com\\\/avatar\\\/3a8de04a2656d44082be478bd6c086daa447c4651605818287b9532d3d0bd435?s=96&d=mm&r=g\",\"url\":\"https:\\\/\\\/secure.gravatar.com\\\/avatar\\\/3a8de04a2656d44082be478bd6c086daa447c4651605818287b9532d3d0bd435?s=96&d=mm&r=g\",\"contentUrl\":\"https:\\\/\\\/secure.gravatar.com\\\/avatar\\\/3a8de04a2656d44082be478bd6c086daa447c4651605818287b9532d3d0bd435?s=96&d=mm&r=g\",\"caption\":\"Lo viste en Los Pol\u00edticos\"},\"url\":\"https:\\\/\\\/lospoliticosveracruz.com\\\/?author=2\"}]}<\/script>\n<!-- \/ Yoast SEO plugin. -->","yoast_head_json":{"title":"Hibridos - Los pol\u00edticos Veracruz","robots":{"index":"index","follow":"follow","max-snippet":"max-snippet:-1","max-image-preview":"max-image-preview:large","max-video-preview":"max-video-preview:-1"},"canonical":"https:\/\/lospoliticosveracruz.com\/?p=91009","og_locale":"es_ES","og_type":"article","og_title":"Hibridos - Los pol\u00edticos Veracruz","og_description":"Guadalupe H. MarMira Pol\u00edtica LA FORMA ES FONDO \u2026 En los \u00faltimos d\u00edas, algunas lectoras y lectores nos han preguntado si son pol\u00edticos, dem\u00f3cratas, tecn\u00f3cratas o populistas quienes est\u00e1n gobernando el pa\u00eds y el estado de Veracruz, a lo cual les respondemos que la respuesta no es simple, pues estamos ante un tipo h\u00edbrido de [&hellip;]","og_url":"https:\/\/lospoliticosveracruz.com\/?p=91009","og_site_name":"Los pol\u00edticos Veracruz","article_publisher":"https:\/\/www.facebook.com\/people\/Notimemes-de-los-Polticos\/61565672886568\/","article_published_time":"2022-06-10T06:40:00+00:00","og_image":[{"url":"https:\/\/lospoliticosveracruz.com.mx\/wp-content\/uploads\/2021\/10\/Zacauilt.jpg","type":"","width":"","height":""}],"author":"Lo viste en Los Pol\u00edticos","twitter_card":"summary_large_image","twitter_creator":"@LosPoliticosVer","twitter_site":"@LosPoliticosVer","twitter_misc":{"Escrito por":"Lo viste en Los Pol\u00edticos","Tiempo de lectura":"4 minutos"},"schema":{"@context":"https:\/\/schema.org","@graph":[{"@type":"Article","@id":"https:\/\/lospoliticosveracruz.com\/?p=91009#article","isPartOf":{"@id":"https:\/\/lospoliticosveracruz.com\/?p=91009"},"author":{"name":"Lo viste en Los Pol\u00edticos","@id":"https:\/\/lospoliticosveracruz.com\/#\/schema\/person\/b8702bb0e538456e6efd07080bf2a4a2"},"headline":"Hibridos","datePublished":"2022-06-10T06:40:00+00:00","mainEntityOfPage":{"@id":"https:\/\/lospoliticosveracruz.com\/?p=91009"},"wordCount":893,"publisher":{"@id":"https:\/\/lospoliticosveracruz.com\/#organization"},"image":{"@id":"https:\/\/lospoliticosveracruz.com\/?p=91009#primaryimage"},"thumbnailUrl":"https:\/\/lospoliticosveracruz.com.mx\/wp-content\/uploads\/2021\/10\/Zacauilt.jpg","keywords":["Andr\u00e9s Manuel L\u00f3pez Obrador","Comunicaci\u00f3n Social","D\u00eda de la Libertad de Expresi\u00f3n","Guadalupe H. Mar","Hugo Guti\u00e9rrez Maldonado","Iv\u00e1n Joseph Luna Landa","Jes\u00fas Ram\u00edrez Cuevas","Juan Carlos Zamorano Morf\u00edn","periodistas","pol\u00edtica h\u00edbrida"],"articleSection":["De Opini\u00f3n"],"inLanguage":"es"},{"@type":"WebPage","@id":"https:\/\/lospoliticosveracruz.com\/?p=91009","url":"https:\/\/lospoliticosveracruz.com\/?p=91009","name":"Hibridos - Los pol\u00edticos Veracruz","isPartOf":{"@id":"https:\/\/lospoliticosveracruz.com\/#website"},"primaryImageOfPage":{"@id":"https:\/\/lospoliticosveracruz.com\/?p=91009#primaryimage"},"image":{"@id":"https:\/\/lospoliticosveracruz.com\/?p=91009#primaryimage"},"thumbnailUrl":"https:\/\/lospoliticosveracruz.com.mx\/wp-content\/uploads\/2021\/10\/Zacauilt.jpg","datePublished":"2022-06-10T06:40:00+00:00","breadcrumb":{"@id":"https:\/\/lospoliticosveracruz.com\/?p=91009#breadcrumb"},"inLanguage":"es","potentialAction":[{"@type":"ReadAction","target":["https:\/\/lospoliticosveracruz.com\/?p=91009"]}]},{"@type":"ImageObject","inLanguage":"es","@id":"https:\/\/lospoliticosveracruz.com\/?p=91009#primaryimage","url":"https:\/\/lospoliticosveracruz.com.mx\/wp-content\/uploads\/2021\/10\/Zacauilt.jpg","contentUrl":"https:\/\/lospoliticosveracruz.com.mx\/wp-content\/uploads\/2021\/10\/Zacauilt.jpg"},{"@type":"BreadcrumbList","@id":"https:\/\/lospoliticosveracruz.com\/?p=91009#breadcrumb","itemListElement":[{"@type":"ListItem","position":1,"name":"Portada","item":"https:\/\/lospoliticosveracruz.com\/"},{"@type":"ListItem","position":2,"name":"Hibridos"}]},{"@type":"WebSite","@id":"https:\/\/lospoliticosveracruz.com\/#website","url":"https:\/\/lospoliticosveracruz.com\/","name":"Los pol\u00edticos Veracruz","description":"","publisher":{"@id":"https:\/\/lospoliticosveracruz.com\/#organization"},"potentialAction":[{"@type":"SearchAction","target":{"@type":"EntryPoint","urlTemplate":"https:\/\/lospoliticosveracruz.com\/?s={search_term_string}"},"query-input":{"@type":"PropertyValueSpecification","valueRequired":true,"valueName":"search_term_string"}}],"inLanguage":"es"},{"@type":"Organization","@id":"https:\/\/lospoliticosveracruz.com\/#organization","name":"Los pol\u00edticos Veracruz","url":"https:\/\/lospoliticosveracruz.com\/","logo":{"@type":"ImageObject","inLanguage":"es","@id":"https:\/\/lospoliticosveracruz.com\/#\/schema\/logo\/image\/","url":"https:\/\/lospoliticosveracruz.com\/wp-content\/uploads\/2025\/12\/Logo-Nuevo-LOS-POLITICOS-1.jpg","contentUrl":"https:\/\/lospoliticosveracruz.com\/wp-content\/uploads\/2025\/12\/Logo-Nuevo-LOS-POLITICOS-1.jpg","width":260,"height":70,"caption":"Los pol\u00edticos Veracruz"},"image":{"@id":"https:\/\/lospoliticosveracruz.com\/#\/schema\/logo\/image\/"},"sameAs":["https:\/\/www.facebook.com\/people\/Notimemes-de-los-Polticos\/61565672886568\/","https:\/\/x.com\/LosPoliticosVer"]},{"@type":"Person","@id":"https:\/\/lospoliticosveracruz.com\/#\/schema\/person\/b8702bb0e538456e6efd07080bf2a4a2","name":"Lo viste en Los Pol\u00edticos","image":{"@type":"ImageObject","inLanguage":"es","@id":"https:\/\/secure.gravatar.com\/avatar\/3a8de04a2656d44082be478bd6c086daa447c4651605818287b9532d3d0bd435?s=96&d=mm&r=g","url":"https:\/\/secure.gravatar.com\/avatar\/3a8de04a2656d44082be478bd6c086daa447c4651605818287b9532d3d0bd435?s=96&d=mm&r=g","contentUrl":"https:\/\/secure.gravatar.com\/avatar\/3a8de04a2656d44082be478bd6c086daa447c4651605818287b9532d3d0bd435?s=96&d=mm&r=g","caption":"Lo viste en Los Pol\u00edticos"},"url":"https:\/\/lospoliticosveracruz.com\/?author=2"}]}},"_links":{"self":[{"href":"https:\/\/lospoliticosveracruz.com\/index.php?rest_route=\/wp\/v2\/posts\/91009","targetHints":{"allow":["GET"]}}],"collection":[{"href":"https:\/\/lospoliticosveracruz.com\/index.php?rest_route=\/wp\/v2\/posts"}],"about":[{"href":"https:\/\/lospoliticosveracruz.com\/index.php?rest_route=\/wp\/v2\/types\/post"}],"author":[{"embeddable":true,"href":"https:\/\/lospoliticosveracruz.com\/index.php?rest_route=\/wp\/v2\/users\/2"}],"replies":[{"embeddable":true,"href":"https:\/\/lospoliticosveracruz.com\/index.php?rest_route=%2Fwp%2Fv2%2Fcomments&post=91009"}],"version-history":[{"count":1,"href":"https:\/\/lospoliticosveracruz.com\/index.php?rest_route=\/wp\/v2\/posts\/91009\/revisions"}],"predecessor-version":[{"id":91011,"href":"https:\/\/lospoliticosveracruz.com\/index.php?rest_route=\/wp\/v2\/posts\/91009\/revisions\/91011"}],"wp:attachment":[{"href":"https:\/\/lospoliticosveracruz.com\/index.php?rest_route=%2Fwp%2Fv2%2Fmedia&parent=91009"}],"wp:term":[{"taxonomy":"category","embeddable":true,"href":"https:\/\/lospoliticosveracruz.com\/index.php?rest_route=%2Fwp%2Fv2%2Fcategories&post=91009"},{"taxonomy":"post_tag","embeddable":true,"href":"https:\/\/lospoliticosveracruz.com\/index.php?rest_route=%2Fwp%2Fv2%2Ftags&post=91009"}],"curies":[{"name":"wp","href":"https:\/\/api.w.org\/{rel}","templated":true}]}}