{"id":91034,"date":"2022-06-10T12:53:06","date_gmt":"2022-06-10T17:53:06","guid":{"rendered":"https:\/\/lospoliticosveracruz.com.mx\/?p=91034"},"modified":"2022-06-10T12:53:13","modified_gmt":"2022-06-10T17:53:13","slug":"alito-y-traidores-fuera","status":"publish","type":"post","link":"https:\/\/lospoliticosveracruz.com\/?p=91034","title":{"rendered":"Alito y traidores \u00a1Fuera!"},"content":{"rendered":"\n<p><\/p>\n\n\n\n<p>Inocencio Y\u00e1\u00f1ez Vicencio<\/p>\n\n\n\n<p><\/p>\n\n\n\n<p><br>La derrota del PRI en el 2018, no fue solamente una derrota electoral sino tambi\u00e9n cultural. Lo vengo diciendo sin que vea que hagan el menor esfuerzo ya no para encarar este reto, tan siquiera para darse cuenta. Tal vez est\u00e9n pensando que en el 2012 regresaron simplemente apost\u00e1ndole al fracaso de quien lo habia sucedido despu\u00e9s de 71 a\u00f1os ininterrumpidos en la Presidencia. Hoy las cosas son distintas. El PRI a cambio del voto para las reformas de Pe\u00f1a, le perdon\u00f3 al PAN sus grandes esc\u00e1ndalos de corrupci\u00f3n en PEMEX, en el IMSS, en el ISSSTE, en las fugas del Chapo\u2026 y al PRI no hubo quien se las tapara y cargo con todo el descr\u00e9dito .<br>El elector no s\u00f3lo lo castig\u00f3 pol\u00edticamente, envi\u00e1ndolo al tercer lugar del espectro partidista, lo tiene como sin\u00f3nimo de inmoralidad y de corrupci\u00f3n y no es porque sea el \u00fanico que lleva ese estigma, tal vez ni siquiera sea el peor, pero no supo enfrentar esos se\u00f1alamientos, porque fue mucho tiempo gobierno y la acusaci\u00f3n de corrupto siempre pesar\u00e1 m\u00e1s sobre el poder, que sobre quienes no lo tienen .<br>Hace m\u00e1s de una d\u00e9cada present\u00e9 20 puntos para la reforma del PRI. Bien sab\u00eda que la Reforma era una decisi\u00f3n de los \u00f3rganos nacionales de gobierno, pero el caso era abrir su debate. Aqu\u00ed hicimos un eviento de cara a la sociedad civil. El maestro Panes, el doctor Arnaldo Platas y otros acad\u00e9micos realizaron aportaciones que fueron recepcionadas en la plataforma, plataforma que pretend\u00eda ser sustituida por una que me llevaron las autoridades, que frente a ellas tir\u00e9 al cesto de la basura. Que en su declaraci\u00f3n de proncipios se definiera como socialdem\u00f3crata es propuesta nuestra. Nada de eso sirvi\u00f3. Fidel, pensando solo en quien le cubriera las espaldas decidi\u00f3 que Javier Duarte lo relevara, quien se convirti\u00f3 en una m\u00e1quina de privatizar lo p\u00fablico. No hablo de Duarte, porque no me haya dado la oportunidad de trabajar tan siquiera un dia de trabajo, el mismo dec\u00eda en p\u00fablico que para qu\u00e9 quer\u00eda critica, si conmigo estaba dentro. El ejemplo domina siempre y el ejemplo de devastaci\u00f3n de Duarte, borr\u00f3 todo lo bueno que dentro de lo malo, no le pueden regatear las mentes honestas y de buena fe.<br>A nivel las frivolidades de Pe\u00f1a, que terminaron por imponerle al tricolor un candidato ajeno, provocaron una dispersi\u00f3n de sus lealtades.<br>Si no se parte de que la propuesta populista prosper\u00f3 porque supieron construir una agenda de problemas postergados y algunos no debidamente resueltos, entre los cuales escogieron la corrupcion como el m\u00e1s sentido para hegemonizar su discurso, no habr\u00e1n de explicarse su derrota. Si los problemas de corrupci\u00f3n, seguridad, Ayotzinapa\u2026 hubieran sido tan s\u00f3lo bien encauzados, no hubiera prosperado un proyecto destructor de la naci\u00f3n, como el de Morena.<br>El PRI, tiene su m\u00e9rito al votar las reformas que nos llevaron a la competencia real y a la alternancia partidista a M\u00e9xico, pero a su interior no supo abrirse a la sociedad. Fidel hizo un buen diagn\u00f3stico. Hab\u00eda que renovar sus cuadros y acercarse a los j\u00f3venes, pero vino a resucitar muertos y entregarle las posiciones a hijos de personajes podridos y a juniors y a j\u00f3venes formados en quehaceres dom\u00e9sticos, a los que promovi\u00f3 desde su arribo. El partido dej\u00f3 de ser partido y pas\u00f3 a convertirse en un emblema de cofrad\u00eda.<br>Si lo que condena la sociedad del PRI, es su gente desleal, oportunista, simuladora, inmoral, pues lo primero que debi\u00f3 hacer en Veracruz y a nivel nacional, es realizar una limpia de todos esos elementos que lo han traicionado y desprestigiado, pero no. En la renovaci\u00f3n del CEN vimos como sacaron del juego a un hombre de mucho prestigio como los el doctor Jos\u00e9 Narro, ex rector de la UNAM e impusieron, mediante porquer\u00edas a Alito. En el \u00e1mbito local se vio con optimismo que Marlon, le ganara limpiamente a la planilla que respaldaba las tribus de Fidel y Duarte, pero , si bien es cierto ha reagrupado sus cuadros, no se ha atrevido a expulsar a todos esos bribones que han estado trabajando para otros partidos y que hoy lo \u00fanico que les importa es apoderarse de las pluris para sus familias y lacayos. Si el mayor problema que tiene el PRI es su falta de crediblidad, es impostergable que muestre voluntad de deshacerse de la escoria que lo carcome.<br>A la sociedad ya no se le puede seguir enga\u00f1ando con cambiar a sus directivos. Eso no es sufieciente. La sociedad quiere que junto a sus directivos se vayan esos vividores de la pol\u00edtica. Hoy mismo su directiva deber\u00eda ser reemplazada por una comisi\u00f3n, con poderes en reserva, para que sus actos queden pendientes de ser ratificados o rectificados por los nuevos \u00f3rganos de gobierno y palmariamente formarse una comisi\u00f3n de refundaci\u00f3n, que abra a la sociedad el debate sobre el partido que queremos. Es muy sospechoso que los grupos que piden s\u00f3lo la salida de Alito, est\u00e9n integrados por personas sin peso ni intelectual ni moral, porque traspasar el partido de manos de traidores a manos de pacotilla, ser\u00eda sepultarlo. El PRI tiene en Beatriz Paredes, Heriberto Galindo\u2026 cuadros de peso pol\u00edtico, intelectual y moral, que pueden hacer que la sociedad vuelva a creer en \u00e9l.<br>Urge que el PRI eche a sus directivos y a todos los traidores que han trabajado para otros partidos y que en los \u00faltimos a\u00f1os s\u00f3lo se han apropiado de sus postulaciones para sus familiares e incondicionales, pero tambi\u00e9n reconstruirlo culturalmente, esto es, cambiar reglas, pr\u00e1cticas, concepciones, creencias. Que vuelva por el camino de la institucopnalidad, para que sean sus \u00f3rganos de gobierno la \u00fanica sede de sus decisiones.<br>El cambio debe hacerlo cuidando intromisiones perniciosas. No olvide que el da\u00f1o puede venir de dentro pero tambi\u00e9n de afuera. Intrigante resulta que el gobernador panista de Quer\u00e9taro, despu\u00e9s de entrevistarse con Amlo, pida replantear la alianza con el PRI, lo que parece m\u00e1s un encargo que reflexi\u00f3n propia. Amlo ya puso a Monreal y a Ad\u00e1n, a trabajar para pulverizar a la oposici\u00f3n. No se trata que se amuralle sino que act\u00faa cuidando todos los frentes.<br>Estoy consciente que a lo mejor lo que digamos pocono nada contribuyan a elevar el debate, pero lo que externamos muestra qu\u00e9 somos: parlachines que deducimos de cualquier pl\u00e1tica o foto tramas vulgares o apoyamos nuestras aseveraciones. Lo importante es que Amlo no nos imponga su agenda y no nos distraigamos en nustro compromiso de hacer todo por fortalecer la oposici\u00f3n a la destrucci\u00f3n que realiza Morena, sustentada en el narco y no demos tregua a la tarea de exhibir la corrupci\u00f3n y el enga\u00f1o de Amlo.<\/p>\n","protected":false},"excerpt":{"rendered":"<p>Inocencio Y\u00e1\u00f1ez Vicencio La derrota del PRI en el 2018, no fue solamente una derrota electoral sino tambi\u00e9n cultural. Lo vengo diciendo sin que vea que hagan el menor esfuerzo ya no para encarar este reto, tan siquiera para darse cuenta. Tal vez est\u00e9n pensando que en el 2012 regresaron simplemente apost\u00e1ndole al fracaso de [&hellip;]<\/p>\n","protected":false},"author":2,"featured_media":0,"comment_status":"closed","ping_status":"closed","sticky":false,"template":"","format":"standard","meta":{"tdm_status":"","tdm_grid_status":"","footnotes":""},"categories":[70],"tags":[8256],"class_list":{"0":"post-91034","1":"post","2":"type-post","3":"status-publish","4":"format-standard","6":"category-de-opinion","7":"tag-inocencio-yanez-vicencio"},"yoast_head":"<!-- This site is optimized with the Yoast SEO plugin v27.4 - https:\/\/yoast.com\/product\/yoast-seo-wordpress\/ -->\n<title>Alito y traidores \u00a1Fuera! - Los pol\u00edticos Veracruz<\/title>\n<meta name=\"robots\" content=\"index, follow, max-snippet:-1, max-image-preview:large, max-video-preview:-1\" \/>\n<link rel=\"canonical\" href=\"https:\/\/lospoliticosveracruz.com\/?p=91034\" \/>\n<meta property=\"og:locale\" content=\"es_ES\" \/>\n<meta property=\"og:type\" content=\"article\" \/>\n<meta property=\"og:title\" content=\"Alito y traidores \u00a1Fuera! - Los pol\u00edticos Veracruz\" \/>\n<meta property=\"og:description\" content=\"Inocencio Y\u00e1\u00f1ez Vicencio La derrota del PRI en el 2018, no fue solamente una derrota electoral sino tambi\u00e9n cultural. Lo vengo diciendo sin que vea que hagan el menor esfuerzo ya no para encarar este reto, tan siquiera para darse cuenta. Tal vez est\u00e9n pensando que en el 2012 regresaron simplemente apost\u00e1ndole al fracaso de [&hellip;]\" \/>\n<meta property=\"og:url\" content=\"https:\/\/lospoliticosveracruz.com\/?p=91034\" \/>\n<meta property=\"og:site_name\" content=\"Los pol\u00edticos Veracruz\" \/>\n<meta property=\"article:publisher\" content=\"https:\/\/www.facebook.com\/people\/Notimemes-de-los-Polticos\/61565672886568\/\" \/>\n<meta property=\"article:published_time\" content=\"2022-06-10T17:53:06+00:00\" \/>\n<meta property=\"article:modified_time\" content=\"2022-06-10T17:53:13+00:00\" \/>\n<meta property=\"og:image\" content=\"https:\/\/lospoliticosveracruz.com\/wp-content\/uploads\/2016\/07\/Logo-Dor.jpg\" \/>\n\t<meta property=\"og:image:width\" content=\"200\" \/>\n\t<meta property=\"og:image:height\" content=\"200\" \/>\n\t<meta property=\"og:image:type\" content=\"image\/jpeg\" \/>\n<meta name=\"author\" content=\"Lo viste en Los Pol\u00edticos\" \/>\n<meta name=\"twitter:card\" content=\"summary_large_image\" \/>\n<meta name=\"twitter:creator\" content=\"@LosPoliticosVer\" \/>\n<meta name=\"twitter:site\" content=\"@LosPoliticosVer\" \/>\n<meta name=\"twitter:label1\" content=\"Escrito por\" \/>\n\t<meta name=\"twitter:data1\" content=\"Lo viste en Los Pol\u00edticos\" \/>\n\t<meta name=\"twitter:label2\" content=\"Tiempo de lectura\" \/>\n\t<meta name=\"twitter:data2\" content=\"6 minutos\" \/>\n<script type=\"application\/ld+json\" class=\"yoast-schema-graph\">{\"@context\":\"https:\\\/\\\/schema.org\",\"@graph\":[{\"@type\":\"Article\",\"@id\":\"https:\\\/\\\/lospoliticosveracruz.com\\\/?p=91034#article\",\"isPartOf\":{\"@id\":\"https:\\\/\\\/lospoliticosveracruz.com\\\/?p=91034\"},\"author\":{\"name\":\"Lo viste en Los Pol\u00edticos\",\"@id\":\"https:\\\/\\\/lospoliticosveracruz.com\\\/#\\\/schema\\\/person\\\/b8702bb0e538456e6efd07080bf2a4a2\"},\"headline\":\"Alito y traidores \u00a1Fuera!\",\"datePublished\":\"2022-06-10T17:53:06+00:00\",\"dateModified\":\"2022-06-10T17:53:13+00:00\",\"mainEntityOfPage\":{\"@id\":\"https:\\\/\\\/lospoliticosveracruz.com\\\/?p=91034\"},\"wordCount\":1190,\"publisher\":{\"@id\":\"https:\\\/\\\/lospoliticosveracruz.com\\\/#organization\"},\"keywords\":[\"Inocencio Y\u00e1\u00f1ez Vicencio\"],\"articleSection\":[\"De Opini\u00f3n\"],\"inLanguage\":\"es\"},{\"@type\":\"WebPage\",\"@id\":\"https:\\\/\\\/lospoliticosveracruz.com\\\/?p=91034\",\"url\":\"https:\\\/\\\/lospoliticosveracruz.com\\\/?p=91034\",\"name\":\"Alito y traidores \u00a1Fuera! - Los pol\u00edticos Veracruz\",\"isPartOf\":{\"@id\":\"https:\\\/\\\/lospoliticosveracruz.com\\\/#website\"},\"datePublished\":\"2022-06-10T17:53:06+00:00\",\"dateModified\":\"2022-06-10T17:53:13+00:00\",\"breadcrumb\":{\"@id\":\"https:\\\/\\\/lospoliticosveracruz.com\\\/?p=91034#breadcrumb\"},\"inLanguage\":\"es\",\"potentialAction\":[{\"@type\":\"ReadAction\",\"target\":[\"https:\\\/\\\/lospoliticosveracruz.com\\\/?p=91034\"]}]},{\"@type\":\"BreadcrumbList\",\"@id\":\"https:\\\/\\\/lospoliticosveracruz.com\\\/?p=91034#breadcrumb\",\"itemListElement\":[{\"@type\":\"ListItem\",\"position\":1,\"name\":\"Portada\",\"item\":\"https:\\\/\\\/lospoliticosveracruz.com\\\/\"},{\"@type\":\"ListItem\",\"position\":2,\"name\":\"Alito y traidores \u00a1Fuera!\"}]},{\"@type\":\"WebSite\",\"@id\":\"https:\\\/\\\/lospoliticosveracruz.com\\\/#website\",\"url\":\"https:\\\/\\\/lospoliticosveracruz.com\\\/\",\"name\":\"Los pol\u00edticos Veracruz\",\"description\":\"\",\"publisher\":{\"@id\":\"https:\\\/\\\/lospoliticosveracruz.com\\\/#organization\"},\"potentialAction\":[{\"@type\":\"SearchAction\",\"target\":{\"@type\":\"EntryPoint\",\"urlTemplate\":\"https:\\\/\\\/lospoliticosveracruz.com\\\/?s={search_term_string}\"},\"query-input\":{\"@type\":\"PropertyValueSpecification\",\"valueRequired\":true,\"valueName\":\"search_term_string\"}}],\"inLanguage\":\"es\"},{\"@type\":\"Organization\",\"@id\":\"https:\\\/\\\/lospoliticosveracruz.com\\\/#organization\",\"name\":\"Los pol\u00edticos Veracruz\",\"url\":\"https:\\\/\\\/lospoliticosveracruz.com\\\/\",\"logo\":{\"@type\":\"ImageObject\",\"inLanguage\":\"es\",\"@id\":\"https:\\\/\\\/lospoliticosveracruz.com\\\/#\\\/schema\\\/logo\\\/image\\\/\",\"url\":\"https:\\\/\\\/lospoliticosveracruz.com\\\/wp-content\\\/uploads\\\/2025\\\/12\\\/Logo-Nuevo-LOS-POLITICOS-1.jpg\",\"contentUrl\":\"https:\\\/\\\/lospoliticosveracruz.com\\\/wp-content\\\/uploads\\\/2025\\\/12\\\/Logo-Nuevo-LOS-POLITICOS-1.jpg\",\"width\":260,\"height\":70,\"caption\":\"Los pol\u00edticos Veracruz\"},\"image\":{\"@id\":\"https:\\\/\\\/lospoliticosveracruz.com\\\/#\\\/schema\\\/logo\\\/image\\\/\"},\"sameAs\":[\"https:\\\/\\\/www.facebook.com\\\/people\\\/Notimemes-de-los-Polticos\\\/61565672886568\\\/\",\"https:\\\/\\\/x.com\\\/LosPoliticosVer\"]},{\"@type\":\"Person\",\"@id\":\"https:\\\/\\\/lospoliticosveracruz.com\\\/#\\\/schema\\\/person\\\/b8702bb0e538456e6efd07080bf2a4a2\",\"name\":\"Lo viste en Los Pol\u00edticos\",\"image\":{\"@type\":\"ImageObject\",\"inLanguage\":\"es\",\"@id\":\"https:\\\/\\\/secure.gravatar.com\\\/avatar\\\/3a8de04a2656d44082be478bd6c086daa447c4651605818287b9532d3d0bd435?s=96&d=mm&r=g\",\"url\":\"https:\\\/\\\/secure.gravatar.com\\\/avatar\\\/3a8de04a2656d44082be478bd6c086daa447c4651605818287b9532d3d0bd435?s=96&d=mm&r=g\",\"contentUrl\":\"https:\\\/\\\/secure.gravatar.com\\\/avatar\\\/3a8de04a2656d44082be478bd6c086daa447c4651605818287b9532d3d0bd435?s=96&d=mm&r=g\",\"caption\":\"Lo viste en Los Pol\u00edticos\"},\"url\":\"https:\\\/\\\/lospoliticosveracruz.com\\\/?author=2\"}]}<\/script>\n<!-- \/ Yoast SEO plugin. -->","yoast_head_json":{"title":"Alito y traidores \u00a1Fuera! - Los pol\u00edticos Veracruz","robots":{"index":"index","follow":"follow","max-snippet":"max-snippet:-1","max-image-preview":"max-image-preview:large","max-video-preview":"max-video-preview:-1"},"canonical":"https:\/\/lospoliticosveracruz.com\/?p=91034","og_locale":"es_ES","og_type":"article","og_title":"Alito y traidores \u00a1Fuera! - Los pol\u00edticos Veracruz","og_description":"Inocencio Y\u00e1\u00f1ez Vicencio La derrota del PRI en el 2018, no fue solamente una derrota electoral sino tambi\u00e9n cultural. Lo vengo diciendo sin que vea que hagan el menor esfuerzo ya no para encarar este reto, tan siquiera para darse cuenta. Tal vez est\u00e9n pensando que en el 2012 regresaron simplemente apost\u00e1ndole al fracaso de [&hellip;]","og_url":"https:\/\/lospoliticosveracruz.com\/?p=91034","og_site_name":"Los pol\u00edticos Veracruz","article_publisher":"https:\/\/www.facebook.com\/people\/Notimemes-de-los-Polticos\/61565672886568\/","article_published_time":"2022-06-10T17:53:06+00:00","article_modified_time":"2022-06-10T17:53:13+00:00","og_image":[{"width":200,"height":200,"url":"https:\/\/lospoliticosveracruz.com\/wp-content\/uploads\/2016\/07\/Logo-Dor.jpg","type":"image\/jpeg"}],"author":"Lo viste en Los Pol\u00edticos","twitter_card":"summary_large_image","twitter_creator":"@LosPoliticosVer","twitter_site":"@LosPoliticosVer","twitter_misc":{"Escrito por":"Lo viste en Los Pol\u00edticos","Tiempo de lectura":"6 minutos"},"schema":{"@context":"https:\/\/schema.org","@graph":[{"@type":"Article","@id":"https:\/\/lospoliticosveracruz.com\/?p=91034#article","isPartOf":{"@id":"https:\/\/lospoliticosveracruz.com\/?p=91034"},"author":{"name":"Lo viste en Los Pol\u00edticos","@id":"https:\/\/lospoliticosveracruz.com\/#\/schema\/person\/b8702bb0e538456e6efd07080bf2a4a2"},"headline":"Alito y traidores \u00a1Fuera!","datePublished":"2022-06-10T17:53:06+00:00","dateModified":"2022-06-10T17:53:13+00:00","mainEntityOfPage":{"@id":"https:\/\/lospoliticosveracruz.com\/?p=91034"},"wordCount":1190,"publisher":{"@id":"https:\/\/lospoliticosveracruz.com\/#organization"},"keywords":["Inocencio Y\u00e1\u00f1ez Vicencio"],"articleSection":["De Opini\u00f3n"],"inLanguage":"es"},{"@type":"WebPage","@id":"https:\/\/lospoliticosveracruz.com\/?p=91034","url":"https:\/\/lospoliticosveracruz.com\/?p=91034","name":"Alito y traidores \u00a1Fuera! - Los pol\u00edticos Veracruz","isPartOf":{"@id":"https:\/\/lospoliticosveracruz.com\/#website"},"datePublished":"2022-06-10T17:53:06+00:00","dateModified":"2022-06-10T17:53:13+00:00","breadcrumb":{"@id":"https:\/\/lospoliticosveracruz.com\/?p=91034#breadcrumb"},"inLanguage":"es","potentialAction":[{"@type":"ReadAction","target":["https:\/\/lospoliticosveracruz.com\/?p=91034"]}]},{"@type":"BreadcrumbList","@id":"https:\/\/lospoliticosveracruz.com\/?p=91034#breadcrumb","itemListElement":[{"@type":"ListItem","position":1,"name":"Portada","item":"https:\/\/lospoliticosveracruz.com\/"},{"@type":"ListItem","position":2,"name":"Alito y traidores \u00a1Fuera!"}]},{"@type":"WebSite","@id":"https:\/\/lospoliticosveracruz.com\/#website","url":"https:\/\/lospoliticosveracruz.com\/","name":"Los pol\u00edticos Veracruz","description":"","publisher":{"@id":"https:\/\/lospoliticosveracruz.com\/#organization"},"potentialAction":[{"@type":"SearchAction","target":{"@type":"EntryPoint","urlTemplate":"https:\/\/lospoliticosveracruz.com\/?s={search_term_string}"},"query-input":{"@type":"PropertyValueSpecification","valueRequired":true,"valueName":"search_term_string"}}],"inLanguage":"es"},{"@type":"Organization","@id":"https:\/\/lospoliticosveracruz.com\/#organization","name":"Los pol\u00edticos Veracruz","url":"https:\/\/lospoliticosveracruz.com\/","logo":{"@type":"ImageObject","inLanguage":"es","@id":"https:\/\/lospoliticosveracruz.com\/#\/schema\/logo\/image\/","url":"https:\/\/lospoliticosveracruz.com\/wp-content\/uploads\/2025\/12\/Logo-Nuevo-LOS-POLITICOS-1.jpg","contentUrl":"https:\/\/lospoliticosveracruz.com\/wp-content\/uploads\/2025\/12\/Logo-Nuevo-LOS-POLITICOS-1.jpg","width":260,"height":70,"caption":"Los pol\u00edticos Veracruz"},"image":{"@id":"https:\/\/lospoliticosveracruz.com\/#\/schema\/logo\/image\/"},"sameAs":["https:\/\/www.facebook.com\/people\/Notimemes-de-los-Polticos\/61565672886568\/","https:\/\/x.com\/LosPoliticosVer"]},{"@type":"Person","@id":"https:\/\/lospoliticosveracruz.com\/#\/schema\/person\/b8702bb0e538456e6efd07080bf2a4a2","name":"Lo viste en Los Pol\u00edticos","image":{"@type":"ImageObject","inLanguage":"es","@id":"https:\/\/secure.gravatar.com\/avatar\/3a8de04a2656d44082be478bd6c086daa447c4651605818287b9532d3d0bd435?s=96&d=mm&r=g","url":"https:\/\/secure.gravatar.com\/avatar\/3a8de04a2656d44082be478bd6c086daa447c4651605818287b9532d3d0bd435?s=96&d=mm&r=g","contentUrl":"https:\/\/secure.gravatar.com\/avatar\/3a8de04a2656d44082be478bd6c086daa447c4651605818287b9532d3d0bd435?s=96&d=mm&r=g","caption":"Lo viste en Los Pol\u00edticos"},"url":"https:\/\/lospoliticosveracruz.com\/?author=2"}]}},"_links":{"self":[{"href":"https:\/\/lospoliticosveracruz.com\/index.php?rest_route=\/wp\/v2\/posts\/91034","targetHints":{"allow":["GET"]}}],"collection":[{"href":"https:\/\/lospoliticosveracruz.com\/index.php?rest_route=\/wp\/v2\/posts"}],"about":[{"href":"https:\/\/lospoliticosveracruz.com\/index.php?rest_route=\/wp\/v2\/types\/post"}],"author":[{"embeddable":true,"href":"https:\/\/lospoliticosveracruz.com\/index.php?rest_route=\/wp\/v2\/users\/2"}],"replies":[{"embeddable":true,"href":"https:\/\/lospoliticosveracruz.com\/index.php?rest_route=%2Fwp%2Fv2%2Fcomments&post=91034"}],"version-history":[{"count":1,"href":"https:\/\/lospoliticosveracruz.com\/index.php?rest_route=\/wp\/v2\/posts\/91034\/revisions"}],"predecessor-version":[{"id":91035,"href":"https:\/\/lospoliticosveracruz.com\/index.php?rest_route=\/wp\/v2\/posts\/91034\/revisions\/91035"}],"wp:attachment":[{"href":"https:\/\/lospoliticosveracruz.com\/index.php?rest_route=%2Fwp%2Fv2%2Fmedia&parent=91034"}],"wp:term":[{"taxonomy":"category","embeddable":true,"href":"https:\/\/lospoliticosveracruz.com\/index.php?rest_route=%2Fwp%2Fv2%2Fcategories&post=91034"},{"taxonomy":"post_tag","embeddable":true,"href":"https:\/\/lospoliticosveracruz.com\/index.php?rest_route=%2Fwp%2Fv2%2Ftags&post=91034"}],"curies":[{"name":"wp","href":"https:\/\/api.w.org\/{rel}","templated":true}]}}